{"id":35219,"date":"2024-02-13T11:36:32","date_gmt":"2024-02-13T14:36:32","guid":{"rendered":"https:\/\/larevistadigital.com.ar\/blog\/?p=35219"},"modified":"2024-02-13T11:45:12","modified_gmt":"2024-02-13T14:45:12","slug":"la-plata-tragico-e-impresionante-choque-entre-una-camioneta-y-dos-motos","status":"publish","type":"post","link":"https:\/\/larevistadigital.com.ar\/blog\/la-plata-tragico-e-impresionante-choque-entre-una-camioneta-y-dos-motos\/","title":{"rendered":"LA PLATA: TR\u00c1GICO E IMPRESIONANTE CHOQUE ENTRE UNA CAMIONETA Y DOS MOTOS"},"content":{"rendered":"<h2 class=\"fparrafo ctext fz18 lh25\">Un choque ocurrido en la madrugada de este lunes entre una camioneta y dos motocicletas en pleno centro de la ciudad de La Plata, dej\u00f3 como resultado una persona muerta y otras tres heridas.<\/h2>\n<p>13 de febrero de 2023<\/p>\n<p><strong>LA PLATA &#8211;<\/strong>\u00a0 \u00a0El tr\u00e1gico suceso tuvo lugar en el cruce de la Avenida 7 y calle 49, donde dos motos (que circulaban por 7), impactaron violentamente contra una camioneta Volkswagen Suran que, seg\u00fan se aprecia en el video, circulaba por 49 y cruzaba la avenida con sem\u00e1foro verde.<\/p>\n<blockquote>\n<h3>Por el choque, la camioneta termin\u00f3 sobre la vereda del Pasaje Dardo Rocha, poniendo en peligro a unas personas que se encontraban en la esquina, quienes luego declararon que cada motocicleta transportaba una pareja de j\u00f3venes.<\/h3>\n<\/blockquote>\n<p>Las im\u00e1genes iniciales del accidente revelan el da\u00f1o sufrido por una de las motos, la cual se parti\u00f3 por la mitad, mientras que la otra qued\u00f3 sobre la avenida 7, cerca de un puesto de diarios y revistas.<\/p>\n<blockquote>\n<h3>Fuentes policiales, informaron que una de las motos implicadas, una Dominar 250 cc, ocupada por un joven de 19 a\u00f1os y una mujer de 20, ambos residentes de Ensenada, en tanto que en la otra moto, una Rouser 200 cc, viajaban una mujer de 31 a\u00f1os y un hombre de 29, quien lamentablemente perdi\u00f3 la vida en el acto.<\/h3>\n<\/blockquote>\n<p>La v\u00edctima mortal circulaba sin casco en el momento del impacto. Seg\u00fan se aprecia en las im\u00e1genes del choque, los motociclistas transitaban a gran velocidad por la calle 7 con el sem\u00e1foro en rojo, mientras que la camioneta cruzaba desde la calle 49 con el sem\u00e1foro en verde.<\/p>\n<blockquote>\n<h3>El personal del SAME acudi\u00f3 al lugar para atender a los heridos y constatar el fallecimiento de la v\u00edctima. Los heridos fueron trasladados a los hospitales San Mart\u00edn y Guti\u00e9rrez, y se inform\u00f3 que la acompa\u00f1ante del fallecido se encuentra en estado grave.<\/h3>\n<\/blockquote>\n<p>El conductor de la camioneta Sur\u00e1n, de 19 a\u00f1os de edad, fue imputado por \u00abhomicidio culposo\u00bb en una causa que est\u00e1 siendo investigada por la UFIJ N\u00b0 10. (<b>InfoGEI<\/b>)Ac<\/p>\n","protected":false},"excerpt":{"rendered":"<div class=\"mh-excerpt\"><p>Un choque ocurrido en la madrugada de este lunes entre una camioneta y dos motocicletas en pleno centro de la ciudad de La Plata, dej\u00f3 como resultado una persona muerta y otras tres heridas. 13 <a class=\"mh-excerpt-more\" href=\"https:\/\/larevistadigital.com.ar\/blog\/la-plata-tragico-e-impresionante-choque-entre-una-camioneta-y-dos-motos\/\" title=\"LA PLATA: TR\u00c1GICO E IMPRESIONANTE CHOQUE ENTRE UNA CAMIONETA Y DOS MOTOS\">[Leer M\u00e1s]<\/a><\/p>\n<\/div>","protected":false},"author":3,"featured_media":35220,"comment_status":"open","ping_status":"open","sticky":false,"template":"","format":"standard","meta":{"_jetpack_memberships_contains_paid_content":false,"footnotes":"","jetpack_publicize_message":"","jetpack_publicize_feature_enabled":true,"jetpack_social_post_already_shared":true,"jetpack_social_options":{"image_generator_settings":{"template":"highway","default_image_id":0,"font":"","enabled":false},"version":2}},"categories":[44,51],"tags":[],"class_list":{"0":"post-35219","1":"post","2":"type-post","3":"status-publish","4":"format-standard","5":"has-post-thumbnail","7":"category-policiales","8":"category-regionales"},"jetpack_publicize_connections":[],"jetpack_featured_media_url":"https:\/\/i0.wp.com\/larevistadigital.com.ar\/blog\/wp-content\/uploads\/20240213112410_choque-mortal-la-plata.jpg?fit=880%2C512&ssl=1","jetpack_sharing_enabled":true,"jetpack_shortlink":"https:\/\/wp.me\/p8qtrQ-9a3","jetpack-related-posts":[{"id":30107,"url":"https:\/\/larevistadigital.com.ar\/blog\/mar-del-plata-accidente-fatal-muere-un-hombre-en-choque-de-dos-motos\/","url_meta":{"origin":35219,"position":0},"title":"MAR DEL PLATA: ACCIDENTE FATAL. MUERE UN HOMBRE EN CHOQUE DE DOS MOTOS.","author":"Alejandro Sosa Ruda","date":"10 febrero, 2023","format":false,"excerpt":"Todo sucedi\u00f3 cuando los dos motocicletas colisionaron a alta velocidad. La v\u00edctima fatal ten\u00eda 53 a\u00f1os, mientras que el otro conductor, que debi\u00f3 ser hospitalizado, tiene 38. 10 de febrero de 2023 MAR DEL PLATA -\u00a0 Un tr\u00e1gico accidente vial se registr\u00f3 en la avenida Fortunato de la Plaza cuando\u2026","rel":"","context":"En \u00abPOLICIALES\u00bb","block_context":{"text":"POLICIALES","link":"https:\/\/larevistadigital.com.ar\/blog\/category\/policiales\/"},"img":{"alt_text":"","src":"https:\/\/i0.wp.com\/larevistadigital.com.ar\/blog\/wp-content\/uploads\/choque-motos.jpg?fit=799%2C534&ssl=1&resize=350%2C200","width":350,"height":200,"srcset":"https:\/\/i0.wp.com\/larevistadigital.com.ar\/blog\/wp-content\/uploads\/choque-motos.jpg?fit=799%2C534&ssl=1&resize=350%2C200 1x, https:\/\/i0.wp.com\/larevistadigital.com.ar\/blog\/wp-content\/uploads\/choque-motos.jpg?fit=799%2C534&ssl=1&resize=525%2C300 1.5x, https:\/\/i0.wp.com\/larevistadigital.com.ar\/blog\/wp-content\/uploads\/choque-motos.jpg?fit=799%2C534&ssl=1&resize=700%2C400 2x"},"classes":[]},{"id":34975,"url":"https:\/\/larevistadigital.com.ar\/blog\/terrible-choque-entre-una-camioneta-y-un-camion\/","url_meta":{"origin":35219,"position":1},"title":"TERRIBLE CHOQUE ENTRE UNA CAMIONETA Y UN CAMI\u00d3N","author":"Alejandro Sosa Ruda","date":"3 enero, 2024","format":false,"excerpt":"Sucedi\u00f3 en Ruta 3, a la altura de la ciudad de Ca\u00f1uelas. A\u00fan no se conocen mayores detalles del hecho, aunque otro involucrado termin\u00f3 herido. 3 de diciembre de 2023 CA\u00d1UELAS -\u00a0 \u00a0Un tr\u00e1gico choque se produjo en las \u00faltimas horas en plena Ruta 3, a la altura de la\u2026","rel":"","context":"En \u00abPOLICIALES\u00bb","block_context":{"text":"POLICIALES","link":"https:\/\/larevistadigital.com.ar\/blog\/category\/policiales\/"},"img":{"alt_text":"","src":"https:\/\/i0.wp.com\/larevistadigital.com.ar\/blog\/wp-content\/uploads\/Captura-de-pantalla-2024-01-03-122956.png?fit=890%2C514&ssl=1&resize=350%2C200","width":350,"height":200,"srcset":"https:\/\/i0.wp.com\/larevistadigital.com.ar\/blog\/wp-content\/uploads\/Captura-de-pantalla-2024-01-03-122956.png?fit=890%2C514&ssl=1&resize=350%2C200 1x, https:\/\/i0.wp.com\/larevistadigital.com.ar\/blog\/wp-content\/uploads\/Captura-de-pantalla-2024-01-03-122956.png?fit=890%2C514&ssl=1&resize=525%2C300 1.5x, https:\/\/i0.wp.com\/larevistadigital.com.ar\/blog\/wp-content\/uploads\/Captura-de-pantalla-2024-01-03-122956.png?fit=890%2C514&ssl=1&resize=700%2C400 2x"},"classes":[]},{"id":21529,"url":"https:\/\/larevistadigital.com.ar\/blog\/chascomus-fuerte-choque-entre-moto-y-camioneta\/","url_meta":{"origin":35219,"position":2},"title":"CHASCOM\u00daS: FUERTE CHOQUE ENTRE MOTO Y CAMIONETA","author":"Alejandro Sosa Ruda","date":"12 agosto, 2021","format":false,"excerpt":"CHASCOM\u00daS - Una vecina y amiga, nos env\u00eda la foto de un choque ocurrido hoy en el cruce de avenida Lastra con la calle Bah\u00eda Blanca, donde una camioneta choc\u00f3 contra una moto. Seg\u00fan comentarios, la moto habr\u00eda pasado con el sem\u00e1foro en rojo y de esta manera se habr\u00eda\u2026","rel":"","context":"En \u00abINTERES GENERAL\u00bb","block_context":{"text":"INTERES GENERAL","link":"https:\/\/larevistadigital.com.ar\/blog\/category\/interes-general\/"},"img":{"alt_text":"","src":"https:\/\/i0.wp.com\/larevistadigital.com.ar\/blog\/wp-content\/uploads\/WhatsApp-Image-2021-08-12-at-13.41.56.jpeg?fit=780%2C1040&ssl=1&resize=350%2C200","width":350,"height":200,"srcset":"https:\/\/i0.wp.com\/larevistadigital.com.ar\/blog\/wp-content\/uploads\/WhatsApp-Image-2021-08-12-at-13.41.56.jpeg?fit=780%2C1040&ssl=1&resize=350%2C200 1x, https:\/\/i0.wp.com\/larevistadigital.com.ar\/blog\/wp-content\/uploads\/WhatsApp-Image-2021-08-12-at-13.41.56.jpeg?fit=780%2C1040&ssl=1&resize=525%2C300 1.5x, https:\/\/i0.wp.com\/larevistadigital.com.ar\/blog\/wp-content\/uploads\/WhatsApp-Image-2021-08-12-at-13.41.56.jpeg?fit=780%2C1040&ssl=1&resize=700%2C400 2x"},"classes":[]},{"id":25154,"url":"https:\/\/larevistadigital.com.ar\/blog\/choque-frontal-en-la-ruta-11-dos-muertos\/","url_meta":{"origin":35219,"position":3},"title":"CHOQUE FRONTAL EN LA RUTA 11: DOS MUERTOS","author":"Alejandro Sosa Ruda","date":"18 abril, 2022","format":false,"excerpt":"Ocurri\u00f3 este lunes alrededor de las 17. Las v\u00edctimas fatales son un hombre y una mujer que viajaban en un Volkswagen Gol que colision\u00f3 con una camioneta Jeep. Adem\u00e1s, hay otra persona gravemente herida. Dos personas muertas y otras dos heridas\u00a0fue el saldo que dej\u00f3 un\u00a0choque frontal\u00a0este lunes a la\u2026","rel":"","context":"En \u00abINTERES GENERAL\u00bb","block_context":{"text":"INTERES GENERAL","link":"https:\/\/larevistadigital.com.ar\/blog\/category\/interes-general\/"},"img":{"alt_text":"","src":"https:\/\/i0.wp.com\/larevistadigital.com.ar\/blog\/wp-content\/uploads\/Captura-41.png?fit=908%2C491&ssl=1&resize=350%2C200","width":350,"height":200,"srcset":"https:\/\/i0.wp.com\/larevistadigital.com.ar\/blog\/wp-content\/uploads\/Captura-41.png?fit=908%2C491&ssl=1&resize=350%2C200 1x, https:\/\/i0.wp.com\/larevistadigital.com.ar\/blog\/wp-content\/uploads\/Captura-41.png?fit=908%2C491&ssl=1&resize=525%2C300 1.5x, https:\/\/i0.wp.com\/larevistadigital.com.ar\/blog\/wp-content\/uploads\/Captura-41.png?fit=908%2C491&ssl=1&resize=700%2C400 2x"},"classes":[]},{"id":35711,"url":"https:\/\/larevistadigital.com.ar\/blog\/ruta-3-triple-choque-con-dos-jovenes-muertos-a-la-altura-de-tres-arroyos\/","url_meta":{"origin":35219,"position":4},"title":"RUTA 3: TRIPLE CHOQUE CON DOS JOVENES MUERTOS A LA ALTURA DE TRES ARROYOS","author":"Alejandro Sosa Ruda","date":"24 marzo, 2024","format":false,"excerpt":"Hubo cuatro heridos. Dos que iban en el mismo que los que fallecieron y un matrimonio de Neuqu\u00e9n que iba en una camioneta. 24 de marzo de 2024 BUENOS AIRES -\u00a0 \u00a0En un tr\u00e1gico suceso ocurrido en la ruta 3, cerca de Cascallares, en el partido de Tres Arroyos, lamentablemente\u2026","rel":"","context":"En \u00abPOLICIALES\u00bb","block_context":{"text":"POLICIALES","link":"https:\/\/larevistadigital.com.ar\/blog\/category\/policiales\/"},"img":{"alt_text":"","src":"https:\/\/i0.wp.com\/larevistadigital.com.ar\/blog\/wp-content\/uploads\/Captura-de-pantalla-2024-03-24-232309.png?fit=1092%2C521&ssl=1&resize=350%2C200","width":350,"height":200,"srcset":"https:\/\/i0.wp.com\/larevistadigital.com.ar\/blog\/wp-content\/uploads\/Captura-de-pantalla-2024-03-24-232309.png?fit=1092%2C521&ssl=1&resize=350%2C200 1x, https:\/\/i0.wp.com\/larevistadigital.com.ar\/blog\/wp-content\/uploads\/Captura-de-pantalla-2024-03-24-232309.png?fit=1092%2C521&ssl=1&resize=525%2C300 1.5x, https:\/\/i0.wp.com\/larevistadigital.com.ar\/blog\/wp-content\/uploads\/Captura-de-pantalla-2024-03-24-232309.png?fit=1092%2C521&ssl=1&resize=700%2C400 2x, https:\/\/i0.wp.com\/larevistadigital.com.ar\/blog\/wp-content\/uploads\/Captura-de-pantalla-2024-03-24-232309.png?fit=1092%2C521&ssl=1&resize=1050%2C600 3x"},"classes":[]},{"id":18385,"url":"https:\/\/larevistadigital.com.ar\/blog\/mar-del-plata-triple-choque-y-vuelco-en-avenida-colon-hay-heridos\/","url_meta":{"origin":35219,"position":5},"title":"MAR DEL PLATA: TRIPLE CHOQUE Y VUELCO EN AVENIDA COLON. HAY HERIDOS","author":"Alejandro Sosa Ruda","date":"29 diciembre, 2020","format":false,"excerpt":"El accidente se produjo este lunes por la noche, cuando una camioneta tipo utilitario colision\u00f3 con otros dos rodados y se despist\u00f3. Se realiz\u00f3 un importante operativo y se detuvo el tr\u00e1nsito en el lugar. MAR DEL PLATA - Un accidente de gravedad se registr\u00f3 este lunes por la noche\u2026","rel":"","context":"En \u00abPOLICIALES\u00bb","block_context":{"text":"POLICIALES","link":"https:\/\/larevistadigital.com.ar\/blog\/category\/policiales\/"},"img":{"alt_text":"","src":"https:\/\/i0.wp.com\/larevistadigital.com.ar\/blog\/wp-content\/uploads\/Screenshot_2-124.jpg?fit=1012%2C567&ssl=1&resize=350%2C200","width":350,"height":200,"srcset":"https:\/\/i0.wp.com\/larevistadigital.com.ar\/blog\/wp-content\/uploads\/Screenshot_2-124.jpg?fit=1012%2C567&ssl=1&resize=350%2C200 1x, https:\/\/i0.wp.com\/larevistadigital.com.ar\/blog\/wp-content\/uploads\/Screenshot_2-124.jpg?fit=1012%2C567&ssl=1&resize=525%2C300 1.5x, https:\/\/i0.wp.com\/larevistadigital.com.ar\/blog\/wp-content\/uploads\/Screenshot_2-124.jpg?fit=1012%2C567&ssl=1&resize=700%2C400 2x"},"classes":[]}],"_links":{"self":[{"href":"https:\/\/larevistadigital.com.ar\/blog\/wp-json\/wp\/v2\/posts\/35219","targetHints":{"allow":["GET"]}}],"collection":[{"href":"https:\/\/larevistadigital.com.ar\/blog\/wp-json\/wp\/v2\/posts"}],"about":[{"href":"https:\/\/larevistadigital.com.ar\/blog\/wp-json\/wp\/v2\/types\/post"}],"author":[{"embeddable":true,"href":"https:\/\/larevistadigital.com.ar\/blog\/wp-json\/wp\/v2\/users\/3"}],"replies":[{"embeddable":true,"href":"https:\/\/larevistadigital.com.ar\/blog\/wp-json\/wp\/v2\/comments?post=35219"}],"version-history":[{"count":1,"href":"https:\/\/larevistadigital.com.ar\/blog\/wp-json\/wp\/v2\/posts\/35219\/revisions"}],"predecessor-version":[{"id":35221,"href":"https:\/\/larevistadigital.com.ar\/blog\/wp-json\/wp\/v2\/posts\/35219\/revisions\/35221"}],"wp:featuredmedia":[{"embeddable":true,"href":"https:\/\/larevistadigital.com.ar\/blog\/wp-json\/wp\/v2\/media\/35220"}],"wp:attachment":[{"href":"https:\/\/larevistadigital.com.ar\/blog\/wp-json\/wp\/v2\/media?parent=35219"}],"wp:term":[{"taxonomy":"category","embeddable":true,"href":"https:\/\/larevistadigital.com.ar\/blog\/wp-json\/wp\/v2\/categories?post=35219"},{"taxonomy":"post_tag","embeddable":true,"href":"https:\/\/larevistadigital.com.ar\/blog\/wp-json\/wp\/v2\/tags?post=35219"}],"curies":[{"name":"wp","href":"https:\/\/api.w.org\/{rel}","templated":true}]}}