{"id":35222,"date":"2024-02-13T12:15:08","date_gmt":"2024-02-13T15:15:08","guid":{"rendered":"https:\/\/larevistadigital.com.ar\/blog\/?p=35222"},"modified":"2024-02-13T12:15:08","modified_gmt":"2024-02-13T15:15:08","slug":"camion-cae-en-un-canal-de-riego-el-velocimetro-quedo-clavado-en-100-km-por-hora","status":"publish","type":"post","link":"https:\/\/larevistadigital.com.ar\/blog\/camion-cae-en-un-canal-de-riego-el-velocimetro-quedo-clavado-en-100-km-por-hora\/","title":{"rendered":"CAMI\u00d3N CAE EN UN CANAL DE RIEGO. EL VELOC\u00cdMETRO QUED\u00d3 CLAVADO EN 100 KM. POR HORA"},"content":{"rendered":"<h2>Sucedi\u00f3 en Mendoza y el conductor pudo salvar su vida.<\/h2>\n<p>13 de febrero de 2023<\/p>\n<p><strong>MENDOZA &#8211;\u00a0 \u00a0<\/strong>Un accidente que podr\u00eda haber terminado en tragedia ocurri\u00f3 en Mendoza, cuando el chofer de un cami\u00f3n de la empresa CODYL S.A. perdi\u00f3 el control de el veh\u00edculo y termin\u00f3 cayendo en un canal de riego de la zona.<\/p>\n<blockquote>\n<h3>El chofer, no pod\u00eda salir del habit\u00e1culo, y debi\u00f3 ser rescatado afortunadamente con vida por vecinos de la zona. M\u00e1s tarde, se pudo rescatar el cami\u00f3n luego de cortar el agua, para posibilitar las maniobras de rescate y retirarlo del lugar.<\/h3>\n<\/blockquote>\n<p>Algunos testigos afirman que el veloc\u00edmetro qued\u00f3 clavado en 100km\/h. y las causas del accidente son materia de investigaci\u00f3n.<\/p>\n<p>&nbsp;<\/p>\n","protected":false},"excerpt":{"rendered":"<div class=\"mh-excerpt\"><p>Sucedi\u00f3 en Mendoza y el conductor pudo salvar su vida. 13 de febrero de 2023 MENDOZA &#8211;\u00a0 \u00a0Un accidente que podr\u00eda haber terminado en tragedia ocurri\u00f3 en Mendoza, cuando el chofer de un cami\u00f3n de <a class=\"mh-excerpt-more\" href=\"https:\/\/larevistadigital.com.ar\/blog\/camion-cae-en-un-canal-de-riego-el-velocimetro-quedo-clavado-en-100-km-por-hora\/\" title=\"CAMI\u00d3N CAE EN UN CANAL DE RIEGO. EL VELOC\u00cdMETRO QUED\u00d3 CLAVADO EN 100 KM. POR HORA\">[Leer M\u00e1s]<\/a><\/p>\n<\/div>","protected":false},"author":3,"featured_media":35223,"comment_status":"open","ping_status":"open","sticky":false,"template":"","format":"standard","meta":{"_jetpack_memberships_contains_paid_content":false,"footnotes":"","jetpack_publicize_message":"","jetpack_publicize_feature_enabled":true,"jetpack_social_post_already_shared":true,"jetpack_social_options":{"image_generator_settings":{"template":"highway","default_image_id":0,"font":"","enabled":false},"version":2}},"categories":[50],"tags":[],"class_list":{"0":"post-35222","1":"post","2":"type-post","3":"status-publish","4":"format-standard","5":"has-post-thumbnail","7":"category-interes-general"},"jetpack_publicize_connections":[],"jetpack_featured_media_url":"https:\/\/i0.wp.com\/larevistadigital.com.ar\/blog\/wp-content\/uploads\/Captura-de-pantalla-2024-02-13-121049.png?fit=700%2C694&ssl=1","jetpack_sharing_enabled":true,"jetpack_shortlink":"https:\/\/wp.me\/p8qtrQ-9a6","jetpack-related-posts":[{"id":33603,"url":"https:\/\/larevistadigital.com.ar\/blog\/quiso-evitar-atropellar-un-perro-se-cruzo-de-carril-y-murio-aplastado-por-un-camion\/","url_meta":{"origin":35222,"position":0},"title":"QUISO EVITAR ATROPELLAR UN PERRO, SE CRUZ\u00d3 DE CARRIL Y MURI\u00d3 APLASTADO POR UN CAMI\u00d3N","author":"Alejandro Sosa Ruda","date":"25 septiembre, 2023","format":false,"excerpt":"Sucedi\u00f3 en San Juan, donde una cadena de hechos tuvo un tr\u00e1gico final. 25 de Septiembre de 2023 Una desafortunada tr\u00e1gedia llev\u00f3 luto y conmoci\u00f3n a la provincia de San Juan, m\u00e1s espec\u00edficamente en la localidad de San Mart\u00edn, cuando un motociclista en el itento de no atropellar a un\u2026","rel":"","context":"En \u00abPOLICIALES\u00bb","block_context":{"text":"POLICIALES","link":"https:\/\/larevistadigital.com.ar\/blog\/category\/policiales\/"},"img":{"alt_text":"","src":"https:\/\/i0.wp.com\/larevistadigital.com.ar\/blog\/wp-content\/uploads\/accidente_1.jpg_1833193316.jpg?fit=720%2C406&ssl=1&resize=350%2C200","width":350,"height":200,"srcset":"https:\/\/i0.wp.com\/larevistadigital.com.ar\/blog\/wp-content\/uploads\/accidente_1.jpg_1833193316.jpg?fit=720%2C406&ssl=1&resize=350%2C200 1x, https:\/\/i0.wp.com\/larevistadigital.com.ar\/blog\/wp-content\/uploads\/accidente_1.jpg_1833193316.jpg?fit=720%2C406&ssl=1&resize=525%2C300 1.5x, https:\/\/i0.wp.com\/larevistadigital.com.ar\/blog\/wp-content\/uploads\/accidente_1.jpg_1833193316.jpg?fit=720%2C406&ssl=1&resize=700%2C400 2x"},"classes":[]},{"id":38489,"url":"https:\/\/larevistadigital.com.ar\/blog\/rapina-asquerosa-en-la-ruta-8-volco-un-camion-que-transportaba-bebidas-murio-el-chofer-y-la-gente-saqueo-la-carga\/","url_meta":{"origin":35222,"position":1},"title":"Rapi\u00f1a asquerosa en la RUTA 8: Volc\u00f3 un cami\u00f3n que transportaba bebidas, muri\u00f3 el chofer, y la gente saque\u00f3 la carga","author":"Alejandro Sosa Ruda","date":"20 enero, 2025","format":false,"excerpt":"Un tr\u00e1gico accidente tuvo lugar cerca de la localidad de Urquiza, donde un cami\u00f3n volc\u00f3 sobre la calzada. Tras el siniestro, y luego de que las autoridades retiraran el cuerpo del conductor fallecido y realizaran las pericias correspondientes, numerosos vecinos se acercaron al lugar para recoger los productos de la\u2026","rel":"","context":"En \u00abPOLICIALES\u00bb","block_context":{"text":"POLICIALES","link":"https:\/\/larevistadigital.com.ar\/blog\/category\/policiales\/"},"img":{"alt_text":"","src":"https:\/\/i0.wp.com\/larevistadigital.com.ar\/blog\/wp-content\/uploads\/20250120115955_accidente-ruta-8-camion-volcado-saqueo.jpg?fit=880%2C512&ssl=1&resize=350%2C200","width":350,"height":200,"srcset":"https:\/\/i0.wp.com\/larevistadigital.com.ar\/blog\/wp-content\/uploads\/20250120115955_accidente-ruta-8-camion-volcado-saqueo.jpg?fit=880%2C512&ssl=1&resize=350%2C200 1x, https:\/\/i0.wp.com\/larevistadigital.com.ar\/blog\/wp-content\/uploads\/20250120115955_accidente-ruta-8-camion-volcado-saqueo.jpg?fit=880%2C512&ssl=1&resize=525%2C300 1.5x, https:\/\/i0.wp.com\/larevistadigital.com.ar\/blog\/wp-content\/uploads\/20250120115955_accidente-ruta-8-camion-volcado-saqueo.jpg?fit=880%2C512&ssl=1&resize=700%2C400 2x"},"classes":[]},{"id":35253,"url":"https:\/\/larevistadigital.com.ar\/blog\/zarate-cedio-el-asfalto-y-un-camion-quedo-semi-enterrado\/","url_meta":{"origin":35222,"position":2},"title":"ZARATE: CEDI\u00d3 EL ASFALTO Y UN CAMI\u00d3N QUED\u00d3 SEMI ENTERRADO","author":"Alejandro Sosa Ruda","date":"14 febrero, 2024","format":false,"excerpt":"Sucedi\u00f3 por la ma\u00f1ana. 14 de febrero de 2024 ZARATE -\u00a0 \u00a0Hoy, en horas de la ma\u00f1ana ocurri\u00f3 un accidente de esos que es imposible prevenir, y que tom\u00f3 por sorpresa al conductor de un cami\u00f3n que sinti\u00f3 literalmente que \"se lo trag\u00f3 la tierra\". De pronto, cedi\u00f3 la calle\u2026","rel":"","context":"En \u00abINTERES GENERAL\u00bb","block_context":{"text":"INTERES GENERAL","link":"https:\/\/larevistadigital.com.ar\/blog\/category\/interes-general\/"},"img":{"alt_text":"","src":"https:\/\/i0.wp.com\/larevistadigital.com.ar\/blog\/wp-content\/uploads\/camion-1.jpg?fit=720%2C720&ssl=1&resize=350%2C200","width":350,"height":200,"srcset":"https:\/\/i0.wp.com\/larevistadigital.com.ar\/blog\/wp-content\/uploads\/camion-1.jpg?fit=720%2C720&ssl=1&resize=350%2C200 1x, https:\/\/i0.wp.com\/larevistadigital.com.ar\/blog\/wp-content\/uploads\/camion-1.jpg?fit=720%2C720&ssl=1&resize=525%2C300 1.5x, https:\/\/i0.wp.com\/larevistadigital.com.ar\/blog\/wp-content\/uploads\/camion-1.jpg?fit=720%2C720&ssl=1&resize=700%2C400 2x"},"classes":[]},{"id":36396,"url":"https:\/\/larevistadigital.com.ar\/blog\/impactante-vuelco-de-un-camion-en-la-ruta\/","url_meta":{"origin":35222,"position":3},"title":"IMPACTANTE VUELCO DE UN CAMI\u00d3N EN LA RUTA","author":"Alejandro Sosa Ruda","date":"21 junio, 2024","format":false,"excerpt":"Sucedi\u00f3 hoy, y fue realmente violento. Transportaba cebollas hacia Mar del Plata. 21 de Junio de 2024 BUENOS AIRES -\u00a0 El accidente, ocurri\u00f3 en el kil\u00f3metro 632 de la ruta 3, jurisdicci\u00f3n de Coronel Dorrego, se produjo el vuelco de un cami\u00f3n que transportaba cebollas desde Mayor Buratovich con destino\u2026","rel":"","context":"En \u00abPOLICIALES\u00bb","block_context":{"text":"POLICIALES","link":"https:\/\/larevistadigital.com.ar\/blog\/category\/policiales\/"},"img":{"alt_text":"","src":"https:\/\/i0.wp.com\/larevistadigital.com.ar\/blog\/wp-content\/uploads\/448802050_885210823644051_4827700571129504572_n.jpg?fit=1200%2C900&ssl=1&resize=350%2C200","width":350,"height":200,"srcset":"https:\/\/i0.wp.com\/larevistadigital.com.ar\/blog\/wp-content\/uploads\/448802050_885210823644051_4827700571129504572_n.jpg?fit=1200%2C900&ssl=1&resize=350%2C200 1x, https:\/\/i0.wp.com\/larevistadigital.com.ar\/blog\/wp-content\/uploads\/448802050_885210823644051_4827700571129504572_n.jpg?fit=1200%2C900&ssl=1&resize=525%2C300 1.5x, https:\/\/i0.wp.com\/larevistadigital.com.ar\/blog\/wp-content\/uploads\/448802050_885210823644051_4827700571129504572_n.jpg?fit=1200%2C900&ssl=1&resize=700%2C400 2x, https:\/\/i0.wp.com\/larevistadigital.com.ar\/blog\/wp-content\/uploads\/448802050_885210823644051_4827700571129504572_n.jpg?fit=1200%2C900&ssl=1&resize=1050%2C600 3x"},"classes":[]},{"id":24801,"url":"https:\/\/larevistadigital.com.ar\/blog\/volco-un-camion-con-acido-muriatico-en-la-ruta-3-murio-el-chofer-y-hay-alerta-por-una-nube-toxica\/","url_meta":{"origin":35222,"position":4},"title":"VOLC\u00d3 UN CAMI\u00d3N CON \u00c1CIDO MURI\u00c1TICO EN LA RUTA 3. MURI\u00d3 EL CHOFER Y HAY ALERTA POR UNA NUBE T\u00d3XICA","author":"Alejandro Sosa Ruda","date":"25 marzo, 2022","format":false,"excerpt":"El veh\u00edculo se accident\u00f3 a la altura del kil\u00f3metro 91 y la Polic\u00eda Ecol\u00f3gica trabaja en el lugar para remover la sustancia corrosiva. El conductor muri\u00f3. CA\u00d1UELAS -\u00a0 Un cami\u00f3n cargado con \u00e1cido clorh\u00eddrico, conocido com\u00fanmente como \u00e1cido muri\u00e1tico, sufri\u00f3 un serio accidente durante las \u00faltimas horas y volc\u00f3 en\u2026","rel":"","context":"En \u00abDESTACADAS\u00bb","block_context":{"text":"DESTACADAS","link":"https:\/\/larevistadigital.com.ar\/blog\/category\/destacadas\/"},"img":{"alt_text":"","src":"https:\/\/i0.wp.com\/larevistadigital.com.ar\/blog\/wp-content\/uploads\/1648227804552.jpg?fit=1200%2C594&ssl=1&resize=350%2C200","width":350,"height":200,"srcset":"https:\/\/i0.wp.com\/larevistadigital.com.ar\/blog\/wp-content\/uploads\/1648227804552.jpg?fit=1200%2C594&ssl=1&resize=350%2C200 1x, https:\/\/i0.wp.com\/larevistadigital.com.ar\/blog\/wp-content\/uploads\/1648227804552.jpg?fit=1200%2C594&ssl=1&resize=525%2C300 1.5x, https:\/\/i0.wp.com\/larevistadigital.com.ar\/blog\/wp-content\/uploads\/1648227804552.jpg?fit=1200%2C594&ssl=1&resize=700%2C400 2x, https:\/\/i0.wp.com\/larevistadigital.com.ar\/blog\/wp-content\/uploads\/1648227804552.jpg?fit=1200%2C594&ssl=1&resize=1050%2C600 3x"},"classes":[]},{"id":25232,"url":"https:\/\/larevistadigital.com.ar\/blog\/volco-un-camion-con-pollos-en-la-ruta-226-y-los-automovilistas-los-cazaron\/","url_meta":{"origin":35222,"position":5},"title":"VOLC\u00d3 UN CAMI\u00d3N CON POLLOS EN LA RUTA 226 Y LOS AUTOMOVILISTAS LOS \u00abCAZARON\u00bb","author":"Alejandro Sosa Ruda","date":"22 abril, 2022","format":false,"excerpt":"Se trata de un cami\u00f3n Scania conducido por un chofer de 24 a\u00f1os, identificado como Brian Rub\u00e9n Sandoval. Automovilistas que pasaban por el lugar se llevaron animales ante la presencia del chofer. Un cami\u00f3n repleto de pollos vivos volc\u00f3 en la Ruta 226 a 40 kil\u00f3metros de la ciudad de\u2026","rel":"","context":"En \u00abREGIONALES\u00bb","block_context":{"text":"REGIONALES","link":"https:\/\/larevistadigital.com.ar\/blog\/category\/regionales\/"},"img":{"alt_text":"","src":"https:\/\/i0.wp.com\/larevistadigital.com.ar\/blog\/wp-content\/uploads\/20220421153511_pollos.jpg?fit=880%2C512&ssl=1&resize=350%2C200","width":350,"height":200,"srcset":"https:\/\/i0.wp.com\/larevistadigital.com.ar\/blog\/wp-content\/uploads\/20220421153511_pollos.jpg?fit=880%2C512&ssl=1&resize=350%2C200 1x, https:\/\/i0.wp.com\/larevistadigital.com.ar\/blog\/wp-content\/uploads\/20220421153511_pollos.jpg?fit=880%2C512&ssl=1&resize=525%2C300 1.5x, https:\/\/i0.wp.com\/larevistadigital.com.ar\/blog\/wp-content\/uploads\/20220421153511_pollos.jpg?fit=880%2C512&ssl=1&resize=700%2C400 2x"},"classes":[]}],"_links":{"self":[{"href":"https:\/\/larevistadigital.com.ar\/blog\/wp-json\/wp\/v2\/posts\/35222","targetHints":{"allow":["GET"]}}],"collection":[{"href":"https:\/\/larevistadigital.com.ar\/blog\/wp-json\/wp\/v2\/posts"}],"about":[{"href":"https:\/\/larevistadigital.com.ar\/blog\/wp-json\/wp\/v2\/types\/post"}],"author":[{"embeddable":true,"href":"https:\/\/larevistadigital.com.ar\/blog\/wp-json\/wp\/v2\/users\/3"}],"replies":[{"embeddable":true,"href":"https:\/\/larevistadigital.com.ar\/blog\/wp-json\/wp\/v2\/comments?post=35222"}],"version-history":[{"count":1,"href":"https:\/\/larevistadigital.com.ar\/blog\/wp-json\/wp\/v2\/posts\/35222\/revisions"}],"predecessor-version":[{"id":35224,"href":"https:\/\/larevistadigital.com.ar\/blog\/wp-json\/wp\/v2\/posts\/35222\/revisions\/35224"}],"wp:featuredmedia":[{"embeddable":true,"href":"https:\/\/larevistadigital.com.ar\/blog\/wp-json\/wp\/v2\/media\/35223"}],"wp:attachment":[{"href":"https:\/\/larevistadigital.com.ar\/blog\/wp-json\/wp\/v2\/media?parent=35222"}],"wp:term":[{"taxonomy":"category","embeddable":true,"href":"https:\/\/larevistadigital.com.ar\/blog\/wp-json\/wp\/v2\/categories?post=35222"},{"taxonomy":"post_tag","embeddable":true,"href":"https:\/\/larevistadigital.com.ar\/blog\/wp-json\/wp\/v2\/tags?post=35222"}],"curies":[{"name":"wp","href":"https:\/\/api.w.org\/{rel}","templated":true}]}}