{"id":35227,"date":"2024-02-13T18:47:37","date_gmt":"2024-02-13T21:47:37","guid":{"rendered":"https:\/\/larevistadigital.com.ar\/blog\/?p=35227"},"modified":"2024-02-13T18:47:37","modified_gmt":"2024-02-13T21:47:37","slug":"la-inteligencia-artificial-predijo-quienes-jugaran-la-final-de-la-copa-libertadores-2024-enterate-en-esta-nota","status":"publish","type":"post","link":"https:\/\/larevistadigital.com.ar\/blog\/la-inteligencia-artificial-predijo-quienes-jugaran-la-final-de-la-copa-libertadores-2024-enterate-en-esta-nota\/","title":{"rendered":"LA INTELIGENCIA ARTIFICIAL PREDIJO QUIENES JUGAR\u00c1N LA FINAL DE LA COPA LIBERTADORES 2024. ENTERATE EN ESTA NOTA"},"content":{"rendered":"<h1 class=\"jsx-469686617 article-title\">La IA predijo qui\u00e9nes ser\u00e1n los finalistas de la Copa Libertadores 2024 en Buenos Aires.<\/h1>\n<p>13 de febrero de 2024<\/p>\n<h3 class=\"jsx-3369568199 article-excerpt\">La Inteligencia Artificial evalu\u00f3 a todos los clasificados y agreg\u00f3 la variante de la designaci\u00f3n de la ciudad sede de la final de la Copa.<\/h3>\n<p data-mrf-recirculation=\"Links-Parrafos\">La noticia sacudi\u00f3 al f\u00fatbol sudamericano:\u00a0<strong>CONMEBOL anunci\u00f3 que la final de la Copa Libertadores 2024 se llevar\u00e1 a cabo en la ciudad de Buenos Aires<\/strong>. Finalmente, se decidi\u00f3 que el Monumental de River albergar\u00e1 el encuentro por el t\u00edtulo.<\/p>\n<blockquote>\n<h3 data-mrf-recirculation=\"Links-Parrafos\">Con esta variante, desde el sitio <em>Bolavip<\/em> le pidieron a la inteligencia artificial que analice las probabilidades de cada uno de los equipos participantes de la Libertadores de este a\u00f1o para darnos a <strong>los dos m\u00e1ximos candidatos a protagonizar el partido decisivo a fin de a\u00f1o<\/strong>.<\/h3>\n<\/blockquote>\n<p data-mrf-recirculation=\"Links-Parrafos\">Es por eso que, tomando en cuenta el comunicado que lanz\u00f3 CONMEBOL durante este martes, para\u00a0<em>ChatGPT<\/em>\u00a0se volver\u00e1n a encontrar dos equipos que ya se vieron las caras en una reciente final a partido \u00fanico. Vemos la predicci\u00f3n en detalle.<\/p>\n<p data-mrf-recirculation=\"Links-Parrafos\"><strong>\u201c<em>Dado el panorama actual del f\u00fatbol sudamericano, y teniendo en cuenta la calidad de los equipos y sus desempe\u00f1os recientes, hay varios contendientes que podr\u00edan llegar a la final de la CONMEBOL Libertadores 2024. Estas son las posibilidades:<\/em><\/strong><\/p>\n<ul>\n<li><strong>River Plate (Argentina)<\/strong>: Considerando que la final se jugar\u00eda posiblemente en el Monumental, River Plate ser\u00eda uno de los principales candidatos. El equipo tiene una gran historia en la competici\u00f3n y una base de jugadores s\u00f3lida.<\/li>\n<li><strong>Flamengo (Brasil)<\/strong>: Considerando su historial en la competici\u00f3n y la calidad de su plantilla, Flamengo es un equipo que tiene todas las capacidades para llegar a la final y competir por el t\u00edtulo. Su experiencia y recursos los hacen un rival temible para cualquier equipo.<\/li>\n<\/ul>\n<p>&nbsp;<\/p>\n","protected":false},"excerpt":{"rendered":"<div class=\"mh-excerpt\"><p>La IA predijo qui\u00e9nes ser\u00e1n los finalistas de la Copa Libertadores 2024 en Buenos Aires. 13 de febrero de 2024 La Inteligencia Artificial evalu\u00f3 a todos los clasificados y agreg\u00f3 la variante de la designaci\u00f3n <a class=\"mh-excerpt-more\" href=\"https:\/\/larevistadigital.com.ar\/blog\/la-inteligencia-artificial-predijo-quienes-jugaran-la-final-de-la-copa-libertadores-2024-enterate-en-esta-nota\/\" title=\"LA INTELIGENCIA ARTIFICIAL PREDIJO QUIENES JUGAR\u00c1N LA FINAL DE LA COPA LIBERTADORES 2024. ENTERATE EN ESTA NOTA\">[Leer M\u00e1s]<\/a><\/p>\n<\/div>","protected":false},"author":3,"featured_media":35228,"comment_status":"open","ping_status":"open","sticky":false,"template":"","format":"standard","meta":{"_jetpack_memberships_contains_paid_content":false,"footnotes":"","jetpack_publicize_message":"","jetpack_publicize_feature_enabled":true,"jetpack_social_post_already_shared":true,"jetpack_social_options":{"image_generator_settings":{"template":"highway","default_image_id":0,"font":"","enabled":false},"version":2}},"categories":[50],"tags":[],"class_list":{"0":"post-35227","1":"post","2":"type-post","3":"status-publish","4":"format-standard","5":"has-post-thumbnail","7":"category-interes-general"},"jetpack_publicize_connections":[],"jetpack_featured_media_url":"https:\/\/i0.wp.com\/larevistadigital.com.ar\/blog\/wp-content\/uploads\/Captura-de-pantalla-2024-02-13-184607.png?fit=649%2C482&ssl=1","jetpack_sharing_enabled":true,"jetpack_shortlink":"https:\/\/wp.me\/p8qtrQ-9ab","jetpack-related-posts":[{"id":13069,"url":"https:\/\/larevistadigital.com.ar\/blog\/la-final-de-la-copa-libertadores-sera-en-lima-el-sabado-23\/","url_meta":{"origin":35227,"position":0},"title":"LA FINAL DE LA COPA LIBERTADORES SER\u00c1 EN LIMA, EL S\u00c1BADO 23","author":"Alejandro Sosa Ruda","date":"5 noviembre, 2019","format":false,"excerpt":"Si bien a\u00fan falta la oficializaci\u00f3n de Conmebol, habida cuenta de que a\u00fan no finaliz\u00f3 la reuni\u00f3n en Paraguay, todo parece indicar que la final entre River y Flamengo ser\u00e1 en el Estadio Nacional de Lima, en Per\u00fa, el s\u00e1bado 23 por la tarde. Descartado Chile por la convulsi\u00f3n social\u2026","rel":"","context":"En \u00abDEPORTES\u00bb","block_context":{"text":"DEPORTES","link":"https:\/\/larevistadigital.com.ar\/blog\/category\/deportes\/"},"img":{"alt_text":"","src":"https:\/\/i0.wp.com\/larevistadigital.com.ar\/blog\/wp-content\/uploads\/Screenshot_1-60.jpg?fit=1200%2C495&ssl=1&resize=350%2C200","width":350,"height":200,"srcset":"https:\/\/i0.wp.com\/larevistadigital.com.ar\/blog\/wp-content\/uploads\/Screenshot_1-60.jpg?fit=1200%2C495&ssl=1&resize=350%2C200 1x, https:\/\/i0.wp.com\/larevistadigital.com.ar\/blog\/wp-content\/uploads\/Screenshot_1-60.jpg?fit=1200%2C495&ssl=1&resize=525%2C300 1.5x, https:\/\/i0.wp.com\/larevistadigital.com.ar\/blog\/wp-content\/uploads\/Screenshot_1-60.jpg?fit=1200%2C495&ssl=1&resize=700%2C400 2x, https:\/\/i0.wp.com\/larevistadigital.com.ar\/blog\/wp-content\/uploads\/Screenshot_1-60.jpg?fit=1200%2C495&ssl=1&resize=1050%2C600 3x"},"classes":[]},{"id":25440,"url":"https:\/\/larevistadigital.com.ar\/blog\/se-sortearon-los-octavos-de-la-copa-libertadores-como-son-los-partidos-de-los-equipos-argentinos\/","url_meta":{"origin":35227,"position":1},"title":"SE SORTEARON LOS OCTAVOS DE LA COPA LIBERTADORES: \u00bfCOMO SON LOS PARTIDOS DE LOS EQUIPOS ARGENTINOS?","author":"Alejandro Sosa Ruda","date":"27 mayo, 2022","format":false,"excerpt":"River, Boca, Estudiantes, Col\u00f3n, Talleres y V\u00e9lez buscar\u00e1n el gran trofeo continental. River, Boca, Estudiantes, Col\u00f3n, V\u00e9lez y Talleres conocen sus rivales para los octavos de final de la Copa Libertadores 2022, tras el sorteo realizado este viernes en la sede de Conmebol ubicada en Luque, Paraguay. River, segundo mejor\u2026","rel":"","context":"En \u00abDESTACADAS\u00bb","block_context":{"text":"DESTACADAS","link":"https:\/\/larevistadigital.com.ar\/blog\/category\/destacadas\/"},"img":{"alt_text":"","src":"https:\/\/i0.wp.com\/larevistadigital.com.ar\/blog\/wp-content\/uploads\/COPA.jpg?fit=1200%2C675&ssl=1&resize=350%2C200","width":350,"height":200,"srcset":"https:\/\/i0.wp.com\/larevistadigital.com.ar\/blog\/wp-content\/uploads\/COPA.jpg?fit=1200%2C675&ssl=1&resize=350%2C200 1x, https:\/\/i0.wp.com\/larevistadigital.com.ar\/blog\/wp-content\/uploads\/COPA.jpg?fit=1200%2C675&ssl=1&resize=525%2C300 1.5x, https:\/\/i0.wp.com\/larevistadigital.com.ar\/blog\/wp-content\/uploads\/COPA.jpg?fit=1200%2C675&ssl=1&resize=700%2C400 2x, https:\/\/i0.wp.com\/larevistadigital.com.ar\/blog\/wp-content\/uploads\/COPA.jpg?fit=1200%2C675&ssl=1&resize=1050%2C600 3x"},"classes":[]},{"id":22221,"url":"https:\/\/larevistadigital.com.ar\/blog\/el-extrano-pedido-de-la-conmebol-a-la-fifa-para-la-copa-libertadores-y-la-sudamericana\/","url_meta":{"origin":35227,"position":2},"title":"EL EXTRA\u00d1O PEDIDO DE LA CONMEBOL A LA FIFA PARA LA COPA LIBERTADORES Y LA SUDAMERICANA","author":"Alejandro Sosa Ruda","date":"1 octubre, 2021","format":false,"excerpt":"Conmebol\u00a0le propuso este jueves\u00a0a la\u00a0FIFA\u00a0un cambio en el reglamento para que en las finales de las\u00a0Copas Libertadores\u00a0y\u00a0Sudamericana\u00a0se pueda implementar un entretiempo de 25 minutos, alargando el plazo de 15 vigente. En una carta dirigida a\u00a0Gianni Infantino, titular de FIFA, firmada por su presidente, el paraguayo\u00a0Alejandro Dom\u00ednguez, la Conmebol consider\u00f3 que\u2026","rel":"","context":"En \u00abDEPORTES\u00bb","block_context":{"text":"DEPORTES","link":"https:\/\/larevistadigital.com.ar\/blog\/category\/deportes\/"},"img":{"alt_text":"","src":"https:\/\/i0.wp.com\/larevistadigital.com.ar\/blog\/wp-content\/uploads\/OZLREUAYWNCL5HW4GEJWHUTMD4.jpg?fit=1200%2C900&ssl=1&resize=350%2C200","width":350,"height":200,"srcset":"https:\/\/i0.wp.com\/larevistadigital.com.ar\/blog\/wp-content\/uploads\/OZLREUAYWNCL5HW4GEJWHUTMD4.jpg?fit=1200%2C900&ssl=1&resize=350%2C200 1x, https:\/\/i0.wp.com\/larevistadigital.com.ar\/blog\/wp-content\/uploads\/OZLREUAYWNCL5HW4GEJWHUTMD4.jpg?fit=1200%2C900&ssl=1&resize=525%2C300 1.5x, https:\/\/i0.wp.com\/larevistadigital.com.ar\/blog\/wp-content\/uploads\/OZLREUAYWNCL5HW4GEJWHUTMD4.jpg?fit=1200%2C900&ssl=1&resize=700%2C400 2x, https:\/\/i0.wp.com\/larevistadigital.com.ar\/blog\/wp-content\/uploads\/OZLREUAYWNCL5HW4GEJWHUTMD4.jpg?fit=1200%2C900&ssl=1&resize=1050%2C600 3x"},"classes":[]},{"id":33833,"url":"https:\/\/larevistadigital.com.ar\/blog\/boca-se-juega-el-ano-en-san-pablo\/","url_meta":{"origin":35227,"position":3},"title":"BOCA SE JUEGA EL A\u00d1O EN SAN PABLO","author":"Alejandro Sosa Ruda","date":"5 octubre, 2023","format":false,"excerpt":"La derrota en el supercl\u00e1sico dej\u00f3 sin margen de error a Jorge Almir\u00f3n y se juega todo en la revancha de la semifinal de la Copa Libertadores frente a Palmeiras, a las 21.30. En la final, espera Fluminense. 05 de octubre de 2023 Boca Juniors, obsesionado por obtener su s\u00e9ptima\u2026","rel":"","context":"En \u00abDEPORTES\u00bb","block_context":{"text":"DEPORTES","link":"https:\/\/larevistadigital.com.ar\/blog\/category\/deportes\/"},"img":{"alt_text":"","src":"https:\/\/i0.wp.com\/larevistadigital.com.ar\/blog\/wp-content\/uploads\/EOeQPWawL_720x0__1.jpg?fit=720%2C441&ssl=1&resize=350%2C200","width":350,"height":200,"srcset":"https:\/\/i0.wp.com\/larevistadigital.com.ar\/blog\/wp-content\/uploads\/EOeQPWawL_720x0__1.jpg?fit=720%2C441&ssl=1&resize=350%2C200 1x, https:\/\/i0.wp.com\/larevistadigital.com.ar\/blog\/wp-content\/uploads\/EOeQPWawL_720x0__1.jpg?fit=720%2C441&ssl=1&resize=525%2C300 1.5x, https:\/\/i0.wp.com\/larevistadigital.com.ar\/blog\/wp-content\/uploads\/EOeQPWawL_720x0__1.jpg?fit=720%2C441&ssl=1&resize=700%2C400 2x"},"classes":[]},{"id":20109,"url":"https:\/\/larevistadigital.com.ar\/blog\/boca-cayo-1-0-en-guayaquil-por-la-copa-libertadores\/","url_meta":{"origin":35227,"position":4},"title":"BOCA CAY\u00d3 1-0 EN GUAYAQUIL POR LA COPA LIBERTADORES","author":"Alejandro Sosa Ruda","date":"5 mayo, 2021","format":false,"excerpt":"El Xeneize, que ven\u00eda de cinco triunfos al hilo, perdi\u00f3 por 1-0 en Ecuador con el tanto de Garc\u00e9s Acosta, por la tercera fecha del Grupo C del certamen continental. El s\u00e1bado, por la Copa de la Liga, viene al Grella contra PatronatoBoca cort\u00f3 su racha. El Xeneize, que ven\u00eda\u2026","rel":"","context":"En \u00abDEPORTES\u00bb","block_context":{"text":"DEPORTES","link":"https:\/\/larevistadigital.com.ar\/blog\/category\/deportes\/"},"img":{"alt_text":"","src":"https:\/\/i0.wp.com\/larevistadigital.com.ar\/blog\/wp-content\/uploads\/boca-ecuador-mayo-2021.jpg?fit=640%2C360&ssl=1&resize=350%2C200","width":350,"height":200,"srcset":"https:\/\/i0.wp.com\/larevistadigital.com.ar\/blog\/wp-content\/uploads\/boca-ecuador-mayo-2021.jpg?fit=640%2C360&ssl=1&resize=350%2C200 1x, https:\/\/i0.wp.com\/larevistadigital.com.ar\/blog\/wp-content\/uploads\/boca-ecuador-mayo-2021.jpg?fit=640%2C360&ssl=1&resize=525%2C300 1.5x"},"classes":[]},{"id":7647,"url":"https:\/\/larevistadigital.com.ar\/blog\/triste-noticia-a-los-31-anos-rodrigo-mora-anuncio-que-deja-el-futbol\/","url_meta":{"origin":35227,"position":5},"title":"TRISTE NOTICIA: A LOS 31 A\u00d1OS, RODRIGO MORA ANUNCIO QUE DEJA EL F\u00daTBOL","author":"Alejandro Sosa Ruda","date":"7 enero, 2019","format":false,"excerpt":"El plantel de\u00a0River\u00a0dio por finalizados sus d\u00edas de descanso y se reuni\u00f3 en el\u00a0Monumentalpara luego viajar hacia\u00a0Punta del Este, Uruguay, y dar inicio a su pretemporada.\u00a0La mala noticia fue que Rodrigo Mora anunci\u00f3 su retiro\u00a0del f\u00fatbol mediante un estado de\u00a0Whatsapp. \"Me toca vivir uno de los d\u00edas m\u00e1s tristes de\u2026","rel":"","context":"En \u00abDESTACADAS\u00bb","block_context":{"text":"DESTACADAS","link":"https:\/\/larevistadigital.com.ar\/blog\/category\/destacadas\/"},"img":{"alt_text":"","src":"https:\/\/i0.wp.com\/larevistadigital.com.ar\/blog\/wp-content\/uploads\/2019\/01\/mora.jpg?fit=638%2C356&ssl=1&resize=350%2C200","width":350,"height":200,"srcset":"https:\/\/i0.wp.com\/larevistadigital.com.ar\/blog\/wp-content\/uploads\/2019\/01\/mora.jpg?fit=638%2C356&ssl=1&resize=350%2C200 1x, https:\/\/i0.wp.com\/larevistadigital.com.ar\/blog\/wp-content\/uploads\/2019\/01\/mora.jpg?fit=638%2C356&ssl=1&resize=525%2C300 1.5x"},"classes":[]}],"_links":{"self":[{"href":"https:\/\/larevistadigital.com.ar\/blog\/wp-json\/wp\/v2\/posts\/35227","targetHints":{"allow":["GET"]}}],"collection":[{"href":"https:\/\/larevistadigital.com.ar\/blog\/wp-json\/wp\/v2\/posts"}],"about":[{"href":"https:\/\/larevistadigital.com.ar\/blog\/wp-json\/wp\/v2\/types\/post"}],"author":[{"embeddable":true,"href":"https:\/\/larevistadigital.com.ar\/blog\/wp-json\/wp\/v2\/users\/3"}],"replies":[{"embeddable":true,"href":"https:\/\/larevistadigital.com.ar\/blog\/wp-json\/wp\/v2\/comments?post=35227"}],"version-history":[{"count":1,"href":"https:\/\/larevistadigital.com.ar\/blog\/wp-json\/wp\/v2\/posts\/35227\/revisions"}],"predecessor-version":[{"id":35229,"href":"https:\/\/larevistadigital.com.ar\/blog\/wp-json\/wp\/v2\/posts\/35227\/revisions\/35229"}],"wp:featuredmedia":[{"embeddable":true,"href":"https:\/\/larevistadigital.com.ar\/blog\/wp-json\/wp\/v2\/media\/35228"}],"wp:attachment":[{"href":"https:\/\/larevistadigital.com.ar\/blog\/wp-json\/wp\/v2\/media?parent=35227"}],"wp:term":[{"taxonomy":"category","embeddable":true,"href":"https:\/\/larevistadigital.com.ar\/blog\/wp-json\/wp\/v2\/categories?post=35227"},{"taxonomy":"post_tag","embeddable":true,"href":"https:\/\/larevistadigital.com.ar\/blog\/wp-json\/wp\/v2\/tags?post=35227"}],"curies":[{"name":"wp","href":"https:\/\/api.w.org\/{rel}","templated":true}]}}