{"id":35230,"date":"2024-02-13T18:55:37","date_gmt":"2024-02-13T21:55:37","guid":{"rendered":"https:\/\/larevistadigital.com.ar\/blog\/?p=35230"},"modified":"2024-02-13T20:17:38","modified_gmt":"2024-02-13T23:17:38","slug":"monte-hermoso-buscan-a-un-hombre-que-desaparecio-en-el-mar","status":"publish","type":"post","link":"https:\/\/larevistadigital.com.ar\/blog\/monte-hermoso-buscan-a-un-hombre-que-desaparecio-en-el-mar\/","title":{"rendered":"MONTE HERMOSO: BUSCAN A UN HOMBRE QUE DESAPARECI\u00d3 EN EL MAR"},"content":{"rendered":"<h2 class=\"fparrafo ctext fz18 lh25\">Personal de Defensa Civil, guardavidas, efectivos de la Polic\u00eda y bomberos de Bah\u00eda Blanca, participan del operativo que busca a una persona que ingres\u00f3 al mar en Monte Hermoso y desapareci\u00f3. Fuentes oficiales indicaron que se trata de un bahiense de 21 a\u00f1os. Entr\u00f3 al agua en horas de la madrugada y no se supo m\u00e1s de \u00e9l.<\/h2>\n<p>13 de febrero de 2024<\/p>\n<p><strong>MONTE HERMOSO &#8211;\u00a0 <\/strong>El incidente tuvo lugar alrededor de las 6:30 de la ma\u00f1ana de este lunes, cuando el joven <strong>Malvar<\/strong>, quien estaba trabajando en la zona balnearia, ingres\u00f3 al mar con uno de sus amigos, pero la corriente lo arrastr\u00f3, impidiendo que pudiera salir.<\/p>\n<p>Seg\u00fan consigna Diario Pampero, las c\u00e1maras de seguridad ubicadas en la bajada del centro registraron la secuencia del incidente, destacando las complicadas condiciones del mar en ese momento debido a la sudestada y la escasa luz del amanecer. Aunque la presencia de Guardavidas no estaba disponible a esa hora, el material visual result\u00f3 fundamental para confirmar la entrada de <strong>Malvar<\/strong> al mar y su posterior desaparici\u00f3n.<\/p>\n<blockquote>\n<h3>Del operativo de b\u00fasqueda, participan personal de Defensa Civil, Guardavidas, efectivos de la Polic\u00eda, bomberos de Bah\u00eda Blanca y la Prefectura Naval, pero que, debido a las condiciones clim\u00e1ticas adversas, causadas por la sudestada, han impedido el uso de embarcaciones y otros medios log\u00edsticos por parte de la Prefectura.<\/h3>\n<\/blockquote>\n<p><strong>Fernando Vera<\/strong>, titular del \u00e1rea de Seguridad de Monte Hermoso, inform\u00f3 que se lleva a cabo un rastrillaje a lo largo de toda la costa con veh\u00edculos y personal, mientras los Guardavidas colaboran en la primera zona mar\u00edtima.\u00a0En caso de no obtener novedades durante el d\u00eda, el operativo continuar\u00e1 el martes con la primera luz del d\u00eda y se desplegar\u00e1n medios log\u00edsticos adicionales.<\/p>\n<blockquote>\n<h3>La familia de Axel Malvar ya ha sido informada de la situaci\u00f3n y se dirige hacia Monte Hermoso.\u00a0La causa se encuentra bajo la car\u00e1tula de \u00abAveriguaci\u00f3n de paradero\u00bb y est\u00e1 siendo investigada por la fiscal\u00eda ordinaria de Bah\u00eda Blanca.<\/h3>\n<\/blockquote>\n<p>Este tr\u00e1gico incidente se suma a una serie de tragedias por ahogamiento que han ocurrido en la Costa Argentina durante este verano. La preocupante estad\u00edstica incluye casos como el de <strong>Federico Saihueque<\/strong> en Claromec\u00f3 y el de <strong>Ram\u00f3n Rom\u00e1n<\/strong> y <strong>Gabriel Raimann<\/strong> en Valeria del Mar.\u00a0Adem\u00e1s, la provincia ha registrado varias v\u00edctimas por ahogamiento en r\u00edos, como el reciente caso de un joven en Luj\u00e1n de Cuyo.<\/p>\n<p>Las autoridades hacen un llamado a la precauci\u00f3n y a respetar las condiciones del mar, especialmente en momentos de sudestada y con poca visibilidad, reiterando la importancia de seguir las indicaciones de los Guardavidas para evitar situaciones tr\u00e1gicas como estas. (<b>InfoGEI<\/b>)Ac<\/p>\n","protected":false},"excerpt":{"rendered":"<div class=\"mh-excerpt\"><p>Personal de Defensa Civil, guardavidas, efectivos de la Polic\u00eda y bomberos de Bah\u00eda Blanca, participan del operativo que busca a una persona que ingres\u00f3 al mar en Monte Hermoso y desapareci\u00f3. Fuentes oficiales indicaron que <a class=\"mh-excerpt-more\" href=\"https:\/\/larevistadigital.com.ar\/blog\/monte-hermoso-buscan-a-un-hombre-que-desaparecio-en-el-mar\/\" title=\"MONTE HERMOSO: BUSCAN A UN HOMBRE QUE DESAPARECI\u00d3 EN EL MAR\">[Leer M\u00e1s]<\/a><\/p>\n<\/div>","protected":false},"author":3,"featured_media":35231,"comment_status":"open","ping_status":"open","sticky":false,"template":"","format":"standard","meta":{"_jetpack_memberships_contains_paid_content":false,"footnotes":"","jetpack_publicize_message":"","jetpack_publicize_feature_enabled":true,"jetpack_social_post_already_shared":true,"jetpack_social_options":{"image_generator_settings":{"template":"highway","default_image_id":0,"font":"","enabled":false},"version":2}},"categories":[44,51],"tags":[],"class_list":{"0":"post-35230","1":"post","2":"type-post","3":"status-publish","4":"format-standard","5":"has-post-thumbnail","7":"category-policiales","8":"category-regionales"},"jetpack_publicize_connections":[],"jetpack_featured_media_url":"https:\/\/i0.wp.com\/larevistadigital.com.ar\/blog\/wp-content\/uploads\/20240213124633_axel-malvar-monte-hermoso.jpg?fit=880%2C512&ssl=1","jetpack_sharing_enabled":true,"jetpack_shortlink":"https:\/\/wp.me\/p8qtrQ-9ae","jetpack-related-posts":[{"id":35249,"url":"https:\/\/larevistadigital.com.ar\/blog\/monte-hermoso-aparecio-el-cuerpo-del-joven-desaparecido-en-el-mar\/","url_meta":{"origin":35230,"position":0},"title":"MONTE HERMOSO: APARECI\u00d3 EL CUERPO DEL JOVEN DESAPARECIDO EN EL MAR","author":"Alejandro Sosa Ruda","date":"14 febrero, 2024","format":false,"excerpt":"Alex Malvar (21), hab\u00eda ingresado al agua durante el amanecer del lunes. Fue hallado en la costa a la altura del Complejo Americano. 14 de febrero de 2024 MONTE HERMOSO -\u00a0 El cuerpo de Alex Malvar, el joven de 21 a\u00f1os que hab\u00eda ingresado al mar en Monte Hermoso durante\u2026","rel":"","context":"En \u00abPOLICIALES\u00bb","block_context":{"text":"POLICIALES","link":"https:\/\/larevistadigital.com.ar\/blog\/category\/policiales\/"},"img":{"alt_text":"","src":"https:\/\/i0.wp.com\/larevistadigital.com.ar\/blog\/wp-content\/uploads\/MONTE-HERMOSO.jpg?fit=800%2C418&ssl=1&resize=350%2C200","width":350,"height":200,"srcset":"https:\/\/i0.wp.com\/larevistadigital.com.ar\/blog\/wp-content\/uploads\/MONTE-HERMOSO.jpg?fit=800%2C418&ssl=1&resize=350%2C200 1x, https:\/\/i0.wp.com\/larevistadigital.com.ar\/blog\/wp-content\/uploads\/MONTE-HERMOSO.jpg?fit=800%2C418&ssl=1&resize=525%2C300 1.5x, https:\/\/i0.wp.com\/larevistadigital.com.ar\/blog\/wp-content\/uploads\/MONTE-HERMOSO.jpg?fit=800%2C418&ssl=1&resize=700%2C400 2x"},"classes":[]},{"id":13994,"url":"https:\/\/larevistadigital.com.ar\/blog\/monte-hermoso-primero-tiburones-ahora-aparece-una-orca-cerca-de-la-playa\/","url_meta":{"origin":35230,"position":1},"title":"MONTE HERMOSO: PRIMERO, TIBURONES. AHORA APARECE UNA ORCA CERCA DE LA PLAYA","author":"Alejandro Sosa Ruda","date":"5 enero, 2020","format":false,"excerpt":"Una orca que se encontraba a pocos metros de la costa sorprendi\u00f3 hoy a turistas y vecinos en un sector del balneario bonaerense de Monte Hermoso, a casi una semana de haber visto tiburones en esa misma playa. El avistaje de la orca se produjo ayer, sobre un sector de\u2026","rel":"","context":"En \u00abREGIONALES\u00bb","block_context":{"text":"REGIONALES","link":"https:\/\/larevistadigital.com.ar\/blog\/category\/regionales\/"},"img":{"alt_text":"","src":"https:\/\/i0.wp.com\/larevistadigital.com.ar\/blog\/wp-content\/uploads\/5b063a535e46bae978a4d490fcbb0da0767c1e57.jpeg?fit=1140%2C641&ssl=1&resize=350%2C200","width":350,"height":200,"srcset":"https:\/\/i0.wp.com\/larevistadigital.com.ar\/blog\/wp-content\/uploads\/5b063a535e46bae978a4d490fcbb0da0767c1e57.jpeg?fit=1140%2C641&ssl=1&resize=350%2C200 1x, https:\/\/i0.wp.com\/larevistadigital.com.ar\/blog\/wp-content\/uploads\/5b063a535e46bae978a4d490fcbb0da0767c1e57.jpeg?fit=1140%2C641&ssl=1&resize=525%2C300 1.5x, https:\/\/i0.wp.com\/larevistadigital.com.ar\/blog\/wp-content\/uploads\/5b063a535e46bae978a4d490fcbb0da0767c1e57.jpeg?fit=1140%2C641&ssl=1&resize=700%2C400 2x, https:\/\/i0.wp.com\/larevistadigital.com.ar\/blog\/wp-content\/uploads\/5b063a535e46bae978a4d490fcbb0da0767c1e57.jpeg?fit=1140%2C641&ssl=1&resize=1050%2C600 3x"},"classes":[]},{"id":13905,"url":"https:\/\/larevistadigital.com.ar\/blog\/monte-hermoso-panico-en-las-playas-por-aparicion-de-tiburones\/","url_meta":{"origin":35230,"position":2},"title":"MONTE HERMOSO: [VIDEO] P\u00c1NICO EN LAS PLAYAS POR APARICI\u00d3N DE TIBURONES","author":"Alejandro Sosa Ruda","date":"29 diciembre, 2019","format":false,"excerpt":"Al menos tres ejemplares aparecieron cerca de la playa. Un funcionario de Turismo de la ciudad balnearia afirm\u00f3 que son \"totalmente inofensivos\". Al menos tres tiburones aparecieron en las playas del balneario bonaerense de\u00a0Monte Hermoso, en el sur provincial, pero son inofensivos para la especie humana, ya que s\u00f3lo comen\u2026","rel":"","context":"En \u00abINTERES GENERAL\u00bb","block_context":{"text":"INTERES GENERAL","link":"https:\/\/larevistadigital.com.ar\/blog\/category\/interes-general\/"},"img":{"alt_text":"","src":"https:\/\/i0.wp.com\/larevistadigital.com.ar\/blog\/wp-content\/uploads\/Screenshot_1-75.jpg?fit=454%2C639&ssl=1&resize=350%2C200","width":350,"height":200},"classes":[]},{"id":29986,"url":"https:\/\/larevistadigital.com.ar\/blog\/un-nene-de-7-anos-sufrio-un-grave-accidente-cuando-manejaba-una-moto-de-agua-en-la-laguna-sauce-grande\/","url_meta":{"origin":35230,"position":3},"title":"UN NENE DE 7 A\u00d1OS SUFRI\u00d3 UN GRAVE ACCIDENTE CUANDO MANEJABA UNA MOTO DE AGUA EN LA LAGUNA \u00abSAUCE GRANDE\u00bb","author":"Alejandro Sosa Ruda","date":"6 febrero, 2023","format":false,"excerpt":"Un nene bahiense, de 7 a\u00f1os de edad, sufri\u00f3 un grave accidente mientras conduc\u00eda una moto de agua en la laguna Sauce Grande, en Monte Hermoso. El peque\u00f1o, se encuentra internado, con serias lesiones, en el sector de Terapia Intensiva pedi\u00e1trica del Hospital Penna, de Bah\u00eda Blanca. MONTE HERMOSO -\u00a0\u2026","rel":"","context":"En \u00abINTERES GENERAL\u00bb","block_context":{"text":"INTERES GENERAL","link":"https:\/\/larevistadigital.com.ar\/blog\/category\/interes-general\/"},"img":{"alt_text":"","src":"https:\/\/i0.wp.com\/larevistadigital.com.ar\/blog\/wp-content\/uploads\/20230205083424_laguna-sauce-grande-monte-hermoso-nino-moto-agua-mmh.jpg?fit=880%2C512&ssl=1&resize=350%2C200","width":350,"height":200,"srcset":"https:\/\/i0.wp.com\/larevistadigital.com.ar\/blog\/wp-content\/uploads\/20230205083424_laguna-sauce-grande-monte-hermoso-nino-moto-agua-mmh.jpg?fit=880%2C512&ssl=1&resize=350%2C200 1x, https:\/\/i0.wp.com\/larevistadigital.com.ar\/blog\/wp-content\/uploads\/20230205083424_laguna-sauce-grande-monte-hermoso-nino-moto-agua-mmh.jpg?fit=880%2C512&ssl=1&resize=525%2C300 1.5x, https:\/\/i0.wp.com\/larevistadigital.com.ar\/blog\/wp-content\/uploads\/20230205083424_laguna-sauce-grande-monte-hermoso-nino-moto-agua-mmh.jpg?fit=880%2C512&ssl=1&resize=700%2C400 2x"},"classes":[]},{"id":29449,"url":"https:\/\/larevistadigital.com.ar\/blog\/buena-iniciativa-en-monte-hermoso-de-daran-pulseras-para-facilitar-la-busqueda-de-ninos-perdidos-en-las-playas\/","url_meta":{"origin":35230,"position":4},"title":"BUENA INICIATIVA: EN MONTE HERMOSO DE DAR\u00c1N PULSERAS PARA FACILITAR LA B\u00daSQUEDA DE NI\u00d1OS PERDIDOS EN LAS PLAYAS","author":"Alejandro Sosa Ruda","date":"13 diciembre, 2022","format":false,"excerpt":"Las identificaciones se distribuir\u00e1n en la zona cubierta por los guardavidas y contar\u00e1n con el n\u00famero de puesto donde se ubica el grupo familiar. 13 de diciembre de 2022 MONTE HERMOSO -\u00a0 El servicio de guardavidas del balneario bonaerense de\u00a0Monte Hermoso\u00a0entregar\u00e1 durante esta temporada de verano\u00a0pulseras para ni\u00f1os y ni\u00f1as\u2026","rel":"","context":"En \u00abREGIONALES\u00bb","block_context":{"text":"REGIONALES","link":"https:\/\/larevistadigital.com.ar\/blog\/category\/regionales\/"},"img":{"alt_text":"","src":"https:\/\/i0.wp.com\/larevistadigital.com.ar\/blog\/wp-content\/uploads\/15ed7f4aa016454bf74e4f90fa2689e751e2c88b.jpg?fit=1140%2C641&ssl=1&resize=350%2C200","width":350,"height":200,"srcset":"https:\/\/i0.wp.com\/larevistadigital.com.ar\/blog\/wp-content\/uploads\/15ed7f4aa016454bf74e4f90fa2689e751e2c88b.jpg?fit=1140%2C641&ssl=1&resize=350%2C200 1x, https:\/\/i0.wp.com\/larevistadigital.com.ar\/blog\/wp-content\/uploads\/15ed7f4aa016454bf74e4f90fa2689e751e2c88b.jpg?fit=1140%2C641&ssl=1&resize=525%2C300 1.5x, https:\/\/i0.wp.com\/larevistadigital.com.ar\/blog\/wp-content\/uploads\/15ed7f4aa016454bf74e4f90fa2689e751e2c88b.jpg?fit=1140%2C641&ssl=1&resize=700%2C400 2x, https:\/\/i0.wp.com\/larevistadigital.com.ar\/blog\/wp-content\/uploads\/15ed7f4aa016454bf74e4f90fa2689e751e2c88b.jpg?fit=1140%2C641&ssl=1&resize=1050%2C600 3x"},"classes":[]},{"id":38703,"url":"https:\/\/larevistadigital.com.ar\/blog\/busqueda-desesperada-de-un-joven-que-se-metio-al-mar-en-necochea-y-desaparecio\/","url_meta":{"origin":35230,"position":5},"title":"Busqueda desesperada de un joven que se meti\u00f3 al mar en Necochea y desapareci\u00f3","author":"Alejandro Sosa Ruda","date":"16 febrero, 2025","format":false,"excerpt":"Santiago Haedo nadaba con un amigo y fue arrastrado por las olas. Hubo un importante operativo en la zona, que sigue hoy. 16 de Febrero de 2025 NECOCHEA -\u00a0 Todo ocurri\u00f3 el s\u00e1bado, cuando Santiago Haedo, un joven de 22 a\u00f1oe ingres\u00f3 al mar con un amigo y no se\u2026","rel":"","context":"En \u00abPOLICIALES\u00bb","block_context":{"text":"POLICIALES","link":"https:\/\/larevistadigital.com.ar\/blog\/category\/policiales\/"},"img":{"alt_text":"","src":"https:\/\/i0.wp.com\/larevistadigital.com.ar\/blog\/wp-content\/uploads\/Captura-de-pantalla-2025-02-16-092911.jpg?fit=675%2C376&ssl=1&resize=350%2C200","width":350,"height":200,"srcset":"https:\/\/i0.wp.com\/larevistadigital.com.ar\/blog\/wp-content\/uploads\/Captura-de-pantalla-2025-02-16-092911.jpg?fit=675%2C376&ssl=1&resize=350%2C200 1x, https:\/\/i0.wp.com\/larevistadigital.com.ar\/blog\/wp-content\/uploads\/Captura-de-pantalla-2025-02-16-092911.jpg?fit=675%2C376&ssl=1&resize=525%2C300 1.5x"},"classes":[]}],"_links":{"self":[{"href":"https:\/\/larevistadigital.com.ar\/blog\/wp-json\/wp\/v2\/posts\/35230","targetHints":{"allow":["GET"]}}],"collection":[{"href":"https:\/\/larevistadigital.com.ar\/blog\/wp-json\/wp\/v2\/posts"}],"about":[{"href":"https:\/\/larevistadigital.com.ar\/blog\/wp-json\/wp\/v2\/types\/post"}],"author":[{"embeddable":true,"href":"https:\/\/larevistadigital.com.ar\/blog\/wp-json\/wp\/v2\/users\/3"}],"replies":[{"embeddable":true,"href":"https:\/\/larevistadigital.com.ar\/blog\/wp-json\/wp\/v2\/comments?post=35230"}],"version-history":[{"count":3,"href":"https:\/\/larevistadigital.com.ar\/blog\/wp-json\/wp\/v2\/posts\/35230\/revisions"}],"predecessor-version":[{"id":35234,"href":"https:\/\/larevistadigital.com.ar\/blog\/wp-json\/wp\/v2\/posts\/35230\/revisions\/35234"}],"wp:featuredmedia":[{"embeddable":true,"href":"https:\/\/larevistadigital.com.ar\/blog\/wp-json\/wp\/v2\/media\/35231"}],"wp:attachment":[{"href":"https:\/\/larevistadigital.com.ar\/blog\/wp-json\/wp\/v2\/media?parent=35230"}],"wp:term":[{"taxonomy":"category","embeddable":true,"href":"https:\/\/larevistadigital.com.ar\/blog\/wp-json\/wp\/v2\/categories?post=35230"},{"taxonomy":"post_tag","embeddable":true,"href":"https:\/\/larevistadigital.com.ar\/blog\/wp-json\/wp\/v2\/tags?post=35230"}],"curies":[{"name":"wp","href":"https:\/\/api.w.org\/{rel}","templated":true}]}}