{"id":35238,"date":"2024-02-14T15:51:32","date_gmt":"2024-02-14T18:51:32","guid":{"rendered":"https:\/\/larevistadigital.com.ar\/blog\/?p=35238"},"modified":"2024-02-14T15:51:32","modified_gmt":"2024-02-14T18:51:32","slug":"tragedia-una-nena-de-9-anos-quiso-encender-un-ventilador-con-los-pies-mojados-se-electrocuto-y-murio","status":"publish","type":"post","link":"https:\/\/larevistadigital.com.ar\/blog\/tragedia-una-nena-de-9-anos-quiso-encender-un-ventilador-con-los-pies-mojados-se-electrocuto-y-murio\/","title":{"rendered":"TRAGEDIA: UNA NENA DE 9 A\u00d1OS QUISO ENCENDER UN VENTILADOR CON LOS PIES MOJADOS, SE ELECTROCUT\u00d3 Y MURI\u00d3."},"content":{"rendered":"<p>El accidente, ocurri\u00f3 el pasado 8 de febrero en la localidad de Unquillo, La menor falleci\u00f3 este martes, luego de haber permanecido internada en el Hospital de Ni\u00f1os{<\/p>\n<p>14 de febrero de 2024<\/p>\n<p><strong>C\u00d3RDOBA &#8211;\u00a0<\/strong> Una tragedia devastadora ocurri\u00f3 este martes por la noche en la ciudad de C\u00f3rdoba, donde una ni\u00f1a de 9 a\u00f1os, natural de la localidad de Unquillo, falleci\u00f3 tras pasar cinco d\u00edas ingresada en el Hospital de Ni\u00f1os de la capital provincial. La peque\u00f1a sufri\u00f3 una descarga el\u00e9ctrica al tocar un ventilador con los pies mojados despu\u00e9s de salir de una pileta.<\/p>\n<blockquote>\n<h3>El 8 de febrero, la v\u00edctima sali\u00f3 de la piscina e intent\u00f3 enchufar un ventilador, resultando electrocutada, seg\u00fan confirmaron fuentes policiales consultadas por Infobae.<\/h3>\n<\/blockquote>\n<p>Despu\u00e9s del tr\u00e1gico incidente, familiares trasladaron urgentemente a la ni\u00f1a al hospital local, pero posteriormente tuvo que ser llevada en ambulancia al Hospital de Ni\u00f1os de la Sant\u00edsima Trinidad, en C\u00f3rdoba Capital, donde permaneci\u00f3 hospitalizada hasta anoche.<\/p>\n<p>El diagn\u00f3stico m\u00e9dico oficial de la muerte de la ni\u00f1a fue una \u00abinjuria el\u00e9ctrica\u00bb, seg\u00fan informaron medios locales.<\/p>\n","protected":false},"excerpt":{"rendered":"<div class=\"mh-excerpt\"><p>El accidente, ocurri\u00f3 el pasado 8 de febrero en la localidad de Unquillo, La menor falleci\u00f3 este martes, luego de haber permanecido internada en el Hospital de Ni\u00f1os{ 14 de febrero de 2024 C\u00d3RDOBA &#8211;\u00a0 <a class=\"mh-excerpt-more\" href=\"https:\/\/larevistadigital.com.ar\/blog\/tragedia-una-nena-de-9-anos-quiso-encender-un-ventilador-con-los-pies-mojados-se-electrocuto-y-murio\/\" title=\"TRAGEDIA: UNA NENA DE 9 A\u00d1OS QUISO ENCENDER UN VENTILADOR CON LOS PIES MOJADOS, SE ELECTROCUT\u00d3 Y MURI\u00d3.\">[Leer M\u00e1s]<\/a><\/p>\n<\/div>","protected":false},"author":3,"featured_media":35239,"comment_status":"open","ping_status":"open","sticky":false,"template":"","format":"standard","meta":{"_jetpack_memberships_contains_paid_content":false,"footnotes":"","jetpack_publicize_message":"","jetpack_publicize_feature_enabled":true,"jetpack_social_post_already_shared":true,"jetpack_social_options":{"image_generator_settings":{"template":"highway","default_image_id":0,"font":"","enabled":false},"version":2}},"categories":[50],"tags":[],"class_list":{"0":"post-35238","1":"post","2":"type-post","3":"status-publish","4":"format-standard","5":"has-post-thumbnail","7":"category-interes-general"},"jetpack_publicize_connections":[],"jetpack_featured_media_url":"https:\/\/i0.wp.com\/larevistadigital.com.ar\/blog\/wp-content\/uploads\/Captura-de-pantalla-2024-02-14-154637.png?fit=709%2C344&ssl=1","jetpack_sharing_enabled":true,"jetpack_shortlink":"https:\/\/wp.me\/p8qtrQ-9am","jetpack-related-posts":[{"id":12404,"url":"https:\/\/larevistadigital.com.ar\/blog\/alzo-su-beba-para-jugar-la-golpeo-con-el-ventilador-de-techo-y-la-nena-murio\/","url_meta":{"origin":35238,"position":0},"title":"ALZ\u00d3 SU BEBA PARA JUGAR, LA GOLPE\u00d3 CON EL VENTILADOR DE TECHO Y LA NENA MURI\u00d3","author":"Alejandro Sosa Ruda","date":"1 octubre, 2019","format":false,"excerpt":"La v\u00edctima, de 6 meses, fue operada de urgencia pero no logr\u00f3 sobrevivir. Su padrastro qued\u00f3 detenido. Ocurri\u00f3 en San Juan Una beb\u00e9 de 6 meses falleci\u00f3 este domingo en un\u00a0aparente accidente dom\u00e9stico\u00a0que tuvo lugar en la vivienda que habitaba junto a su mam\u00e1 y su padrastro, en la localidad\u2026","rel":"","context":"En \u00abINTERES GENERAL\u00bb","block_context":{"text":"INTERES GENERAL","link":"https:\/\/larevistadigital.com.ar\/blog\/category\/interes-general\/"},"img":{"alt_text":"","src":"https:\/\/i0.wp.com\/larevistadigital.com.ar\/blog\/wp-content\/uploads\/galvarini_3.jpg?fit=618%2C307&ssl=1&resize=350%2C200","width":350,"height":200,"srcset":"https:\/\/i0.wp.com\/larevistadigital.com.ar\/blog\/wp-content\/uploads\/galvarini_3.jpg?fit=618%2C307&ssl=1&resize=350%2C200 1x, https:\/\/i0.wp.com\/larevistadigital.com.ar\/blog\/wp-content\/uploads\/galvarini_3.jpg?fit=618%2C307&ssl=1&resize=525%2C300 1.5x"},"classes":[]},{"id":28329,"url":"https:\/\/larevistadigital.com.ar\/blog\/chascomus-tragedia-en-la-costanera-una-criatura-de-3-anos-fue-atropellada-por-una-camioneta-y-fallecio-en-el-hospital\/","url_meta":{"origin":35238,"position":1},"title":"CHASCOM\u00daS: TRAGEDIA EN LA COSTANERA. UNA CRIATURA DE 3 A\u00d1OS FUE ATROPELLADA POR UNA CAMIONETA  Y FALLECI\u00d3 EN EL HOSPITAL.","author":"Alejandro Sosa Ruda","date":"10 octubre, 2022","format":false,"excerpt":"La nena estaba con sus padres y aparentemente se apart\u00f3 cruz\u00e1ndose fatalmente frente a una camioneta que nada pudo hacer para esquivarla... CHASCOM\u00daS -\u00a0\u00a0El desgraciado episodio ocurri\u00f3 aproximadamente a las 11 hs. de este lunes, en la Costanera de la ciudad, cuando una familia estaba cargando su camioneta para retornar\u2026","rel":"","context":"En \u00abDESTACADAS\u00bb","block_context":{"text":"DESTACADAS","link":"https:\/\/larevistadigital.com.ar\/blog\/category\/destacadas\/"},"img":{"alt_text":"","src":"https:\/\/i0.wp.com\/larevistadigital.com.ar\/blog\/wp-content\/uploads\/ACCIDENTE-COSTANERA.jpg?fit=1062%2C704&ssl=1&resize=350%2C200","width":350,"height":200,"srcset":"https:\/\/i0.wp.com\/larevistadigital.com.ar\/blog\/wp-content\/uploads\/ACCIDENTE-COSTANERA.jpg?fit=1062%2C704&ssl=1&resize=350%2C200 1x, https:\/\/i0.wp.com\/larevistadigital.com.ar\/blog\/wp-content\/uploads\/ACCIDENTE-COSTANERA.jpg?fit=1062%2C704&ssl=1&resize=525%2C300 1.5x, https:\/\/i0.wp.com\/larevistadigital.com.ar\/blog\/wp-content\/uploads\/ACCIDENTE-COSTANERA.jpg?fit=1062%2C704&ssl=1&resize=700%2C400 2x, https:\/\/i0.wp.com\/larevistadigital.com.ar\/blog\/wp-content\/uploads\/ACCIDENTE-COSTANERA.jpg?fit=1062%2C704&ssl=1&resize=1050%2C600 3x"},"classes":[]},{"id":38662,"url":"https:\/\/larevistadigital.com.ar\/blog\/chascomus-fallecio-un-turista-en-una-pileta\/","url_meta":{"origin":35238,"position":2},"title":"Chascom\u00fas: Falleci\u00f3 un turista en una pileta","author":"Alejandro Sosa Ruda","date":"10 febrero, 2025","format":false,"excerpt":"El hecho ocurri\u00f3 en la pileta de un complejo de d\u00faplex. El fallecido ten\u00eda 87 a\u00f1os. 10 de Febrero de 2025 CHASCOM\u00daS -\u00a0 En horas del mediodia del dia de la fecha se iniciaron actuaciones en la E.P.C. Chascomus 1ra. por Averiguacion de Causales de Muerte con injerencia de la\u2026","rel":"","context":"En \u00abDESTACADAS\u00bb","block_context":{"text":"DESTACADAS","link":"https:\/\/larevistadigital.com.ar\/blog\/category\/destacadas\/"},"img":{"alt_text":"POLIC\u00cdA CIENT\u00cdFICA","src":"https:\/\/i0.wp.com\/larevistadigital.com.ar\/blog\/wp-content\/uploads\/9d13c069ebb8a015d200bdb72bd358bb7195c86a.jpg?fit=1140%2C759&ssl=1&resize=350%2C200","width":350,"height":200,"srcset":"https:\/\/i0.wp.com\/larevistadigital.com.ar\/blog\/wp-content\/uploads\/9d13c069ebb8a015d200bdb72bd358bb7195c86a.jpg?fit=1140%2C759&ssl=1&resize=350%2C200 1x, https:\/\/i0.wp.com\/larevistadigital.com.ar\/blog\/wp-content\/uploads\/9d13c069ebb8a015d200bdb72bd358bb7195c86a.jpg?fit=1140%2C759&ssl=1&resize=525%2C300 1.5x, https:\/\/i0.wp.com\/larevistadigital.com.ar\/blog\/wp-content\/uploads\/9d13c069ebb8a015d200bdb72bd358bb7195c86a.jpg?fit=1140%2C759&ssl=1&resize=700%2C400 2x, https:\/\/i0.wp.com\/larevistadigital.com.ar\/blog\/wp-content\/uploads\/9d13c069ebb8a015d200bdb72bd358bb7195c86a.jpg?fit=1140%2C759&ssl=1&resize=1050%2C600 3x"},"classes":[]},{"id":35345,"url":"https:\/\/larevistadigital.com.ar\/blog\/chascomus-muerte-tragica-de-una-mujer-por-electrocucion\/","url_meta":{"origin":35238,"position":3},"title":"CHASCOM\u00daS: MUERTE TR\u00c1GICA DE UNA MUJER POR ELECTROCUCI\u00d3N","author":"Alejandro Sosa Ruda","date":"28 febrero, 2024","format":false,"excerpt":"\u00a0 La mujer de 43 a\u00f1os, habr\u00eda fallecido electrocutada por un ventilador. 28 de febrero de 2024 CHASCOM\u00daS -\u00a0 \u00a0En el d\u00eda de la fecha en hora de la ma\u00f1ana, esta dependencia policial recibi\u00f3 la lamentable noticia por parte del hospital municipal, que hab\u00eda ingresado a dicha instituci\u00f3n una persona\u2026","rel":"","context":"En \u00abDESTACADAS\u00bb","block_context":{"text":"DESTACADAS","link":"https:\/\/larevistadigital.com.ar\/blog\/category\/destacadas\/"},"img":{"alt_text":"","src":"https:\/\/i0.wp.com\/larevistadigital.com.ar\/blog\/wp-content\/uploads\/Captura-de-pantalla-2021-12-29-203210.jpg?fit=1013%2C675&ssl=1&resize=350%2C200","width":350,"height":200,"srcset":"https:\/\/i0.wp.com\/larevistadigital.com.ar\/blog\/wp-content\/uploads\/Captura-de-pantalla-2021-12-29-203210.jpg?fit=1013%2C675&ssl=1&resize=350%2C200 1x, https:\/\/i0.wp.com\/larevistadigital.com.ar\/blog\/wp-content\/uploads\/Captura-de-pantalla-2021-12-29-203210.jpg?fit=1013%2C675&ssl=1&resize=525%2C300 1.5x, https:\/\/i0.wp.com\/larevistadigital.com.ar\/blog\/wp-content\/uploads\/Captura-de-pantalla-2021-12-29-203210.jpg?fit=1013%2C675&ssl=1&resize=700%2C400 2x"},"classes":[]},{"id":31445,"url":"https:\/\/larevistadigital.com.ar\/blog\/una-criatura-de-9-anos-fue-atacada-por-una-jauria-le-amputaron-un-brazo-y-esta-en-estado-critico\/","url_meta":{"origin":35238,"position":4},"title":"UNA CRIATURA DE 9 A\u00d1OS FUE ATACADA POR UNA JAURIA. LE AMPUTARON UN BRAZO Y EST\u00c1 EN ESTADO CR\u00cdTICO","author":"Alejandro Sosa Ruda","date":"8 mayo, 2023","format":false,"excerpt":"Ocurri\u00f3 en C\u00f3rdoba, en la localidad de Valle Hermoso. La atacaron 4 perros durante un cumplea\u00f1os. Le amputaron un brazo. 8 de mayo de 2023 VALLE HERMOSO -\u00a0 Una ni\u00f1a de 9 a\u00f1os se encuentra en estado grave despu\u00e9s de ser atacada por cuatro perros en una vivienda en la\u2026","rel":"","context":"En \u00abDESTACADAS\u00bb","block_context":{"text":"DESTACADAS","link":"https:\/\/larevistadigital.com.ar\/blog\/category\/destacadas\/"},"img":{"alt_text":"","src":"https:\/\/i0.wp.com\/larevistadigital.com.ar\/blog\/wp-content\/uploads\/Mariela-2022-09-30T110938.jpg?fit=1200%2C611&ssl=1&resize=350%2C200","width":350,"height":200,"srcset":"https:\/\/i0.wp.com\/larevistadigital.com.ar\/blog\/wp-content\/uploads\/Mariela-2022-09-30T110938.jpg?fit=1200%2C611&ssl=1&resize=350%2C200 1x, https:\/\/i0.wp.com\/larevistadigital.com.ar\/blog\/wp-content\/uploads\/Mariela-2022-09-30T110938.jpg?fit=1200%2C611&ssl=1&resize=525%2C300 1.5x, https:\/\/i0.wp.com\/larevistadigital.com.ar\/blog\/wp-content\/uploads\/Mariela-2022-09-30T110938.jpg?fit=1200%2C611&ssl=1&resize=700%2C400 2x, https:\/\/i0.wp.com\/larevistadigital.com.ar\/blog\/wp-content\/uploads\/Mariela-2022-09-30T110938.jpg?fit=1200%2C611&ssl=1&resize=1050%2C600 3x"},"classes":[]},{"id":28149,"url":"https:\/\/larevistadigital.com.ar\/blog\/tragedia-en-f-varela-nene-de-casi-dos-anos-muere-arrollado-por-el-tren-roca\/","url_meta":{"origin":35238,"position":5},"title":"TRAGEDIA EN F. VARELA: NENE DE CASI DOS A\u00d1OS MUERE ARROLLADO POR EL TREN ROCA","author":"Alejandro Sosa Ruda","date":"29 septiembre, 2022","format":false,"excerpt":"Un ni\u00f1o de menos de 2 a\u00f1os se escap\u00f3 de su casa y se subi\u00f3 a las v\u00edas en el momento que pasaba una formaci\u00f3n del tren Roca. El beb\u00e9 fue trasladado al hospital con vida pero horas despu\u00e9s falleci\u00f3. 29 de septiembre de 2022 El tr\u00e1gico episodio ocurri\u00f3 el\u2026","rel":"","context":"En \u00abPOLICIALES\u00bb","block_context":{"text":"POLICIALES","link":"https:\/\/larevistadigital.com.ar\/blog\/category\/policiales\/"},"img":{"alt_text":"","src":"https:\/\/i0.wp.com\/larevistadigital.com.ar\/blog\/wp-content\/uploads\/20220928170905_roca.jpg?fit=880%2C512&ssl=1&resize=350%2C200","width":350,"height":200,"srcset":"https:\/\/i0.wp.com\/larevistadigital.com.ar\/blog\/wp-content\/uploads\/20220928170905_roca.jpg?fit=880%2C512&ssl=1&resize=350%2C200 1x, https:\/\/i0.wp.com\/larevistadigital.com.ar\/blog\/wp-content\/uploads\/20220928170905_roca.jpg?fit=880%2C512&ssl=1&resize=525%2C300 1.5x, https:\/\/i0.wp.com\/larevistadigital.com.ar\/blog\/wp-content\/uploads\/20220928170905_roca.jpg?fit=880%2C512&ssl=1&resize=700%2C400 2x"},"classes":[]}],"_links":{"self":[{"href":"https:\/\/larevistadigital.com.ar\/blog\/wp-json\/wp\/v2\/posts\/35238","targetHints":{"allow":["GET"]}}],"collection":[{"href":"https:\/\/larevistadigital.com.ar\/blog\/wp-json\/wp\/v2\/posts"}],"about":[{"href":"https:\/\/larevistadigital.com.ar\/blog\/wp-json\/wp\/v2\/types\/post"}],"author":[{"embeddable":true,"href":"https:\/\/larevistadigital.com.ar\/blog\/wp-json\/wp\/v2\/users\/3"}],"replies":[{"embeddable":true,"href":"https:\/\/larevistadigital.com.ar\/blog\/wp-json\/wp\/v2\/comments?post=35238"}],"version-history":[{"count":1,"href":"https:\/\/larevistadigital.com.ar\/blog\/wp-json\/wp\/v2\/posts\/35238\/revisions"}],"predecessor-version":[{"id":35240,"href":"https:\/\/larevistadigital.com.ar\/blog\/wp-json\/wp\/v2\/posts\/35238\/revisions\/35240"}],"wp:featuredmedia":[{"embeddable":true,"href":"https:\/\/larevistadigital.com.ar\/blog\/wp-json\/wp\/v2\/media\/35239"}],"wp:attachment":[{"href":"https:\/\/larevistadigital.com.ar\/blog\/wp-json\/wp\/v2\/media?parent=35238"}],"wp:term":[{"taxonomy":"category","embeddable":true,"href":"https:\/\/larevistadigital.com.ar\/blog\/wp-json\/wp\/v2\/categories?post=35238"},{"taxonomy":"post_tag","embeddable":true,"href":"https:\/\/larevistadigital.com.ar\/blog\/wp-json\/wp\/v2\/tags?post=35238"}],"curies":[{"name":"wp","href":"https:\/\/api.w.org\/{rel}","templated":true}]}}