{"id":35242,"date":"2024-02-14T18:29:23","date_gmt":"2024-02-14T21:29:23","guid":{"rendered":"https:\/\/larevistadigital.com.ar\/blog\/?p=35242"},"modified":"2024-02-14T18:29:47","modified_gmt":"2024-02-14T21:29:47","slug":"el-indec-midio-un-206-de-inflacion-en-el-mes-de-enero","status":"publish","type":"post","link":"https:\/\/larevistadigital.com.ar\/blog\/el-indec-midio-un-206-de-inflacion-en-el-mes-de-enero\/","title":{"rendered":"EL INDEC MIDI\u00d3 UN 20,6% DE INFLACI\u00d3N EN EL MES DE ENERO"},"content":{"rendered":"<h2>En los \u00faltimos 12 meses, el aumento de precios acumulado trep\u00f3 al 254,2%, inform\u00f3 el organismo nacional.<\/h2>\n<p>14 de febrero de 2024<\/p>\n<p>El Instituto Nacional de Estad\u00edsticas y Censos (Indec) inform\u00f3 esta tarde que el \u00cdndice de Precios al Consumidor (IPC) experiment\u00f3 un incremento del 20,6% en enero.<\/p>\n<blockquote>\n<h3>Esta cifra representa una leve desaceleraci\u00f3n en comparaci\u00f3n con el mes anterior, donde la subida de precios alcanz\u00f3 el 25,5%. En el \u00faltimo a\u00f1o, la inflaci\u00f3n acumulada ascendi\u00f3 al 254,2%.<\/h3>\n<\/blockquote>\n<p>Durante enero de 2024, la divisi\u00f3n que experiment\u00f3 el mayor aumento fue Bienes y Servicios Varios, con un 44,4%, impulsado principalmente por el incremento en art\u00edculos de Cuidado Personal. Le siguieron Transporte, con un aumento del 26,3%, atribuido a los aumentos en el transporte p\u00fablico y el arrastre del aumento de combustibles, y Comunicaci\u00f3n, con un aumento del 25,1%, debido al alza en servicios telef\u00f3nicos e internet.<\/p>\n<p>Por otro lado, Alimentos y Bebidas no alcoh\u00f3licas fue el \u00edtem con mayor incidencia en todas las regiones, con un aumento del 20,4%. Dentro de esta divisi\u00f3n, se destacan las subidas en carnes y derivados, as\u00ed como en pan y cereales. En contraste, las categor\u00edas con las menores variaciones fueron Prendas de Vestir y Calzado, con un aumento del 11,9%, y Educaci\u00f3n, con un incremento del 0,9%.<\/p>\n<p>En cuanto a la regi\u00f3n pampeana, donde se encuentra General Pueyrredon, los precios aumentaron un 21,2%, superando la media nacional.<\/p>\n<p>(imagen: Jujuy al d\u00eda)<\/p>\n","protected":false},"excerpt":{"rendered":"<div class=\"mh-excerpt\"><p>En los \u00faltimos 12 meses, el aumento de precios acumulado trep\u00f3 al 254,2%, inform\u00f3 el organismo nacional. 14 de febrero de 2024 El Instituto Nacional de Estad\u00edsticas y Censos (Indec) inform\u00f3 esta tarde que el <a class=\"mh-excerpt-more\" href=\"https:\/\/larevistadigital.com.ar\/blog\/el-indec-midio-un-206-de-inflacion-en-el-mes-de-enero\/\" title=\"EL INDEC MIDI\u00d3 UN 20,6% DE INFLACI\u00d3N EN EL MES DE ENERO\">[Leer M\u00e1s]<\/a><\/p>\n<\/div>","protected":false},"author":3,"featured_media":35243,"comment_status":"open","ping_status":"open","sticky":false,"template":"","format":"standard","meta":{"_jetpack_memberships_contains_paid_content":false,"footnotes":"","jetpack_publicize_message":"","jetpack_publicize_feature_enabled":true,"jetpack_social_post_already_shared":true,"jetpack_social_options":{"image_generator_settings":{"template":"highway","default_image_id":0,"font":"","enabled":false},"version":2}},"categories":[50],"tags":[],"class_list":{"0":"post-35242","1":"post","2":"type-post","3":"status-publish","4":"format-standard","5":"has-post-thumbnail","7":"category-interes-general"},"jetpack_publicize_connections":[],"jetpack_featured_media_url":"https:\/\/i0.wp.com\/larevistadigital.com.ar\/blog\/wp-content\/uploads\/inflacion.jpg?fit=2121%2C1414&ssl=1","jetpack_sharing_enabled":true,"jetpack_shortlink":"https:\/\/wp.me\/p8qtrQ-9aq","jetpack-related-posts":[{"id":27771,"url":"https:\/\/larevistadigital.com.ar\/blog\/datos-oficiales-la-inflacion-de-agosto-fue-del-7\/","url_meta":{"origin":35242,"position":0},"title":"DATOS OFICIALES: LA INFLACI\u00d3N DE AGOSTO FUE DEL 7%","author":"Alejandro Sosa Ruda","date":"15 septiembre, 2022","format":false,"excerpt":"El Instituto Nacional de Estad\u00edstica y Censos inform\u00f3 que el indicador registr\u00f3 un retroceso del 0,4% respecto de julio, y acumula un alza de 56,4% en los primeros ocho meses del a\u00f1o. La mayor incidencia en todas las regiones la aport\u00f3 el incremento de Alimentos y bebidas no alcoh\u00f3licas, con\u2026","rel":"","context":"En \u00abECONOMIA\u00bb","block_context":{"text":"ECONOMIA","link":"https:\/\/larevistadigital.com.ar\/blog\/category\/economia\/"},"img":{"alt_text":"","src":"https:\/\/i0.wp.com\/larevistadigital.com.ar\/blog\/wp-content\/uploads\/20220914202255_ipc-agosto-indec.jpg?fit=880%2C512&ssl=1&resize=350%2C200","width":350,"height":200,"srcset":"https:\/\/i0.wp.com\/larevistadigital.com.ar\/blog\/wp-content\/uploads\/20220914202255_ipc-agosto-indec.jpg?fit=880%2C512&ssl=1&resize=350%2C200 1x, https:\/\/i0.wp.com\/larevistadigital.com.ar\/blog\/wp-content\/uploads\/20220914202255_ipc-agosto-indec.jpg?fit=880%2C512&ssl=1&resize=525%2C300 1.5x, https:\/\/i0.wp.com\/larevistadigital.com.ar\/blog\/wp-content\/uploads\/20220914202255_ipc-agosto-indec.jpg?fit=880%2C512&ssl=1&resize=700%2C400 2x"},"classes":[]},{"id":19681,"url":"https:\/\/larevistadigital.com.ar\/blog\/la-inflacion-de-marzo-fue-del-48-la-cifra-mas-alta-en-los-ultimos-18-meses\/","url_meta":{"origin":35242,"position":1},"title":"LA INFLACI\u00d3N DE MARZO FUE DEL 4,8%. LA CIFRA M\u00c1S ALTA EN LOS \u00daLTIMOS 18 MESES","author":"Alejandro Sosa Ruda","date":"16 abril, 2021","format":false,"excerpt":"El Indec difundi\u00f3 las cifras correspondientes al \u00edndice de precios al consumidor. El rubro educaci\u00f3n fue el m\u00e1s afectado, seguido por las prendas de vestir y el calzado. El Instituto Nacional de Estad\u00edsticas y Censos (Indec) public\u00f3 las cifras correspondientes a la inflaci\u00f3n de marzo donde alcanz\u00f3 el 4,8% de\u2026","rel":"","context":"En \u00abINTERES GENERAL\u00bb","block_context":{"text":"INTERES GENERAL","link":"https:\/\/larevistadigital.com.ar\/blog\/category\/interes-general\/"},"img":{"alt_text":"","src":"https:\/\/i0.wp.com\/larevistadigital.com.ar\/blog\/wp-content\/uploads\/1590010269888.jpg?fit=870%2C497&ssl=1&resize=350%2C200","width":350,"height":200,"srcset":"https:\/\/i0.wp.com\/larevistadigital.com.ar\/blog\/wp-content\/uploads\/1590010269888.jpg?fit=870%2C497&ssl=1&resize=350%2C200 1x, https:\/\/i0.wp.com\/larevistadigital.com.ar\/blog\/wp-content\/uploads\/1590010269888.jpg?fit=870%2C497&ssl=1&resize=525%2C300 1.5x, https:\/\/i0.wp.com\/larevistadigital.com.ar\/blog\/wp-content\/uploads\/1590010269888.jpg?fit=870%2C497&ssl=1&resize=700%2C400 2x"},"classes":[]},{"id":43349,"url":"https:\/\/larevistadigital.com.ar\/blog\/la-inflacion-confirmo-el-septimo-mes-consecutivo-con-subas\/","url_meta":{"origin":35242,"position":2},"title":"La inflaci\u00f3n confirm\u00f3 el s\u00e9ptimo mes consecutivo con subas","author":"Alejandro Sosa Ruda","date":"14 enero, 2026","format":false,"excerpt":"Diciembre volvi\u00f3 a meter presi\u00f3n: el IPC dio 2,8% y el a\u00f1o termin\u00f3 arriba del 30%. Qu\u00e9 rubros empujaron la suba y qu\u00e9 dec\u00edan las consultoras. 14 de enero de 2026 El Instituto Nacional de Estad\u00edstica y Censos (INDEC) difundi\u00f3 este martes el \u00cdndice de Precios al Consumidor (IPC) correspondiente\u2026","rel":"","context":"En \u00abINTERES GENERAL\u00bb","block_context":{"text":"INTERES GENERAL","link":"https:\/\/larevistadigital.com.ar\/blog\/category\/interes-general\/"},"img":{"alt_text":"","src":"https:\/\/i0.wp.com\/larevistadigital.com.ar\/blog\/wp-content\/uploads\/Captura-de-pantalla-2026-01-14-190352.jpg?fit=797%2C512&ssl=1&resize=350%2C200","width":350,"height":200,"srcset":"https:\/\/i0.wp.com\/larevistadigital.com.ar\/blog\/wp-content\/uploads\/Captura-de-pantalla-2026-01-14-190352.jpg?fit=797%2C512&ssl=1&resize=350%2C200 1x, https:\/\/i0.wp.com\/larevistadigital.com.ar\/blog\/wp-content\/uploads\/Captura-de-pantalla-2026-01-14-190352.jpg?fit=797%2C512&ssl=1&resize=525%2C300 1.5x, https:\/\/i0.wp.com\/larevistadigital.com.ar\/blog\/wp-content\/uploads\/Captura-de-pantalla-2026-01-14-190352.jpg?fit=797%2C512&ssl=1&resize=700%2C400 2x"},"classes":[]},{"id":29506,"url":"https:\/\/larevistadigital.com.ar\/blog\/hasta-abril-acuerdo-para-que-los-medicamentos-no-aumenten-mas-del-38-mensual\/","url_meta":{"origin":35242,"position":3},"title":"(HASTA ABRIL) ACUERDO PARA QUE LOS MEDICAMENTOS NO AUMENTEN M\u00c1S DEL 3,8% MENSUAL","author":"Alejandro Sosa Ruda","date":"16 diciembre, 2022","format":false,"excerpt":"El tope se fijar\u00e1 a partir del \u00faltimo precio sugerido de venta al p\u00fablico de noviembre de 2022 e incluye una cl\u00e1usula gatillo para que, en caso de que la inflaci\u00f3n supere 5%, las empresas puedan aplicar un aumento hasta un punto por debajo de la medici\u00f3n del Indec al\u2026","rel":"","context":"En \u00abECONOMIA\u00bb","block_context":{"text":"ECONOMIA","link":"https:\/\/larevistadigital.com.ar\/blog\/category\/economia\/"},"img":{"alt_text":"","src":"https:\/\/i0.wp.com\/larevistadigital.com.ar\/blog\/wp-content\/uploads\/20221216170028_medicamentos-pastillas-20220613-1371260.jpg?fit=880%2C512&ssl=1&resize=350%2C200","width":350,"height":200,"srcset":"https:\/\/i0.wp.com\/larevistadigital.com.ar\/blog\/wp-content\/uploads\/20221216170028_medicamentos-pastillas-20220613-1371260.jpg?fit=880%2C512&ssl=1&resize=350%2C200 1x, https:\/\/i0.wp.com\/larevistadigital.com.ar\/blog\/wp-content\/uploads\/20221216170028_medicamentos-pastillas-20220613-1371260.jpg?fit=880%2C512&ssl=1&resize=525%2C300 1.5x, https:\/\/i0.wp.com\/larevistadigital.com.ar\/blog\/wp-content\/uploads\/20221216170028_medicamentos-pastillas-20220613-1371260.jpg?fit=880%2C512&ssl=1&resize=700%2C400 2x"},"classes":[]},{"id":39628,"url":"https:\/\/larevistadigital.com.ar\/blog\/jubilaciones-de-mayo-cuanto-cobraran-los-beneficiarios-de-anses-antes-del-aguinaldo-de-junio\/","url_meta":{"origin":35242,"position":4},"title":"Jubilaciones de mayo: cu\u00e1nto cobrar\u00e1n los beneficiarios de ANSES antes del aguinaldo de junio","author":"Alejandro Sosa Ruda","date":"3 mayo, 2025","format":false,"excerpt":"Los haberes de mayo 2025 llegar\u00e1n con un incremento del 3,73%, en base a la inflaci\u00f3n de marzo. Adem\u00e1s, se mantiene el bono para quienes perciben la jubilaci\u00f3n m\u00ednima. 03 de Mayo de 2025 La Administraci\u00f3n Nacional de la Seguridad Social (ANSES) confirm\u00f3 que los jubilados y pensionados recibir\u00e1n un\u2026","rel":"","context":"En \u00abINTERES GENERAL\u00bb","block_context":{"text":"INTERES GENERAL","link":"https:\/\/larevistadigital.com.ar\/blog\/category\/interes-general\/"},"img":{"alt_text":"","src":"https:\/\/i0.wp.com\/larevistadigital.com.ar\/blog\/wp-content\/uploads\/20240504132831_anses-web.jpg?fit=880%2C512&ssl=1&resize=350%2C200","width":350,"height":200,"srcset":"https:\/\/i0.wp.com\/larevistadigital.com.ar\/blog\/wp-content\/uploads\/20240504132831_anses-web.jpg?fit=880%2C512&ssl=1&resize=350%2C200 1x, https:\/\/i0.wp.com\/larevistadigital.com.ar\/blog\/wp-content\/uploads\/20240504132831_anses-web.jpg?fit=880%2C512&ssl=1&resize=525%2C300 1.5x, https:\/\/i0.wp.com\/larevistadigital.com.ar\/blog\/wp-content\/uploads\/20240504132831_anses-web.jpg?fit=880%2C512&ssl=1&resize=700%2C400 2x"},"classes":[]},{"id":11659,"url":"https:\/\/larevistadigital.com.ar\/blog\/desde-el-jueves-nuevo-aumento-de-la-nafta-sera-entre-un-2-y-un-25\/","url_meta":{"origin":35242,"position":5},"title":"DESDE EL JUEVES, NUEVO AUMENTO DE LA NAFTA: SER\u00c1 ENTRE UN 2 Y UN 2,5%","author":"Alejandro Sosa Ruda","date":"31 julio, 2019","format":false,"excerpt":"En el inicio de agosto, las\u00a0petroleras\u00a0volver\u00e1n a aplicar un aumento en los precios de los\u00a0combustibles, luego del \u00faltimo incremento que se registr\u00f3 a principios de julio.\u00a0La suba est\u00e1 estimada entre el 2% y el 2,5%. El incremento tiene que ver con la aplicaci\u00f3n del\u00a0impuesto a los combustibles, que sube en\u2026","rel":"","context":"En \u00abINTERES GENERAL\u00bb","block_context":{"text":"INTERES GENERAL","link":"https:\/\/larevistadigital.com.ar\/blog\/category\/interes-general\/"},"img":{"alt_text":"","src":"https:\/\/i0.wp.com\/larevistadigital.com.ar\/blog\/wp-content\/uploads\/1564574582133.jpeg?fit=1174%2C716&ssl=1&resize=350%2C200","width":350,"height":200,"srcset":"https:\/\/i0.wp.com\/larevistadigital.com.ar\/blog\/wp-content\/uploads\/1564574582133.jpeg?fit=1174%2C716&ssl=1&resize=350%2C200 1x, https:\/\/i0.wp.com\/larevistadigital.com.ar\/blog\/wp-content\/uploads\/1564574582133.jpeg?fit=1174%2C716&ssl=1&resize=525%2C300 1.5x, https:\/\/i0.wp.com\/larevistadigital.com.ar\/blog\/wp-content\/uploads\/1564574582133.jpeg?fit=1174%2C716&ssl=1&resize=700%2C400 2x, https:\/\/i0.wp.com\/larevistadigital.com.ar\/blog\/wp-content\/uploads\/1564574582133.jpeg?fit=1174%2C716&ssl=1&resize=1050%2C600 3x"},"classes":[]}],"_links":{"self":[{"href":"https:\/\/larevistadigital.com.ar\/blog\/wp-json\/wp\/v2\/posts\/35242","targetHints":{"allow":["GET"]}}],"collection":[{"href":"https:\/\/larevistadigital.com.ar\/blog\/wp-json\/wp\/v2\/posts"}],"about":[{"href":"https:\/\/larevistadigital.com.ar\/blog\/wp-json\/wp\/v2\/types\/post"}],"author":[{"embeddable":true,"href":"https:\/\/larevistadigital.com.ar\/blog\/wp-json\/wp\/v2\/users\/3"}],"replies":[{"embeddable":true,"href":"https:\/\/larevistadigital.com.ar\/blog\/wp-json\/wp\/v2\/comments?post=35242"}],"version-history":[{"count":1,"href":"https:\/\/larevistadigital.com.ar\/blog\/wp-json\/wp\/v2\/posts\/35242\/revisions"}],"predecessor-version":[{"id":35244,"href":"https:\/\/larevistadigital.com.ar\/blog\/wp-json\/wp\/v2\/posts\/35242\/revisions\/35244"}],"wp:featuredmedia":[{"embeddable":true,"href":"https:\/\/larevistadigital.com.ar\/blog\/wp-json\/wp\/v2\/media\/35243"}],"wp:attachment":[{"href":"https:\/\/larevistadigital.com.ar\/blog\/wp-json\/wp\/v2\/media?parent=35242"}],"wp:term":[{"taxonomy":"category","embeddable":true,"href":"https:\/\/larevistadigital.com.ar\/blog\/wp-json\/wp\/v2\/categories?post=35242"},{"taxonomy":"post_tag","embeddable":true,"href":"https:\/\/larevistadigital.com.ar\/blog\/wp-json\/wp\/v2\/tags?post=35242"}],"curies":[{"name":"wp","href":"https:\/\/api.w.org\/{rel}","templated":true}]}}