{"id":35245,"date":"2024-02-14T18:44:33","date_gmt":"2024-02-14T21:44:33","guid":{"rendered":"https:\/\/larevistadigital.com.ar\/blog\/?p=35245"},"modified":"2024-02-14T18:44:33","modified_gmt":"2024-02-14T21:44:33","slug":"la-elevada-temperatura-del-mar-midio-en-enero-el-record-historico-desde-que-hay-registros","status":"publish","type":"post","link":"https:\/\/larevistadigital.com.ar\/blog\/la-elevada-temperatura-del-mar-midio-en-enero-el-record-historico-desde-que-hay-registros\/","title":{"rendered":"LA ELEVADA TEMPERATURA DEL MAR MIDI\u00d3 EN ENERO EL R\u00c9CORD HIST\u00d3RICO DESDE QUE HAY REGISTROS"},"content":{"rendered":"<h2>Lo revel\u00f3 el Inidep, desde donde se precis\u00f3 la marca hist\u00f3rica y el d\u00eda en que ocurri\u00f3.<\/h2>\n<p>14 de febrero de 2024<\/p>\n<p><strong>MAR DEL PLATA &#8211;\u00a0<\/strong> La temperatura del mar en Mar del Plata alcanz\u00f3 su punto m\u00e1ximo registrado en enero, seg\u00fan inform\u00f3 el mi\u00e9rcoles el Instituto Nacional de Investigaci\u00f3n y Desarrollo Pesquero (Inidep).<\/p>\n<blockquote><p><strong>El lunes 29, el term\u00f3metro instalado en la Estaci\u00f3n de Observaci\u00f3n Costera (EOC) marc\u00f3 una temperatura del agua en la superficie del mar de 24,7 grados, estableciendo as\u00ed un r\u00e9cord hist\u00f3rico.<\/strong><\/p><\/blockquote>\n<p><strong><em>\u00abEs el m\u00e1ximo de temperatura registrada desde que empezaron con las mediciones en 2013\u00bb<\/em><\/strong>, confirmaron fuentes del Inidep al diario LA CAPITAL.<\/p>\n<p>El Gabinete de Oceanograf\u00eda F\u00edsica del Inidep obtuvo los datos mensuales con un term\u00f3metro instalado en la EOC y valid\u00f3 las observaciones compar\u00e1ndolas con mediciones semanales en el muelle de la escollera norte, as\u00ed como con el valor medio mensual climatol\u00f3gico y los cuartiles mensuales calculados con los registros adquiridos en la EOC desde enero de 2013 hasta la fecha.<\/p>\n<p>Durante enero de 2024, la temperatura en la superficie del mar en Mar del Plata aument\u00f3 desde los 18 grados registrados el d\u00eda 1 hasta el m\u00e1ximo de 24,7 del d\u00eda 29. <strong><em>\u00abHasta el d\u00eda 16 la temperatura oscil\u00f3 alrededor del valor medio mensual (21,8 grados); y a partir del d\u00eda 17 se mantuvo por encima del umbral que determina a los valores m\u00e1s altos registrados en la serie EOC durante el per\u00edodo 2013-2024 (22,8\u00b0), favorecida por vientos predominantes con componente del sector norte, las altas temperaturas del aire en la superficie (temperaturas m\u00e1ximas superiores a los 30 grados en la mayor\u00eda de los d\u00edas desde el d\u00eda 22) y la poca presencia de nubes\u00bb<\/em><\/strong>, explicaron los especialistas.<\/p>\n<p>Adem\u00e1s, estimaron que <strong><em>\u00abel descenso registrado el d\u00eda 30 podr\u00eda deberse a la surgencia de aguas m\u00e1s fr\u00edas del fondo hacia la superficie provocado por la acci\u00f3n persistente de vientos del sector noreste, la que podr\u00eda transportar del agua superficial hacia afuera de la costa\u00bb.<\/em><\/strong><\/p>\n","protected":false},"excerpt":{"rendered":"<div class=\"mh-excerpt\"><p>Lo revel\u00f3 el Inidep, desde donde se precis\u00f3 la marca hist\u00f3rica y el d\u00eda en que ocurri\u00f3. 14 de febrero de 2024 MAR DEL PLATA &#8211;\u00a0 La temperatura del mar en Mar del Plata alcanz\u00f3 <a class=\"mh-excerpt-more\" href=\"https:\/\/larevistadigital.com.ar\/blog\/la-elevada-temperatura-del-mar-midio-en-enero-el-record-historico-desde-que-hay-registros\/\" title=\"LA ELEVADA TEMPERATURA DEL MAR MIDI\u00d3 EN ENERO EL R\u00c9CORD HIST\u00d3RICO DESDE QUE HAY REGISTROS\">[Leer M\u00e1s]<\/a><\/p>\n<\/div>","protected":false},"author":3,"featured_media":35246,"comment_status":"open","ping_status":"open","sticky":false,"template":"","format":"standard","meta":{"_jetpack_memberships_contains_paid_content":false,"footnotes":"","jetpack_publicize_message":"","jetpack_publicize_feature_enabled":true,"jetpack_social_post_already_shared":true,"jetpack_social_options":{"image_generator_settings":{"template":"highway","default_image_id":0,"font":"","enabled":false},"version":2}},"categories":[51],"tags":[],"class_list":{"0":"post-35245","1":"post","2":"type-post","3":"status-publish","4":"format-standard","5":"has-post-thumbnail","7":"category-regionales"},"jetpack_publicize_connections":[],"jetpack_featured_media_url":"https:\/\/i0.wp.com\/larevistadigital.com.ar\/blog\/wp-content\/uploads\/Playa-15_opt.jpg?fit=800%2C533&ssl=1","jetpack_sharing_enabled":true,"jetpack_shortlink":"https:\/\/wp.me\/p8qtrQ-9at","jetpack-related-posts":[{"id":30571,"url":"https:\/\/larevistadigital.com.ar\/blog\/mar-del-plata-aparecio-en-la-playa-un-pez-de-aguas-tropicales\/","url_meta":{"origin":35245,"position":0},"title":"MAR DEL PLATA: APARECI\u00d3 EN LA PLAYA UN PEZ DE AGUAS TROPICALES","author":"Alejandro Sosa Ruda","date":"13 marzo, 2023","format":false,"excerpt":"Pescadores deportivos capturaron un ejemplar de morena reticulada MAR DEL PLATA -\u00a0 Este fin de semana,\u00a0pescadores deportivos de Mar del Plata capturaron un ejemplar de una morena de la familia Muraenidae,\u00a0en la zona norte de la ciudad. A fin de identificar a qu\u00e9 especie correspond\u00eda el ejemplar, los pescadores se\u2026","rel":"","context":"En \u00abCURIOSAS\u00bb","block_context":{"text":"CURIOSAS","link":"https:\/\/larevistadigital.com.ar\/blog\/category\/curiosas\/"},"img":{"alt_text":"","src":"https:\/\/i0.wp.com\/larevistadigital.com.ar\/blog\/wp-content\/uploads\/MORENA-RETICULADA.png?fit=801%2C508&ssl=1&resize=350%2C200","width":350,"height":200,"srcset":"https:\/\/i0.wp.com\/larevistadigital.com.ar\/blog\/wp-content\/uploads\/MORENA-RETICULADA.png?fit=801%2C508&ssl=1&resize=350%2C200 1x, https:\/\/i0.wp.com\/larevistadigital.com.ar\/blog\/wp-content\/uploads\/MORENA-RETICULADA.png?fit=801%2C508&ssl=1&resize=525%2C300 1.5x, https:\/\/i0.wp.com\/larevistadigital.com.ar\/blog\/wp-content\/uploads\/MORENA-RETICULADA.png?fit=801%2C508&ssl=1&resize=700%2C400 2x"},"classes":[]},{"id":30363,"url":"https:\/\/larevistadigital.com.ar\/blog\/mar-del-plata-aparecieron-papas-de-mar-en-las-playas-del-sur-y-se-recomienda-no-tocarlas\/","url_meta":{"origin":35245,"position":1},"title":"MAR DEL PLATA: APARECIERON \u00abPAPAS DE MAR\u00bb EN LAS PLAYAS DEL SUR, Y SE RECOMIENDA NO TOCARLAS","author":"Alejandro Sosa Ruda","date":"3 marzo, 2023","format":false,"excerpt":"Investigadores brindaron precisiones sobre el hallazgo que sorprendi\u00f3 a veraneantes. \"Es conveniente mantenerlos fuera del alcance de ni\u00f1os y mascotas\", aconsejaron. Su aparici\u00f3n en la orilla de algunas playas de Mar del Plata responde, tal como sucedi\u00f3 con las llamadas \"babosas mataperros\", al fen\u00f3meno de los arribazones. MAR DEL PLATA\u2026","rel":"","context":"En \u00abCURIOSAS\u00bb","block_context":{"text":"CURIOSAS","link":"https:\/\/larevistadigital.com.ar\/blog\/category\/curiosas\/"},"img":{"alt_text":"","src":"https:\/\/i0.wp.com\/larevistadigital.com.ar\/blog\/wp-content\/uploads\/20230303160708_papa.jpg?fit=880%2C512&ssl=1&resize=350%2C200","width":350,"height":200,"srcset":"https:\/\/i0.wp.com\/larevistadigital.com.ar\/blog\/wp-content\/uploads\/20230303160708_papa.jpg?fit=880%2C512&ssl=1&resize=350%2C200 1x, https:\/\/i0.wp.com\/larevistadigital.com.ar\/blog\/wp-content\/uploads\/20230303160708_papa.jpg?fit=880%2C512&ssl=1&resize=525%2C300 1.5x, https:\/\/i0.wp.com\/larevistadigital.com.ar\/blog\/wp-content\/uploads\/20230303160708_papa.jpg?fit=880%2C512&ssl=1&resize=700%2C400 2x"},"classes":[]},{"id":29488,"url":"https:\/\/larevistadigital.com.ar\/blog\/un-pequeno-tsunami-habria-sido-lo-que-provoco-destrozos-en-playas-de-mar-del-plata\/","url_meta":{"origin":35245,"position":2},"title":"UN \u00abPEQUE\u00d1O TSUNAMI\u00bb HABR\u00cdA SIDO LO QUE PROVOC\u00d3 DESTROZOS EN PLAYAS DE MAR DEL PLATA.","author":"Alejandro Sosa Ruda","date":"15 diciembre, 2022","format":false,"excerpt":"Las playas de la zona sur de la ciudad de Mar del Plata se vieron afectadas por olas con la altura suficiente para generar da\u00f1os en la infraestructura de algunos balnearios. Cient\u00edficos del Gabinete de Oceanograf\u00eda del Instituto Nacional de Investigaci\u00f3n y Desarrollo Pesquero (INIDEP) informan que el fen\u00f3meno pudo\u2026","rel":"","context":"En \u00abREGIONALES\u00bb","block_context":{"text":"REGIONALES","link":"https:\/\/larevistadigital.com.ar\/blog\/category\/regionales\/"},"img":{"alt_text":"","src":"https:\/\/i0.wp.com\/larevistadigital.com.ar\/blog\/wp-content\/uploads\/20221214191125_un-meteotsunami-el-fenomeno-que-habria-generado-destrozos-en-playas-de-mar-del-plata.png?fit=880%2C512&ssl=1&resize=350%2C200","width":350,"height":200,"srcset":"https:\/\/i0.wp.com\/larevistadigital.com.ar\/blog\/wp-content\/uploads\/20221214191125_un-meteotsunami-el-fenomeno-que-habria-generado-destrozos-en-playas-de-mar-del-plata.png?fit=880%2C512&ssl=1&resize=350%2C200 1x, https:\/\/i0.wp.com\/larevistadigital.com.ar\/blog\/wp-content\/uploads\/20221214191125_un-meteotsunami-el-fenomeno-que-habria-generado-destrozos-en-playas-de-mar-del-plata.png?fit=880%2C512&ssl=1&resize=525%2C300 1.5x, https:\/\/i0.wp.com\/larevistadigital.com.ar\/blog\/wp-content\/uploads\/20221214191125_un-meteotsunami-el-fenomeno-que-habria-generado-destrozos-en-playas-de-mar-del-plata.png?fit=880%2C512&ssl=1&resize=700%2C400 2x"},"classes":[]},{"id":28394,"url":"https:\/\/larevistadigital.com.ar\/blog\/alerta-meteorologica-por-fuertes-vientos-en-la-madrugada\/","url_meta":{"origin":35245,"position":3},"title":"ALERTA METEOROL\u00d3GICA POR FUERTES VIENTOS EN LA MADRUGADA","author":"Alejandro Sosa Ruda","date":"13 octubre, 2022","format":false,"excerpt":"Es por fuertes vientos. Para General Pueyrredon,\u00a0la costa de Mar Chuquita\u00a0y\u00a0General Alvarado. 12 de octubre de 2022 El\u00a0Servicio Meteorol\u00f3gico Nacional\u00a0emiti\u00f3\u00a0una alerta amarilla\u00a0para este jueves a la madrugada por\u00a0fuertes r\u00e1fagas de viento. General Pueyrredon,\u00a0la costa de Mar Chuquita\u00a0y\u00a0General Alvarado\u00a0son las localidades del sudeste de la provincia que se ver\u00e1n afectadas por\u2026","rel":"","context":"En \u00abINTERES GENERAL\u00bb","block_context":{"text":"INTERES GENERAL","link":"https:\/\/larevistadigital.com.ar\/blog\/category\/interes-general\/"},"img":{"alt_text":"","src":"https:\/\/i0.wp.com\/larevistadigital.com.ar\/blog\/wp-content\/uploads\/ALERTA-METEOROLOGICO.jpg?fit=1140%2C758&ssl=1&resize=350%2C200","width":350,"height":200,"srcset":"https:\/\/i0.wp.com\/larevistadigital.com.ar\/blog\/wp-content\/uploads\/ALERTA-METEOROLOGICO.jpg?fit=1140%2C758&ssl=1&resize=350%2C200 1x, https:\/\/i0.wp.com\/larevistadigital.com.ar\/blog\/wp-content\/uploads\/ALERTA-METEOROLOGICO.jpg?fit=1140%2C758&ssl=1&resize=525%2C300 1.5x, https:\/\/i0.wp.com\/larevistadigital.com.ar\/blog\/wp-content\/uploads\/ALERTA-METEOROLOGICO.jpg?fit=1140%2C758&ssl=1&resize=700%2C400 2x, https:\/\/i0.wp.com\/larevistadigital.com.ar\/blog\/wp-content\/uploads\/ALERTA-METEOROLOGICO.jpg?fit=1140%2C758&ssl=1&resize=1050%2C600 3x"},"classes":[]},{"id":21706,"url":"https:\/\/larevistadigital.com.ar\/blog\/alerta-para-manana-en-mar-del-plata-por-vientos-de-mas-de-70-km-por-hora\/","url_meta":{"origin":35245,"position":4},"title":"ALERTA PARA MA\u00d1ANA EN MAR DEL PLATA POR VIENTOS DE M\u00c1S DE 70 KM POR HORA","author":"Alejandro Sosa Ruda","date":"25 agosto, 2021","format":false,"excerpt":"La temperatura bajo cero que se sinti\u00f3 en las primeras horas de este mi\u00e9rcoles en Mar del Plata estuvo acompa\u00f1ado por un tenue sol que hizo m\u00e1s llevadero el arranque del d\u00eda. Sin embargo, las novedades seg\u00fan el Servicio Meteorol\u00f3gico Nacional (SMN) llegar\u00e1n este jueves: hay alerta por vientos que\u2026","rel":"","context":"En \u00abREGIONALES\u00bb","block_context":{"text":"REGIONALES","link":"https:\/\/larevistadigital.com.ar\/blog\/category\/regionales\/"},"img":{"alt_text":"","src":"https:\/\/i0.wp.com\/larevistadigital.com.ar\/blog\/wp-content\/uploads\/ALERTA-METEOROLOGICO.jpg?fit=1140%2C758&ssl=1&resize=350%2C200","width":350,"height":200,"srcset":"https:\/\/i0.wp.com\/larevistadigital.com.ar\/blog\/wp-content\/uploads\/ALERTA-METEOROLOGICO.jpg?fit=1140%2C758&ssl=1&resize=350%2C200 1x, https:\/\/i0.wp.com\/larevistadigital.com.ar\/blog\/wp-content\/uploads\/ALERTA-METEOROLOGICO.jpg?fit=1140%2C758&ssl=1&resize=525%2C300 1.5x, https:\/\/i0.wp.com\/larevistadigital.com.ar\/blog\/wp-content\/uploads\/ALERTA-METEOROLOGICO.jpg?fit=1140%2C758&ssl=1&resize=700%2C400 2x, https:\/\/i0.wp.com\/larevistadigital.com.ar\/blog\/wp-content\/uploads\/ALERTA-METEOROLOGICO.jpg?fit=1140%2C758&ssl=1&resize=1050%2C600 3x"},"classes":[]},{"id":11829,"url":"https:\/\/larevistadigital.com.ar\/blog\/nevo-en-mar-del-plata\/","url_meta":{"origin":35245,"position":5},"title":"NEV\u00d3 EN MAR DEL PLATA","author":"Alejandro Sosa Ruda","date":"13 agosto, 2019","format":false,"excerpt":"El fen\u00f3meno se produjo en la madrugada en Mar del Plata y Sierra de los Padres. Si bien no fu intensa como la de la d\u00e9cada del noventa,\u00a0Mar del Plata y Sierra de los Padres tuvieron durante la madrugada una intensa ca\u00edda de nieve\u00a0que permiti\u00f3 ver las postales de los\u2026","rel":"","context":"En \u00abREGIONALES\u00bb","block_context":{"text":"REGIONALES","link":"https:\/\/larevistadigital.com.ar\/blog\/category\/regionales\/"},"img":{"alt_text":"","src":"https:\/\/i0.wp.com\/larevistadigital.com.ar\/blog\/wp-content\/uploads\/Screenshot_1-37.jpg?fit=896%2C666&ssl=1&resize=350%2C200","width":350,"height":200,"srcset":"https:\/\/i0.wp.com\/larevistadigital.com.ar\/blog\/wp-content\/uploads\/Screenshot_1-37.jpg?fit=896%2C666&ssl=1&resize=350%2C200 1x, https:\/\/i0.wp.com\/larevistadigital.com.ar\/blog\/wp-content\/uploads\/Screenshot_1-37.jpg?fit=896%2C666&ssl=1&resize=525%2C300 1.5x, https:\/\/i0.wp.com\/larevistadigital.com.ar\/blog\/wp-content\/uploads\/Screenshot_1-37.jpg?fit=896%2C666&ssl=1&resize=700%2C400 2x"},"classes":[]}],"_links":{"self":[{"href":"https:\/\/larevistadigital.com.ar\/blog\/wp-json\/wp\/v2\/posts\/35245","targetHints":{"allow":["GET"]}}],"collection":[{"href":"https:\/\/larevistadigital.com.ar\/blog\/wp-json\/wp\/v2\/posts"}],"about":[{"href":"https:\/\/larevistadigital.com.ar\/blog\/wp-json\/wp\/v2\/types\/post"}],"author":[{"embeddable":true,"href":"https:\/\/larevistadigital.com.ar\/blog\/wp-json\/wp\/v2\/users\/3"}],"replies":[{"embeddable":true,"href":"https:\/\/larevistadigital.com.ar\/blog\/wp-json\/wp\/v2\/comments?post=35245"}],"version-history":[{"count":1,"href":"https:\/\/larevistadigital.com.ar\/blog\/wp-json\/wp\/v2\/posts\/35245\/revisions"}],"predecessor-version":[{"id":35247,"href":"https:\/\/larevistadigital.com.ar\/blog\/wp-json\/wp\/v2\/posts\/35245\/revisions\/35247"}],"wp:featuredmedia":[{"embeddable":true,"href":"https:\/\/larevistadigital.com.ar\/blog\/wp-json\/wp\/v2\/media\/35246"}],"wp:attachment":[{"href":"https:\/\/larevistadigital.com.ar\/blog\/wp-json\/wp\/v2\/media?parent=35245"}],"wp:term":[{"taxonomy":"category","embeddable":true,"href":"https:\/\/larevistadigital.com.ar\/blog\/wp-json\/wp\/v2\/categories?post=35245"},{"taxonomy":"post_tag","embeddable":true,"href":"https:\/\/larevistadigital.com.ar\/blog\/wp-json\/wp\/v2\/tags?post=35245"}],"curies":[{"name":"wp","href":"https:\/\/api.w.org\/{rel}","templated":true}]}}