{"id":35249,"date":"2024-02-14T19:34:16","date_gmt":"2024-02-14T22:34:16","guid":{"rendered":"https:\/\/larevistadigital.com.ar\/blog\/?p=35249"},"modified":"2024-02-14T19:34:16","modified_gmt":"2024-02-14T22:34:16","slug":"monte-hermoso-aparecio-el-cuerpo-del-joven-desaparecido-en-el-mar","status":"publish","type":"post","link":"https:\/\/larevistadigital.com.ar\/blog\/monte-hermoso-aparecio-el-cuerpo-del-joven-desaparecido-en-el-mar\/","title":{"rendered":"MONTE HERMOSO: APARECI\u00d3 EL CUERPO DEL JOVEN DESAPARECIDO EN EL MAR"},"content":{"rendered":"<h2>Alex Malvar (21), hab\u00eda ingresado al agua durante el amanecer del lunes. Fue hallado en la costa a la altura del Complejo Americano.<\/h2>\n<p>14 de febrero de 2024<\/p>\n<p><strong>MONTE HERMOSO &#8211;\u00a0 <\/strong>El cuerpo de <strong>Alex Malvar<\/strong>, el joven de 21 a\u00f1os que hab\u00eda ingresado al mar en Monte Hermoso durante la ma\u00f1ana del lunes sin poder salir por sus propios medios, fue encontrado esta ma\u00f1ana.<\/p>\n<blockquote>\n<h3>Seg\u00fan informaci\u00f3n obtenida por la redacci\u00f3n de LA BR\u00daJULA 24, los restos del bahiense fueron localizados en la altura del Complejo Americano. Se hab\u00eda perdido de vista, arrastrado por la marea, mientras se encontraba dentro del agua, en la bajada c\u00e9ntrica.<\/h3>\n<\/blockquote>\n<p>La cr\u00f3nica de los hechos indica que <strong>Malvar<\/strong>, quien estaba trabajando en la vecina localidad durante la temporada, se hab\u00eda dirigido a la playa junto a tres amigos, siendo estos los \u00faltimos en tener contacto con \u00e9l.<\/p>\n<p><em><strong>\u00abHallaron su cuerpo en la costa, a dos kil\u00f3metros y medio de donde hab\u00eda ingresado, lo que subraya la peligrosidad del mar. Por eso, los guardavidas han tenido mucho trabajo este verano. El cuerpo ya fue reconocido\u00bb<\/strong><\/em>, mencion\u00f3 el intendente de Monte Hermoso, <strong>Hern\u00e1n Arranz<\/strong>, durante una conversaci\u00f3n con el periodista <strong>Germ\u00e1n Sasso<\/strong> esta ma\u00f1ana.<\/p>\n<p>Adem\u00e1s, el intendente a\u00f1adi\u00f3: <strong><em>\u00abEste chico trabajaba en un local c\u00e9ntrico llamado La Previa. Hab\u00eda finalizado su jornada laboral. El lunes, el mar a esa hora era imposible de entrar. Casi era de noche debido a que el cielo estaba nublado. Es muy extra\u00f1o que haya tomado esa decisi\u00f3n. Su mam\u00e1 me expres\u00f3 que era alguien muy osado\u00bb<\/em><\/strong>.<\/p>\n<p>&nbsp;<\/p>\n<div class=\"mvp-author-info-wrap left relative\">\n<div class=\"mvp-author-info-text left relative\"><\/div>\n<\/div>\n","protected":false},"excerpt":{"rendered":"<div class=\"mh-excerpt\"><p>Alex Malvar (21), hab\u00eda ingresado al agua durante el amanecer del lunes. Fue hallado en la costa a la altura del Complejo Americano. 14 de febrero de 2024 MONTE HERMOSO &#8211;\u00a0 El cuerpo de Alex <a class=\"mh-excerpt-more\" href=\"https:\/\/larevistadigital.com.ar\/blog\/monte-hermoso-aparecio-el-cuerpo-del-joven-desaparecido-en-el-mar\/\" title=\"MONTE HERMOSO: APARECI\u00d3 EL CUERPO DEL JOVEN DESAPARECIDO EN EL MAR\">[Leer M\u00e1s]<\/a><\/p>\n<\/div>","protected":false},"author":3,"featured_media":35251,"comment_status":"open","ping_status":"open","sticky":false,"template":"","format":"standard","meta":{"_jetpack_memberships_contains_paid_content":false,"footnotes":"","jetpack_publicize_message":"","jetpack_publicize_feature_enabled":true,"jetpack_social_post_already_shared":true,"jetpack_social_options":{"image_generator_settings":{"template":"highway","default_image_id":0,"font":"","enabled":false},"version":2}},"categories":[44,51],"tags":[],"class_list":{"0":"post-35249","1":"post","2":"type-post","3":"status-publish","4":"format-standard","5":"has-post-thumbnail","7":"category-policiales","8":"category-regionales"},"jetpack_publicize_connections":[],"jetpack_featured_media_url":"https:\/\/i0.wp.com\/larevistadigital.com.ar\/blog\/wp-content\/uploads\/MONTE-HERMOSO.jpg?fit=800%2C418&ssl=1","jetpack_sharing_enabled":true,"jetpack_shortlink":"https:\/\/wp.me\/p8qtrQ-9ax","jetpack-related-posts":[{"id":35230,"url":"https:\/\/larevistadigital.com.ar\/blog\/monte-hermoso-buscan-a-un-hombre-que-desaparecio-en-el-mar\/","url_meta":{"origin":35249,"position":0},"title":"MONTE HERMOSO: BUSCAN A UN HOMBRE QUE DESAPARECI\u00d3 EN EL MAR","author":"Alejandro Sosa Ruda","date":"13 febrero, 2024","format":false,"excerpt":"Personal de Defensa Civil, guardavidas, efectivos de la Polic\u00eda y bomberos de Bah\u00eda Blanca, participan del operativo que busca a una persona que ingres\u00f3 al mar en Monte Hermoso y desapareci\u00f3. Fuentes oficiales indicaron que se trata de un bahiense de 21 a\u00f1os. Entr\u00f3 al agua en horas de la\u2026","rel":"","context":"En \u00abPOLICIALES\u00bb","block_context":{"text":"POLICIALES","link":"https:\/\/larevistadigital.com.ar\/blog\/category\/policiales\/"},"img":{"alt_text":"","src":"https:\/\/i0.wp.com\/larevistadigital.com.ar\/blog\/wp-content\/uploads\/20240213124633_axel-malvar-monte-hermoso.jpg?fit=880%2C512&ssl=1&resize=350%2C200","width":350,"height":200,"srcset":"https:\/\/i0.wp.com\/larevistadigital.com.ar\/blog\/wp-content\/uploads\/20240213124633_axel-malvar-monte-hermoso.jpg?fit=880%2C512&ssl=1&resize=350%2C200 1x, https:\/\/i0.wp.com\/larevistadigital.com.ar\/blog\/wp-content\/uploads\/20240213124633_axel-malvar-monte-hermoso.jpg?fit=880%2C512&ssl=1&resize=525%2C300 1.5x, https:\/\/i0.wp.com\/larevistadigital.com.ar\/blog\/wp-content\/uploads\/20240213124633_axel-malvar-monte-hermoso.jpg?fit=880%2C512&ssl=1&resize=700%2C400 2x"},"classes":[]},{"id":44534,"url":"https:\/\/larevistadigital.com.ar\/blog\/mar-del-plata-hallaron-muerto-a-un-nadador-en-el-mar-tras-un-amplio-operativo-de-busqueda\/","url_meta":{"origin":35249,"position":1},"title":"Mar del Plata: Hallaron muerto a un nadador en el mar tras un amplio operativo de b\u00fasqueda","author":"Alejandro Sosa Ruda","date":"16 marzo, 2026","format":false,"excerpt":"El hombre hab\u00eda ingresado a nadar por la escollera de Cabo Corrientes. Su cuerpo fue encontrado a unos 1700 metros del lugar donde dej\u00f3 sus pertenencias. 16 de marzo de 2026 MAR DEL PLATA -\u00a0 \u00a0Un intenso operativo de b\u00fasqueda termin\u00f3 este lunes con el hallazgo del cuerpo de un\u2026","rel":"","context":"En \u00abPOLICIALES\u00bb","block_context":{"text":"POLICIALES","link":"https:\/\/larevistadigital.com.ar\/blog\/category\/policiales\/"},"img":{"alt_text":"","src":"https:\/\/i0.wp.com\/larevistadigital.com.ar\/blog\/wp-content\/uploads\/Captura-de-pantalla-2026-03-16-145317.jpg?fit=815%2C334&ssl=1&resize=350%2C200","width":350,"height":200,"srcset":"https:\/\/i0.wp.com\/larevistadigital.com.ar\/blog\/wp-content\/uploads\/Captura-de-pantalla-2026-03-16-145317.jpg?fit=815%2C334&ssl=1&resize=350%2C200 1x, https:\/\/i0.wp.com\/larevistadigital.com.ar\/blog\/wp-content\/uploads\/Captura-de-pantalla-2026-03-16-145317.jpg?fit=815%2C334&ssl=1&resize=525%2C300 1.5x, https:\/\/i0.wp.com\/larevistadigital.com.ar\/blog\/wp-content\/uploads\/Captura-de-pantalla-2026-03-16-145317.jpg?fit=815%2C334&ssl=1&resize=700%2C400 2x"},"classes":[]},{"id":43657,"url":"https:\/\/larevistadigital.com.ar\/blog\/hallaron-sin-vida-a-un-hombre-que-habia-desaparecido-en-el-mar-en-santa-teresita\/","url_meta":{"origin":35249,"position":2},"title":"Hallaron sin vida a un hombre que hab\u00eda desaparecido en el mar en Santa Teresita","author":"Alejandro Sosa Ruda","date":"30 enero, 2026","format":false,"excerpt":"El hombre que era intensamente buscado desde la tarde del mi\u00e9rcoles tras desaparecer en el mar en Santa Teresita fue encontrado sin vida este jueves en una playa de la localidad de Las Toninas, en el Partido de La Costa. 30 de enero de 2026 SANTA TERESITA -\u00a0 \u00a0La v\u00edctima\u2026","rel":"","context":"En \u00abPOLICIALES\u00bb","block_context":{"text":"POLICIALES","link":"https:\/\/larevistadigital.com.ar\/blog\/category\/policiales\/"},"img":{"alt_text":"","src":"https:\/\/i0.wp.com\/larevistadigital.com.ar\/blog\/wp-content\/uploads\/c09b60afb95e6df19167cb378275a30f40bbfe31.png?fit=1140%2C698&ssl=1&resize=350%2C200","width":350,"height":200,"srcset":"https:\/\/i0.wp.com\/larevistadigital.com.ar\/blog\/wp-content\/uploads\/c09b60afb95e6df19167cb378275a30f40bbfe31.png?fit=1140%2C698&ssl=1&resize=350%2C200 1x, https:\/\/i0.wp.com\/larevistadigital.com.ar\/blog\/wp-content\/uploads\/c09b60afb95e6df19167cb378275a30f40bbfe31.png?fit=1140%2C698&ssl=1&resize=525%2C300 1.5x, https:\/\/i0.wp.com\/larevistadigital.com.ar\/blog\/wp-content\/uploads\/c09b60afb95e6df19167cb378275a30f40bbfe31.png?fit=1140%2C698&ssl=1&resize=700%2C400 2x, https:\/\/i0.wp.com\/larevistadigital.com.ar\/blog\/wp-content\/uploads\/c09b60afb95e6df19167cb378275a30f40bbfe31.png?fit=1140%2C698&ssl=1&resize=1050%2C600 3x"},"classes":[]},{"id":30036,"url":"https:\/\/larevistadigital.com.ar\/blog\/san-clemente-aparecio-el-cuerpo-sin-vida-de-un-hombre-que-se-habia-llevado-el-mar\/","url_meta":{"origin":35249,"position":3},"title":"APARECI\u00d3 EN SAN CLEMENTE EL CUERPO SIN VIDA DE UN HOMBRE QUE SE HAB\u00cdA LLEVADO EL MAR.","author":"Alejandro Sosa Ruda","date":"8 febrero, 2023","format":false,"excerpt":"Lo hallaron 2 kil\u00f3metros al norte del muelle, donde se lo hab\u00eda visto por \u00faltima vez. El turista de Lomas de Zamora ten\u00eda 24 a\u00f1os. 08 de febrero de 2023 SAN CLEMENTE -\u00a0 El operativo de b\u00fasqueda que llevaron a cabo Prefectura Argentina y Defensa Civil de La Costa y\u2026","rel":"","context":"En \u00abPOLICIALES\u00bb","block_context":{"text":"POLICIALES","link":"https:\/\/larevistadigital.com.ar\/blog\/category\/policiales\/"},"img":{"alt_text":"","src":"https:\/\/i0.wp.com\/larevistadigital.com.ar\/blog\/wp-content\/uploads\/c8be3e1ce2a3b4c941314e92f3815f0dcbb255c6.jpg?fit=1140%2C721&ssl=1&resize=350%2C200","width":350,"height":200,"srcset":"https:\/\/i0.wp.com\/larevistadigital.com.ar\/blog\/wp-content\/uploads\/c8be3e1ce2a3b4c941314e92f3815f0dcbb255c6.jpg?fit=1140%2C721&ssl=1&resize=350%2C200 1x, https:\/\/i0.wp.com\/larevistadigital.com.ar\/blog\/wp-content\/uploads\/c8be3e1ce2a3b4c941314e92f3815f0dcbb255c6.jpg?fit=1140%2C721&ssl=1&resize=525%2C300 1.5x, https:\/\/i0.wp.com\/larevistadigital.com.ar\/blog\/wp-content\/uploads\/c8be3e1ce2a3b4c941314e92f3815f0dcbb255c6.jpg?fit=1140%2C721&ssl=1&resize=700%2C400 2x, https:\/\/i0.wp.com\/larevistadigital.com.ar\/blog\/wp-content\/uploads\/c8be3e1ce2a3b4c941314e92f3815f0dcbb255c6.jpg?fit=1140%2C721&ssl=1&resize=1050%2C600 3x"},"classes":[]},{"id":31550,"url":"https:\/\/larevistadigital.com.ar\/blog\/mar-del-plata-encontraron-un-cuerpo-e-investigan-si-se-trata-de-un-joven-estudiante-que-estaba-desaparecido\/","url_meta":{"origin":35249,"position":4},"title":"MAR DEL PLATA: ENCONTRARON UN CUERPO E INVESTIGAN SI SE TRATA DE UN JOVEN ESTUDIANTE QUE ESTABA DESAPARECIDO","author":"Alejandro Sosa Ruda","date":"15 mayo, 2023","format":false,"excerpt":"Se llevaba a cabo un intenso operativo de b\u00fasqueda y se hall\u00f3 un cuerpo en Los Acantilados. Se investiga si se trata del muchacho buscado. 15 de Mayo de 2023 MAR DEL PLATA -\u00a0 Se encontr\u00f3 un cuerpo en avanzado estado de descomposici\u00f3n en la zona de Los Acantilados, y\u2026","rel":"","context":"En \u00abPOLICIALES\u00bb","block_context":{"text":"POLICIALES","link":"https:\/\/larevistadigital.com.ar\/blog\/category\/policiales\/"},"img":{"alt_text":"","src":"https:\/\/i0.wp.com\/larevistadigital.com.ar\/blog\/wp-content\/uploads\/acantilados.png?fit=1111%2C456&ssl=1&resize=350%2C200","width":350,"height":200,"srcset":"https:\/\/i0.wp.com\/larevistadigital.com.ar\/blog\/wp-content\/uploads\/acantilados.png?fit=1111%2C456&ssl=1&resize=350%2C200 1x, https:\/\/i0.wp.com\/larevistadigital.com.ar\/blog\/wp-content\/uploads\/acantilados.png?fit=1111%2C456&ssl=1&resize=525%2C300 1.5x, https:\/\/i0.wp.com\/larevistadigital.com.ar\/blog\/wp-content\/uploads\/acantilados.png?fit=1111%2C456&ssl=1&resize=700%2C400 2x, https:\/\/i0.wp.com\/larevistadigital.com.ar\/blog\/wp-content\/uploads\/acantilados.png?fit=1111%2C456&ssl=1&resize=1050%2C600 3x"},"classes":[]},{"id":32769,"url":"https:\/\/larevistadigital.com.ar\/blog\/dolores-encontraron-el-cadaver-de-un-hombre-que-habia-desaparecido-el-miercoles-en-el-canal-9\/","url_meta":{"origin":35249,"position":5},"title":"DOLORES: ENCONTRARON EL CADAVER DE UN HOMBRE QUE HAB\u00cdA DESAPARECIDO EL MIERCOLES EN EL CANAL 9","author":"Alejandro Sosa Ruda","date":"4 agosto, 2023","format":false,"excerpt":"El pescador era intensamente buscado desde el mi\u00e9rcoles. Estaba con su familia y hab\u00eda ingresado al agua a buscar una ca\u00f1a de pescar. 4 de agosto de 2023 DOLORES -\u00a0 \u00a0Lamentablemente, el d\u00eda de ayer por la tarde\u00a0 fue\u00a0encontrado el cadaver del hombre\u00a0que hab\u00eda desaparecido el mi\u00e9rcoles en el agua,\u2026","rel":"","context":"En \u00abDOLORES\u00bb","block_context":{"text":"DOLORES","link":"https:\/\/larevistadigital.com.ar\/blog\/category\/dolores\/"},"img":{"alt_text":"","src":"https:\/\/i0.wp.com\/larevistadigital.com.ar\/blog\/wp-content\/uploads\/00609bf214b518a5c82b5286765b08a02a7ff011.jpeg?fit=1140%2C641&ssl=1&resize=350%2C200","width":350,"height":200,"srcset":"https:\/\/i0.wp.com\/larevistadigital.com.ar\/blog\/wp-content\/uploads\/00609bf214b518a5c82b5286765b08a02a7ff011.jpeg?fit=1140%2C641&ssl=1&resize=350%2C200 1x, https:\/\/i0.wp.com\/larevistadigital.com.ar\/blog\/wp-content\/uploads\/00609bf214b518a5c82b5286765b08a02a7ff011.jpeg?fit=1140%2C641&ssl=1&resize=525%2C300 1.5x, https:\/\/i0.wp.com\/larevistadigital.com.ar\/blog\/wp-content\/uploads\/00609bf214b518a5c82b5286765b08a02a7ff011.jpeg?fit=1140%2C641&ssl=1&resize=700%2C400 2x, https:\/\/i0.wp.com\/larevistadigital.com.ar\/blog\/wp-content\/uploads\/00609bf214b518a5c82b5286765b08a02a7ff011.jpeg?fit=1140%2C641&ssl=1&resize=1050%2C600 3x"},"classes":[]}],"_links":{"self":[{"href":"https:\/\/larevistadigital.com.ar\/blog\/wp-json\/wp\/v2\/posts\/35249","targetHints":{"allow":["GET"]}}],"collection":[{"href":"https:\/\/larevistadigital.com.ar\/blog\/wp-json\/wp\/v2\/posts"}],"about":[{"href":"https:\/\/larevistadigital.com.ar\/blog\/wp-json\/wp\/v2\/types\/post"}],"author":[{"embeddable":true,"href":"https:\/\/larevistadigital.com.ar\/blog\/wp-json\/wp\/v2\/users\/3"}],"replies":[{"embeddable":true,"href":"https:\/\/larevistadigital.com.ar\/blog\/wp-json\/wp\/v2\/comments?post=35249"}],"version-history":[{"count":1,"href":"https:\/\/larevistadigital.com.ar\/blog\/wp-json\/wp\/v2\/posts\/35249\/revisions"}],"predecessor-version":[{"id":35252,"href":"https:\/\/larevistadigital.com.ar\/blog\/wp-json\/wp\/v2\/posts\/35249\/revisions\/35252"}],"wp:featuredmedia":[{"embeddable":true,"href":"https:\/\/larevistadigital.com.ar\/blog\/wp-json\/wp\/v2\/media\/35251"}],"wp:attachment":[{"href":"https:\/\/larevistadigital.com.ar\/blog\/wp-json\/wp\/v2\/media?parent=35249"}],"wp:term":[{"taxonomy":"category","embeddable":true,"href":"https:\/\/larevistadigital.com.ar\/blog\/wp-json\/wp\/v2\/categories?post=35249"},{"taxonomy":"post_tag","embeddable":true,"href":"https:\/\/larevistadigital.com.ar\/blog\/wp-json\/wp\/v2\/tags?post=35249"}],"curies":[{"name":"wp","href":"https:\/\/api.w.org\/{rel}","templated":true}]}}