{"id":35253,"date":"2024-02-14T20:18:38","date_gmt":"2024-02-14T23:18:38","guid":{"rendered":"https:\/\/larevistadigital.com.ar\/blog\/?p=35253"},"modified":"2024-02-14T20:18:38","modified_gmt":"2024-02-14T23:18:38","slug":"zarate-cedio-el-asfalto-y-un-camion-quedo-semi-enterrado","status":"publish","type":"post","link":"https:\/\/larevistadigital.com.ar\/blog\/zarate-cedio-el-asfalto-y-un-camion-quedo-semi-enterrado\/","title":{"rendered":"ZARATE: CEDI\u00d3 EL ASFALTO Y UN CAMI\u00d3N QUED\u00d3 SEMI ENTERRADO"},"content":{"rendered":"<h2>Sucedi\u00f3 por la ma\u00f1ana.<\/h2>\n<p>14 de febrero de 2024<\/p>\n<p><strong>ZARATE &#8211;\u00a0 \u00a0<\/strong>Hoy, en horas de la ma\u00f1ana ocurri\u00f3 un accidente de esos que es imposible prevenir, y que tom\u00f3 por sorpresa al conductor de un cami\u00f3n que sinti\u00f3 literalmente que<strong> \u00abse lo trag\u00f3 la tierra\u00bb.<\/strong><\/p>\n<blockquote>\n<h3>De pronto, cedi\u00f3 la calle Justa Lima, justo en la intersecci\u00f3n con calle Ituzaing\u00f3.<\/h3>\n<\/blockquote>\n<p>Afortunadamente solamente hubo que lamentar da\u00f1os materiales, y el chofer del cami\u00f3n result\u00f3 ileso.<\/p>\n","protected":false},"excerpt":{"rendered":"<div class=\"mh-excerpt\"><p>Sucedi\u00f3 por la ma\u00f1ana. 14 de febrero de 2024 ZARATE &#8211;\u00a0 \u00a0Hoy, en horas de la ma\u00f1ana ocurri\u00f3 un accidente de esos que es imposible prevenir, y que tom\u00f3 por sorpresa al conductor de un <a class=\"mh-excerpt-more\" href=\"https:\/\/larevistadigital.com.ar\/blog\/zarate-cedio-el-asfalto-y-un-camion-quedo-semi-enterrado\/\" title=\"ZARATE: CEDI\u00d3 EL ASFALTO Y UN CAMI\u00d3N QUED\u00d3 SEMI ENTERRADO\">[Leer M\u00e1s]<\/a><\/p>\n<\/div>","protected":false},"author":3,"featured_media":35254,"comment_status":"open","ping_status":"open","sticky":false,"template":"","format":"standard","meta":{"_jetpack_memberships_contains_paid_content":false,"footnotes":"","jetpack_publicize_message":"","jetpack_publicize_feature_enabled":true,"jetpack_social_post_already_shared":true,"jetpack_social_options":{"image_generator_settings":{"template":"highway","default_image_id":0,"font":"","enabled":false},"version":2}},"categories":[50,44],"tags":[],"class_list":{"0":"post-35253","1":"post","2":"type-post","3":"status-publish","4":"format-standard","5":"has-post-thumbnail","7":"category-interes-general","8":"category-policiales"},"jetpack_publicize_connections":[],"jetpack_featured_media_url":"https:\/\/i0.wp.com\/larevistadigital.com.ar\/blog\/wp-content\/uploads\/camion-1.jpg?fit=720%2C720&ssl=1","jetpack_sharing_enabled":true,"jetpack_shortlink":"https:\/\/wp.me\/p8qtrQ-9aB","jetpack-related-posts":[{"id":29616,"url":"https:\/\/larevistadigital.com.ar\/blog\/tragedia-mueren-dos-personas-al-caer-un-camion-al-vacio-desde-el-puente-zarate-brazo-largo\/","url_meta":{"origin":35253,"position":0},"title":"TRAGEDIA: MUEREN DOS PERSONAS AL CAER UN CAMI\u00d3N AL VAC\u00cdO DESDE EL PUENTE Z\u00c1RATE BRAZO LARGO","author":"Alejandro Sosa Ruda","date":"24 diciembre, 2022","format":false,"excerpt":"El hecho tuvo lugar a eso de las 6 de la ma\u00f1ana en el kil\u00f3metro 88 de la ruta nacional 12, en el puente Bartolom\u00e9 Mitre del complejo Z\u00e1rate-Brazo Largo, cuando un cami\u00f3n rompi\u00f3 las barandas de contenci\u00f3n y cay\u00f3 al vac\u00edo a la vera del r\u00edo Paran\u00e1. 23 de\u2026","rel":"","context":"En \u00abINTERES GENERAL\u00bb","block_context":{"text":"INTERES GENERAL","link":"https:\/\/larevistadigital.com.ar\/blog\/category\/interes-general\/"},"img":{"alt_text":"","src":"https:\/\/i0.wp.com\/larevistadigital.com.ar\/blog\/wp-content\/uploads\/20221223145222_camion3.jpg?fit=880%2C512&ssl=1&resize=350%2C200","width":350,"height":200,"srcset":"https:\/\/i0.wp.com\/larevistadigital.com.ar\/blog\/wp-content\/uploads\/20221223145222_camion3.jpg?fit=880%2C512&ssl=1&resize=350%2C200 1x, https:\/\/i0.wp.com\/larevistadigital.com.ar\/blog\/wp-content\/uploads\/20221223145222_camion3.jpg?fit=880%2C512&ssl=1&resize=525%2C300 1.5x, https:\/\/i0.wp.com\/larevistadigital.com.ar\/blog\/wp-content\/uploads\/20221223145222_camion3.jpg?fit=880%2C512&ssl=1&resize=700%2C400 2x"},"classes":[]},{"id":28591,"url":"https:\/\/larevistadigital.com.ar\/blog\/zarate-cinco-heridos-en-un-choque-en-la-ruta-nacional-12\/","url_meta":{"origin":35253,"position":1},"title":"ZARATE: CINCO HERIDOS EN UN CHOQUE EN LA RUTA NACIONAL 12","author":"Alejandro Sosa Ruda","date":"25 octubre, 2022","format":false,"excerpt":"Ocurri\u00f3 cuando un micro de larga distancia, un cami\u00f3n y una camioneta chocaron en cadena. El siniestro se dio en inmediaciones de Isla Talavera, en la zona del delta bonaerense. Personal de seguridad vial y Gendarmer\u00eda Nacional facilitaron las tareas de asistencia y posterior remoci\u00f3n de los veh\u00edculos siniestrados. 25\u2026","rel":"","context":"En \u00abPOLITICA\u00bb","block_context":{"text":"POLITICA","link":"https:\/\/larevistadigital.com.ar\/blog\/category\/politica\/"},"img":{"alt_text":"","src":"https:\/\/i0.wp.com\/larevistadigital.com.ar\/blog\/wp-content\/uploads\/20221024183402_choque.jpg?fit=880%2C512&ssl=1&resize=350%2C200","width":350,"height":200,"srcset":"https:\/\/i0.wp.com\/larevistadigital.com.ar\/blog\/wp-content\/uploads\/20221024183402_choque.jpg?fit=880%2C512&ssl=1&resize=350%2C200 1x, https:\/\/i0.wp.com\/larevistadigital.com.ar\/blog\/wp-content\/uploads\/20221024183402_choque.jpg?fit=880%2C512&ssl=1&resize=525%2C300 1.5x, https:\/\/i0.wp.com\/larevistadigital.com.ar\/blog\/wp-content\/uploads\/20221024183402_choque.jpg?fit=880%2C512&ssl=1&resize=700%2C400 2x"},"classes":[]},{"id":26037,"url":"https:\/\/larevistadigital.com.ar\/blog\/chascomus-esclarecen-robo-de-gomas-de-camion-e-imputan-a-un-individuo-por-encubrimiento\/","url_meta":{"origin":35253,"position":2},"title":"CHASCOM\u00daS: ESCLARECEN ROBO DE GOMAS DE CAMI\u00d3N E IMPUTAN A UN INDIVIDUO POR \u00abENCUBRIMIENTO\u00bb","author":"Alejandro Sosa Ruda","date":"22 junio, 2022","format":false,"excerpt":"Todo comenz\u00f3 con la denuncia del robo de gomas de cami\u00f3n y luego de trabajos de inteligencia, se logr\u00f3 detener a un individuo y recuperar lo robado CHASCOM\u00daS -\u00a0 \u00a0La polic\u00eda tom\u00f3 conocimiento que en el Barrio 30 de Mayo de la ciudad, se estar\u00edan comercializando ruedas de cami\u00f3n de\u2026","rel":"","context":"En \u00abDESTACADAS\u00bb","block_context":{"text":"DESTACADAS","link":"https:\/\/larevistadigital.com.ar\/blog\/category\/destacadas\/"},"img":{"alt_text":"","src":"https:\/\/i0.wp.com\/larevistadigital.com.ar\/blog\/wp-content\/uploads\/WhatsApp-Image-2022-06-22-at-7.54.43-AM.jpeg?fit=1200%2C675&ssl=1&resize=350%2C200","width":350,"height":200,"srcset":"https:\/\/i0.wp.com\/larevistadigital.com.ar\/blog\/wp-content\/uploads\/WhatsApp-Image-2022-06-22-at-7.54.43-AM.jpeg?fit=1200%2C675&ssl=1&resize=350%2C200 1x, https:\/\/i0.wp.com\/larevistadigital.com.ar\/blog\/wp-content\/uploads\/WhatsApp-Image-2022-06-22-at-7.54.43-AM.jpeg?fit=1200%2C675&ssl=1&resize=525%2C300 1.5x, https:\/\/i0.wp.com\/larevistadigital.com.ar\/blog\/wp-content\/uploads\/WhatsApp-Image-2022-06-22-at-7.54.43-AM.jpeg?fit=1200%2C675&ssl=1&resize=700%2C400 2x, https:\/\/i0.wp.com\/larevistadigital.com.ar\/blog\/wp-content\/uploads\/WhatsApp-Image-2022-06-22-at-7.54.43-AM.jpeg?fit=1200%2C675&ssl=1&resize=1050%2C600 3x"},"classes":[]},{"id":19549,"url":"https:\/\/larevistadigital.com.ar\/blog\/vuelco-de-camion-en-ayacucho\/","url_meta":{"origin":35253,"position":3},"title":"VUELCO DE CAMI\u00d3N EN AYACUCHO","author":"Alejandro Sosa Ruda","date":"31 marzo, 2021","format":false,"excerpt":"AYACUCHO - El acoplado de un cami\u00f3n procedente de Venado Tuerto, Santa Fe, volc\u00f3 este mi\u00e9rcoles por la ma\u00f1ana en la rotonda de 29 y 50, dejando toda su carga de choclos sobre la cinta asf\u00e1ltica. Noticia en desarrollo","rel":"","context":"En \u00abREGIONALES\u00bb","block_context":{"text":"REGIONALES","link":"https:\/\/larevistadigital.com.ar\/blog\/category\/regionales\/"},"img":{"alt_text":"","src":"https:\/\/i0.wp.com\/larevistadigital.com.ar\/blog\/wp-content\/uploads\/05D424E5-7909-405F-A3C5-F054991CCBD0-scaled-1.jpeg?fit=1200%2C900&ssl=1&resize=350%2C200","width":350,"height":200,"srcset":"https:\/\/i0.wp.com\/larevistadigital.com.ar\/blog\/wp-content\/uploads\/05D424E5-7909-405F-A3C5-F054991CCBD0-scaled-1.jpeg?fit=1200%2C900&ssl=1&resize=350%2C200 1x, https:\/\/i0.wp.com\/larevistadigital.com.ar\/blog\/wp-content\/uploads\/05D424E5-7909-405F-A3C5-F054991CCBD0-scaled-1.jpeg?fit=1200%2C900&ssl=1&resize=525%2C300 1.5x, https:\/\/i0.wp.com\/larevistadigital.com.ar\/blog\/wp-content\/uploads\/05D424E5-7909-405F-A3C5-F054991CCBD0-scaled-1.jpeg?fit=1200%2C900&ssl=1&resize=700%2C400 2x, https:\/\/i0.wp.com\/larevistadigital.com.ar\/blog\/wp-content\/uploads\/05D424E5-7909-405F-A3C5-F054991CCBD0-scaled-1.jpeg?fit=1200%2C900&ssl=1&resize=1050%2C600 3x"},"classes":[]},{"id":25049,"url":"https:\/\/larevistadigital.com.ar\/blog\/horror-venia-por-la-autopista-de-contramano-en-su-moto-choco-con-un-auto-y-fue-aplastado-por-un-camion\/","url_meta":{"origin":35253,"position":4},"title":"HORROR: VEN\u00cdA POR LA AUTOPISTA DE CONTRAMANO EN SU MOTO, CHOC\u00d3 CON UN AUTO Y FUE APLASTADO POR UN CAMI\u00d3N","author":"Alejandro Sosa Ruda","date":"11 abril, 2022","format":false,"excerpt":"El accidente ocurri\u00f3 esta ma\u00f1ana a la altura del kil\u00f3metro 44 de la Panamericana, mano a Capital Federal, casi en el l\u00edmite entre Bel\u00e9n de Escobar y Maschwitz. El conductor ten\u00eda 28 a\u00f1os y viv\u00eda en Matheu Por causas que todav\u00eda no se habr\u00edan podido establecer, un joven de 28\u2026","rel":"","context":"En \u00abINTERES GENERAL\u00bb","block_context":{"text":"INTERES GENERAL","link":"https:\/\/larevistadigital.com.ar\/blog\/category\/interes-general\/"},"img":{"alt_text":"","src":"https:\/\/i0.wp.com\/larevistadigital.com.ar\/blog\/wp-content\/uploads\/20220411180241_accide.jpg?fit=880%2C512&ssl=1&resize=350%2C200","width":350,"height":200,"srcset":"https:\/\/i0.wp.com\/larevistadigital.com.ar\/blog\/wp-content\/uploads\/20220411180241_accide.jpg?fit=880%2C512&ssl=1&resize=350%2C200 1x, https:\/\/i0.wp.com\/larevistadigital.com.ar\/blog\/wp-content\/uploads\/20220411180241_accide.jpg?fit=880%2C512&ssl=1&resize=525%2C300 1.5x, https:\/\/i0.wp.com\/larevistadigital.com.ar\/blog\/wp-content\/uploads\/20220411180241_accide.jpg?fit=880%2C512&ssl=1&resize=700%2C400 2x"},"classes":[]},{"id":33603,"url":"https:\/\/larevistadigital.com.ar\/blog\/quiso-evitar-atropellar-un-perro-se-cruzo-de-carril-y-murio-aplastado-por-un-camion\/","url_meta":{"origin":35253,"position":5},"title":"QUISO EVITAR ATROPELLAR UN PERRO, SE CRUZ\u00d3 DE CARRIL Y MURI\u00d3 APLASTADO POR UN CAMI\u00d3N","author":"Alejandro Sosa Ruda","date":"25 septiembre, 2023","format":false,"excerpt":"Sucedi\u00f3 en San Juan, donde una cadena de hechos tuvo un tr\u00e1gico final. 25 de Septiembre de 2023 Una desafortunada tr\u00e1gedia llev\u00f3 luto y conmoci\u00f3n a la provincia de San Juan, m\u00e1s espec\u00edficamente en la localidad de San Mart\u00edn, cuando un motociclista en el itento de no atropellar a un\u2026","rel":"","context":"En \u00abPOLICIALES\u00bb","block_context":{"text":"POLICIALES","link":"https:\/\/larevistadigital.com.ar\/blog\/category\/policiales\/"},"img":{"alt_text":"","src":"https:\/\/i0.wp.com\/larevistadigital.com.ar\/blog\/wp-content\/uploads\/accidente_1.jpg_1833193316.jpg?fit=720%2C406&ssl=1&resize=350%2C200","width":350,"height":200,"srcset":"https:\/\/i0.wp.com\/larevistadigital.com.ar\/blog\/wp-content\/uploads\/accidente_1.jpg_1833193316.jpg?fit=720%2C406&ssl=1&resize=350%2C200 1x, https:\/\/i0.wp.com\/larevistadigital.com.ar\/blog\/wp-content\/uploads\/accidente_1.jpg_1833193316.jpg?fit=720%2C406&ssl=1&resize=525%2C300 1.5x, https:\/\/i0.wp.com\/larevistadigital.com.ar\/blog\/wp-content\/uploads\/accidente_1.jpg_1833193316.jpg?fit=720%2C406&ssl=1&resize=700%2C400 2x"},"classes":[]}],"_links":{"self":[{"href":"https:\/\/larevistadigital.com.ar\/blog\/wp-json\/wp\/v2\/posts\/35253","targetHints":{"allow":["GET"]}}],"collection":[{"href":"https:\/\/larevistadigital.com.ar\/blog\/wp-json\/wp\/v2\/posts"}],"about":[{"href":"https:\/\/larevistadigital.com.ar\/blog\/wp-json\/wp\/v2\/types\/post"}],"author":[{"embeddable":true,"href":"https:\/\/larevistadigital.com.ar\/blog\/wp-json\/wp\/v2\/users\/3"}],"replies":[{"embeddable":true,"href":"https:\/\/larevistadigital.com.ar\/blog\/wp-json\/wp\/v2\/comments?post=35253"}],"version-history":[{"count":1,"href":"https:\/\/larevistadigital.com.ar\/blog\/wp-json\/wp\/v2\/posts\/35253\/revisions"}],"predecessor-version":[{"id":35255,"href":"https:\/\/larevistadigital.com.ar\/blog\/wp-json\/wp\/v2\/posts\/35253\/revisions\/35255"}],"wp:featuredmedia":[{"embeddable":true,"href":"https:\/\/larevistadigital.com.ar\/blog\/wp-json\/wp\/v2\/media\/35254"}],"wp:attachment":[{"href":"https:\/\/larevistadigital.com.ar\/blog\/wp-json\/wp\/v2\/media?parent=35253"}],"wp:term":[{"taxonomy":"category","embeddable":true,"href":"https:\/\/larevistadigital.com.ar\/blog\/wp-json\/wp\/v2\/categories?post=35253"},{"taxonomy":"post_tag","embeddable":true,"href":"https:\/\/larevistadigital.com.ar\/blog\/wp-json\/wp\/v2\/tags?post=35253"}],"curies":[{"name":"wp","href":"https:\/\/api.w.org\/{rel}","templated":true}]}}