{"id":35256,"date":"2024-02-14T20:26:33","date_gmt":"2024-02-14T23:26:33","guid":{"rendered":"https:\/\/larevistadigital.com.ar\/blog\/?p=35256"},"modified":"2024-02-14T20:26:33","modified_gmt":"2024-02-14T23:26:33","slug":"chascomus-la-policia-comunal-aprehendio-a-un-sujeto-que-intentaba-robar-un-auto","status":"publish","type":"post","link":"https:\/\/larevistadigital.com.ar\/blog\/chascomus-la-policia-comunal-aprehendio-a-un-sujeto-que-intentaba-robar-un-auto\/","title":{"rendered":"CHASCOM\u00daS: LA POLIC\u00cdA COMUNAL APREHENDI\u00d3 A UN SUJETO QUE INTENTABA ROBAR UN AUTO"},"content":{"rendered":"<h2>La aprehensi\u00f3n se transform\u00f3 en detenci\u00f3n y el sujeto est\u00e1 alojado en la comisar\u00eda primera.<\/h2>\n<p><strong>CHASCOM\u00daS &#8211;<\/strong>\u00a0 En el dia de ayer en horas de la ma\u00f1ana, personal policial de E.P.C. Chascomus 1ra. procedi\u00f3 a aprehender a una persona mayor de esta localidad, en momentos en que el mismo intentaba sustraer un veh\u00edculo dejado en via p\u00fablica sobre intersecci\u00f3n de calle Pasaje Colonial y Escribano.<\/p>\n<p>El mismo fue alojado en el sector de calabozos de la dependencia policial, recibiendo en horas de la tarde <strong>la conversion en detenci\u00f3n<\/strong> la aprehension que venia sufriendo el mismo, por solicitud de la <strong>Dra. Daniela Bertoletti<\/strong> titular de la UFID N 9 de este medio por hallarlo a prima facie penalmente responsable del delito de <strong>ROBO AGRAVADO DE VEH\u00cdCULO DEJADO EN LA VIA P\u00daBLICA.<\/strong><\/p>\n","protected":false},"excerpt":{"rendered":"<div class=\"mh-excerpt\"><p>La aprehensi\u00f3n se transform\u00f3 en detenci\u00f3n y el sujeto est\u00e1 alojado en la comisar\u00eda primera. CHASCOM\u00daS &#8211;\u00a0 En el dia de ayer en horas de la ma\u00f1ana, personal policial de E.P.C. Chascomus 1ra. procedi\u00f3 a <a class=\"mh-excerpt-more\" href=\"https:\/\/larevistadigital.com.ar\/blog\/chascomus-la-policia-comunal-aprehendio-a-un-sujeto-que-intentaba-robar-un-auto\/\" title=\"CHASCOM\u00daS: LA POLIC\u00cdA COMUNAL APREHENDI\u00d3 A UN SUJETO QUE INTENTABA ROBAR UN AUTO\">[Leer M\u00e1s]<\/a><\/p>\n<\/div>","protected":false},"author":3,"featured_media":35257,"comment_status":"open","ping_status":"open","sticky":false,"template":"","format":"standard","meta":{"_jetpack_memberships_contains_paid_content":false,"footnotes":"","jetpack_publicize_message":"","jetpack_publicize_feature_enabled":true,"jetpack_social_post_already_shared":true,"jetpack_social_options":{"image_generator_settings":{"template":"highway","default_image_id":0,"font":"","enabled":false},"version":2}},"categories":[41],"tags":[],"class_list":{"0":"post-35256","1":"post","2":"type-post","3":"status-publish","4":"format-standard","5":"has-post-thumbnail","7":"category-destacadas"},"jetpack_publicize_connections":[],"jetpack_featured_media_url":"https:\/\/i0.wp.com\/larevistadigital.com.ar\/blog\/wp-content\/uploads\/WhatsApp-Image-2024-02-14-at-20.12.05-e1707953058506.jpeg?fit=874%2C512&ssl=1","jetpack_sharing_enabled":true,"jetpack_shortlink":"https:\/\/wp.me\/p8qtrQ-9aE","jetpack-related-posts":[{"id":37314,"url":"https:\/\/larevistadigital.com.ar\/blog\/chascomus-detienen-a-un-joven-cuando-intentaba-robar-una-moto\/","url_meta":{"origin":35256,"position":0},"title":"CHASCOM\u00daS: Detienen a un joven cuando intentaba robar una moto","author":"Alejandro Sosa Ruda","date":"25 septiembre, 2024","format":false,"excerpt":"El detenido tiene 18 a\u00f1os de edad y qued\u00f3 alojado en la Comisar\u00eda 1ra. 25 de Septiembre de 2024 CHASCOM\u00daS -\u00a0 En horas del mediodia del dia Domingo, personal policial de E.P.C. Chascomus 1ra. procedio a aprehender a un muchacho de 18 a\u00f1os, en momentos en que el mismo intentaba\u2026","rel":"","context":"En \u00abINTERES GENERAL\u00bb","block_context":{"text":"INTERES GENERAL","link":"https:\/\/larevistadigital.com.ar\/blog\/category\/interes-general\/"},"img":{"alt_text":"","src":"https:\/\/i0.wp.com\/larevistadigital.com.ar\/blog\/wp-content\/uploads\/20220821171121_auto-policial-bernal.jpg?fit=880%2C512&ssl=1&resize=350%2C200","width":350,"height":200,"srcset":"https:\/\/i0.wp.com\/larevistadigital.com.ar\/blog\/wp-content\/uploads\/20220821171121_auto-policial-bernal.jpg?fit=880%2C512&ssl=1&resize=350%2C200 1x, https:\/\/i0.wp.com\/larevistadigital.com.ar\/blog\/wp-content\/uploads\/20220821171121_auto-policial-bernal.jpg?fit=880%2C512&ssl=1&resize=525%2C300 1.5x, https:\/\/i0.wp.com\/larevistadigital.com.ar\/blog\/wp-content\/uploads\/20220821171121_auto-policial-bernal.jpg?fit=880%2C512&ssl=1&resize=700%2C400 2x"},"classes":[]},{"id":35996,"url":"https:\/\/larevistadigital.com.ar\/blog\/chascomus-la-policia-aprehendio-a-un-sujeto-que-intentaba-ingresar-a-un-galpon-de-la-rural-con-fines-de-robo\/","url_meta":{"origin":35256,"position":1},"title":"CHASCOM\u00daS: LA POLIC\u00cdA APREHENDI\u00d3 A UN SUJETO QUE INTENTABA INGRESAR A UN GALP\u00d3N DE LA RURAL CON FINES DE ROBO","author":"Alejandro Sosa Ruda","date":"5 mayo, 2024","format":false,"excerpt":"El sujeto fue detenido cuando intent\u00f3 ingresar a un galp\u00f3n. 5 de mayo de 2024 CHASCOM\u00daS\u00a0 -\u00a0 En horas de la madrugada de ayer, personal policial de E.P.C. Chascom\u00fas 1ra. procedi\u00f3 en conjunto con personal de seguridad privada a aprehender a una persona mayor de edad de esta localidad con\u2026","rel":"","context":"En \u00abINTERES GENERAL\u00bb","block_context":{"text":"INTERES GENERAL","link":"https:\/\/larevistadigital.com.ar\/blog\/category\/interes-general\/"},"img":{"alt_text":"","src":"https:\/\/i0.wp.com\/larevistadigital.com.ar\/blog\/wp-content\/uploads\/WhatsApp-Image-2024-05-04-at-20.36.15.jpeg?fit=980%2C1200&ssl=1&resize=350%2C200","width":350,"height":200,"srcset":"https:\/\/i0.wp.com\/larevistadigital.com.ar\/blog\/wp-content\/uploads\/WhatsApp-Image-2024-05-04-at-20.36.15.jpeg?fit=980%2C1200&ssl=1&resize=350%2C200 1x, https:\/\/i0.wp.com\/larevistadigital.com.ar\/blog\/wp-content\/uploads\/WhatsApp-Image-2024-05-04-at-20.36.15.jpeg?fit=980%2C1200&ssl=1&resize=525%2C300 1.5x, https:\/\/i0.wp.com\/larevistadigital.com.ar\/blog\/wp-content\/uploads\/WhatsApp-Image-2024-05-04-at-20.36.15.jpeg?fit=980%2C1200&ssl=1&resize=700%2C400 2x"},"classes":[]},{"id":32391,"url":"https:\/\/larevistadigital.com.ar\/blog\/chascomus-la-policia-detuvo-a-un-sujeto-con-frondoso-prontuario-cuando-intentaba-robar\/","url_meta":{"origin":35256,"position":2},"title":"CHASCOM\u00daS: LA POLIC\u00cdA DETUVO A UN SUJETO CON FRONDOSO PRONTUARIO, CUANDO INTENTABA ROBAR","author":"Alejandro Sosa Ruda","date":"13 julio, 2023","format":false,"excerpt":"El aprehendido, de 48 a\u00f1os tiene gran cantidad de antecedentes y fue alojado en la comisar\u00eda. 13 de julio de 2023 CHASCOM\u00daS -\u00a0 En las \u00faltimas horas del d\u00eda de ayer 12 de Julio personal policial de EPC Chascom\u00fas Primera lograron proceder a la aprehensi\u00f3n de una persona de 48\u2026","rel":"","context":"En \u00abINTERES GENERAL\u00bb","block_context":{"text":"INTERES GENERAL","link":"https:\/\/larevistadigital.com.ar\/blog\/category\/interes-general\/"},"img":{"alt_text":"","src":"https:\/\/i0.wp.com\/larevistadigital.com.ar\/blog\/wp-content\/uploads\/WhatsApp-Image-2023-07-13-at-09.49.23-e1689285213996.jpeg?fit=723%2C761&ssl=1&resize=350%2C200","width":350,"height":200,"srcset":"https:\/\/i0.wp.com\/larevistadigital.com.ar\/blog\/wp-content\/uploads\/WhatsApp-Image-2023-07-13-at-09.49.23-e1689285213996.jpeg?fit=723%2C761&ssl=1&resize=350%2C200 1x, https:\/\/i0.wp.com\/larevistadigital.com.ar\/blog\/wp-content\/uploads\/WhatsApp-Image-2023-07-13-at-09.49.23-e1689285213996.jpeg?fit=723%2C761&ssl=1&resize=525%2C300 1.5x, https:\/\/i0.wp.com\/larevistadigital.com.ar\/blog\/wp-content\/uploads\/WhatsApp-Image-2023-07-13-at-09.49.23-e1689285213996.jpeg?fit=723%2C761&ssl=1&resize=700%2C400 2x"},"classes":[]},{"id":33617,"url":"https:\/\/larevistadigital.com.ar\/blog\/chascomus-la-policia-comunal-logro-detener-in-fraganti-a-un-sujeto-con-antecedentes\/","url_meta":{"origin":35256,"position":3},"title":"CHASCOM\u00daS: LA POLIC\u00cdA COMUNAL LOGR\u00d3 DETENER \u00abIN FRAGANTI\u00bb A UN SUJETO CON ANTECEDENTES","author":"Alejandro Sosa Ruda","date":"25 septiembre, 2023","format":false,"excerpt":"Todo fue gracias a un llamado de vecinos alertando un robo en proceso, y el r\u00e1pido accionar de la Polic\u00eda. 25 de Septiembre de 2023 CHASCOM\u00daS -\u00a0 Durante la noche del d\u00eda de ayer, personal policial acudi\u00f3 a un domicilio de calle 26 de Julio, ya que en el lugar\u2026","rel":"","context":"En \u00abDESTACADAS\u00bb","block_context":{"text":"DESTACADAS","link":"https:\/\/larevistadigital.com.ar\/blog\/category\/destacadas\/"},"img":{"alt_text":"","src":"https:\/\/i0.wp.com\/larevistadigital.com.ar\/blog\/wp-content\/uploads\/WhatsApp-Image-2023-09-25-at-20.22.41-e1695689977104.jpeg?fit=911%2C742&ssl=1&resize=350%2C200","width":350,"height":200,"srcset":"https:\/\/i0.wp.com\/larevistadigital.com.ar\/blog\/wp-content\/uploads\/WhatsApp-Image-2023-09-25-at-20.22.41-e1695689977104.jpeg?fit=911%2C742&ssl=1&resize=350%2C200 1x, https:\/\/i0.wp.com\/larevistadigital.com.ar\/blog\/wp-content\/uploads\/WhatsApp-Image-2023-09-25-at-20.22.41-e1695689977104.jpeg?fit=911%2C742&ssl=1&resize=525%2C300 1.5x, https:\/\/i0.wp.com\/larevistadigital.com.ar\/blog\/wp-content\/uploads\/WhatsApp-Image-2023-09-25-at-20.22.41-e1695689977104.jpeg?fit=911%2C742&ssl=1&resize=700%2C400 2x"},"classes":[]},{"id":32203,"url":"https:\/\/larevistadigital.com.ar\/blog\/chascomus-la-policia-en-tareas-preventivas-intercepto-y-detuvo-a-un-sujeto-con-frondosos-antecedentes-y-pedido-de-captura\/","url_meta":{"origin":35256,"position":4},"title":"CHASCOM\u00daS: LA POLIC\u00cdA EN TAREAS PREVENTIVAS INTERCEPT\u00d3 Y DETUVO A UN SUJETO CON FRONDOSOS ANTECEDENTES Y \u00abPEDIDO DE CAPTURA\u00bb","author":"Alejandro Sosa Ruda","date":"30 junio, 2023","format":false,"excerpt":"Lo destacable es que las tareas preventivas de la Polic\u00eda Comunal, van dando resultados. 30 de junio de 2023 CHASCOM\u00daS -\u00a0 Durante la madrugada, un m\u00f3vil de la Polic\u00eda Comunal se encontraba recorriendo la jurisdicci\u00f3n en tareas preventivas por la calle Jos\u00e9 Castilla, y al llegar a la calle Tamara\u2026","rel":"","context":"En \u00abINTERES GENERAL\u00bb","block_context":{"text":"INTERES GENERAL","link":"https:\/\/larevistadigital.com.ar\/blog\/category\/interes-general\/"},"img":{"alt_text":"","src":"https:\/\/i0.wp.com\/larevistadigital.com.ar\/blog\/wp-content\/uploads\/WhatsApp-Image-2023-06-30-at-20.30.12-e1688169500202.jpeg?fit=695%2C592&ssl=1&resize=350%2C200","width":350,"height":200,"srcset":"https:\/\/i0.wp.com\/larevistadigital.com.ar\/blog\/wp-content\/uploads\/WhatsApp-Image-2023-06-30-at-20.30.12-e1688169500202.jpeg?fit=695%2C592&ssl=1&resize=350%2C200 1x, https:\/\/i0.wp.com\/larevistadigital.com.ar\/blog\/wp-content\/uploads\/WhatsApp-Image-2023-06-30-at-20.30.12-e1688169500202.jpeg?fit=695%2C592&ssl=1&resize=525%2C300 1.5x"},"classes":[]},{"id":35437,"url":"https:\/\/larevistadigital.com.ar\/blog\/chascomus-robo-en-un-corralon-y-fue-detenido-por-la-policia\/","url_meta":{"origin":35256,"position":5},"title":"CHASCOM\u00daS: ROB\u00d3 EN UN CORRAL\u00d3N Y FUE DETENIDO POR LA POLIC\u00cdA","author":"Alejandro Sosa Ruda","date":"9 marzo, 2024","format":false,"excerpt":"El sujeto oriundo de Dolores, intent\u00f3 escapar, pero fue aprehendido a pocas cuadras del lugar, con todos los elementos robados. 9 de marzo de 2024 CHASCOM\u00daS -\u00a0 Durante las primeras horas de la madrugada del dia de la fecha, personal policial de E.P.C. Chascomus 1ra., procedi\u00f3 a la aprehensi\u00f3n de\u2026","rel":"","context":"En \u00abCHASCOM\u00daS\u00bb","block_context":{"text":"CHASCOM\u00daS","link":"https:\/\/larevistadigital.com.ar\/blog\/category\/chascomus\/"},"img":{"alt_text":"","src":"https:\/\/i0.wp.com\/larevistadigital.com.ar\/blog\/wp-content\/uploads\/1620734311775.jpg?fit=1200%2C777&ssl=1&resize=350%2C200","width":350,"height":200,"srcset":"https:\/\/i0.wp.com\/larevistadigital.com.ar\/blog\/wp-content\/uploads\/1620734311775.jpg?fit=1200%2C777&ssl=1&resize=350%2C200 1x, https:\/\/i0.wp.com\/larevistadigital.com.ar\/blog\/wp-content\/uploads\/1620734311775.jpg?fit=1200%2C777&ssl=1&resize=525%2C300 1.5x, https:\/\/i0.wp.com\/larevistadigital.com.ar\/blog\/wp-content\/uploads\/1620734311775.jpg?fit=1200%2C777&ssl=1&resize=700%2C400 2x, https:\/\/i0.wp.com\/larevistadigital.com.ar\/blog\/wp-content\/uploads\/1620734311775.jpg?fit=1200%2C777&ssl=1&resize=1050%2C600 3x"},"classes":[]}],"_links":{"self":[{"href":"https:\/\/larevistadigital.com.ar\/blog\/wp-json\/wp\/v2\/posts\/35256","targetHints":{"allow":["GET"]}}],"collection":[{"href":"https:\/\/larevistadigital.com.ar\/blog\/wp-json\/wp\/v2\/posts"}],"about":[{"href":"https:\/\/larevistadigital.com.ar\/blog\/wp-json\/wp\/v2\/types\/post"}],"author":[{"embeddable":true,"href":"https:\/\/larevistadigital.com.ar\/blog\/wp-json\/wp\/v2\/users\/3"}],"replies":[{"embeddable":true,"href":"https:\/\/larevistadigital.com.ar\/blog\/wp-json\/wp\/v2\/comments?post=35256"}],"version-history":[{"count":1,"href":"https:\/\/larevistadigital.com.ar\/blog\/wp-json\/wp\/v2\/posts\/35256\/revisions"}],"predecessor-version":[{"id":35258,"href":"https:\/\/larevistadigital.com.ar\/blog\/wp-json\/wp\/v2\/posts\/35256\/revisions\/35258"}],"wp:featuredmedia":[{"embeddable":true,"href":"https:\/\/larevistadigital.com.ar\/blog\/wp-json\/wp\/v2\/media\/35257"}],"wp:attachment":[{"href":"https:\/\/larevistadigital.com.ar\/blog\/wp-json\/wp\/v2\/media?parent=35256"}],"wp:term":[{"taxonomy":"category","embeddable":true,"href":"https:\/\/larevistadigital.com.ar\/blog\/wp-json\/wp\/v2\/categories?post=35256"},{"taxonomy":"post_tag","embeddable":true,"href":"https:\/\/larevistadigital.com.ar\/blog\/wp-json\/wp\/v2\/tags?post=35256"}],"curies":[{"name":"wp","href":"https:\/\/api.w.org\/{rel}","templated":true}]}}