{"id":35259,"date":"2024-02-14T20:45:07","date_gmt":"2024-02-14T23:45:07","guid":{"rendered":"https:\/\/larevistadigital.com.ar\/blog\/?p=35259"},"modified":"2024-02-14T20:45:07","modified_gmt":"2024-02-14T23:45:07","slug":"chascomus-fue-liberado-hace-dos-semanas-ayer-lastimo-y-robo-a-una-mujer-de-77-anos-y-la-policia-volvio-a-apresarlo","status":"publish","type":"post","link":"https:\/\/larevistadigital.com.ar\/blog\/chascomus-fue-liberado-hace-dos-semanas-ayer-lastimo-y-robo-a-una-mujer-de-77-anos-y-la-policia-volvio-a-apresarlo\/","title":{"rendered":"CHASCOM\u00daS: FUE LIBERADO HACE DOS SEMANAS, AYER LASTIM\u00d3 Y ROB\u00d3 A UNA MUJER DE 77 A\u00d1OS Y LA POLIC\u00cdA VOLVI\u00d3 A APRESARLO"},"content":{"rendered":"<h2>El detenido viv\u00eda en el Barrio 30 de Mayo y estuvo encarcelado hasta hace dos semanas. Ahora volvi\u00f3 a delinquir y nuevamente se encuentra detenido.<\/h2>\n<p>14 de febrero de 2024<\/p>\n<p><strong>CHASCOM\u00daS &#8211;\u00a0<\/strong> \u00a0En horas de la tarde del dia de ayer, la polic\u00eda recibio una denuncia de una mujer de 77 a\u00f1os de edad, donde relat\u00f3 que un masculino la abordo por detras en la intersecci\u00f3n de la calle Alvear y Salta y tras forcejear sustrajo cartera con elementos en su interior y que producto del forcejeo cayo al piso gener\u00e1ndole asi fractura clavicula de hombro derecho, tras lo que el ladr\u00f3n se fugo a pie del lugar.<\/p>\n<blockquote>\n<h3>Tras exhaustivas tareas de investigaci\u00f3n realizadas por GTO de E.P.C. Chascom\u00fas 1ra., lograron establecer la identidad del autor del hecho y la recoleccion de muchas imagenes del Centro de Monitoreo de Chascomus que permitieron que el Ministerio P\u00fablico Fiscal requiera <strong>ORDEN DE ALLANAMIENTO, REGISTRO, SECUESTRO Y DETENCI\u00d3N<\/strong>.<\/h3>\n<\/blockquote>\n<p>Las mismas,\u00a0 fueron otorgadas en la fecha por el Juzgado de Garantias n 5 de Chascom\u00fas Primera sobre un domicilio del barrio 30 de Mayo, logrando efectivizar la detenci\u00f3n de<strong> una persona masculina que recuper\u00f3 su libertad hace aproximadamente hace dos semanas atr\u00e1s tras haber estado detenido por el delito de ROBO AGRAVADO DE VEH\u00cdCULO DEJADO EN LA V\u00cdA P\u00daBLICA<\/strong>.<\/p>\n<p>Tambien se logro secuestrar la vestimenta utilizada por el detenido al momento de cometer el hecho delictivo. El mismo se encuentra alojado en el sector de calabozos de E.P.C. Chascom\u00fas 1ra. en calidad de <strong>DETENIDO<\/strong> por hallarse a prima facie penalmente responsable del delito de ROBO <strong>AGRAVADO POR HABER CAUSADO LESIONES GRAVES<\/strong>.<\/p>\n","protected":false},"excerpt":{"rendered":"<div class=\"mh-excerpt\"><p>El detenido viv\u00eda en el Barrio 30 de Mayo y estuvo encarcelado hasta hace dos semanas. Ahora volvi\u00f3 a delinquir y nuevamente se encuentra detenido. 14 de febrero de 2024 CHASCOM\u00daS &#8211;\u00a0 \u00a0En horas de <a class=\"mh-excerpt-more\" href=\"https:\/\/larevistadigital.com.ar\/blog\/chascomus-fue-liberado-hace-dos-semanas-ayer-lastimo-y-robo-a-una-mujer-de-77-anos-y-la-policia-volvio-a-apresarlo\/\" title=\"CHASCOM\u00daS: FUE LIBERADO HACE DOS SEMANAS, AYER LASTIM\u00d3 Y ROB\u00d3 A UNA MUJER DE 77 A\u00d1OS Y LA POLIC\u00cdA VOLVI\u00d3 A APRESARLO\">[Leer M\u00e1s]<\/a><\/p>\n<\/div>","protected":false},"author":3,"featured_media":35262,"comment_status":"open","ping_status":"open","sticky":false,"template":"","format":"standard","meta":{"_jetpack_memberships_contains_paid_content":false,"footnotes":"","jetpack_publicize_message":"","jetpack_publicize_feature_enabled":true,"jetpack_social_post_already_shared":true,"jetpack_social_options":{"image_generator_settings":{"template":"highway","default_image_id":0,"font":"","enabled":false},"version":2}},"categories":[6,44],"tags":[],"class_list":{"0":"post-35259","1":"post","2":"type-post","3":"status-publish","4":"format-standard","5":"has-post-thumbnail","7":"category-chascomus","8":"category-policiales"},"jetpack_publicize_connections":[],"jetpack_featured_media_url":"https:\/\/i0.wp.com\/larevistadigital.com.ar\/blog\/wp-content\/uploads\/detenido-2-e1707954251403.jpg?fit=699%2C401&ssl=1","jetpack_sharing_enabled":true,"jetpack_shortlink":"https:\/\/wp.me\/p8qtrQ-9aH","jetpack-related-posts":[{"id":25220,"url":"https:\/\/larevistadigital.com.ar\/blog\/chascomus-la-policia-lo-detuvo-la-justiia-lo-solto-y-ahora-volvio-a-ser-detenido-por-robo\/","url_meta":{"origin":35259,"position":0},"title":"CHASCOM\u00daS: LA POLIC\u00cdA LO DETUVO, LA JUSTICIA LO SOLT\u00d3 Y AHORA VOLVI\u00d3 A  SER DETENIDO POR ROBO&#8230;","author":"Alejandro Sosa Ruda","date":"22 abril, 2022","format":false,"excerpt":"El sujeto, hab\u00eda sido detenido y puesto en libertad. \u00bfCu\u00e1l es la apreciaci\u00f3n de\u00a0 la justicia para liberar delincuentes que al retornar a las calles, lo primero que hacen es volver al delito? CHASCOM\u00daS -\u00a0 La polic\u00eda detuvo (nuevamente) a Nicol\u00e1s Cabrera, quien desde hace largo tiempo mantiene en vilo\u2026","rel":"","context":"En \u00abDESTACADAS\u00bb","block_context":{"text":"DESTACADAS","link":"https:\/\/larevistadigital.com.ar\/blog\/category\/destacadas\/"},"img":{"alt_text":"","src":"https:\/\/i0.wp.com\/larevistadigital.com.ar\/blog\/wp-content\/uploads\/Screenshot_1-121.jpg?fit=1007%2C565&ssl=1&resize=350%2C200","width":350,"height":200,"srcset":"https:\/\/i0.wp.com\/larevistadigital.com.ar\/blog\/wp-content\/uploads\/Screenshot_1-121.jpg?fit=1007%2C565&ssl=1&resize=350%2C200 1x, https:\/\/i0.wp.com\/larevistadigital.com.ar\/blog\/wp-content\/uploads\/Screenshot_1-121.jpg?fit=1007%2C565&ssl=1&resize=525%2C300 1.5x, https:\/\/i0.wp.com\/larevistadigital.com.ar\/blog\/wp-content\/uploads\/Screenshot_1-121.jpg?fit=1007%2C565&ssl=1&resize=700%2C400 2x"},"classes":[]},{"id":13381,"url":"https:\/\/larevistadigital.com.ar\/blog\/un-detenido-por-robo-a-cabanas-en-barrio-parque-de-chascomus\/","url_meta":{"origin":35259,"position":1},"title":"UN DETENIDO POR ROBO A CABA\u00d1AS EN BARRIO PARQUE DE CHASCOM\u00daS","author":"Alejandro Sosa Ruda","date":"29 noviembre, 2019","format":false,"excerpt":"Se inform\u00f3 desde la Estaci\u00f3n de Polic\u00eda Comunal que el martes a la noche fue detenido un joven por dos hechos de robo en caba\u00f1as de la zona de Barrio Parque Chascom\u00fas del pasado 6 de noviembre. La orden de allanamiento y detenci\u00f3n fue dictada por el Juzgado de Garant\u00edas\u2026","rel":"","context":"En \u00abINTERES GENERAL\u00bb","block_context":{"text":"INTERES GENERAL","link":"https:\/\/larevistadigital.com.ar\/blog\/category\/interes-general\/"},"img":{"alt_text":"","src":"https:\/\/i0.wp.com\/larevistadigital.com.ar\/blog\/wp-content\/uploads\/joven_28denoviembrede2019_elfuerte.jpg?fit=737%2C415&ssl=1&resize=350%2C200","width":350,"height":200,"srcset":"https:\/\/i0.wp.com\/larevistadigital.com.ar\/blog\/wp-content\/uploads\/joven_28denoviembrede2019_elfuerte.jpg?fit=737%2C415&ssl=1&resize=350%2C200 1x, https:\/\/i0.wp.com\/larevistadigital.com.ar\/blog\/wp-content\/uploads\/joven_28denoviembrede2019_elfuerte.jpg?fit=737%2C415&ssl=1&resize=525%2C300 1.5x, https:\/\/i0.wp.com\/larevistadigital.com.ar\/blog\/wp-content\/uploads\/joven_28denoviembrede2019_elfuerte.jpg?fit=737%2C415&ssl=1&resize=700%2C400 2x"},"classes":[]},{"id":9313,"url":"https:\/\/larevistadigital.com.ar\/blog\/chascomus-se-caso-un-detenido\/","url_meta":{"origin":35259,"position":2},"title":"CHASCOM\u00daS: SE CAS\u00d3 UN DETENIDO","author":"Alejandro Sosa Ruda","date":"24 marzo, 2019","format":false,"excerpt":"Con amplio despliegue policial. Se pudo ver ayer un importante despliegue policial en la zona del Registro Civil, el cual llam\u00f3 la atenci\u00f3n de los vecinos. Al obtener informaci\u00f3n, se indic\u00f3 desde la Estaci\u00f3n de Polic\u00eda Comunal, que ayer un detenido por una causa de droga, se uni\u00f3 en sagrado\u2026","rel":"","context":"En \u00abCHASCOM\u00daS\u00bb","block_context":{"text":"CHASCOM\u00daS","link":"https:\/\/larevistadigital.com.ar\/blog\/category\/chascomus\/"},"img":{"alt_text":"","src":"https:\/\/i0.wp.com\/larevistadigital.com.ar\/blog\/wp-content\/uploads\/2019\/03\/casamiento_23demarzode2019_elfuerte.jpg?fit=737%2C415&ssl=1&resize=350%2C200","width":350,"height":200,"srcset":"https:\/\/i0.wp.com\/larevistadigital.com.ar\/blog\/wp-content\/uploads\/2019\/03\/casamiento_23demarzode2019_elfuerte.jpg?fit=737%2C415&ssl=1&resize=350%2C200 1x, https:\/\/i0.wp.com\/larevistadigital.com.ar\/blog\/wp-content\/uploads\/2019\/03\/casamiento_23demarzode2019_elfuerte.jpg?fit=737%2C415&ssl=1&resize=525%2C300 1.5x, https:\/\/i0.wp.com\/larevistadigital.com.ar\/blog\/wp-content\/uploads\/2019\/03\/casamiento_23demarzode2019_elfuerte.jpg?fit=737%2C415&ssl=1&resize=700%2C400 2x"},"classes":[]},{"id":26040,"url":"https:\/\/larevistadigital.com.ar\/blog\/chascomus-la-policia-detuvo-a-un-individuo-que-poseia-pedido-de-captura-tras-reconocerlo-durante-la-recorrida\/","url_meta":{"origin":35259,"position":3},"title":"CHASCOM\u00daS: LA POLIC\u00cdA DETUVO A UN INDIVIDUO QUE POSE\u00cdA PEDIDO DE CAPTURA TRAS RECONOCERLO DURANTE LA RECORRIDA","author":"Alejandro Sosa Ruda","date":"22 junio, 2022","format":false,"excerpt":"La polic\u00eda se encontraba patrullando e identific\u00f3 a un hombre sobre el que pesaba un pedido de captura activo. Fue detenido, pero la justicia orden\u00f3 su libertad. CHASCOM\u00daS -\u00a0 El d\u00eda de ayer, la Polic\u00eda Comunal detect\u00f3 durante la recorrida la presencia de un hombre, sobre quien pesaba un pedido\u2026","rel":"","context":"En \u00abINTERES GENERAL\u00bb","block_context":{"text":"INTERES GENERAL","link":"https:\/\/larevistadigital.com.ar\/blog\/category\/interes-general\/"},"img":{"alt_text":"","src":"https:\/\/i0.wp.com\/larevistadigital.com.ar\/blog\/wp-content\/uploads\/detenido-esposado.jpg?fit=1024%2C683&ssl=1&resize=350%2C200","width":350,"height":200,"srcset":"https:\/\/i0.wp.com\/larevistadigital.com.ar\/blog\/wp-content\/uploads\/detenido-esposado.jpg?fit=1024%2C683&ssl=1&resize=350%2C200 1x, https:\/\/i0.wp.com\/larevistadigital.com.ar\/blog\/wp-content\/uploads\/detenido-esposado.jpg?fit=1024%2C683&ssl=1&resize=525%2C300 1.5x, https:\/\/i0.wp.com\/larevistadigital.com.ar\/blog\/wp-content\/uploads\/detenido-esposado.jpg?fit=1024%2C683&ssl=1&resize=700%2C400 2x"},"classes":[]},{"id":3074,"url":"https:\/\/larevistadigital.com.ar\/blog\/libertad-tras-tentativa-de-robo\/","url_meta":{"origin":35259,"position":4},"title":"Libertad tras tentativa de robo","author":"admin","date":"11 agosto, 2017","format":false,"excerpt":"Se inform\u00f3 desde la Comisar\u00eda, que ayer por orden de la Fiscal\u00eda, se le otorg\u00f3 la libertad a un joven de 23 a\u00f1os, que fuera aprehendido el mi\u00e9rcoles por la noche, tras intento de robo en un galp\u00f3n. El hecho hab\u00eda ocurrido en calle M\u00e9xico entre Saavedra y Obligado, donde\u2026","rel":"","context":"En \u00abCHASCOM\u00daS\u00bb","block_context":{"text":"CHASCOM\u00daS","link":"https:\/\/larevistadigital.com.ar\/blog\/category\/chascomus\/"},"img":{"alt_text":"","src":"https:\/\/i0.wp.com\/larevistadigital.com.ar\/blog\/wp-content\/uploads\/2017\/08\/comisaria.jpg?fit=640%2C324&ssl=1&resize=350%2C200","width":350,"height":200,"srcset":"https:\/\/i0.wp.com\/larevistadigital.com.ar\/blog\/wp-content\/uploads\/2017\/08\/comisaria.jpg?fit=640%2C324&ssl=1&resize=350%2C200 1x, https:\/\/i0.wp.com\/larevistadigital.com.ar\/blog\/wp-content\/uploads\/2017\/08\/comisaria.jpg?fit=640%2C324&ssl=1&resize=525%2C300 1.5x"},"classes":[]},{"id":38581,"url":"https:\/\/larevistadigital.com.ar\/blog\/chascomus-la-policia-sorprende-infraganti-y-aprehende-a-una-mujer-que-armada-con-dos-cuchillos-intentaba-robarle-a-otra\/","url_meta":{"origin":35259,"position":5},"title":"Chascom\u00fas: La polic\u00eda sorprende infraganti y aprehende a una mujer que armada con dos cuchillos intentaba robarle a otra","author":"Alejandro Sosa Ruda","date":"30 enero, 2025","format":false,"excerpt":"La violenta mujer, fue r\u00e1pidamente reducida y aprehendida por los agentes del \u00f3rden. 30 de Enero de 2025 CHASCOM\u00daS -\u00a0 En horas de la noche del dia martes personal de E.P.C. Chascomus 1ra. mientras recorria la jurisdiccion por Mexico y Rico, observ\u00f3 una situacion en la que participaban dos femeninas,\u2026","rel":"","context":"En \u00abDESTACADAS\u00bb","block_context":{"text":"DESTACADAS","link":"https:\/\/larevistadigital.com.ar\/blog\/category\/destacadas\/"},"img":{"alt_text":"","src":"https:\/\/i0.wp.com\/larevistadigital.com.ar\/blog\/wp-content\/uploads\/1620734311775.jpg?fit=1200%2C777&ssl=1&resize=350%2C200","width":350,"height":200,"srcset":"https:\/\/i0.wp.com\/larevistadigital.com.ar\/blog\/wp-content\/uploads\/1620734311775.jpg?fit=1200%2C777&ssl=1&resize=350%2C200 1x, https:\/\/i0.wp.com\/larevistadigital.com.ar\/blog\/wp-content\/uploads\/1620734311775.jpg?fit=1200%2C777&ssl=1&resize=525%2C300 1.5x, https:\/\/i0.wp.com\/larevistadigital.com.ar\/blog\/wp-content\/uploads\/1620734311775.jpg?fit=1200%2C777&ssl=1&resize=700%2C400 2x, https:\/\/i0.wp.com\/larevistadigital.com.ar\/blog\/wp-content\/uploads\/1620734311775.jpg?fit=1200%2C777&ssl=1&resize=1050%2C600 3x"},"classes":[]}],"_links":{"self":[{"href":"https:\/\/larevistadigital.com.ar\/blog\/wp-json\/wp\/v2\/posts\/35259","targetHints":{"allow":["GET"]}}],"collection":[{"href":"https:\/\/larevistadigital.com.ar\/blog\/wp-json\/wp\/v2\/posts"}],"about":[{"href":"https:\/\/larevistadigital.com.ar\/blog\/wp-json\/wp\/v2\/types\/post"}],"author":[{"embeddable":true,"href":"https:\/\/larevistadigital.com.ar\/blog\/wp-json\/wp\/v2\/users\/3"}],"replies":[{"embeddable":true,"href":"https:\/\/larevistadigital.com.ar\/blog\/wp-json\/wp\/v2\/comments?post=35259"}],"version-history":[{"count":1,"href":"https:\/\/larevistadigital.com.ar\/blog\/wp-json\/wp\/v2\/posts\/35259\/revisions"}],"predecessor-version":[{"id":35263,"href":"https:\/\/larevistadigital.com.ar\/blog\/wp-json\/wp\/v2\/posts\/35259\/revisions\/35263"}],"wp:featuredmedia":[{"embeddable":true,"href":"https:\/\/larevistadigital.com.ar\/blog\/wp-json\/wp\/v2\/media\/35262"}],"wp:attachment":[{"href":"https:\/\/larevistadigital.com.ar\/blog\/wp-json\/wp\/v2\/media?parent=35259"}],"wp:term":[{"taxonomy":"category","embeddable":true,"href":"https:\/\/larevistadigital.com.ar\/blog\/wp-json\/wp\/v2\/categories?post=35259"},{"taxonomy":"post_tag","embeddable":true,"href":"https:\/\/larevistadigital.com.ar\/blog\/wp-json\/wp\/v2\/tags?post=35259"}],"curies":[{"name":"wp","href":"https:\/\/api.w.org\/{rel}","templated":true}]}}