{"id":35266,"date":"2024-02-16T11:59:42","date_gmt":"2024-02-16T14:59:42","guid":{"rendered":"https:\/\/larevistadigital.com.ar\/blog\/?p=35266"},"modified":"2024-02-16T12:02:41","modified_gmt":"2024-02-16T15:02:41","slug":"ips-finaliza-el-plazo-para-presentar-documentacion-de-asignaciones-familiares","status":"publish","type":"post","link":"https:\/\/larevistadigital.com.ar\/blog\/ips-finaliza-el-plazo-para-presentar-documentacion-de-asignaciones-familiares\/","title":{"rendered":"IPS: FINALIZA EL PLAZO PARA PRESENTAR DOCUMENTACI\u00d3N DE ASIGNACIONES FAMILIARES"},"content":{"rendered":"<p dir=\"ltr\">El Instituto de Previsi\u00f3n Social de la provincia de Buenos Aires informa, a las personas jubiladas y pensionadas, que el plazo de\u00a0renovaci\u00f3n de asignaciones familiares\u00a0para continuar con la percepci\u00f3n de las mismas y evitar bajas innecesarias\u00a0finaliza el 31 de marzo pr\u00f3ximo.<\/p>\n<p dir=\"ltr\">\u00a0Aquellas personas que se encuentren percibiendo una Jubilaci\u00f3n y\/o Pensi\u00f3n en el IPS con familiares a cargo, tienen la posibilidad de presentar la documentaci\u00f3n para la renovaci\u00f3n de su asignaci\u00f3n familiar\u00a0hasta el 31 de marzo de 2024.\u00a0El tr\u00e1mite\u00a0\u00a0\u201cAsignaci\u00f3n Familiar &#8211; Renovaci\u00f3n\u201d\u00a0se realiza una sola vez al a\u00f1o y se gestiona \u00edntegramente de forma online a trav\u00e9s de\u00a0\u00a0<a href=\"https:\/\/www.ips.gba.gob.ar\/\" target=\"_blank\" rel=\"nofollow noopener noreferrer\">https:\/\/www.ips.gba.gob.ar\/<\/a><\/p>\n<p dir=\"ltr\">Para el tr\u00e1mite de renovaci\u00f3n, la presentaci\u00f3n de documentaci\u00f3n deber\u00e1 hacerse hasta la fecha indicada, ya que pasada la misma se dispondr\u00e1 la baja inmediata en planillas de pago.<\/p>\n","protected":false},"excerpt":{"rendered":"<div class=\"mh-excerpt\"><p>El Instituto de Previsi\u00f3n Social de la provincia de Buenos Aires informa, a las personas jubiladas y pensionadas, que el plazo de\u00a0renovaci\u00f3n de asignaciones familiares\u00a0para continuar con la percepci\u00f3n de las mismas y evitar bajas <a class=\"mh-excerpt-more\" href=\"https:\/\/larevistadigital.com.ar\/blog\/ips-finaliza-el-plazo-para-presentar-documentacion-de-asignaciones-familiares\/\" title=\"IPS: FINALIZA EL PLAZO PARA PRESENTAR DOCUMENTACI\u00d3N DE ASIGNACIONES FAMILIARES\">[Leer M\u00e1s]<\/a><\/p>\n<\/div>","protected":false},"author":3,"featured_media":35267,"comment_status":"open","ping_status":"open","sticky":false,"template":"","format":"standard","meta":{"_jetpack_memberships_contains_paid_content":false,"footnotes":"","jetpack_publicize_message":"","jetpack_publicize_feature_enabled":true,"jetpack_social_post_already_shared":true,"jetpack_social_options":{"image_generator_settings":{"template":"highway","default_image_id":0,"font":"","enabled":false},"version":2}},"categories":[50,1],"tags":[],"class_list":{"0":"post-35266","1":"post","2":"type-post","3":"status-publish","4":"format-standard","5":"has-post-thumbnail","7":"category-interes-general","8":"category-sin-categoria"},"jetpack_publicize_connections":[],"jetpack_featured_media_url":"https:\/\/i0.wp.com\/larevistadigital.com.ar\/blog\/wp-content\/uploads\/1-Renovacion-de-Asignaciones-familiares.jpeg?fit=1600%2C1066&ssl=1","jetpack_sharing_enabled":true,"jetpack_shortlink":"https:\/\/wp.me\/p8qtrQ-9aO","jetpack-related-posts":[{"id":23963,"url":"https:\/\/larevistadigital.com.ar\/blog\/como-sera-la-ayuda-escolar-de-anses-2022-para-quienes-y-cuanto-sera-el-monto\/","url_meta":{"origin":35266,"position":0},"title":"COMO SER\u00c1 LA AYUDA ESCOLAR DE ANSES 2022. PARA QUI\u00c9NES Y CUANTO SER\u00c1 EL MONTO","author":"Alejandro Sosa Ruda","date":"12 febrero, 2022","format":false,"excerpt":"Desde el organismo brindaron detalles sobre el beneficio. Cu\u00e1les son los requisitos. La Administraci\u00f3n Nacional de Seguridad Social (ANSES) otorgar\u00e1 la\u00a0Ayuda Escolar Anual 2022, destinada a padres o madres con hijos en edad escolar que cobren la\u00a0Asignaci\u00f3n Universal por Hijo (AUH) o asignaciones familiares. La Ayuda Escolar Anual se cobrar\u00e1\u2026","rel":"","context":"En \u00abINTERES GENERAL\u00bb","block_context":{"text":"INTERES GENERAL","link":"https:\/\/larevistadigital.com.ar\/blog\/category\/interes-general\/"},"img":{"alt_text":"","src":"https:\/\/i0.wp.com\/larevistadigital.com.ar\/blog\/wp-content\/uploads\/utiles-escolares.jpg?fit=1200%2C800&ssl=1&resize=350%2C200","width":350,"height":200,"srcset":"https:\/\/i0.wp.com\/larevistadigital.com.ar\/blog\/wp-content\/uploads\/utiles-escolares.jpg?fit=1200%2C800&ssl=1&resize=350%2C200 1x, https:\/\/i0.wp.com\/larevistadigital.com.ar\/blog\/wp-content\/uploads\/utiles-escolares.jpg?fit=1200%2C800&ssl=1&resize=525%2C300 1.5x, https:\/\/i0.wp.com\/larevistadigital.com.ar\/blog\/wp-content\/uploads\/utiles-escolares.jpg?fit=1200%2C800&ssl=1&resize=700%2C400 2x, https:\/\/i0.wp.com\/larevistadigital.com.ar\/blog\/wp-content\/uploads\/utiles-escolares.jpg?fit=1200%2C800&ssl=1&resize=1050%2C600 3x"},"classes":[]},{"id":44154,"url":"https:\/\/larevistadigital.com.ar\/blog\/chascomus-la-municipalidad-abona-asignaciones-familiares-por-mas-de-85-millones-de-pesos-y-actualiza-los-montos-desde-marzo\/","url_meta":{"origin":35266,"position":1},"title":"Chascom\u00fas: La Municipalidad abona asignaciones familiares por m\u00e1s de 85 millones de pesos y actualiza los montos desde marzo","author":"Alejandro Sosa Ruda","date":"24 febrero, 2026","format":false,"excerpt":"El pago alcanza a asignaciones por hijo, hijo con discapacidad, matrimonio, nacimiento y adopci\u00f3n, e implica una fuerte inyecci\u00f3n de recursos en la econom\u00eda local 24 de febrero de 2026 CHASCOM\u00daS -\u00a0 \u00a0La Municipalidad realizar\u00e1 el pago de asignaciones familiares a trabajadores y trabajadoras municipales por un monto total que\u2026","rel":"","context":"En \u00abCHASCOM\u00daS\u00bb","block_context":{"text":"CHASCOM\u00daS","link":"https:\/\/larevistadigital.com.ar\/blog\/category\/chascomus\/"},"img":{"alt_text":"","src":"https:\/\/i0.wp.com\/larevistadigital.com.ar\/blog\/wp-content\/uploads\/699ddb402e29e.png?fit=668%2C445&ssl=1&resize=350%2C200","width":350,"height":200,"srcset":"https:\/\/i0.wp.com\/larevistadigital.com.ar\/blog\/wp-content\/uploads\/699ddb402e29e.png?fit=668%2C445&ssl=1&resize=350%2C200 1x, https:\/\/i0.wp.com\/larevistadigital.com.ar\/blog\/wp-content\/uploads\/699ddb402e29e.png?fit=668%2C445&ssl=1&resize=525%2C300 1.5x"},"classes":[]},{"id":16198,"url":"https:\/\/larevistadigital.com.ar\/blog\/anses-como-quedan-las-asignaciones-familiares-tras-el-aumento-del-75\/","url_meta":{"origin":35266,"position":2},"title":"ANSES: COMO QUEDAN LAS ASIGNACIONES FAMILIARES TRAS EL AUMENTO DEL 7,5%","author":"Alejandro Sosa Ruda","date":"2 septiembre, 2020","format":false,"excerpt":"Se oficializ\u00f3 el incremento en los haberes de asignaciones familiares, AUH y AUE, que se suman a los nuevos montos jubilatorios y pensiones no contributivas. A trav\u00e9s de la publicaci\u00f3n de la Resoluci\u00f3n 312\/2020 en el Bolet\u00edn Oficial, la Administraci\u00f3n Nacional de Seguridad Social (ANSES) oficializ\u00f3 la suba de 7,5%\u2026","rel":"","context":"En \u00abINTERES GENERAL\u00bb","block_context":{"text":"INTERES GENERAL","link":"https:\/\/larevistadigital.com.ar\/blog\/category\/interes-general\/"},"img":{"alt_text":"","src":"https:\/\/i0.wp.com\/larevistadigital.com.ar\/blog\/wp-content\/uploads\/2018\/07\/ANSES-1.jpg?fit=1200%2C562&ssl=1&resize=350%2C200","width":350,"height":200,"srcset":"https:\/\/i0.wp.com\/larevistadigital.com.ar\/blog\/wp-content\/uploads\/2018\/07\/ANSES-1.jpg?fit=1200%2C562&ssl=1&resize=350%2C200 1x, https:\/\/i0.wp.com\/larevistadigital.com.ar\/blog\/wp-content\/uploads\/2018\/07\/ANSES-1.jpg?fit=1200%2C562&ssl=1&resize=525%2C300 1.5x, https:\/\/i0.wp.com\/larevistadigital.com.ar\/blog\/wp-content\/uploads\/2018\/07\/ANSES-1.jpg?fit=1200%2C562&ssl=1&resize=700%2C400 2x, https:\/\/i0.wp.com\/larevistadigital.com.ar\/blog\/wp-content\/uploads\/2018\/07\/ANSES-1.jpg?fit=1200%2C562&ssl=1&resize=1050%2C600 3x"},"classes":[]},{"id":30122,"url":"https:\/\/larevistadigital.com.ar\/blog\/el-gobierno-anuncio-un-bono-de-15-mil-pesos-durante-tres-meses-para-los-jubilados-que-cobran-la-minima\/","url_meta":{"origin":35266,"position":3},"title":"EL GOBIERNO ANUNCI\u00d3 UN BONO DE 15 MIL PESOS DURANTE TRES MESES PARA LOS JUBILADOS QUE COBRAN LA M\u00cdNIMA.","author":"Alejandro Sosa Ruda","date":"11 febrero, 2023","format":false,"excerpt":"Las jubilaciones y pensiones aumentar\u00e1n un 17% en marzo y el haber m\u00ednimo ser\u00e1 de 73.665 pesos. El mismo porcentaje se aplicar\u00e1 para actualizar la Asignaci\u00f3n Universal por Hijo (AUH) y las asignaciones familiares 10 de febrero de 2023 Las jubilaciones y pensiones aumentar\u00e1n un 17,04% a partir de marzo\u2026","rel":"","context":"En \u00abECONOMIA\u00bb","block_context":{"text":"ECONOMIA","link":"https:\/\/larevistadigital.com.ar\/blog\/category\/economia\/"},"img":{"alt_text":"","src":"https:\/\/i0.wp.com\/larevistadigital.com.ar\/blog\/wp-content\/uploads\/descarga-17.jpg?fit=800%2C448&ssl=1&resize=350%2C200","width":350,"height":200,"srcset":"https:\/\/i0.wp.com\/larevistadigital.com.ar\/blog\/wp-content\/uploads\/descarga-17.jpg?fit=800%2C448&ssl=1&resize=350%2C200 1x, https:\/\/i0.wp.com\/larevistadigital.com.ar\/blog\/wp-content\/uploads\/descarga-17.jpg?fit=800%2C448&ssl=1&resize=525%2C300 1.5x, https:\/\/i0.wp.com\/larevistadigital.com.ar\/blog\/wp-content\/uploads\/descarga-17.jpg?fit=800%2C448&ssl=1&resize=700%2C400 2x"},"classes":[]},{"id":19670,"url":"https:\/\/larevistadigital.com.ar\/blog\/se-pagara-un-bono-de-15-000-quienes-lo-cobraran\/","url_meta":{"origin":35266,"position":4},"title":"SE PAGAR\u00c1 UN BONO DE $15.000.- \u00bfQUIENES LO COBRARAN?","author":"Alejandro Sosa Ruda","date":"15 abril, 2021","format":false,"excerpt":"Alcanza a quienes tienen Asignaci\u00f3n Universal por Hijo (AUH), asignaci\u00f3n por embarazo y asignaciones familiares de monotributistas de la primera categor\u00eda. El presidente\u00a0Alberto Fern\u00e1ndez\u00a0anunci\u00f3 este jueves que el Gobierno\u00a0asignar\u00e1 un monto de 15 mil pesos para los beneficiarios de la Asignaci\u00f3n Universal por Hijo (AUH), la asignaci\u00f3n por embarazo y\u2026","rel":"","context":"En \u00abINTERES GENERAL\u00bb","block_context":{"text":"INTERES GENERAL","link":"https:\/\/larevistadigital.com.ar\/blog\/category\/interes-general\/"},"img":{"alt_text":"","src":"https:\/\/i0.wp.com\/larevistadigital.com.ar\/blog\/wp-content\/uploads\/2018\/07\/ANSES-1.jpg?fit=1200%2C562&ssl=1&resize=350%2C200","width":350,"height":200,"srcset":"https:\/\/i0.wp.com\/larevistadigital.com.ar\/blog\/wp-content\/uploads\/2018\/07\/ANSES-1.jpg?fit=1200%2C562&ssl=1&resize=350%2C200 1x, https:\/\/i0.wp.com\/larevistadigital.com.ar\/blog\/wp-content\/uploads\/2018\/07\/ANSES-1.jpg?fit=1200%2C562&ssl=1&resize=525%2C300 1.5x, https:\/\/i0.wp.com\/larevistadigital.com.ar\/blog\/wp-content\/uploads\/2018\/07\/ANSES-1.jpg?fit=1200%2C562&ssl=1&resize=700%2C400 2x, https:\/\/i0.wp.com\/larevistadigital.com.ar\/blog\/wp-content\/uploads\/2018\/07\/ANSES-1.jpg?fit=1200%2C562&ssl=1&resize=1050%2C600 3x"},"classes":[]},{"id":8350,"url":"https:\/\/larevistadigital.com.ar\/blog\/lezama-nueva-obra-en-el-jardin-901-se-convoca-a-constructores-por-renovacion-de-la-cubierta\/","url_meta":{"origin":35266,"position":5},"title":"LEZAMA: NUEVA OBRA EN EL JARD\u00cdN 901. SE CONVOCA A CONSTRUCTORES POR RENOVACI\u00d3N DE LA CUBIERTA","author":"Alejandro Sosa Ruda","date":"12 febrero, 2019","format":false,"excerpt":"Consejo Escolar de Lezama invita a quienes quieran participar de la Contrataci\u00f3n Directa 01\/2019, tendiente a lograr la ejecuci\u00f3n de la obra: cambio de cubierta en el edificio en uso del Jard\u00edn N\u00b0 901 de la ciudad de Lezama (calle Per\u00f3n) a retirar la documentaci\u00f3n y la correspondiente memoria t\u00e9cnica\u2026","rel":"","context":"En \u00abLEZAMA\u00bb","block_context":{"text":"LEZAMA","link":"https:\/\/larevistadigital.com.ar\/blog\/category\/lezama\/"},"img":{"alt_text":"","src":"https:\/\/i0.wp.com\/larevistadigital.com.ar\/blog\/wp-content\/uploads\/2019\/02\/52047674_1402212456638118_7925493410322972672_n.jpg?fit=960%2C641&ssl=1&resize=350%2C200","width":350,"height":200,"srcset":"https:\/\/i0.wp.com\/larevistadigital.com.ar\/blog\/wp-content\/uploads\/2019\/02\/52047674_1402212456638118_7925493410322972672_n.jpg?fit=960%2C641&ssl=1&resize=350%2C200 1x, https:\/\/i0.wp.com\/larevistadigital.com.ar\/blog\/wp-content\/uploads\/2019\/02\/52047674_1402212456638118_7925493410322972672_n.jpg?fit=960%2C641&ssl=1&resize=525%2C300 1.5x, https:\/\/i0.wp.com\/larevistadigital.com.ar\/blog\/wp-content\/uploads\/2019\/02\/52047674_1402212456638118_7925493410322972672_n.jpg?fit=960%2C641&ssl=1&resize=700%2C400 2x"},"classes":[]}],"_links":{"self":[{"href":"https:\/\/larevistadigital.com.ar\/blog\/wp-json\/wp\/v2\/posts\/35266","targetHints":{"allow":["GET"]}}],"collection":[{"href":"https:\/\/larevistadigital.com.ar\/blog\/wp-json\/wp\/v2\/posts"}],"about":[{"href":"https:\/\/larevistadigital.com.ar\/blog\/wp-json\/wp\/v2\/types\/post"}],"author":[{"embeddable":true,"href":"https:\/\/larevistadigital.com.ar\/blog\/wp-json\/wp\/v2\/users\/3"}],"replies":[{"embeddable":true,"href":"https:\/\/larevistadigital.com.ar\/blog\/wp-json\/wp\/v2\/comments?post=35266"}],"version-history":[{"count":1,"href":"https:\/\/larevistadigital.com.ar\/blog\/wp-json\/wp\/v2\/posts\/35266\/revisions"}],"predecessor-version":[{"id":35268,"href":"https:\/\/larevistadigital.com.ar\/blog\/wp-json\/wp\/v2\/posts\/35266\/revisions\/35268"}],"wp:featuredmedia":[{"embeddable":true,"href":"https:\/\/larevistadigital.com.ar\/blog\/wp-json\/wp\/v2\/media\/35267"}],"wp:attachment":[{"href":"https:\/\/larevistadigital.com.ar\/blog\/wp-json\/wp\/v2\/media?parent=35266"}],"wp:term":[{"taxonomy":"category","embeddable":true,"href":"https:\/\/larevistadigital.com.ar\/blog\/wp-json\/wp\/v2\/categories?post=35266"},{"taxonomy":"post_tag","embeddable":true,"href":"https:\/\/larevistadigital.com.ar\/blog\/wp-json\/wp\/v2\/tags?post=35266"}],"curies":[{"name":"wp","href":"https:\/\/api.w.org\/{rel}","templated":true}]}}