{"id":35275,"date":"2024-02-20T09:56:51","date_gmt":"2024-02-20T12:56:51","guid":{"rendered":"https:\/\/larevistadigital.com.ar\/blog\/?p=35275"},"modified":"2024-02-20T09:56:51","modified_gmt":"2024-02-20T12:56:51","slug":"la-plata-por-el-grave-estado-de-abandono-cierran-definitivamente-una-delegacion","status":"publish","type":"post","link":"https:\/\/larevistadigital.com.ar\/blog\/la-plata-por-el-grave-estado-de-abandono-cierran-definitivamente-una-delegacion\/","title":{"rendered":"LA PLATA: POR EL GRAVE ESTADO DE ABANDONO, CIERRAN DEFINITIVAMENTE UNA DELEGACI\u00d3N"},"content":{"rendered":"<h2>Se trata de la delegaci\u00f3n de Los Hornos. La Municipalidad de La Plata decidi\u00f3 clausurarla y comparti\u00f3 impactantes im\u00e1genes del estado en el que se encontraba.<\/h2>\n<p>20 de febrero de 2024<\/p>\n<p><strong>LA PLATA &#8211;\u00a0 <\/strong>La\u00a0<strong>Municipalidad de La Plata<\/strong> clausur\u00f3 la delegaci\u00f3n de <strong>Los Hornos<\/strong> tras constatar que sus condiciones edilicias <strong>\u00abpon\u00edan en riesgo la integridad de sus trabajadores\u00bb<\/strong> y mudar\u00e1 la sede a otro establecimiento.<\/p>\n<div>\n<blockquote>\n<h3 id=\"Parallax\"><strong>El nuevo edificio est\u00e1 ubicado en 66 entre 160 y 161.<\/strong>\u00a0Se trata de un moderno espacio de dos pisos que tiene un total de 400 metros cuadrados. Reemplazar\u00e1 al de 137 entre 64 y 65, el cual recibir\u00e1 el mantenimiento pertinente y se restaurar\u00e1.<\/h3>\n<\/blockquote>\n<div>Desde la Comuna comunicaron que la delegaci\u00f3n de Los Hornos estaba en un\u00a0<strong>\u00abgrave estado de abandono, reflejo de la desidia al que estuvo sometido durante los \u00faltimos a\u00f1os\u00bb<\/strong>. Comprobaron que hab\u00eda peligro de derrumbe en la cocina, en dos oficinas y en los pisos de madera. Informaron, adem\u00e1s, que las cloacas se encontraban en mal estado y <em><strong>\u00abno hab\u00eda agua en ning\u00fan sector\u00bb.<\/strong><\/em><\/div>\n<div><\/div>\n<div>Cabe recordar que se trata del mismo edificio en el que se dio el ataque a uno de los lectores biom\u00e9tricos que coloc\u00f3 la Municipalidad de La Plata para controlar la asistencia de los empleados. Las escaleras estaban agrietadas,\u00a0<strong>\u00abel gas hab\u00eda sido clausurado por escape y el sistema energ\u00e9tico suspendido debido a que provocaba la electrificaci\u00f3n de una pared\u00bb<\/strong>, agregaron.<\/div>\n<div><\/div>\n<div>En un principio hab\u00edan quedado habilitados de forma temporal tanto el patio como la oficina de atenci\u00f3n al p\u00fablico. Finalmente, se decidi\u00f3 realizar una clausura para garantizar la seguridad y el bienestar de la planta de trabajadores y los vecinos.<\/div>\n<div><\/div>\n<div><\/div>\n<\/div>\n","protected":false},"excerpt":{"rendered":"<div class=\"mh-excerpt\"><p>Se trata de la delegaci\u00f3n de Los Hornos. La Municipalidad de La Plata decidi\u00f3 clausurarla y comparti\u00f3 impactantes im\u00e1genes del estado en el que se encontraba. 20 de febrero de 2024 LA PLATA &#8211;\u00a0 La\u00a0Municipalidad <a class=\"mh-excerpt-more\" href=\"https:\/\/larevistadigital.com.ar\/blog\/la-plata-por-el-grave-estado-de-abandono-cierran-definitivamente-una-delegacion\/\" title=\"LA PLATA: POR EL GRAVE ESTADO DE ABANDONO, CIERRAN DEFINITIVAMENTE UNA DELEGACI\u00d3N\">[Leer M\u00e1s]<\/a><\/p>\n<\/div>","protected":false},"author":3,"featured_media":35276,"comment_status":"open","ping_status":"open","sticky":false,"template":"","format":"standard","meta":{"_jetpack_memberships_contains_paid_content":false,"footnotes":"","jetpack_publicize_message":"","jetpack_publicize_feature_enabled":true,"jetpack_social_post_already_shared":true,"jetpack_social_options":{"image_generator_settings":{"template":"highway","default_image_id":0,"font":"","enabled":false},"version":2}},"categories":[24,51],"tags":[],"class_list":{"0":"post-35275","1":"post","2":"type-post","3":"status-publish","4":"format-standard","5":"has-post-thumbnail","7":"category-politica-provincial","8":"category-regionales"},"jetpack_publicize_connections":[],"jetpack_featured_media_url":"https:\/\/i0.wp.com\/larevistadigital.com.ar\/blog\/wp-content\/uploads\/Captura-de-pantalla-2024-02-20-095354.png?fit=896%2C511&ssl=1","jetpack_sharing_enabled":true,"jetpack_shortlink":"https:\/\/wp.me\/p8qtrQ-9aX","jetpack-related-posts":[{"id":35187,"url":"https:\/\/larevistadigital.com.ar\/blog\/la-plata-el-municipio-clausuro-oficinas-de-una-delegacion-por-peligro-de-derrumbe-y-paredes-electrificadas\/","url_meta":{"origin":35275,"position":0},"title":"LA PLATA: EL MUNICIPIO CLAUSUR\u00d3 OFICINAS DE UNA DELEGACI\u00d3N POR PELIGRO DE DERRUMBE Y PAREDES ELECTRIFICADAS","author":"Alejandro Sosa Ruda","date":"7 febrero, 2024","format":false,"excerpt":"La Municipalidad revel\u00f3 que el edificio tiene serios signos de abandono y cerr\u00f3 varios espacios para evitar poner en riesgo a los trabajadores. 7 de febrero de 2023 LA PLATA -\u00a0 La Municipalidad de La Plata clausur\u00f3 en las \u00faltimas horas la cocina, los ba\u00f1os y varias oficinas de la\u2026","rel":"","context":"En \u00abPOLITICA\u00bb","block_context":{"text":"POLITICA","link":"https:\/\/larevistadigital.com.ar\/blog\/category\/politica\/"},"img":{"alt_text":"","src":"https:\/\/i0.wp.com\/larevistadigital.com.ar\/blog\/wp-content\/uploads\/edificio-clausurado.png?fit=904%2C505&ssl=1&resize=350%2C200","width":350,"height":200,"srcset":"https:\/\/i0.wp.com\/larevistadigital.com.ar\/blog\/wp-content\/uploads\/edificio-clausurado.png?fit=904%2C505&ssl=1&resize=350%2C200 1x, https:\/\/i0.wp.com\/larevistadigital.com.ar\/blog\/wp-content\/uploads\/edificio-clausurado.png?fit=904%2C505&ssl=1&resize=525%2C300 1.5x, https:\/\/i0.wp.com\/larevistadigital.com.ar\/blog\/wp-content\/uploads\/edificio-clausurado.png?fit=904%2C505&ssl=1&resize=700%2C400 2x"},"classes":[]},{"id":36516,"url":"https:\/\/larevistadigital.com.ar\/blog\/la-plata-un-hombre-mato-a-otro-en-una-pelea-en-la-megatoma-de-los-hornos\/","url_meta":{"origin":35275,"position":1},"title":"LA PLATA: UN HOMBRE MAT\u00d3 A OTRO EN UNA PELEA EN LA MEGATOMA DE LOS HORNOS","author":"Alejandro Sosa Ruda","date":"1 julio, 2024","format":false,"excerpt":"Seis hombres discutieron en La Plata, en el interior de una casilla en la megatoma de Los Hornos, hasta que uno de ellos sac\u00f3 un cuchillo y apu\u00f1al\u00f3 al otro. 01 de Julio de 2024 LA PLATA -\u00a0 \u00a0Un hombre apu\u00f1al\u00f3 a otro en medio de una disputa desatada dentro\u2026","rel":"","context":"En \u00abPOLICIALES\u00bb","block_context":{"text":"POLICIALES","link":"https:\/\/larevistadigital.com.ar\/blog\/category\/policiales\/"},"img":{"alt_text":"","src":"https:\/\/i0.wp.com\/larevistadigital.com.ar\/blog\/wp-content\/uploads\/Captura-de-pantalla-2024-07-01-091912.png?fit=899%2C496&ssl=1&resize=350%2C200","width":350,"height":200,"srcset":"https:\/\/i0.wp.com\/larevistadigital.com.ar\/blog\/wp-content\/uploads\/Captura-de-pantalla-2024-07-01-091912.png?fit=899%2C496&ssl=1&resize=350%2C200 1x, https:\/\/i0.wp.com\/larevistadigital.com.ar\/blog\/wp-content\/uploads\/Captura-de-pantalla-2024-07-01-091912.png?fit=899%2C496&ssl=1&resize=525%2C300 1.5x, https:\/\/i0.wp.com\/larevistadigital.com.ar\/blog\/wp-content\/uploads\/Captura-de-pantalla-2024-07-01-091912.png?fit=899%2C496&ssl=1&resize=700%2C400 2x"},"classes":[]},{"id":33202,"url":"https:\/\/larevistadigital.com.ar\/blog\/alak-participo-de-una-nueva-jornada-de-el-estado-en-tu-barrio-en-los-hornos\/","url_meta":{"origin":35275,"position":2},"title":"ALAK PARTICIP\u00d3 DE UNA NUEVA JORNADA DE \u00abEL ESTADO EN TU BARRIO\u00bb EN LOS HORNOS","author":"Alejandro Sosa Ruda","date":"1 septiembre, 2023","format":false,"excerpt":"1\u00b0 de septiembre de 2023 LA PLATA -\u00a0 El ministro de Justicia y Derechos Humanos de la Provincia y candidato a intendente de La Plata, Julio Alak, particip\u00f3 este mi\u00e9rcoles junto a la Ministra de las Mujeres, Pol\u00edticas de G\u00e9nero y Diversidad Sexual, Estela D\u00edaz de una nueva jornada del\u2026","rel":"","context":"En \u00abSin categor\u00eda\u00bb","block_context":{"text":"Sin categor\u00eda","link":"https:\/\/larevistadigital.com.ar\/blog\/category\/sin-categoria\/"},"img":{"alt_text":"","src":"https:\/\/i0.wp.com\/larevistadigital.com.ar\/blog\/wp-content\/uploads\/alak-2.jpeg?fit=1200%2C800&ssl=1&resize=350%2C200","width":350,"height":200,"srcset":"https:\/\/i0.wp.com\/larevistadigital.com.ar\/blog\/wp-content\/uploads\/alak-2.jpeg?fit=1200%2C800&ssl=1&resize=350%2C200 1x, https:\/\/i0.wp.com\/larevistadigital.com.ar\/blog\/wp-content\/uploads\/alak-2.jpeg?fit=1200%2C800&ssl=1&resize=525%2C300 1.5x, https:\/\/i0.wp.com\/larevistadigital.com.ar\/blog\/wp-content\/uploads\/alak-2.jpeg?fit=1200%2C800&ssl=1&resize=700%2C400 2x, https:\/\/i0.wp.com\/larevistadigital.com.ar\/blog\/wp-content\/uploads\/alak-2.jpeg?fit=1200%2C800&ssl=1&resize=1050%2C600 3x"},"classes":[]},{"id":19757,"url":"https:\/\/larevistadigital.com.ar\/blog\/la-plata-muere-empleado-municipal-en-un-choque-de-camiones\/","url_meta":{"origin":35275,"position":3},"title":"LA PLATA: MUERE EMPLEADO MUNICIPAL EN UN CHOQUE DE CAMIONES","author":"Alejandro Sosa Ruda","date":"20 abril, 2021","format":false,"excerpt":"El siniestro vial sucedi\u00f3 esta ma\u00f1ana en la Ruta 2 a la altura del kilometro 46 LA PLATA - Este lunes, un cami\u00f3n con acoplado que circulaba por la ruta 2 desde San Pedro hasta La Plata\u00a0choc\u00f3 contra otro rodado de gran porte a la altura del kil\u00f3metro 46, en\u2026","rel":"","context":"En \u00abPOLICIALES\u00bb","block_context":{"text":"POLICIALES","link":"https:\/\/larevistadigital.com.ar\/blog\/category\/policiales\/"},"img":{"alt_text":"","src":"https:\/\/i0.wp.com\/larevistadigital.com.ar\/blog\/wp-content\/uploads\/camion.jpg?fit=1040%2C780&ssl=1&resize=350%2C200","width":350,"height":200,"srcset":"https:\/\/i0.wp.com\/larevistadigital.com.ar\/blog\/wp-content\/uploads\/camion.jpg?fit=1040%2C780&ssl=1&resize=350%2C200 1x, https:\/\/i0.wp.com\/larevistadigital.com.ar\/blog\/wp-content\/uploads\/camion.jpg?fit=1040%2C780&ssl=1&resize=525%2C300 1.5x, https:\/\/i0.wp.com\/larevistadigital.com.ar\/blog\/wp-content\/uploads\/camion.jpg?fit=1040%2C780&ssl=1&resize=700%2C400 2x"},"classes":[]},{"id":7736,"url":"https:\/\/larevistadigital.com.ar\/blog\/cayo-en-mar-del-plata-el-medico-profugo-de-la-causa-anses\/","url_meta":{"origin":35275,"position":4},"title":"CAY\u00d3 EN MAR DEL PLATA EL M\u00c9DICO PR\u00d3FUGO DE LA CAUSA ANSES","author":"Alejandro Sosa Ruda","date":"11 enero, 2019","format":false,"excerpt":"Se trata de Jos\u00e9 Fati, pr\u00f3fugo desde octubre y acusado de formar parte de la organizaci\u00f3n que otorgaba jubilaciones y beneficios previsionales a cambio de dinero. El m\u00e9dico Jos\u00e9 Fati, pr\u00f3fugo de la Justicia Federal de Mar del Plata en el marco de la causa que investiga irregularidades en la\u2026","rel":"","context":"En \u00abPOLICIALES\u00bb","block_context":{"text":"POLICIALES","link":"https:\/\/larevistadigital.com.ar\/blog\/category\/policiales\/"},"img":{"alt_text":"","src":"https:\/\/i0.wp.com\/larevistadigital.com.ar\/blog\/wp-content\/uploads\/2019\/01\/Screenshot_1-6.jpg?fit=794%2C591&ssl=1&resize=350%2C200","width":350,"height":200,"srcset":"https:\/\/i0.wp.com\/larevistadigital.com.ar\/blog\/wp-content\/uploads\/2019\/01\/Screenshot_1-6.jpg?fit=794%2C591&ssl=1&resize=350%2C200 1x, https:\/\/i0.wp.com\/larevistadigital.com.ar\/blog\/wp-content\/uploads\/2019\/01\/Screenshot_1-6.jpg?fit=794%2C591&ssl=1&resize=525%2C300 1.5x, https:\/\/i0.wp.com\/larevistadigital.com.ar\/blog\/wp-content\/uploads\/2019\/01\/Screenshot_1-6.jpg?fit=794%2C591&ssl=1&resize=700%2C400 2x"},"classes":[]},{"id":18969,"url":"https:\/\/larevistadigital.com.ar\/blog\/los-hornos-ataco-con-un-machete-a-su-ex-y-amenazo-con-matar-a-su-hijo-para-huir-de-la-policia\/","url_meta":{"origin":35275,"position":5},"title":"LOS HORNOS: ATAC\u00d3 CON UN MACHETE A SU EX, Y AMENAZ\u00d3 CON MATAR A SU HIJO PARA HU\u00cdR DE LA POLIC\u00cdA","author":"Alejandro Sosa Ruda","date":"22 febrero, 2021","format":false,"excerpt":"Ocurri\u00f3 en 162 bis y 63. El hombre estaba fuera de s\u00ed y ahora qued\u00f3 a disposici\u00f3n de la justicia. Todos los heridos terminaron en el hospital. LA PLATA - Un hombre de 36 a\u00f1os\u00a0fue detenido en\u00a0las \u00faltimas horas por la Polic\u00eda\u00a0luego de ingresar a la casa de su ex\u2026","rel":"","context":"En \u00abPOLICIALES\u00bb","block_context":{"text":"POLICIALES","link":"https:\/\/larevistadigital.com.ar\/blog\/category\/policiales\/"},"img":{"alt_text":"","src":"https:\/\/i0.wp.com\/larevistadigital.com.ar\/blog\/wp-content\/uploads\/1614004440819.jpeg?fit=675%2C1200&ssl=1&resize=350%2C200","width":350,"height":200,"srcset":"https:\/\/i0.wp.com\/larevistadigital.com.ar\/blog\/wp-content\/uploads\/1614004440819.jpeg?fit=675%2C1200&ssl=1&resize=350%2C200 1x, https:\/\/i0.wp.com\/larevistadigital.com.ar\/blog\/wp-content\/uploads\/1614004440819.jpeg?fit=675%2C1200&ssl=1&resize=525%2C300 1.5x"},"classes":[]}],"_links":{"self":[{"href":"https:\/\/larevistadigital.com.ar\/blog\/wp-json\/wp\/v2\/posts\/35275","targetHints":{"allow":["GET"]}}],"collection":[{"href":"https:\/\/larevistadigital.com.ar\/blog\/wp-json\/wp\/v2\/posts"}],"about":[{"href":"https:\/\/larevistadigital.com.ar\/blog\/wp-json\/wp\/v2\/types\/post"}],"author":[{"embeddable":true,"href":"https:\/\/larevistadigital.com.ar\/blog\/wp-json\/wp\/v2\/users\/3"}],"replies":[{"embeddable":true,"href":"https:\/\/larevistadigital.com.ar\/blog\/wp-json\/wp\/v2\/comments?post=35275"}],"version-history":[{"count":1,"href":"https:\/\/larevistadigital.com.ar\/blog\/wp-json\/wp\/v2\/posts\/35275\/revisions"}],"predecessor-version":[{"id":35277,"href":"https:\/\/larevistadigital.com.ar\/blog\/wp-json\/wp\/v2\/posts\/35275\/revisions\/35277"}],"wp:featuredmedia":[{"embeddable":true,"href":"https:\/\/larevistadigital.com.ar\/blog\/wp-json\/wp\/v2\/media\/35276"}],"wp:attachment":[{"href":"https:\/\/larevistadigital.com.ar\/blog\/wp-json\/wp\/v2\/media?parent=35275"}],"wp:term":[{"taxonomy":"category","embeddable":true,"href":"https:\/\/larevistadigital.com.ar\/blog\/wp-json\/wp\/v2\/categories?post=35275"},{"taxonomy":"post_tag","embeddable":true,"href":"https:\/\/larevistadigital.com.ar\/blog\/wp-json\/wp\/v2\/tags?post=35275"}],"curies":[{"name":"wp","href":"https:\/\/api.w.org\/{rel}","templated":true}]}}