{"id":35278,"date":"2024-02-20T10:16:23","date_gmt":"2024-02-20T13:16:23","guid":{"rendered":"https:\/\/larevistadigital.com.ar\/blog\/?p=35278"},"modified":"2024-02-20T10:16:23","modified_gmt":"2024-02-20T13:16:23","slug":"trabajadores-de-la-sanidad-realizan-un-paro-general-por-bajos-salarios","status":"publish","type":"post","link":"https:\/\/larevistadigital.com.ar\/blog\/trabajadores-de-la-sanidad-realizan-un-paro-general-por-bajos-salarios\/","title":{"rendered":"TRABAJADORES DE LA SANIDAD REALIZAN UN PARO GENERAL POR BAJOS SALARIOS"},"content":{"rendered":"<h2>El secretario general del sindicato, H\u00e9ctor Daer, anunci\u00f3 la medida y adelant\u00f3 que llevar\u00e1n adelante \u00abtodas las acciones necesarias\u00bb para la recomposici\u00f3n salarial.<\/h2>\n<p>20 de febrero de 2023<\/p>\n<article class=\"article-body article-body--first-paragraph\" data-td-script-src=\"https:\/\/www.0221.com.ar\/js-custom\/vendor\/jquery\/jquery-3.6.0.min-min-version-1708401986.js\">La\u00a0<strong>Federaci\u00f3n de Asociaciones Trabajadores de la\u00a0<a class=\"agrupador\" href=\"https:\/\/www.0221.com.ar\/tag\/sanidad\" rel=\"11120\">Sanidad<\/a>\u00a0Argentina (FATSA)<\/strong>\u00a0anunci\u00f3 que llevar\u00e1 a cabo un\u00a0<strong><a class=\"agrupador\" href=\"https:\/\/www.0221.com.ar\/tag\/paro-nacional\" rel=\"5763\">paro nacional<\/a><\/strong> este jueves 22 de febrero, en reclamo por una recomposici\u00f3n de los salarios en medio de la creciente inflaci\u00f3n.<\/p>\n<blockquote>\n<h3>El secretario general del gremio, <strong><a class=\"agrupador\" href=\"https:\/\/www.0221.com.ar\/hector-daer-a21883\" rel=\"21883\">H\u00e9ctor Daer<\/a><\/strong>, comunic\u00f3 la decisi\u00f3n a trav\u00e9s de las redes sociales. \u00abFrente a la intransigencia de las C\u00e1maras empresariales, el Consejo Directivo de\u00a0<a class=\"css-4rbku5 css-18t94o4 css-901oao css-16my406 r-1loqt21 r-poiln3 r-bcqeeo r-qvutc0\" dir=\"ltr\" role=\"link\" href=\"https:\/\/twitter.com\/SanidadArg?ref_src=twsrc%5Etfw%7Ctwcamp%5Etweetembed%7Ctwterm%5E1759893435266253039%7Ctwgr%5E6aed8df4a267595738c2d9d6b5b54547c48a1a5c%7Ctwcon%5Es1_&amp;ref_url=https%3A%2F%2F0221-81.backend.thinkindot.com%2Fbackend%2Feditor20%2Fphp%2FObjectTinyMCEIframe.php%3Ffield%3DcuerpoclassName%3Dheight%3D600pxmaxheight%3D620minheight%3D400plugings%3D20paste20tdlinkNew20lists20advlist20autoresize20tdparagraph20tdhighlight20tdgrouper20tdembed20tdclipboard20liveblog20wordcount20noneditable20width%3D600pxtoolbar1%3D20undo20redo2020styleselect2020alignleft20aligncenter20alignright20alignjustify2020bold20italic20removeformat2020backcolor2020bullist2020numlist2020tdlinkNew20tdparagraph20tdhighlight20tdgrouper20tdembed20liveblogallow_header_formats%3D1allow_inline_formats%3D1timestamp%3D17084284397430280\" target=\"_blank\" rel=\"noopener noreferrer nofollow\">@SanidadArg<\/a>\u00a0en su conjunto resuelve: paro nacional de 24 horas a partir del jueves 22\/02&#8243;, escribi\u00f3.<\/h3>\n<\/blockquote>\n<article class=\"article-body article-body--third-paragraph\">La medida de fuerza se llevar\u00e1 adelante en todo el pa\u00eds y se da tras el anuncio de La Fraternidad acerca del paro de trenes de 24 horas para este mi\u00e9rcoles, que afectar\u00e1 el servicio en todas las l\u00edneas nacionales y los ferrocarriles de carga.<\/p>\n<\/article>\n<article class=\"article-body article-body--fourth-paragraph\">\n<div id=\"embed4760_wrap\" class=\"embed_cont type_freetext\" data-provider=\"Twitter\">\n<div id=\"embed4760_content\" class=\"embed_content\">\n<div id=\"embed4760_embed\">\n<div class=\"twitter-tweet twitter-tweet-rendered\"><\/div>\n<\/div>\n<\/div>\n<\/div>\n<p>Los servicios que se ver\u00e1n afectados este jueves son la atenci\u00f3n en cl\u00ednicas, sanatorios y hospitales privados, as\u00ed como en laboratorios y geri\u00e1tricos.<\/p>\n<\/article>\n<article class=\"article-body article-body--fifth-paragraph\">\n<div id=\"441890-Libre-1123322113_wrap\" class=\"embed_cont type_imagen\">\n<div id=\"441890-Libre-1123322113_content\" class=\"embed_content\"><img data-recalc-dims=\"1\" decoding=\"async\" id=\"441890-Libre-1123322113_embed\" title=\"El paro de los trabajadores de la sanidad ser\u00e1 a nivel nacional y solo se atender\u00e1n emergencias.\" src=\"https:\/\/i0.wp.com\/media.0221.com.ar\/p\/2de94577ced281d11ffceb7496b5978a\/adjuntos\/357\/imagenes\/100\/118\/0100118677\/1400x0\/smart\/doctor-medico-generico.jpg?w=1400&#038;ssl=1\" alt=\"El paro de los trabajadores de la sanidad ser\u00e1 a nivel nacional y solo se atender\u00e1n emergencias.\"   data-td-src-property=\"https:\/\/media.0221.com.ar\/p\/2de94577ced281d11ffceb7496b5978a\/adjuntos\/357\/imagenes\/100\/118\/0100118677\/1400x0\/smart\/doctor-medico-generico.jpg\" \/><\/div>\n<div id=\"441890-Libre-1123322113_epigrafe\" class=\"embed_epigrafe\">\n<p>El paro de los trabajadores de la sanidad ser\u00e1 a nivel nacional y solo se atender\u00e1n emergencias.<\/p>\n<\/div>\n<div id=\"441890-Libre-1123322113_copyright\" class=\"embed_copyright\"><\/div>\n<\/div>\n<p>En todos los casos, la asistencia a los pacientes que lo requieran ser\u00e1 \u00fanicamente ante urgencias.<\/p>\n<\/article>\n<\/article>\n","protected":false},"excerpt":{"rendered":"<div class=\"mh-excerpt\"><p>El secretario general del sindicato, H\u00e9ctor Daer, anunci\u00f3 la medida y adelant\u00f3 que llevar\u00e1n adelante \u00abtodas las acciones necesarias\u00bb para la recomposici\u00f3n salarial. 20 de febrero de 2023 La\u00a0Federaci\u00f3n de Asociaciones Trabajadores de la\u00a0Sanidad\u00a0Argentina (FATSA)\u00a0anunci\u00f3 <a class=\"mh-excerpt-more\" href=\"https:\/\/larevistadigital.com.ar\/blog\/trabajadores-de-la-sanidad-realizan-un-paro-general-por-bajos-salarios\/\" title=\"TRABAJADORES DE LA SANIDAD REALIZAN UN PARO GENERAL POR BAJOS SALARIOS\">[Leer M\u00e1s]<\/a><\/p>\n<\/div>","protected":false},"author":3,"featured_media":35279,"comment_status":"open","ping_status":"open","sticky":false,"template":"","format":"standard","meta":{"_jetpack_memberships_contains_paid_content":false,"footnotes":"","jetpack_publicize_message":"","jetpack_publicize_feature_enabled":true,"jetpack_social_post_already_shared":true,"jetpack_social_options":{"image_generator_settings":{"template":"highway","default_image_id":0,"font":"","enabled":false},"version":2}},"categories":[50],"tags":[],"class_list":{"0":"post-35278","1":"post","2":"type-post","3":"status-publish","4":"format-standard","5":"has-post-thumbnail","7":"category-interes-general"},"jetpack_publicize_connections":[],"jetpack_featured_media_url":"https:\/\/i0.wp.com\/larevistadigital.com.ar\/blog\/wp-content\/uploads\/Captura-de-pantalla-2024-02-20-101324.png?fit=891%2C505&ssl=1","jetpack_sharing_enabled":true,"jetpack_shortlink":"https:\/\/wp.me\/p8qtrQ-9b0","jetpack-related-posts":[{"id":40665,"url":"https:\/\/larevistadigital.com.ar\/blog\/ante-posibles-despidos-el-gremio-de-sanidad-convoca-a-un-paro-total-en-el-hospital-naval\/","url_meta":{"origin":35278,"position":0},"title":"Ante posibles despidos, el gremio de Sanidad convoca a un paro total en el Hospital Naval","author":"Alejandro Sosa Ruda","date":"31 julio, 2025","format":false,"excerpt":"El gremio de Sanidad anunci\u00f3 un paro total en el Hospital Naval para este jueves, en respuesta a la posible p\u00e9rdida de 560 puestos de trabajo a ra\u00edz de una decisi\u00f3n de la Armada Argentina. El conflicto surge por la disoluci\u00f3n del acuerdo vigente desde hace 34 a\u00f1os entre la\u2026","rel":"","context":"En \u00abINTERES GENERAL\u00bb","block_context":{"text":"INTERES GENERAL","link":"https:\/\/larevistadigital.com.ar\/blog\/category\/interes-general\/"},"img":{"alt_text":"","src":"https:\/\/i0.wp.com\/larevistadigital.com.ar\/blog\/wp-content\/uploads\/20250731173247_hospital-naval-gremio-sanidad-paro.jpg?fit=880%2C512&ssl=1&resize=350%2C200","width":350,"height":200,"srcset":"https:\/\/i0.wp.com\/larevistadigital.com.ar\/blog\/wp-content\/uploads\/20250731173247_hospital-naval-gremio-sanidad-paro.jpg?fit=880%2C512&ssl=1&resize=350%2C200 1x, https:\/\/i0.wp.com\/larevistadigital.com.ar\/blog\/wp-content\/uploads\/20250731173247_hospital-naval-gremio-sanidad-paro.jpg?fit=880%2C512&ssl=1&resize=525%2C300 1.5x, https:\/\/i0.wp.com\/larevistadigital.com.ar\/blog\/wp-content\/uploads\/20250731173247_hospital-naval-gremio-sanidad-paro.jpg?fit=880%2C512&ssl=1&resize=700%2C400 2x"},"classes":[]},{"id":1141,"url":"https:\/\/larevistadigital.com.ar\/blog\/daer-desmintio-a-barrionuevo\/","url_meta":{"origin":35278,"position":1},"title":"\u00bfDAER DESMINTI\u00d3 A BARRIONUEVO?","author":"Alejandro Sosa Ruda","date":"13 marzo, 2017","format":false,"excerpt":"Uno de los integrantes del triunvirato que lidera la CGT, \u00a0H\u00e9ctor \u00a0Daer neg\u00f3 la versi\u00f3n que indicaba que el propio presidente, Mauricio Macri llam\u00f3 a la c\u00fapula ceget\u00edsta antes del martes del paro. Para pedirles que no pongan fecha a un paro general. Adem\u00e1s, afirm\u00f3 que \u201cEl ejecutivo tiene toda\u2026","rel":"","context":"En \u00abDESTACADAS\u00bb","block_context":{"text":"DESTACADAS","link":"https:\/\/larevistadigital.com.ar\/blog\/category\/destacadas\/"},"img":{"alt_text":"","src":"https:\/\/i0.wp.com\/larevistadigital.com.ar\/blog\/wp-content\/uploads\/2017\/03\/hector-daer.jpg?fit=1200%2C675&ssl=1&resize=350%2C200","width":350,"height":200,"srcset":"https:\/\/i0.wp.com\/larevistadigital.com.ar\/blog\/wp-content\/uploads\/2017\/03\/hector-daer.jpg?fit=1200%2C675&ssl=1&resize=350%2C200 1x, https:\/\/i0.wp.com\/larevistadigital.com.ar\/blog\/wp-content\/uploads\/2017\/03\/hector-daer.jpg?fit=1200%2C675&ssl=1&resize=525%2C300 1.5x, https:\/\/i0.wp.com\/larevistadigital.com.ar\/blog\/wp-content\/uploads\/2017\/03\/hector-daer.jpg?fit=1200%2C675&ssl=1&resize=700%2C400 2x, https:\/\/i0.wp.com\/larevistadigital.com.ar\/blog\/wp-content\/uploads\/2017\/03\/hector-daer.jpg?fit=1200%2C675&ssl=1&resize=1050%2C600 3x"},"classes":[]},{"id":19420,"url":"https:\/\/larevistadigital.com.ar\/blog\/se-viene-un-paro-de-clinicas-sanatorios-y-geriatricos-en-la-plata\/","url_meta":{"origin":35278,"position":2},"title":"SE VIENE UN PARO DE CL\u00cdNICAS, SANATORIOS Y GERI\u00c1TRICOS EN LA PLATA","author":"Alejandro Sosa Ruda","date":"25 marzo, 2021","format":false,"excerpt":"La medida de fuerza ser\u00e1 escalonada\u00a0en los tres turnos diarios de trabajo y se enmarca en el pedido de aumento de sueldos. Podr\u00eda haber un paro de 24 horas. LA PLATA - El Consejo Directivo de la Federaci\u00f3n de Asociaciones de Trabajadores de la Sanidad Argentina (FATSA) dispuso una serie\u2026","rel":"","context":"En \u00abREGIONALES\u00bb","block_context":{"text":"REGIONALES","link":"https:\/\/larevistadigital.com.ar\/blog\/category\/regionales\/"},"img":{"alt_text":"","src":"https:\/\/i0.wp.com\/larevistadigital.com.ar\/blog\/wp-content\/uploads\/ExUcUzsWUAIJweF.png?fit=660%2C371&ssl=1&resize=350%2C200","width":350,"height":200,"srcset":"https:\/\/i0.wp.com\/larevistadigital.com.ar\/blog\/wp-content\/uploads\/ExUcUzsWUAIJweF.png?fit=660%2C371&ssl=1&resize=350%2C200 1x, https:\/\/i0.wp.com\/larevistadigital.com.ar\/blog\/wp-content\/uploads\/ExUcUzsWUAIJweF.png?fit=660%2C371&ssl=1&resize=525%2C300 1.5x"},"classes":[]},{"id":677,"url":"https:\/\/larevistadigital.com.ar\/blog\/duro-discurso-gobierno-triunvirato-la-cgt-prometio-paro-no-puso-fecha\/","url_meta":{"origin":35278,"position":3},"title":"En un duro discurso contra el gobierno, el triunvirato de la CGT prometi\u00f3 un paro, pero no puso fecha","author":"Alejandro Sosa Ruda","date":"7 marzo, 2017","format":false,"excerpt":"En un acto masivo, los l\u00edderes de la Central obrera criticaron con dureza al gobierno, a la vez que hablaron de un pr\u00f3ximo paro pero sin fijar una fecha. Esto alter\u00f3 a muchos concurrentes que provocaron disturbios. Los tres l\u00edderes que conforman la actual conducci\u00f3n de la CGT, H\u00e9ctor Daer,\u2026","rel":"","context":"En \u00abDESTACADAS\u00bb","block_context":{"text":"DESTACADAS","link":"https:\/\/larevistadigital.com.ar\/blog\/category\/destacadas\/"},"img":{"alt_text":"","src":"https:\/\/i0.wp.com\/larevistadigital.com.ar\/blog\/wp-content\/uploads\/2017\/03\/67374_3.jpg?fit=862%2C484&ssl=1&resize=350%2C200","width":350,"height":200,"srcset":"https:\/\/i0.wp.com\/larevistadigital.com.ar\/blog\/wp-content\/uploads\/2017\/03\/67374_3.jpg?fit=862%2C484&ssl=1&resize=350%2C200 1x, https:\/\/i0.wp.com\/larevistadigital.com.ar\/blog\/wp-content\/uploads\/2017\/03\/67374_3.jpg?fit=862%2C484&ssl=1&resize=525%2C300 1.5x, https:\/\/i0.wp.com\/larevistadigital.com.ar\/blog\/wp-content\/uploads\/2017\/03\/67374_3.jpg?fit=862%2C484&ssl=1&resize=700%2C400 2x"},"classes":[]},{"id":639,"url":"https:\/\/larevistadigital.com.ar\/blog\/la-oposicion-marcha-gobierno-lo-promete-una-jornada-alto-acatamiento-del-paro\/","url_meta":{"origin":35278,"position":4},"title":"La oposici\u00f3n marcha contra el gobierno, en lo que promete ser una jornada de alto acatamiento del paro","author":"Alejandro Sosa Ruda","date":"7 marzo, 2017","format":false,"excerpt":"En \u00a0la primera protesta organizada por la CGT Unificada, el gobierno espera para sacar conclusiones, tratando de hacer ver \u201cla pata pol\u00edtica\u201d del paro, mientras que desde los sectores gremiales dicen entre otras cosas que no se cumpli\u00f3 el freno a los despidos. No solo los organizadores esperan una multitudinaria\u2026","rel":"","context":"En \u00abDESTACADAS\u00bb","block_context":{"text":"DESTACADAS","link":"https:\/\/larevistadigital.com.ar\/blog\/category\/destacadas\/"},"img":{"alt_text":"","src":"https:\/\/i0.wp.com\/larevistadigital.com.ar\/blog\/wp-content\/uploads\/2017\/03\/conflicto-gremial-2359248w620.jpg?fit=620%2C348&ssl=1&resize=350%2C200","width":350,"height":200,"srcset":"https:\/\/i0.wp.com\/larevistadigital.com.ar\/blog\/wp-content\/uploads\/2017\/03\/conflicto-gremial-2359248w620.jpg?fit=620%2C348&ssl=1&resize=350%2C200 1x, https:\/\/i0.wp.com\/larevistadigital.com.ar\/blog\/wp-content\/uploads\/2017\/03\/conflicto-gremial-2359248w620.jpg?fit=620%2C348&ssl=1&resize=525%2C300 1.5x"},"classes":[]},{"id":21096,"url":"https:\/\/larevistadigital.com.ar\/blog\/los-vuelos-de-todo-el-pais-estan-afectados-por-un-paro\/","url_meta":{"origin":35278,"position":5},"title":"LOS VUELOS DE TODO EL PA\u00cdS EST\u00c1N AFECTADOS POR UN PARO","author":"Alejandro Sosa Ruda","date":"12 julio, 2021","format":false,"excerpt":"Controladores y t\u00e9cnicos de navegaci\u00f3n a\u00e9rea llevan a cabo una medida de fuerza. No afecta vuelos humanitarios y\/o sanitarios que transportan vacunas. Los controladores y t\u00e9cnicos de navegaci\u00f3n a\u00e9rea nucleados en la Asociaci\u00f3n T\u00e9cnicos y Empleados de Protecci\u00f3n y Seguridad a la Aeronavegaci\u00f3n (Atepsa) realizan hoy una medida de fuerza\u2026","rel":"","context":"En \u00abINTERES GENERAL\u00bb","block_context":{"text":"INTERES GENERAL","link":"https:\/\/larevistadigital.com.ar\/blog\/category\/interes-general\/"},"img":{"alt_text":"","src":"https:\/\/i0.wp.com\/larevistadigital.com.ar\/blog\/wp-content\/uploads\/Captura-de-pantalla-2021-07-12-111104.png?fit=1012%2C567&ssl=1&resize=350%2C200","width":350,"height":200,"srcset":"https:\/\/i0.wp.com\/larevistadigital.com.ar\/blog\/wp-content\/uploads\/Captura-de-pantalla-2021-07-12-111104.png?fit=1012%2C567&ssl=1&resize=350%2C200 1x, https:\/\/i0.wp.com\/larevistadigital.com.ar\/blog\/wp-content\/uploads\/Captura-de-pantalla-2021-07-12-111104.png?fit=1012%2C567&ssl=1&resize=525%2C300 1.5x, https:\/\/i0.wp.com\/larevistadigital.com.ar\/blog\/wp-content\/uploads\/Captura-de-pantalla-2021-07-12-111104.png?fit=1012%2C567&ssl=1&resize=700%2C400 2x"},"classes":[]}],"_links":{"self":[{"href":"https:\/\/larevistadigital.com.ar\/blog\/wp-json\/wp\/v2\/posts\/35278","targetHints":{"allow":["GET"]}}],"collection":[{"href":"https:\/\/larevistadigital.com.ar\/blog\/wp-json\/wp\/v2\/posts"}],"about":[{"href":"https:\/\/larevistadigital.com.ar\/blog\/wp-json\/wp\/v2\/types\/post"}],"author":[{"embeddable":true,"href":"https:\/\/larevistadigital.com.ar\/blog\/wp-json\/wp\/v2\/users\/3"}],"replies":[{"embeddable":true,"href":"https:\/\/larevistadigital.com.ar\/blog\/wp-json\/wp\/v2\/comments?post=35278"}],"version-history":[{"count":1,"href":"https:\/\/larevistadigital.com.ar\/blog\/wp-json\/wp\/v2\/posts\/35278\/revisions"}],"predecessor-version":[{"id":35280,"href":"https:\/\/larevistadigital.com.ar\/blog\/wp-json\/wp\/v2\/posts\/35278\/revisions\/35280"}],"wp:featuredmedia":[{"embeddable":true,"href":"https:\/\/larevistadigital.com.ar\/blog\/wp-json\/wp\/v2\/media\/35279"}],"wp:attachment":[{"href":"https:\/\/larevistadigital.com.ar\/blog\/wp-json\/wp\/v2\/media?parent=35278"}],"wp:term":[{"taxonomy":"category","embeddable":true,"href":"https:\/\/larevistadigital.com.ar\/blog\/wp-json\/wp\/v2\/categories?post=35278"},{"taxonomy":"post_tag","embeddable":true,"href":"https:\/\/larevistadigital.com.ar\/blog\/wp-json\/wp\/v2\/tags?post=35278"}],"curies":[{"name":"wp","href":"https:\/\/api.w.org\/{rel}","templated":true}]}}