{"id":35281,"date":"2024-02-20T10:47:59","date_gmt":"2024-02-20T13:47:59","guid":{"rendered":"https:\/\/larevistadigital.com.ar\/blog\/?p=35281"},"modified":"2024-02-20T10:47:59","modified_gmt":"2024-02-20T13:47:59","slug":"buscado-intensamente-se-fugo-de-un-instituto-platense-un-delincuente-de-18-anos-acusado-de-asesinar-a-un-futbolista","status":"publish","type":"post","link":"https:\/\/larevistadigital.com.ar\/blog\/buscado-intensamente-se-fugo-de-un-instituto-platense-un-delincuente-de-18-anos-acusado-de-asesinar-a-un-futbolista\/","title":{"rendered":"BUSCADO INTENSAMENTE: SE FUG\u00d3 DE UN INSTITUTO PLATENSE UN DELINCUENTE DE 18 A\u00d1OS ACUSADO DE ASESINAR A UN FUTBOLISTA"},"content":{"rendered":"<h2>Durante el \u00faltimo fin de semana, un joven de 18 a\u00f1os -preso por homicidio- escap\u00f3 del Instituto Eva Per\u00f3n de La Plata. Otro, de 51, fug\u00f3 de la c\u00e1rcel de Gorina.<\/h2>\n<p>20 de febrero de 2024<\/p>\n<p><strong>LA PLATA &#8211;\u00a0 <\/strong>Un peligroso adolescente de 18 a\u00f1os escap\u00f3 de un\u00a0<strong>Instituto de Menores de\u00a0<a class=\"agrupador\" href=\"https:\/\/www.0221.com.ar\/la-plata-a8278\" rel=\"8278\">La Plata<\/a><\/strong>\u00a0y un hombre de 51 hizo lo propio de la<strong>\u00a0Unidad Penal 12 de\u00a0<a class=\"agrupador\" href=\"https:\/\/www.0221.com.ar\/tag\/gorina\" rel=\"1547\">Gorina<\/a><\/strong>. Ambos se escaparon durante el \u00faltimo fin de semana y siguen pr\u00f3fugos.<\/p>\n<div>\n<blockquote>\n<h3 id=\"Parallax\">El primer ocurri\u00f3 el viernes en el Instituto Cerrado de Menores \u00abEva Per\u00f3n\u00bb, ubicado en 520 y 226 en <strong><a class=\"agrupador\" href=\"https:\/\/www.0221.com.ar\/tag\/abasto\" rel=\"1437\">Abasto<\/a><\/strong>. Hab\u00eda sido detenido en noviembre de 2023,\u00a0<strong>acusado de matar a balazos<\/strong>\u00a0a\u00a0<strong>Tom\u00e1s S\u00e1nchez (18)\u00a0<\/strong>quien era exfutbolista de las divisiones juveniles del\u00a0<strong>Club Atl\u00e9tico Ferrocarril Midland<\/strong>, en Merlo.<\/h3>\n<\/blockquote>\n<div>\n<article class=\"article-body article-body--third-paragraph\"><strong>Se fug\u00f3 al mediod\u00eda<\/strong>, en la hora del almuerzo, cuando estaba ingresando al lugar un carro con comida. El fiscal del Fuero de Responsabilidad 1 de Merlo,\u00a0<strong>Guillermo Rodr\u00edguez Rey<\/strong>, solicit\u00f3 un allanamiento en uno de los \u00faltimos domicilios que frecuentaba el \u00fanico imputado por el crimen antes de ser detenido.<\/p>\n<\/article>\n<article class=\"article-body article-body--fourth-paragraph\">La familia de <strong>Tom\u00e1s S\u00e1nchez<\/strong> se encuentra indignada por su escape, algo que se repite en La Plata, y tambi\u00e9n est\u00e1n con temor ya que manifestaron haber recibido\u00a0<strong>amenazas en redes sociales<\/strong>. Mari\u00e1ngeles Alderete, madre de la v\u00edctima, dijo que se enter\u00f3 de la fuga porque recibi\u00f3 un mensaje en Instagram. <strong><em>\u00abNi el fiscal sab\u00eda que este muchacho se hab\u00eda fugado. Lo llam\u00e9 para avisarle que este chico estaba pr\u00f3fugo. No puede ser que nosotros seamos los que estemos atr\u00e1s averiguando que se hace o qu\u00e9 es lo que no se hace\u201d<\/em><\/strong>, reclam\u00f3 con indignaci\u00f3n la mujer.<\/p>\n<article class=\"article-body article-body--fifth-paragraph\">Ante este panorama familiares y amigos de Tom\u00e1s S\u00e1nchez convocaron a marchar desde el centro del barrio Libertad hasta el lugar en el que fue asesinado el exfutbolista, el parque Cancha de Patos, para reclamar la captura del presunto homicida.<\/p>\n<\/article>\n<article class=\"article-body article-body--sixth-paragraph\">\n<h2><strong>LA OTRA FUGA EN LA PLATA<\/strong><\/h2>\n<p>El \u00faltimo domingo, se fug\u00f3 un interno de 51 a\u00f1os, quien tiene domicilio en La Plata y estaba detenido en la\u00a0<strong>Unidad Penal 12 de Gorina<\/strong>\u00a0que depende del Ministerio de Justicia de la Provincia de Buenos Aires. Dicho complejo se encuentra sobre 501, frente a la Estaci\u00f3n Experimental.<\/p>\n<p>Seg\u00fan trascendi\u00f3, los agentes del Servicio Penitenciario no pudieron atrapar al hombre que salt\u00f3 una barrera y lleg\u00f3 corriendo hasta 501,\u00a0<strong>donde lo esperaba un c\u00f3mplice en moto<\/strong>. Ambos escaparon en una motocicleta de 125cc hacia calle 141 a toda velocidad. Antes de irse, el conductor sac\u00f3 un arma de fuego y amenaz\u00f3 a los oficiales.<\/p>\n<p>El implicado estaba preso por el delito de\u00a0<strong>\u00abrobo calificado por el empleo de arma de fuego\u00bb<\/strong>, a disposici\u00f3n del Juzgado de Ejecuci\u00f3n Penal 1 de La plata.<\/p>\n<p>Actualmente, los investigadores tratan de averiguar c\u00f3mo se escap\u00f3 el delincuente, por lo que de manera preventiva<strong>\u00a0sumariaron a los agentes del SPB<\/strong>\u00a0que estaban a cargo de su custodia.\u00a0<strong>Investigan si hubo negligencia o si fueron c\u00f3mplices de su escape<\/strong>. El caso por evasi\u00f3n qued\u00f3 en manos de Cecilia Corfield.<\/p>\n<p>publicado en 0221<\/p>\n<\/article>\n<\/article>\n<article class=\"article-body article-body--fifth-paragraph\">\n<div id=\"460509-Libre-534414119_wrap\" class=\"embed_cont type_imagen\"><\/div>\n<\/article>\n<\/div>\n<\/div>\n","protected":false},"excerpt":{"rendered":"<div class=\"mh-excerpt\"><p>Durante el \u00faltimo fin de semana, un joven de 18 a\u00f1os -preso por homicidio- escap\u00f3 del Instituto Eva Per\u00f3n de La Plata. Otro, de 51, fug\u00f3 de la c\u00e1rcel de Gorina. 20 de febrero de <a class=\"mh-excerpt-more\" href=\"https:\/\/larevistadigital.com.ar\/blog\/buscado-intensamente-se-fugo-de-un-instituto-platense-un-delincuente-de-18-anos-acusado-de-asesinar-a-un-futbolista\/\" title=\"BUSCADO INTENSAMENTE: SE FUG\u00d3 DE UN INSTITUTO PLATENSE UN DELINCUENTE DE 18 A\u00d1OS ACUSADO DE ASESINAR A UN FUTBOLISTA\">[Leer M\u00e1s]<\/a><\/p>\n<\/div>","protected":false},"author":3,"featured_media":35282,"comment_status":"open","ping_status":"open","sticky":false,"template":"","format":"standard","meta":{"_jetpack_memberships_contains_paid_content":false,"footnotes":"","jetpack_publicize_message":"","jetpack_publicize_feature_enabled":true,"jetpack_social_post_already_shared":true,"jetpack_social_options":{"image_generator_settings":{"template":"highway","default_image_id":0,"font":"","enabled":false},"version":2}},"categories":[44,51],"tags":[],"class_list":{"0":"post-35281","1":"post","2":"type-post","3":"status-publish","4":"format-standard","5":"has-post-thumbnail","7":"category-policiales","8":"category-regionales"},"jetpack_publicize_connections":[],"jetpack_featured_media_url":"https:\/\/i0.wp.com\/larevistadigital.com.ar\/blog\/wp-content\/uploads\/Captura-de-pantalla-2024-02-20-104159.png?fit=898%2C495&ssl=1","jetpack_sharing_enabled":true,"jetpack_shortlink":"https:\/\/wp.me\/p8qtrQ-9b3","jetpack-related-posts":[{"id":15736,"url":"https:\/\/larevistadigital.com.ar\/blog\/atencion-se-busca-a-joven-acusado-de-abuso-sexual-que-escapo-del-instituto-de-abasto\/","url_meta":{"origin":35281,"position":0},"title":"\u00a1ATENCI\u00d3N! SE BUSCA A JOVEN ACUSADO DE ABUSO SEXUAL QUE ESCAP\u00d3 DEL INSTITUTO DE ABASTO","author":"Alejandro Sosa Ruda","date":"19 junio, 2020","format":false,"excerpt":"Un joven de 18 a\u00f1os acusado por abuso sexual se escap\u00f3 anoche del Instituto de menores Ar\u00e1oz Alfano de la localidad de Abasto, al parecer, tras saltar un pared\u00f3n. La fuga fue denunciada por el director de la entidad, un hombre de 57 a\u00f1os, en la comisar\u00eda S\u00e9ptima, donde detall\u00f3\u2026","rel":"","context":"En \u00abPOLICIALES\u00bb","block_context":{"text":"POLICIALES","link":"https:\/\/larevistadigital.com.ar\/blog\/category\/policiales\/"},"img":{"alt_text":"","src":"https:\/\/i0.wp.com\/larevistadigital.com.ar\/blog\/wp-content\/uploads\/20200619124951_0023409735.jpg?fit=880%2C586&ssl=1&resize=350%2C200","width":350,"height":200,"srcset":"https:\/\/i0.wp.com\/larevistadigital.com.ar\/blog\/wp-content\/uploads\/20200619124951_0023409735.jpg?fit=880%2C586&ssl=1&resize=350%2C200 1x, https:\/\/i0.wp.com\/larevistadigital.com.ar\/blog\/wp-content\/uploads\/20200619124951_0023409735.jpg?fit=880%2C586&ssl=1&resize=525%2C300 1.5x, https:\/\/i0.wp.com\/larevistadigital.com.ar\/blog\/wp-content\/uploads\/20200619124951_0023409735.jpg?fit=880%2C586&ssl=1&resize=700%2C400 2x"},"classes":[]},{"id":20528,"url":"https:\/\/larevistadigital.com.ar\/blog\/brandsen-detienen-a-fugado-de-instituto-de-menores-que-intento-robar\/","url_meta":{"origin":35281,"position":1},"title":"BRANDSEN: DETIENEN A FUGADO DE INSTITUTO DE MENORES QUE INTENT\u00d3 ROBAR","author":"Alejandro Sosa Ruda","date":"29 mayo, 2021","format":false,"excerpt":"BRANDSEN - Un adolescente de 17 a\u00f1os que se hab\u00eda fugado de un instituto de menores fue aprehendido en las \u00faltimas horas despu\u00e9s de intentar cometer un robo en un establecimiento rural ubicado en el l\u00edmite de los partidos de Brandsen\u00a0y La Plata. Todo comenz\u00f3 cerca de la intersecci\u00f3n de\u2026","rel":"","context":"En \u00abPOLICIALES\u00bb","block_context":{"text":"POLICIALES","link":"https:\/\/larevistadigital.com.ar\/blog\/category\/policiales\/"},"img":{"alt_text":"","src":"https:\/\/i0.wp.com\/larevistadigital.com.ar\/blog\/wp-content\/uploads\/1622297003664_wm.jpg?fit=1200%2C674&ssl=1&resize=350%2C200","width":350,"height":200,"srcset":"https:\/\/i0.wp.com\/larevistadigital.com.ar\/blog\/wp-content\/uploads\/1622297003664_wm.jpg?fit=1200%2C674&ssl=1&resize=350%2C200 1x, https:\/\/i0.wp.com\/larevistadigital.com.ar\/blog\/wp-content\/uploads\/1622297003664_wm.jpg?fit=1200%2C674&ssl=1&resize=525%2C300 1.5x, https:\/\/i0.wp.com\/larevistadigital.com.ar\/blog\/wp-content\/uploads\/1622297003664_wm.jpg?fit=1200%2C674&ssl=1&resize=700%2C400 2x, https:\/\/i0.wp.com\/larevistadigital.com.ar\/blog\/wp-content\/uploads\/1622297003664_wm.jpg?fit=1200%2C674&ssl=1&resize=1050%2C600 3x"},"classes":[]},{"id":19807,"url":"https:\/\/larevistadigital.com.ar\/blog\/escapo-de-un-instituto-de-menores-y-lo-atraparon-caminando-por-la-ruta-2\/","url_meta":{"origin":35281,"position":2},"title":"ESCAP\u00d3 DE UN INSTITUTO DE MENORES Y LO ATRAPARON CAMINANDO POR LA RUTA 2","author":"Alejandro Sosa Ruda","date":"22 abril, 2021","format":false,"excerpt":"El implicado, de 16 a\u00f1os, hab\u00eda sido visto corriendo por el due\u00f1o de un campo cercano. Tras dar aviso a la Polic\u00eda, se mont\u00f3 un operativo donde lo atraparon. LA PLATA - Un menor de 16 a\u00f1os fue recapturado durante las \u00faltimas horas mientras caminaba por la Ruta 2, luego\u2026","rel":"","context":"En \u00abPOLICIALES\u00bb","block_context":{"text":"POLICIALES","link":"https:\/\/larevistadigital.com.ar\/blog\/category\/policiales\/"},"img":{"alt_text":"","src":"https:\/\/i0.wp.com\/larevistadigital.com.ar\/blog\/wp-content\/uploads\/Captura-de-pantalla-2021-04-22-110356.png?fit=707%2C822&ssl=1&resize=350%2C200","width":350,"height":200,"srcset":"https:\/\/i0.wp.com\/larevistadigital.com.ar\/blog\/wp-content\/uploads\/Captura-de-pantalla-2021-04-22-110356.png?fit=707%2C822&ssl=1&resize=350%2C200 1x, https:\/\/i0.wp.com\/larevistadigital.com.ar\/blog\/wp-content\/uploads\/Captura-de-pantalla-2021-04-22-110356.png?fit=707%2C822&ssl=1&resize=525%2C300 1.5x, https:\/\/i0.wp.com\/larevistadigital.com.ar\/blog\/wp-content\/uploads\/Captura-de-pantalla-2021-04-22-110356.png?fit=707%2C822&ssl=1&resize=700%2C400 2x"},"classes":[]},{"id":15645,"url":"https:\/\/larevistadigital.com.ar\/blog\/la-plata-pelea-en-via-publica-hay-tres-apunalados\/","url_meta":{"origin":35281,"position":3},"title":"GORINA: PELEA EN V\u00cdA P\u00daBLICA. HAY TRES APU\u00d1ALADOS","author":"Alejandro Sosa Ruda","date":"15 junio, 2020","format":false,"excerpt":"Dos hombres de 27 y 34 a\u00f1os quedaron internados en el Hospital San Roque de Gonnet y otro de 44 en el Hospital Rossi del Barrio Hip\u00f3dromo como consecuencia de una ri\u00f1a ocurrida en las \u00faltimas horas en la localidad de Gorina. El incidente sucedi\u00f3 137 y 484 cuando por\u2026","rel":"","context":"En \u00abREGIONALES\u00bb","block_context":{"text":"REGIONALES","link":"https:\/\/larevistadigital.com.ar\/blog\/category\/regionales\/"},"img":{"alt_text":"","src":"https:\/\/i0.wp.com\/larevistadigital.com.ar\/blog\/wp-content\/uploads\/20200615133301_20190723130252_1.jpg?fit=880%2C586&ssl=1&resize=350%2C200","width":350,"height":200,"srcset":"https:\/\/i0.wp.com\/larevistadigital.com.ar\/blog\/wp-content\/uploads\/20200615133301_20190723130252_1.jpg?fit=880%2C586&ssl=1&resize=350%2C200 1x, https:\/\/i0.wp.com\/larevistadigital.com.ar\/blog\/wp-content\/uploads\/20200615133301_20190723130252_1.jpg?fit=880%2C586&ssl=1&resize=525%2C300 1.5x, https:\/\/i0.wp.com\/larevistadigital.com.ar\/blog\/wp-content\/uploads\/20200615133301_20190723130252_1.jpg?fit=880%2C586&ssl=1&resize=700%2C400 2x"},"classes":[]},{"id":34780,"url":"https:\/\/larevistadigital.com.ar\/blog\/mar-del-plata-se-robaron-el-busto-de-eva-peron-en-la-plaza-rocha\/","url_meta":{"origin":35281,"position":4},"title":"MAR DEL PLATA: SE ROBARON EL BUSTO DE EVA PER\u00d3N EN LA PLAZA ROCHA","author":"Alejandro Sosa Ruda","date":"5 diciembre, 2023","format":false,"excerpt":"Fue denunciado por el Partido Justicialista. 5 de diciembre de 2023 MAR DEL PLATA -\u00a0 El busto de bronce que rinde homenaje a Eva Per\u00f3n fue objeto de robo en las \u00faltimas horas en la Plaza Rocha, generando incertidumbre sobre si se trat\u00f3 de un acto vand\u00e1lico o de un\u2026","rel":"","context":"En \u00abPOLICIALES\u00bb","block_context":{"text":"POLICIALES","link":"https:\/\/larevistadigital.com.ar\/blog\/category\/policiales\/"},"img":{"alt_text":"","src":"https:\/\/i0.wp.com\/larevistadigital.com.ar\/blog\/wp-content\/uploads\/Captura-de-pantalla-2023-12-05-181348.png?fit=775%2C513&ssl=1&resize=350%2C200","width":350,"height":200,"srcset":"https:\/\/i0.wp.com\/larevistadigital.com.ar\/blog\/wp-content\/uploads\/Captura-de-pantalla-2023-12-05-181348.png?fit=775%2C513&ssl=1&resize=350%2C200 1x, https:\/\/i0.wp.com\/larevistadigital.com.ar\/blog\/wp-content\/uploads\/Captura-de-pantalla-2023-12-05-181348.png?fit=775%2C513&ssl=1&resize=525%2C300 1.5x, https:\/\/i0.wp.com\/larevistadigital.com.ar\/blog\/wp-content\/uploads\/Captura-de-pantalla-2023-12-05-181348.png?fit=775%2C513&ssl=1&resize=700%2C400 2x"},"classes":[]},{"id":13246,"url":"https:\/\/larevistadigital.com.ar\/blog\/mar-del-plata-filmaba-ninas-en-la-ciudad-allanan-casa-y-secuestran-fotos-y-videos-de-menores\/","url_meta":{"origin":35281,"position":5},"title":"MAR DEL PLATA: FILMABA NI\u00d1AS EN LA CIUDAD. ALLANAN CASA Y SECUESTRAN FOTOS Y VIDEOS DE MENORES","author":"Alejandro Sosa Ruda","date":"18 noviembre, 2019","format":false,"excerpt":"El operativo policial se realiz\u00f3 en el marco de una causa que se inici\u00f3 por la viralizaci\u00f3n de material pornogr\u00e1fico infantil en Mar del Plata. El acusado no fue detenido por falta de pruebas: sospechan que borr\u00f3 casi todos los registros. MAR DEL PLATA - Un operativo policial realizado en\u2026","rel":"","context":"En \u00abPOLICIALES\u00bb","block_context":{"text":"POLICIALES","link":"https:\/\/larevistadigital.com.ar\/blog\/category\/policiales\/"},"img":{"alt_text":"","src":"https:\/\/i0.wp.com\/larevistadigital.com.ar\/blog\/wp-content\/uploads\/Screenshot_2-62.jpg?fit=1010%2C489&ssl=1&resize=350%2C200","width":350,"height":200,"srcset":"https:\/\/i0.wp.com\/larevistadigital.com.ar\/blog\/wp-content\/uploads\/Screenshot_2-62.jpg?fit=1010%2C489&ssl=1&resize=350%2C200 1x, https:\/\/i0.wp.com\/larevistadigital.com.ar\/blog\/wp-content\/uploads\/Screenshot_2-62.jpg?fit=1010%2C489&ssl=1&resize=525%2C300 1.5x, https:\/\/i0.wp.com\/larevistadigital.com.ar\/blog\/wp-content\/uploads\/Screenshot_2-62.jpg?fit=1010%2C489&ssl=1&resize=700%2C400 2x"},"classes":[]}],"_links":{"self":[{"href":"https:\/\/larevistadigital.com.ar\/blog\/wp-json\/wp\/v2\/posts\/35281","targetHints":{"allow":["GET"]}}],"collection":[{"href":"https:\/\/larevistadigital.com.ar\/blog\/wp-json\/wp\/v2\/posts"}],"about":[{"href":"https:\/\/larevistadigital.com.ar\/blog\/wp-json\/wp\/v2\/types\/post"}],"author":[{"embeddable":true,"href":"https:\/\/larevistadigital.com.ar\/blog\/wp-json\/wp\/v2\/users\/3"}],"replies":[{"embeddable":true,"href":"https:\/\/larevistadigital.com.ar\/blog\/wp-json\/wp\/v2\/comments?post=35281"}],"version-history":[{"count":1,"href":"https:\/\/larevistadigital.com.ar\/blog\/wp-json\/wp\/v2\/posts\/35281\/revisions"}],"predecessor-version":[{"id":35283,"href":"https:\/\/larevistadigital.com.ar\/blog\/wp-json\/wp\/v2\/posts\/35281\/revisions\/35283"}],"wp:featuredmedia":[{"embeddable":true,"href":"https:\/\/larevistadigital.com.ar\/blog\/wp-json\/wp\/v2\/media\/35282"}],"wp:attachment":[{"href":"https:\/\/larevistadigital.com.ar\/blog\/wp-json\/wp\/v2\/media?parent=35281"}],"wp:term":[{"taxonomy":"category","embeddable":true,"href":"https:\/\/larevistadigital.com.ar\/blog\/wp-json\/wp\/v2\/categories?post=35281"},{"taxonomy":"post_tag","embeddable":true,"href":"https:\/\/larevistadigital.com.ar\/blog\/wp-json\/wp\/v2\/tags?post=35281"}],"curies":[{"name":"wp","href":"https:\/\/api.w.org\/{rel}","templated":true}]}}