{"id":35284,"date":"2024-02-20T10:57:34","date_gmt":"2024-02-20T13:57:34","guid":{"rendered":"https:\/\/larevistadigital.com.ar\/blog\/?p=35284"},"modified":"2024-02-20T10:57:34","modified_gmt":"2024-02-20T13:57:34","slug":"la-plata-fumigacion-corte-de-pasto-y-repelente-propio-son-las-armas-del-municipio-contra-la-invasion-de-mosquitos","status":"publish","type":"post","link":"https:\/\/larevistadigital.com.ar\/blog\/la-plata-fumigacion-corte-de-pasto-y-repelente-propio-son-las-armas-del-municipio-contra-la-invasion-de-mosquitos\/","title":{"rendered":"LA PLATA: FUMIGACI\u00d3N, CORTE DE PASTO Y REPELENTE PROPIO SON LAS ARMAS DEL MUNICIPIO CONTRA LA INVASI\u00d3N DE MOSQUITOS"},"content":{"rendered":"<h2>La Municipalidad de La Plata realiza un trabajo integral en medio de la invasi\u00f3n de mosquitos. Corte de pasto, repelente, fumigaci\u00f3n y m\u00e1s.<\/h2>\n<p>20 de febrero de 2024<\/p>\n<p><strong>LA PLATA &#8211;\u00a0 <\/strong>La<strong>\u00a0<a class=\"agrupador\" href=\"https:\/\/www.0221.com.ar\/tag\/municipalidad-de-la-plata\" rel=\"999\">Municipalidad de La Plata<\/a><\/strong> realiza distintas tareas por la invasion de mosquitos que atormenta a los vecinos de todas las localidades del partido. Seg\u00fan se inform\u00f3, sigue con la producci\u00f3n de repelente, corte de pasto, fumigaci\u00f3n y operativos de prevenci\u00f3n puerta a puerta.<\/p>\n<div>\n<div id=\"Parallax\">El mosquito que apareci\u00f3 en masa el domingo es el de la especie <em><strong>aedes albifasciatus<\/strong><\/em>, que lleg\u00f3 por las lluvias de los \u00faltimos d\u00edas. Para controlarlo, la Comuna est\u00e1 desmalezando y cortando el pasto en parques, plazas y ramblas. Adem\u00e1s, est\u00e1n fumigando en los espacios verdes y puntos neur\u00e1lgicos de los barrios a trav\u00e9s de operativos coordinados que se llevan adelante todos los d\u00edas.<\/div>\n<div>\n<article class=\"article-body article-body--third-paragraph\">El personal municipal camina puerta a puerta para dialogar y entregar\u00a0<strong>folleter\u00eda informativa\u00a0<\/strong>con el objetivo de que los vecinos conozcan los pasos a seguir para evitar la reproducci\u00f3n del insecto en los domicilios.<\/p>\n<\/article>\n<article class=\"article-body article-body--fourth-paragraph\">Adem\u00e1s, el<strong>\u00a0Laboratorio de Especialidades Medicinales (LEM)<\/strong>\u00a0fabrica el repelente de mosquitos y luego\u00a0<a href=\"https:\/\/www.0221.com.ar\/la-plata\/donde-se-pueden-retirar-los-repelentes-producidos-la-municipalidad-n87898\" target=\"_blank\" rel=\"follow noopener\">lo reparte de forma gratuita en\u00a0<strong>Centros de Atenci\u00f3n Primaria de la Salud (CAPS)<\/strong>\u00a0y las delegaciones comunales de La Plata<\/a>. Se est\u00e1n entregando cerca de\u00a0<strong>2.000 frascos<\/strong>\u00a0mientras sigue la producci\u00f3n.<\/p>\n<\/article>\n<\/div>\n<div><\/div>\n<\/div>\n<section class=\"may-also-be-of-interest-to-you-news news_background\">\n<header class=\"standard-header\">\n<h3 class=\"standard-header__title\"><\/h3>\n<\/header>\n<\/section>\n","protected":false},"excerpt":{"rendered":"<div class=\"mh-excerpt\"><p>La Municipalidad de La Plata realiza un trabajo integral en medio de la invasi\u00f3n de mosquitos. Corte de pasto, repelente, fumigaci\u00f3n y m\u00e1s. 20 de febrero de 2024 LA PLATA &#8211;\u00a0 La\u00a0Municipalidad de La Plata <a class=\"mh-excerpt-more\" href=\"https:\/\/larevistadigital.com.ar\/blog\/la-plata-fumigacion-corte-de-pasto-y-repelente-propio-son-las-armas-del-municipio-contra-la-invasion-de-mosquitos\/\" title=\"LA PLATA: FUMIGACI\u00d3N, CORTE DE PASTO Y REPELENTE PROPIO SON LAS ARMAS DEL MUNICIPIO CONTRA LA INVASI\u00d3N DE MOSQUITOS\">[Leer M\u00e1s]<\/a><\/p>\n<\/div>","protected":false},"author":3,"featured_media":35285,"comment_status":"open","ping_status":"open","sticky":false,"template":"","format":"standard","meta":{"_jetpack_memberships_contains_paid_content":false,"footnotes":"","jetpack_publicize_message":"","jetpack_publicize_feature_enabled":true,"jetpack_social_post_already_shared":true,"jetpack_social_options":{"image_generator_settings":{"template":"highway","default_image_id":0,"font":"","enabled":false},"version":2}},"categories":[51],"tags":[],"class_list":{"0":"post-35284","1":"post","2":"type-post","3":"status-publish","4":"format-standard","5":"has-post-thumbnail","7":"category-regionales"},"jetpack_publicize_connections":[],"jetpack_featured_media_url":"https:\/\/i0.wp.com\/larevistadigital.com.ar\/blog\/wp-content\/uploads\/Captura-de-pantalla-2024-02-20-105504.png?fit=893%2C429&ssl=1","jetpack_sharing_enabled":true,"jetpack_shortlink":"https:\/\/wp.me\/p8qtrQ-9b6","jetpack-related-posts":[{"id":19052,"url":"https:\/\/larevistadigital.com.ar\/blog\/lezama-se-realiza-fumigacion-contra-los-mosquitos-en-distintos-lugares-de-la-ciudad\/","url_meta":{"origin":35284,"position":0},"title":"LEZAMA: SE REALIZA FUMIGACI\u00d3N CONTRA LOS MOSQUITOS EN DISTINTOS LUGARES DE LA CIUDAD","author":"Alejandro Sosa Ruda","date":"26 febrero, 2021","format":false,"excerpt":"El \u00e1rea de Zoonosis y Bromatolog\u00eda del municipio, en conjunto con la Secretar\u00eda de Seguridad, realiz\u00f3 fumigaciones para reducir la poblaci\u00f3n de mosquitos en un amplio sector del sector urbano: bulevares, Plaza de la Autonom\u00eda, barrio El Tero, Plaza Marinacci, sector industrial y UPA Trauma. Dadas las condiciones clim\u00e1ticas de\u2026","rel":"","context":"En \u00abLEZAMA\u00bb","block_context":{"text":"LEZAMA","link":"https:\/\/larevistadigital.com.ar\/blog\/category\/lezama\/"},"img":{"alt_text":"","src":"https:\/\/i0.wp.com\/larevistadigital.com.ar\/blog\/wp-content\/uploads\/153419200_2001022056757152_619161520338180697_o.jpg?fit=1040%2C644&ssl=1&resize=350%2C200","width":350,"height":200,"srcset":"https:\/\/i0.wp.com\/larevistadigital.com.ar\/blog\/wp-content\/uploads\/153419200_2001022056757152_619161520338180697_o.jpg?fit=1040%2C644&ssl=1&resize=350%2C200 1x, https:\/\/i0.wp.com\/larevistadigital.com.ar\/blog\/wp-content\/uploads\/153419200_2001022056757152_619161520338180697_o.jpg?fit=1040%2C644&ssl=1&resize=525%2C300 1.5x, https:\/\/i0.wp.com\/larevistadigital.com.ar\/blog\/wp-content\/uploads\/153419200_2001022056757152_619161520338180697_o.jpg?fit=1040%2C644&ssl=1&resize=700%2C400 2x"},"classes":[]},{"id":5072,"url":"https:\/\/larevistadigital.com.ar\/blog\/continua-la-fumigacion-mosquitos-jejenes\/","url_meta":{"origin":35284,"position":1},"title":"Contin\u00faa la fumigaci\u00f3n contra mosquitos y jejenes","author":"admin","date":"1 marzo, 2018","format":false,"excerpt":"En el mes de noviembre del a\u00f1o pr\u00f3ximo pasado fue noticia en los medios nacionales, la invasi\u00f3n de jejenes y mosquitos en distintos lugares de la Provincia, y la ciudad de General Belgrano no estuvo ajena a ellos. Desde ese momento, en conjunto con la Provincia y distintas ciudades vecinas,\u2026","rel":"","context":"En \u00abGENERAL BELGRANO\u00bb","block_context":{"text":"GENERAL BELGRANO","link":"https:\/\/larevistadigital.com.ar\/blog\/category\/general-belgrano\/"},"img":{"alt_text":"","src":"https:\/\/i0.wp.com\/larevistadigital.com.ar\/blog\/wp-content\/uploads\/2018\/03\/FUMIGACION.jpg?fit=900%2C429&ssl=1&resize=350%2C200","width":350,"height":200,"srcset":"https:\/\/i0.wp.com\/larevistadigital.com.ar\/blog\/wp-content\/uploads\/2018\/03\/FUMIGACION.jpg?fit=900%2C429&ssl=1&resize=350%2C200 1x, https:\/\/i0.wp.com\/larevistadigital.com.ar\/blog\/wp-content\/uploads\/2018\/03\/FUMIGACION.jpg?fit=900%2C429&ssl=1&resize=525%2C300 1.5x, https:\/\/i0.wp.com\/larevistadigital.com.ar\/blog\/wp-content\/uploads\/2018\/03\/FUMIGACION.jpg?fit=900%2C429&ssl=1&resize=700%2C400 2x"},"classes":[]},{"id":31294,"url":"https:\/\/larevistadigital.com.ar\/blog\/la-plata-un-barrio-denuncia-invasion-de-ratas-hay-gran-preocupacion-y-exigen-soluciones\/","url_meta":{"origin":35284,"position":2},"title":"LA PLATA: UN BARRIO DENUNCIA INVASI\u00d3N DE RATAS. HAY GRAN PREOCUPACI\u00d3N Y EXIGEN SOLUCIONES","author":"Alejandro Sosa Ruda","date":"28 abril, 2023","format":false,"excerpt":"Vecinos de Villa Arg\u00fcello presentaron en el Concejo Deliberante un proyecto de limpieza de zanjas, control de roedores y fumigaci\u00f3n de mosquitos. 28 de abril de 2023 Crece la preocupaci\u00f3n en un barrio de la regi\u00f3n por lo que, aseguran, es\u00a0una invasi\u00f3n de ratas. Se trata de la zona de\u00a0Villa\u2026","rel":"","context":"En \u00abREGIONALES\u00bb","block_context":{"text":"REGIONALES","link":"https:\/\/larevistadigital.com.ar\/blog\/category\/regionales\/"},"img":{"alt_text":"","src":"https:\/\/i0.wp.com\/larevistadigital.com.ar\/blog\/wp-content\/uploads\/1682677184746.jpg?fit=1200%2C594&ssl=1&resize=350%2C200","width":350,"height":200,"srcset":"https:\/\/i0.wp.com\/larevistadigital.com.ar\/blog\/wp-content\/uploads\/1682677184746.jpg?fit=1200%2C594&ssl=1&resize=350%2C200 1x, https:\/\/i0.wp.com\/larevistadigital.com.ar\/blog\/wp-content\/uploads\/1682677184746.jpg?fit=1200%2C594&ssl=1&resize=525%2C300 1.5x, https:\/\/i0.wp.com\/larevistadigital.com.ar\/blog\/wp-content\/uploads\/1682677184746.jpg?fit=1200%2C594&ssl=1&resize=700%2C400 2x, https:\/\/i0.wp.com\/larevistadigital.com.ar\/blog\/wp-content\/uploads\/1682677184746.jpg?fit=1200%2C594&ssl=1&resize=1050%2C600 3x"},"classes":[]},{"id":43240,"url":"https:\/\/larevistadigital.com.ar\/blog\/chascomus-propietarios-y-frentistas-deben-mantener-el-pasto-corto-en-terrenos-y-espacios-verdes-2\/","url_meta":{"origin":35284,"position":3},"title":"Chascom\u00fas: Propietarios y frentistas deben mantener el pasto corto en terrenos y espacios verdes","author":"Alejandro Sosa Ruda","date":"10 enero, 2026","format":false,"excerpt":"El corte de pasto, realizado de manera peri\u00f3dica, ayuda a prevenir problemas mayores y contribuye a un mejor espacio p\u00fablico para todos. 10 de enero de 2026 CHASCOM\u00daS -\u00a0 \u00a0La Municipalidad de Chascom\u00fas recuerda a los propietarios de terrenos bald\u00edos la importancia de mantener el pasto corto y los espacios\u2026","rel":"","context":"En \u00abCHASCOM\u00daS\u00bb","block_context":{"text":"CHASCOM\u00daS","link":"https:\/\/larevistadigital.com.ar\/blog\/category\/chascomus\/"},"img":{"alt_text":"","src":"https:\/\/i0.wp.com\/larevistadigital.com.ar\/blog\/wp-content\/uploads\/69614944afaff.png?fit=668%2C445&ssl=1&resize=350%2C200","width":350,"height":200,"srcset":"https:\/\/i0.wp.com\/larevistadigital.com.ar\/blog\/wp-content\/uploads\/69614944afaff.png?fit=668%2C445&ssl=1&resize=350%2C200 1x, https:\/\/i0.wp.com\/larevistadigital.com.ar\/blog\/wp-content\/uploads\/69614944afaff.png?fit=668%2C445&ssl=1&resize=525%2C300 1.5x"},"classes":[]},{"id":38411,"url":"https:\/\/larevistadigital.com.ar\/blog\/chascomus-propietarios-y-frentistas-deben-mantener-el-pasto-corto-en-terrenos-y-espacios-verdes\/","url_meta":{"origin":35284,"position":4},"title":"Chascom\u00fas: Propietarios y frentistas deben mantener el pasto corto en terrenos y espacios verdes","author":"Alejandro Sosa Ruda","date":"8 enero, 2025","format":false,"excerpt":"El corte de pasto, realizado de manera peri\u00f3dica, ayuda a prevenir problemas mayores y contribuye a un mejor espacio p\u00fablico para todos. 08 de Enero de 2025 CHASCOM\u00daS-\u00a0 La Municipalidad de Chascom\u00fas recuerda a los propietarios de terrenos bald\u00edos la importancia de mantener el pasto corto y los espacios limpios\u2026","rel":"","context":"En \u00abCHASCOM\u00daS\u00bb","block_context":{"text":"CHASCOM\u00daS","link":"https:\/\/larevistadigital.com.ar\/blog\/category\/chascomus\/"},"img":{"alt_text":"","src":"https:\/\/i0.wp.com\/larevistadigital.com.ar\/blog\/wp-content\/uploads\/677d5e03e42d7.png?fit=668%2C445&ssl=1&resize=350%2C200","width":350,"height":200,"srcset":"https:\/\/i0.wp.com\/larevistadigital.com.ar\/blog\/wp-content\/uploads\/677d5e03e42d7.png?fit=668%2C445&ssl=1&resize=350%2C200 1x, https:\/\/i0.wp.com\/larevistadigital.com.ar\/blog\/wp-content\/uploads\/677d5e03e42d7.png?fit=668%2C445&ssl=1&resize=525%2C300 1.5x"},"classes":[]},{"id":38823,"url":"https:\/\/larevistadigital.com.ar\/blog\/continuan-las-tareas-de-limpieza-y-mantenimiento-en-distintos-barrios-de-la-ciudad\/","url_meta":{"origin":35284,"position":5},"title":"Contin\u00faan las tareas de limpieza y mantenimiento en distintos barrios de la ciudad","author":"Alejandro Sosa Ruda","date":"24 febrero, 2025","format":false,"excerpt":"Personal municipal realiza de manera continua tareas de desmalezamiento y saneamiento en espacios p\u00fablicos. 24 de Febrero de 2025 CHASCOM\u00daS -\u00a0 Como es habitual, la Municipalidad de Chascom\u00fas realiza trabajos de corte de pasto y limpieza en distintos barrios de la ciudad, con el objetivo de mejorar el mantenimiento de\u2026","rel":"","context":"En \u00abCHASCOM\u00daS\u00bb","block_context":{"text":"CHASCOM\u00daS","link":"https:\/\/larevistadigital.com.ar\/blog\/category\/chascomus\/"},"img":{"alt_text":"","src":"https:\/\/i0.wp.com\/larevistadigital.com.ar\/blog\/wp-content\/uploads\/67bca483c59f4.png?fit=668%2C445&ssl=1&resize=350%2C200","width":350,"height":200,"srcset":"https:\/\/i0.wp.com\/larevistadigital.com.ar\/blog\/wp-content\/uploads\/67bca483c59f4.png?fit=668%2C445&ssl=1&resize=350%2C200 1x, https:\/\/i0.wp.com\/larevistadigital.com.ar\/blog\/wp-content\/uploads\/67bca483c59f4.png?fit=668%2C445&ssl=1&resize=525%2C300 1.5x"},"classes":[]}],"_links":{"self":[{"href":"https:\/\/larevistadigital.com.ar\/blog\/wp-json\/wp\/v2\/posts\/35284","targetHints":{"allow":["GET"]}}],"collection":[{"href":"https:\/\/larevistadigital.com.ar\/blog\/wp-json\/wp\/v2\/posts"}],"about":[{"href":"https:\/\/larevistadigital.com.ar\/blog\/wp-json\/wp\/v2\/types\/post"}],"author":[{"embeddable":true,"href":"https:\/\/larevistadigital.com.ar\/blog\/wp-json\/wp\/v2\/users\/3"}],"replies":[{"embeddable":true,"href":"https:\/\/larevistadigital.com.ar\/blog\/wp-json\/wp\/v2\/comments?post=35284"}],"version-history":[{"count":1,"href":"https:\/\/larevistadigital.com.ar\/blog\/wp-json\/wp\/v2\/posts\/35284\/revisions"}],"predecessor-version":[{"id":35286,"href":"https:\/\/larevistadigital.com.ar\/blog\/wp-json\/wp\/v2\/posts\/35284\/revisions\/35286"}],"wp:featuredmedia":[{"embeddable":true,"href":"https:\/\/larevistadigital.com.ar\/blog\/wp-json\/wp\/v2\/media\/35285"}],"wp:attachment":[{"href":"https:\/\/larevistadigital.com.ar\/blog\/wp-json\/wp\/v2\/media?parent=35284"}],"wp:term":[{"taxonomy":"category","embeddable":true,"href":"https:\/\/larevistadigital.com.ar\/blog\/wp-json\/wp\/v2\/categories?post=35284"},{"taxonomy":"post_tag","embeddable":true,"href":"https:\/\/larevistadigital.com.ar\/blog\/wp-json\/wp\/v2\/tags?post=35284"}],"curies":[{"name":"wp","href":"https:\/\/api.w.org\/{rel}","templated":true}]}}