{"id":35288,"date":"2024-02-21T00:50:21","date_gmt":"2024-02-21T03:50:21","guid":{"rendered":"https:\/\/larevistadigital.com.ar\/blog\/?p=35288"},"modified":"2024-02-21T00:50:21","modified_gmt":"2024-02-21T03:50:21","slug":"el-gobernador-kicillof-repudio-la-presencia-de-david-cameron-en-las-malvinas","status":"publish","type":"post","link":"https:\/\/larevistadigital.com.ar\/blog\/el-gobernador-kicillof-repudio-la-presencia-de-david-cameron-en-las-malvinas\/","title":{"rendered":"EL GOBERNADOR KICILLOF REPUDI\u00d3 LA PRESENCIA DE DAVID C\u00c1MERON EN LAS MALVINAS"},"content":{"rendered":"<h2 class=\"fparrafo ctext fz18 lh25\">Mediate un comunicado, el gobernador bonaerense, Axel Kicillof, repudi\u00f3 la \u201cprovocadora\u201d presencia del canciller brit\u00e1nico David Cameron en las Islas Malvinas, al tiempo que hizo suyas las palabras del gobernador de la provincia de Tierra del Fuego, Ant\u00e1rtida e Islas del Atl\u00e1ntico Sur, Gustavo Melella, denunciando \u201cel intento de menoscabo de los leg\u00edtimos derechos soberanos\u201d, de la Argentina.<\/h2>\n<p>21 de febrero de 2023<\/p>\n<p>El comunicado comienza se\u00f1alando que <strong><em>\u201cel Gobierno de la provincia de Buenos Aires repudia la provocadora presencia del canciller brit\u00e1nico David Cameron en nuestras Islas Malvinas y hace suyas las palabras del gobernador de la hermana provincia de Tierra del Fuego, Ant\u00e1rtida e Islas del Atl\u00e1ntico Sur, Profesor Gustavo Melella, denunciando el intento de menoscabo de nuestros leg\u00edtimos derechos soberanos, as\u00ed como tambi\u00e9n las pr\u00e1cticas colonialistas que sostiene el Reino Unido en pleno siglo XXI\u201d<\/em><\/strong>.<\/p>\n<p>Seguidamente, sostiene que <em><strong>\u201cLa actitud del gobierno brit\u00e1nico no debe ser minimizada y amerita una condena contundente de todo el arco pol\u00edtico nacional, acorde a nuestro posicionamiento hist\u00f3rico, y tal como lo dispone la Constituci\u00f3n Nacional en su Disposici\u00f3n Transitoria Primera donde subraya nuestra leg\u00edtima e imprescriptible soberan\u00eda sobre las Islas Malvinas, Georgias del Sur y Sandwich del Sur y los espacios mar\u00edtimos e insulares correspondientes por ser parte integrante del territorio nacional.<\/strong><\/em><\/p>\n<p>Por \u00faltimo, el duro pronunciamiento del Gobierno bonaerense, finaliza diciendo que dicha disposici\u00f3n transitoria <em><strong>\u201cmanifiesta que la recuperaci\u00f3n de dichos territorios y el ejercicio pleno de la soberan\u00eda, respetando el modo de vida de sus habitantes y conforme a los principios del derecho internacional, constituyen un objetivo permanente e irrenunciable del pueblo argentino\u201d<\/strong><\/em>.\u00a0<b>(InfoGEI)Ac<\/b><\/p>\n","protected":false},"excerpt":{"rendered":"<div class=\"mh-excerpt\"><p>Mediate un comunicado, el gobernador bonaerense, Axel Kicillof, repudi\u00f3 la \u201cprovocadora\u201d presencia del canciller brit\u00e1nico David Cameron en las Islas Malvinas, al tiempo que hizo suyas las palabras del gobernador de la provincia de Tierra <a class=\"mh-excerpt-more\" href=\"https:\/\/larevistadigital.com.ar\/blog\/el-gobernador-kicillof-repudio-la-presencia-de-david-cameron-en-las-malvinas\/\" title=\"EL GOBERNADOR KICILLOF REPUDI\u00d3 LA PRESENCIA DE DAVID C\u00c1MERON EN LAS MALVINAS\">[Leer M\u00e1s]<\/a><\/p>\n<\/div>","protected":false},"author":3,"featured_media":35290,"comment_status":"open","ping_status":"open","sticky":false,"template":"","format":"standard","meta":{"_jetpack_memberships_contains_paid_content":false,"footnotes":"","jetpack_publicize_message":"","jetpack_publicize_feature_enabled":true,"jetpack_social_post_already_shared":true,"jetpack_social_options":{"image_generator_settings":{"template":"highway","default_image_id":0,"font":"","enabled":false},"version":2}},"categories":[50,12],"tags":[],"class_list":{"0":"post-35288","1":"post","2":"type-post","3":"status-publish","4":"format-standard","5":"has-post-thumbnail","7":"category-interes-general","8":"category-politica"},"jetpack_publicize_connections":[],"jetpack_featured_media_url":"https:\/\/i0.wp.com\/larevistadigital.com.ar\/blog\/wp-content\/uploads\/20240220132730_kicillof-cameron-islas-malvinas.jpg?fit=880%2C512&ssl=1","jetpack_sharing_enabled":true,"jetpack_shortlink":"https:\/\/wp.me\/p8qtrQ-9ba","jetpack-related-posts":[{"id":32681,"url":"https:\/\/larevistadigital.com.ar\/blog\/cafiero-cuando-hablamos-de-malvinas-estamos-reivindicando-los-intereses-argentinos-en-el-mar\/","url_meta":{"origin":35288,"position":0},"title":"CAFIERO: \u201cCUANDO HABLAMOS DE MALVINAS ESTAMOS REIVINDICANDO LOS INTERESES ARGENTINOS EN EL MAR\u201d","author":"Alejandro Sosa Ruda","date":"31 julio, 2023","format":false,"excerpt":"El canciller\u00a0Santiago Cafiero\u00a0encabez\u00f3 hoy en el puerto de la ciudad de La Plata la apertura de la jornada especial \u201cLa Importancia Estrat\u00e9gica de los Recursos Marinos\u201d en el marco del\u00a0Mes de los Intereses Argentinos en el Mar. 31 de julio de 2023 En 2003, el Congreso Nacional sancion\u00f3 la Ley\u2026","rel":"","context":"En \u00abINTERES GENERAL\u00bb","block_context":{"text":"INTERES GENERAL","link":"https:\/\/larevistadigital.com.ar\/blog\/category\/interes-general\/"},"img":{"alt_text":"","src":"https:\/\/i0.wp.com\/larevistadigital.com.ar\/blog\/wp-content\/uploads\/puero_de_la_plata.jpg?fit=1200%2C800&ssl=1&resize=350%2C200","width":350,"height":200,"srcset":"https:\/\/i0.wp.com\/larevistadigital.com.ar\/blog\/wp-content\/uploads\/puero_de_la_plata.jpg?fit=1200%2C800&ssl=1&resize=350%2C200 1x, https:\/\/i0.wp.com\/larevistadigital.com.ar\/blog\/wp-content\/uploads\/puero_de_la_plata.jpg?fit=1200%2C800&ssl=1&resize=525%2C300 1.5x, https:\/\/i0.wp.com\/larevistadigital.com.ar\/blog\/wp-content\/uploads\/puero_de_la_plata.jpg?fit=1200%2C800&ssl=1&resize=700%2C400 2x, https:\/\/i0.wp.com\/larevistadigital.com.ar\/blog\/wp-content\/uploads\/puero_de_la_plata.jpg?fit=1200%2C800&ssl=1&resize=1050%2C600 3x"},"classes":[]},{"id":43864,"url":"https:\/\/larevistadigital.com.ar\/blog\/indignacion-en-las-toninas-robaron-las-placas-del-monumento-a-los-heroes-de-malvinas\/","url_meta":{"origin":35288,"position":1},"title":"Indignaci\u00f3n en Las Toninas: robaron las placas del Monumento a los H\u00e9roes de Malvinas","author":"Alejandro Sosa Ruda","date":"7 febrero, 2026","format":false,"excerpt":"El intendente Juan de Jes\u00fas denunci\u00f3 el hecho y lo calific\u00f3 como un grave ataque a la memoria colectiva. 07 De Febrero de 2026 LAS TONINAS\u00a0 \u00a0-\u00a0 \u00a0El robo de las placas del Monumento a los H\u00e9roes de la Guerra de Malvinas, ubicado en la Plaza Islas Malvinas de Las\u2026","rel":"","context":"En \u00abPOLICIALES\u00bb","block_context":{"text":"POLICIALES","link":"https:\/\/larevistadigital.com.ar\/blog\/category\/policiales\/"},"img":{"alt_text":"","src":"https:\/\/i0.wp.com\/larevistadigital.com.ar\/blog\/wp-content\/uploads\/a03ca28ed7e92031dd79ab0b8ad5bb1be077657a.jpeg?fit=1140%2C676&ssl=1&resize=350%2C200","width":350,"height":200,"srcset":"https:\/\/i0.wp.com\/larevistadigital.com.ar\/blog\/wp-content\/uploads\/a03ca28ed7e92031dd79ab0b8ad5bb1be077657a.jpeg?fit=1140%2C676&ssl=1&resize=350%2C200 1x, https:\/\/i0.wp.com\/larevistadigital.com.ar\/blog\/wp-content\/uploads\/a03ca28ed7e92031dd79ab0b8ad5bb1be077657a.jpeg?fit=1140%2C676&ssl=1&resize=525%2C300 1.5x, https:\/\/i0.wp.com\/larevistadigital.com.ar\/blog\/wp-content\/uploads\/a03ca28ed7e92031dd79ab0b8ad5bb1be077657a.jpeg?fit=1140%2C676&ssl=1&resize=700%2C400 2x, https:\/\/i0.wp.com\/larevistadigital.com.ar\/blog\/wp-content\/uploads\/a03ca28ed7e92031dd79ab0b8ad5bb1be077657a.jpeg?fit=1140%2C676&ssl=1&resize=1050%2C600 3x"},"classes":[]},{"id":32797,"url":"https:\/\/larevistadigital.com.ar\/blog\/cafiero-remarco-la-importancia-de-la-capacitacion-obligatoria-en-la-cuestion-malvinas-para-el-sector-publico\/","url_meta":{"origin":35288,"position":2},"title":"CAFIERO REMARC\u00d3 LA IMPORTANCIA DE LA CAPACITACI\u00d3N OBLIGATORIA EN LA CUESTI\u00d3N MALVINAS PARA EL SECTOR P\u00daBLICO","author":"Alejandro Sosa Ruda","date":"8 agosto, 2023","format":false,"excerpt":"El canciller\u00a0Santiago Cafiero\u00a0particip\u00f3 hoy en el Palacio San Mart\u00edn de la jornada de intercambio de la Secretar\u00eda de Malvinas, Ant\u00e1rtida y Atl\u00e1ntico Sur, que depende de la Canciller\u00eda argentina, con\u00a0organizaciones cient\u00edficas, acad\u00e9micas y de la sociedad civil especializadas en tem\u00e1ticas de soberan\u00eda, quienes dialogaron sobre los\u00a0alcances y expectativas acerca de\u2026","rel":"","context":"En \u00abINTERES GENERAL\u00bb","block_context":{"text":"INTERES GENERAL","link":"https:\/\/larevistadigital.com.ar\/blog\/category\/interes-general\/"},"img":{"alt_text":"","src":"https:\/\/i0.wp.com\/larevistadigital.com.ar\/blog\/wp-content\/uploads\/whatsapp_image_2023-08-07_at_17.54.54.jpeg?fit=1200%2C800&ssl=1&resize=350%2C200","width":350,"height":200,"srcset":"https:\/\/i0.wp.com\/larevistadigital.com.ar\/blog\/wp-content\/uploads\/whatsapp_image_2023-08-07_at_17.54.54.jpeg?fit=1200%2C800&ssl=1&resize=350%2C200 1x, https:\/\/i0.wp.com\/larevistadigital.com.ar\/blog\/wp-content\/uploads\/whatsapp_image_2023-08-07_at_17.54.54.jpeg?fit=1200%2C800&ssl=1&resize=525%2C300 1.5x, https:\/\/i0.wp.com\/larevistadigital.com.ar\/blog\/wp-content\/uploads\/whatsapp_image_2023-08-07_at_17.54.54.jpeg?fit=1200%2C800&ssl=1&resize=700%2C400 2x, https:\/\/i0.wp.com\/larevistadigital.com.ar\/blog\/wp-content\/uploads\/whatsapp_image_2023-08-07_at_17.54.54.jpeg?fit=1200%2C800&ssl=1&resize=1050%2C600 3x"},"classes":[]},{"id":25639,"url":"https:\/\/larevistadigital.com.ar\/blog\/tandil-tendra-un-concierto-de-canciones-de-rock-nacional-inspiradas-en-malvinas\/","url_meta":{"origin":35288,"position":3},"title":"TANDIL TENDR\u00c1 UN CONCIERTO DE CANCIONES DE ROCK NACIONAL INSPIRADAS EN MALVINAS","author":"Alejandro Sosa Ruda","date":"6 junio, 2022","format":false,"excerpt":"Daniela Herrero interpretar\u00e1 canciones nacionales relacionadas con Malvinas. El concierto ser\u00e1 el 10 y contar\u00e1 con artistas invitados como Ignacio Osa y Roc\u00edo Sosa. El acceso ser\u00e1 libre y gratuito. TANDIL -\u00a0 En el marco del 40\u00b0 Aniversario de la Guerra de Malvinas se llevar\u00e1 a cabo en Tandil el\u2026","rel":"","context":"En \u00abREGIONALES\u00bb","block_context":{"text":"REGIONALES","link":"https:\/\/larevistadigital.com.ar\/blog\/category\/regionales\/"},"img":{"alt_text":"","src":"https:\/\/i0.wp.com\/larevistadigital.com.ar\/blog\/wp-content\/uploads\/1654369703.jpeg?fit=848%2C477&ssl=1&resize=350%2C200","width":350,"height":200,"srcset":"https:\/\/i0.wp.com\/larevistadigital.com.ar\/blog\/wp-content\/uploads\/1654369703.jpeg?fit=848%2C477&ssl=1&resize=350%2C200 1x, https:\/\/i0.wp.com\/larevistadigital.com.ar\/blog\/wp-content\/uploads\/1654369703.jpeg?fit=848%2C477&ssl=1&resize=525%2C300 1.5x, https:\/\/i0.wp.com\/larevistadigital.com.ar\/blog\/wp-content\/uploads\/1654369703.jpeg?fit=848%2C477&ssl=1&resize=700%2C400 2x"},"classes":[]},{"id":30201,"url":"https:\/\/larevistadigital.com.ar\/blog\/alerta-un-tempano-gigante-se-desprendio-del-continente-antartico-y-se-dirige-hacia-las-islas-malvinas\/","url_meta":{"origin":35288,"position":4},"title":"ALERTA: UN T\u00c9MPANO GIGANTE SE DESPRENDI\u00d3 DEL CONTINENTE ANT\u00c1RTICO Y SE DIRIGE HACIA LAS ISLAS MALVINAS","author":"Alejandro Sosa Ruda","date":"22 febrero, 2023","format":false,"excerpt":"El gigantesco t\u00e9mpano, visto cronol\u00f3gicamente desde el espacio con el sat\u00e9lite argentino SAOCOM, se desprendi\u00f3 en mayo de 2021 de la barrera de hielo Ronne y recorri\u00f3 unos 2000 km hacia el norte. Actualmente se ubica a 920 kil\u00f3metros de las Islas Malvinas. Tiene unos 3100 km2, o sea 15\u2026","rel":"","context":"En \u00abINTERES GENERAL\u00bb","block_context":{"text":"INTERES GENERAL","link":"https:\/\/larevistadigital.com.ar\/blog\/category\/interes-general\/"},"img":{"alt_text":"","src":"https:\/\/i0.wp.com\/larevistadigital.com.ar\/blog\/wp-content\/uploads\/20230221094250_tempano-gigante-en-la-antartida.jpg?fit=880%2C512&ssl=1&resize=350%2C200","width":350,"height":200,"srcset":"https:\/\/i0.wp.com\/larevistadigital.com.ar\/blog\/wp-content\/uploads\/20230221094250_tempano-gigante-en-la-antartida.jpg?fit=880%2C512&ssl=1&resize=350%2C200 1x, https:\/\/i0.wp.com\/larevistadigital.com.ar\/blog\/wp-content\/uploads\/20230221094250_tempano-gigante-en-la-antartida.jpg?fit=880%2C512&ssl=1&resize=525%2C300 1.5x, https:\/\/i0.wp.com\/larevistadigital.com.ar\/blog\/wp-content\/uploads\/20230221094250_tempano-gigante-en-la-antartida.jpg?fit=880%2C512&ssl=1&resize=700%2C400 2x"},"classes":[]},{"id":37942,"url":"https:\/\/larevistadigital.com.ar\/blog\/kicillof-soberania-independencia-y-justicia-social-ese-es-nuestro-compromiso-ante-los-patriotas-que-dieron-su-vida\/","url_meta":{"origin":35288,"position":5},"title":"Kicillof: \u201cSoberan\u00eda, independencia y justicia social: ese es nuestro compromiso ante los patriotas que dieron su vida\u00bb","author":"Alejandro Sosa Ruda","date":"21 noviembre, 2024","format":false,"excerpt":"El Gobernador encabez\u00f3 el acto frente al monumento Batalla Vuelta de Obligado, junto a la vicegobernadora Ver\u00f3nica Magario y el intendente Cecilio Salazar. 21 de Noviembre de 2024 \"Todas nuestras riquezas pueden convertirse \u00fanicamente en fuente de explotaci\u00f3n y apropiaci\u00f3n por parte de unos pocos si la soberan\u00eda no viene\u2026","rel":"","context":"En \u00abDESTACADAS\u00bb","block_context":{"text":"DESTACADAS","link":"https:\/\/larevistadigital.com.ar\/blog\/category\/destacadas\/"},"img":{"alt_text":"","src":"https:\/\/i0.wp.com\/larevistadigital.com.ar\/blog\/wp-content\/uploads\/IMG_3017ed.jpg?fit=743%2C530&ssl=1&resize=350%2C200","width":350,"height":200,"srcset":"https:\/\/i0.wp.com\/larevistadigital.com.ar\/blog\/wp-content\/uploads\/IMG_3017ed.jpg?fit=743%2C530&ssl=1&resize=350%2C200 1x, https:\/\/i0.wp.com\/larevistadigital.com.ar\/blog\/wp-content\/uploads\/IMG_3017ed.jpg?fit=743%2C530&ssl=1&resize=525%2C300 1.5x, https:\/\/i0.wp.com\/larevistadigital.com.ar\/blog\/wp-content\/uploads\/IMG_3017ed.jpg?fit=743%2C530&ssl=1&resize=700%2C400 2x"},"classes":[]}],"_links":{"self":[{"href":"https:\/\/larevistadigital.com.ar\/blog\/wp-json\/wp\/v2\/posts\/35288","targetHints":{"allow":["GET"]}}],"collection":[{"href":"https:\/\/larevistadigital.com.ar\/blog\/wp-json\/wp\/v2\/posts"}],"about":[{"href":"https:\/\/larevistadigital.com.ar\/blog\/wp-json\/wp\/v2\/types\/post"}],"author":[{"embeddable":true,"href":"https:\/\/larevistadigital.com.ar\/blog\/wp-json\/wp\/v2\/users\/3"}],"replies":[{"embeddable":true,"href":"https:\/\/larevistadigital.com.ar\/blog\/wp-json\/wp\/v2\/comments?post=35288"}],"version-history":[{"count":1,"href":"https:\/\/larevistadigital.com.ar\/blog\/wp-json\/wp\/v2\/posts\/35288\/revisions"}],"predecessor-version":[{"id":35291,"href":"https:\/\/larevistadigital.com.ar\/blog\/wp-json\/wp\/v2\/posts\/35288\/revisions\/35291"}],"wp:featuredmedia":[{"embeddable":true,"href":"https:\/\/larevistadigital.com.ar\/blog\/wp-json\/wp\/v2\/media\/35290"}],"wp:attachment":[{"href":"https:\/\/larevistadigital.com.ar\/blog\/wp-json\/wp\/v2\/media?parent=35288"}],"wp:term":[{"taxonomy":"category","embeddable":true,"href":"https:\/\/larevistadigital.com.ar\/blog\/wp-json\/wp\/v2\/categories?post=35288"},{"taxonomy":"post_tag","embeddable":true,"href":"https:\/\/larevistadigital.com.ar\/blog\/wp-json\/wp\/v2\/tags?post=35288"}],"curies":[{"name":"wp","href":"https:\/\/api.w.org\/{rel}","templated":true}]}}