{"id":35292,"date":"2024-02-21T00:55:05","date_gmt":"2024-02-21T03:55:05","guid":{"rendered":"https:\/\/larevistadigital.com.ar\/blog\/?p=35292"},"modified":"2024-02-21T00:55:05","modified_gmt":"2024-02-21T03:55:05","slug":"la-plata-encuentran-500-ataudes-abandonados-y-200-bolsas-con-restos-humanos-en-el-cementerio","status":"publish","type":"post","link":"https:\/\/larevistadigital.com.ar\/blog\/la-plata-encuentran-500-ataudes-abandonados-y-200-bolsas-con-restos-humanos-en-el-cementerio\/","title":{"rendered":"LA PLATA: ENCUENTRAN 500 ATA\u00daDES ABANDONADOS Y 200 BOLSAS CON RESTOS HUMANOS EN EL CEMENTERIO"},"content":{"rendered":"<h2 class=\"fparrafo ctext fz18 lh25\">Personal de la Municipalidad de la Plata y de la Direcci\u00f3n Provincial de Registro de Personas Desaparecidas del Ministerio de Seguridad bonaerense detectaron en cuatro dep\u00f3sitos del cementerio local un total de 501 ata\u00fades abandonados y 200 bolsas con restos humanos.<\/h2>\n<p>21 de febrero de 2024<\/p>\n<p><strong>LA PLATA &#8211;\u00a0<\/strong> As\u00ed lo revel\u00f3 este martes la comuna en un comunicado al precisar que el procedimiento se desarroll\u00f3 en el marco de las auditor\u00edas realizadas en distintas dependencias de la ciudad a pedido del intendente Julio Alak, quien busca \u201cgarantizar la transparencia de la administraci\u00f3n municipal\u201d.<\/p>\n<blockquote>\n<h3>El hallazgo se realiz\u00f3 en cuatro dep\u00f3sitos que no estaban preparados como morgues ni estaban destinados a la conservaci\u00f3n de cad\u00e1veres o restos \u00f3seos humanos, indic\u00f3 la comuna.<\/h3>\n<\/blockquote>\n<p>Y, detall\u00f3 que en un pante\u00f3n denominado \u201cProtectora\u201d se hallaron 16 cajones de madera con una protecci\u00f3n interior met\u00e1lica, lo cual denota que su procedencia pudo ser de una b\u00f3veda o de un nicho, sin identificaci\u00f3n, y adem\u00e1s f\u00e9retros en el piso con agua estancada.<\/p>\n<blockquote>\n<h3>En el segundo dep\u00f3sito, denominado \u201cSala de velatorios\u201d, se hallaron arrumbadas cerca de 200 bolsas de consorcio negras con restos \u00f3seos, muchas sin estar identificadas con nombre, nicho y ubicaci\u00f3n catastral, adem\u00e1s de 15 cajones f\u00e9retros de madera.<\/h3>\n<\/blockquote>\n<p>Respecto al tercer dep\u00f3sito, ubicado en el segundo piso del edificio, la intendencia indic\u00f3 que se encontraron cientos de f\u00e9retros de personas adultas, 22 correspondientes a ni\u00f1os, ya que ten\u00edan la identificaci\u00f3n de \u00abangelitos\u00bb y bolsas de consorcios con restos \u00f3seos y huesos desparramados por el piso.<\/p>\n<blockquote>\n<h3>En el cuarto dep\u00f3sito, denominado \u201cGalp\u00f3n de arena\u201d, los inspectores visualizaron cuatro lugares separados con m\u00e1s de 107 ata\u00fades apilados indiscriminadamente arrumbados y bolsas negras de consorcio con restos humanos.<\/h3>\n<\/blockquote>\n<p>El municipio indic\u00f3 que todos estos sitios se encontraban en \u00abmuy mal estado de conservaci\u00f3n y limpieza, con olores nauseabundos y agua estancada\u00bb.<\/p>\n<p>Tras el hallazgo, la comuna hizo una presentaci\u00f3n judicial ante la UFI de turno con la solicitud de \u201caveriguaci\u00f3n de posibles il\u00edcitos respecto de los cuerpos y los restos \u00f3seos hallados no identificados\u201d. (<b>InfoGEI<\/b>)Ac<\/p>\n","protected":false},"excerpt":{"rendered":"<div class=\"mh-excerpt\"><p>Personal de la Municipalidad de la Plata y de la Direcci\u00f3n Provincial de Registro de Personas Desaparecidas del Ministerio de Seguridad bonaerense detectaron en cuatro dep\u00f3sitos del cementerio local un total de 501 ata\u00fades abandonados <a class=\"mh-excerpt-more\" href=\"https:\/\/larevistadigital.com.ar\/blog\/la-plata-encuentran-500-ataudes-abandonados-y-200-bolsas-con-restos-humanos-en-el-cementerio\/\" title=\"LA PLATA: ENCUENTRAN 500 ATA\u00daDES ABANDONADOS Y 200 BOLSAS CON RESTOS HUMANOS EN EL CEMENTERIO\">[Leer M\u00e1s]<\/a><\/p>\n<\/div>","protected":false},"author":3,"featured_media":35293,"comment_status":"open","ping_status":"open","sticky":false,"template":"","format":"standard","meta":{"_jetpack_memberships_contains_paid_content":false,"footnotes":"","jetpack_publicize_message":"","jetpack_publicize_feature_enabled":true,"jetpack_social_post_already_shared":true,"jetpack_social_options":{"image_generator_settings":{"template":"highway","default_image_id":0,"font":"","enabled":false},"version":2}},"categories":[51],"tags":[],"class_list":{"0":"post-35292","1":"post","2":"type-post","3":"status-publish","4":"format-standard","5":"has-post-thumbnail","7":"category-regionales"},"jetpack_publicize_connections":[],"jetpack_featured_media_url":"https:\/\/i0.wp.com\/larevistadigital.com.ar\/blog\/wp-content\/uploads\/20240220173725_ataudes-cementerio-la-plata.jpg?fit=880%2C512&ssl=1","jetpack_sharing_enabled":true,"jetpack_shortlink":"https:\/\/wp.me\/p8qtrQ-9be","jetpack-related-posts":[{"id":32437,"url":"https:\/\/larevistadigital.com.ar\/blog\/la-plata-una-mujer-denuncio-que-fue-a-visitar-a-sus-padres-en-el-cementerio-y-no-estaban-los-feretros\/","url_meta":{"origin":35292,"position":0},"title":"LA PLATA: UNA MUJER DENUNCI\u00d3 QUE FUE A VISITAR A SUS PADRES EN EL CEMENTERIO Y NO ESTABAN LOS FERETROS.","author":"Alejandro Sosa Ruda","date":"16 julio, 2023","format":false,"excerpt":"Cuando estaba limpiando el nicho se cay\u00f3 la tapa y comprob\u00f3 la ausencia. Lo denunci\u00f3 en la Justicia e intentan determinar qu\u00e9 pas\u00f3. 15 de julio de 2023 LA PLATA -\u00a0 En extra\u00f1o hecho tuvo lugar en el Cementerio Municipal, cuando una mujer fue a visitar el nicho donde descansan\u2026","rel":"","context":"En \u00abPOLICIALES\u00bb","block_context":{"text":"POLICIALES","link":"https:\/\/larevistadigital.com.ar\/blog\/category\/policiales\/"},"img":{"alt_text":"","src":"https:\/\/i0.wp.com\/larevistadigital.com.ar\/blog\/wp-content\/uploads\/1550666323502.jpg?fit=1200%2C594&ssl=1&resize=350%2C200","width":350,"height":200,"srcset":"https:\/\/i0.wp.com\/larevistadigital.com.ar\/blog\/wp-content\/uploads\/1550666323502.jpg?fit=1200%2C594&ssl=1&resize=350%2C200 1x, https:\/\/i0.wp.com\/larevistadigital.com.ar\/blog\/wp-content\/uploads\/1550666323502.jpg?fit=1200%2C594&ssl=1&resize=525%2C300 1.5x, https:\/\/i0.wp.com\/larevistadigital.com.ar\/blog\/wp-content\/uploads\/1550666323502.jpg?fit=1200%2C594&ssl=1&resize=700%2C400 2x, https:\/\/i0.wp.com\/larevistadigital.com.ar\/blog\/wp-content\/uploads\/1550666323502.jpg?fit=1200%2C594&ssl=1&resize=1050%2C600 3x"},"classes":[]},{"id":23622,"url":"https:\/\/larevistadigital.com.ar\/blog\/encuentran-dos-craneos-humanos-en-un-basural-investigan-sus-origenes\/","url_meta":{"origin":35292,"position":1},"title":"ENCUENTRAN DOS CRANEOS HUMANOS EN UN BASURAL. INVESTIGAN SUS ORIGENES","author":"Alejandro Sosa Ruda","date":"28 enero, 2022","format":false,"excerpt":"El hallazgo ocurri\u00f3 en horas de la tarde en un basural del barrio Jorge Newbery, en Mar del Plata Dos\u00a0cr\u00e1neos humanos\u00a0incinerados fueron hallados este jueves por la tarde\u00a0en medio\u00a0de un microbasural del\u00a0barrio Jorge Newbery de Mar del Plata,\u00a0seg\u00fan informaron fuentes policiales. El hallazgo tuvo lugar en horas de la tarde\u2026","rel":"","context":"En \u00abINTERES GENERAL\u00bb","block_context":{"text":"INTERES GENERAL","link":"https:\/\/larevistadigital.com.ar\/blog\/category\/interes-general\/"},"img":{"alt_text":"","src":"https:\/\/i0.wp.com\/larevistadigital.com.ar\/blog\/wp-content\/uploads\/Captura-de-pantalla-2022-01-27-234934.jpg?fit=923%2C516&ssl=1&resize=350%2C200","width":350,"height":200,"srcset":"https:\/\/i0.wp.com\/larevistadigital.com.ar\/blog\/wp-content\/uploads\/Captura-de-pantalla-2022-01-27-234934.jpg?fit=923%2C516&ssl=1&resize=350%2C200 1x, https:\/\/i0.wp.com\/larevistadigital.com.ar\/blog\/wp-content\/uploads\/Captura-de-pantalla-2022-01-27-234934.jpg?fit=923%2C516&ssl=1&resize=525%2C300 1.5x, https:\/\/i0.wp.com\/larevistadigital.com.ar\/blog\/wp-content\/uploads\/Captura-de-pantalla-2022-01-27-234934.jpg?fit=923%2C516&ssl=1&resize=700%2C400 2x"},"classes":[]},{"id":39054,"url":"https:\/\/larevistadigital.com.ar\/blog\/una-bruja-en-pinamar-es-la-responsable-de-los-craneos-encontrados\/","url_meta":{"origin":35292,"position":2},"title":"\u00bfUna bruja en Pinamar es la responsable de los cr\u00e1neos encontrados?","author":"Alejandro Sosa Ruda","date":"18 marzo, 2025","format":false,"excerpt":"La Justicia investiga a una mujer de 62 a\u00f1os, sospechosa de profanar tumbas y realizar\u00a0 rituales esot\u00e9ricos. 18 de Marzo de 2025 PINAMAR -\u00a0 La investigaci\u00f3n sobre el hallazgo de cr\u00e1neos y huesos humanos en un terreno de la localidad de Ostende, partido de Pinamar, ha dado sus primeros avances\u2026","rel":"","context":"En \u00abPOLICIALES\u00bb","block_context":{"text":"POLICIALES","link":"https:\/\/larevistadigital.com.ar\/blog\/category\/policiales\/"},"img":{"alt_text":"","src":"https:\/\/i0.wp.com\/larevistadigital.com.ar\/blog\/wp-content\/uploads\/ad87fd70e345d176b416f0eadb91d8bb7bdb12cb.jpg?fit=1140%2C710&ssl=1&resize=350%2C200","width":350,"height":200,"srcset":"https:\/\/i0.wp.com\/larevistadigital.com.ar\/blog\/wp-content\/uploads\/ad87fd70e345d176b416f0eadb91d8bb7bdb12cb.jpg?fit=1140%2C710&ssl=1&resize=350%2C200 1x, https:\/\/i0.wp.com\/larevistadigital.com.ar\/blog\/wp-content\/uploads\/ad87fd70e345d176b416f0eadb91d8bb7bdb12cb.jpg?fit=1140%2C710&ssl=1&resize=525%2C300 1.5x, https:\/\/i0.wp.com\/larevistadigital.com.ar\/blog\/wp-content\/uploads\/ad87fd70e345d176b416f0eadb91d8bb7bdb12cb.jpg?fit=1140%2C710&ssl=1&resize=700%2C400 2x, https:\/\/i0.wp.com\/larevistadigital.com.ar\/blog\/wp-content\/uploads\/ad87fd70e345d176b416f0eadb91d8bb7bdb12cb.jpg?fit=1140%2C710&ssl=1&resize=1050%2C600 3x"},"classes":[]},{"id":23914,"url":"https:\/\/larevistadigital.com.ar\/blog\/primicia-de-el-fuerte-investigan-los-restos-de-una-persona-enterrada-como-nn-en-chascomus\/","url_meta":{"origin":35292,"position":3},"title":"PRIMICIA DE \u00abEL FUERTE\u00bb: INVESTIGAN LOS RESTOS DE UNA PERSONA ENTERRADA COMO NN EN CHASCOM\u00daS","author":"Alejandro Sosa Ruda","date":"11 febrero, 2022","format":false,"excerpt":"En relaci\u00f3n a este hecho trabaj\u00f3 durante los a\u00f1os 2013 y 2014 un grupo de la Comisi\u00f3n de la Memoria local, que tom\u00f3 contacto en ese momento con el Equipo Argentino de Antropolog\u00eda Forense CHASCOM\u00daS -\u00a0\u00a0El Diario El Fuerte, es el protagonista de esta primicia, que sin dudas representa una\u2026","rel":"","context":"En \u00abINTERES GENERAL\u00bb","block_context":{"text":"INTERES GENERAL","link":"https:\/\/larevistadigital.com.ar\/blog\/category\/interes-general\/"},"img":{"alt_text":"","src":"https:\/\/i0.wp.com\/larevistadigital.com.ar\/blog\/wp-content\/uploads\/WhatsApp-Image-2022-02-10-at-00.27.34-737x415-1.jpeg?fit=737%2C415&ssl=1&resize=350%2C200","width":350,"height":200,"srcset":"https:\/\/i0.wp.com\/larevistadigital.com.ar\/blog\/wp-content\/uploads\/WhatsApp-Image-2022-02-10-at-00.27.34-737x415-1.jpeg?fit=737%2C415&ssl=1&resize=350%2C200 1x, https:\/\/i0.wp.com\/larevistadigital.com.ar\/blog\/wp-content\/uploads\/WhatsApp-Image-2022-02-10-at-00.27.34-737x415-1.jpeg?fit=737%2C415&ssl=1&resize=525%2C300 1.5x, https:\/\/i0.wp.com\/larevistadigital.com.ar\/blog\/wp-content\/uploads\/WhatsApp-Image-2022-02-10-at-00.27.34-737x415-1.jpeg?fit=737%2C415&ssl=1&resize=700%2C400 2x"},"classes":[]},{"id":30720,"url":"https:\/\/larevistadigital.com.ar\/blog\/mar-del-plata-en-una-construccion-encontraron-restos-de-un-gliptodonte-del-tamano-de-un-auto\/","url_meta":{"origin":35292,"position":4},"title":"MAR DEL PLATA: EN UNA CONSTRUCCI\u00d3N ENCONTRARON RESTOS DE UN GLIPTODONTE DEL TAMA\u00d1O DE UN AUTO","author":"Alejandro Sosa Ruda","date":"25 marzo, 2023","format":false,"excerpt":"El hallazgo ocurri\u00f3 el mi\u00e9rcoles en la ma\u00f1ana en el costado norte de la excavaci\u00f3n de la plaza, cerca del Museo de Ciencias Naturales Lorenzo Scaglia. Los paleont\u00f3logos de este instituto fueron los que comenzaron a recolectar los restos luego de que los trabajadores dieran aviso. 24 de marzo de\u2026","rel":"","context":"En \u00abREGIONALES\u00bb","block_context":{"text":"REGIONALES","link":"https:\/\/larevistadigital.com.ar\/blog\/category\/regionales\/"},"img":{"alt_text":"","src":"https:\/\/i0.wp.com\/larevistadigital.com.ar\/blog\/wp-content\/uploads\/20230324141512_glip.jpg?fit=880%2C512&ssl=1&resize=350%2C200","width":350,"height":200,"srcset":"https:\/\/i0.wp.com\/larevistadigital.com.ar\/blog\/wp-content\/uploads\/20230324141512_glip.jpg?fit=880%2C512&ssl=1&resize=350%2C200 1x, https:\/\/i0.wp.com\/larevistadigital.com.ar\/blog\/wp-content\/uploads\/20230324141512_glip.jpg?fit=880%2C512&ssl=1&resize=525%2C300 1.5x, https:\/\/i0.wp.com\/larevistadigital.com.ar\/blog\/wp-content\/uploads\/20230324141512_glip.jpg?fit=880%2C512&ssl=1&resize=700%2C400 2x"},"classes":[]},{"id":15799,"url":"https:\/\/larevistadigital.com.ar\/blog\/video-macabro-grababan-un-video-en-tik-tok-y-encontraron-un-cadaver\/","url_meta":{"origin":35292,"position":5},"title":"[VIDEO] MACABRO: GRABABAN UN VIDEO EN TIK-TOK Y ENCONTRARON UN CADAVER","author":"Alejandro Sosa Ruda","date":"25 junio, 2020","format":false,"excerpt":"Una pareja de j\u00f3venes estaban grabando un video en la red Tik Tok en la playa, cuando descubrieron la presencia de una valija. Se acercaron entonces, sin dejar de filmar, y al abrirla, el horror: restos humanos dentro de la valija. Todo qued\u00f3 grabado en la popular aplicaci\u00f3n y el\u2026","rel":"","context":"En \u00abINTERES GENERAL\u00bb","block_context":{"text":"INTERES GENERAL","link":"https:\/\/larevistadigital.com.ar\/blog\/category\/interes-general\/"},"img":{"alt_text":"","src":"https:\/\/i0.wp.com\/larevistadigital.com.ar\/blog\/wp-content\/uploads\/video_tik_tok.jpg?fit=640%2C360&ssl=1&resize=350%2C200","width":350,"height":200,"srcset":"https:\/\/i0.wp.com\/larevistadigital.com.ar\/blog\/wp-content\/uploads\/video_tik_tok.jpg?fit=640%2C360&ssl=1&resize=350%2C200 1x, https:\/\/i0.wp.com\/larevistadigital.com.ar\/blog\/wp-content\/uploads\/video_tik_tok.jpg?fit=640%2C360&ssl=1&resize=525%2C300 1.5x"},"classes":[]}],"_links":{"self":[{"href":"https:\/\/larevistadigital.com.ar\/blog\/wp-json\/wp\/v2\/posts\/35292","targetHints":{"allow":["GET"]}}],"collection":[{"href":"https:\/\/larevistadigital.com.ar\/blog\/wp-json\/wp\/v2\/posts"}],"about":[{"href":"https:\/\/larevistadigital.com.ar\/blog\/wp-json\/wp\/v2\/types\/post"}],"author":[{"embeddable":true,"href":"https:\/\/larevistadigital.com.ar\/blog\/wp-json\/wp\/v2\/users\/3"}],"replies":[{"embeddable":true,"href":"https:\/\/larevistadigital.com.ar\/blog\/wp-json\/wp\/v2\/comments?post=35292"}],"version-history":[{"count":1,"href":"https:\/\/larevistadigital.com.ar\/blog\/wp-json\/wp\/v2\/posts\/35292\/revisions"}],"predecessor-version":[{"id":35294,"href":"https:\/\/larevistadigital.com.ar\/blog\/wp-json\/wp\/v2\/posts\/35292\/revisions\/35294"}],"wp:featuredmedia":[{"embeddable":true,"href":"https:\/\/larevistadigital.com.ar\/blog\/wp-json\/wp\/v2\/media\/35293"}],"wp:attachment":[{"href":"https:\/\/larevistadigital.com.ar\/blog\/wp-json\/wp\/v2\/media?parent=35292"}],"wp:term":[{"taxonomy":"category","embeddable":true,"href":"https:\/\/larevistadigital.com.ar\/blog\/wp-json\/wp\/v2\/categories?post=35292"},{"taxonomy":"post_tag","embeddable":true,"href":"https:\/\/larevistadigital.com.ar\/blog\/wp-json\/wp\/v2\/tags?post=35292"}],"curies":[{"name":"wp","href":"https:\/\/api.w.org\/{rel}","templated":true}]}}