{"id":35297,"date":"2024-02-21T11:11:25","date_gmt":"2024-02-21T14:11:25","guid":{"rendered":"https:\/\/larevistadigital.com.ar\/blog\/?p=35297"},"modified":"2024-02-21T11:11:25","modified_gmt":"2024-02-21T14:11:25","slug":"camion-perdio-su-carga-tras-una-mala-maniobra","status":"publish","type":"post","link":"https:\/\/larevistadigital.com.ar\/blog\/camion-perdio-su-carga-tras-una-mala-maniobra\/","title":{"rendered":"CAMI\u00d3N PERDI\u00d3 SU CARGA TRAS UNA MALA MANIOBRA"},"content":{"rendered":"<h2>Sucedi\u00f3 en Neuqu\u00e9n hace unas horas. Perdi\u00f3 toda la carga.<\/h2>\n<p>21 de febrero de 2023<\/p>\n<p><strong>NEUQU\u00c9N &#8211;\u00a0 \u00a0<\/strong>Sucedi\u00f3 hace unas horas,\u00a0 en la segunda curva de Ruta Provincial 7 (sentido Centenario &#8211; Neuqu\u00e9n).<\/p>\n<blockquote>\n<h3>El cami\u00f3n realiz\u00f3 una mala maniobra, que como resultado hizo que pierda toda su carga de bins de peras que terminaron desparramadas en la cinta asf\u00e1ltica.<\/h3>\n<\/blockquote>\n<p>Los vecinos, r\u00e1pidamente se acercaron con bolsas al lugar, y recolectaron las frutas ca\u00eddas.<\/p>\n","protected":false},"excerpt":{"rendered":"<div class=\"mh-excerpt\"><p>Sucedi\u00f3 en Neuqu\u00e9n hace unas horas. Perdi\u00f3 toda la carga. 21 de febrero de 2023 NEUQU\u00c9N &#8211;\u00a0 \u00a0Sucedi\u00f3 hace unas horas,\u00a0 en la segunda curva de Ruta Provincial 7 (sentido Centenario &#8211; Neuqu\u00e9n). El cami\u00f3n <a class=\"mh-excerpt-more\" href=\"https:\/\/larevistadigital.com.ar\/blog\/camion-perdio-su-carga-tras-una-mala-maniobra\/\" title=\"CAMI\u00d3N PERDI\u00d3 SU CARGA TRAS UNA MALA MANIOBRA\">[Leer M\u00e1s]<\/a><\/p>\n<\/div>","protected":false},"author":3,"featured_media":35298,"comment_status":"open","ping_status":"open","sticky":false,"template":"","format":"standard","meta":{"_jetpack_memberships_contains_paid_content":false,"footnotes":"","jetpack_publicize_message":"","jetpack_publicize_feature_enabled":true,"jetpack_social_post_already_shared":true,"jetpack_social_options":{"image_generator_settings":{"template":"highway","default_image_id":0,"font":"","enabled":false},"version":2}},"categories":[51],"tags":[],"class_list":{"0":"post-35297","1":"post","2":"type-post","3":"status-publish","4":"format-standard","5":"has-post-thumbnail","7":"category-regionales"},"jetpack_publicize_connections":[],"jetpack_featured_media_url":"https:\/\/i0.wp.com\/larevistadigital.com.ar\/blog\/wp-content\/uploads\/428606348_805585218273279_1053905899784469156_n.jpg?fit=720%2C667&ssl=1","jetpack_sharing_enabled":true,"jetpack_shortlink":"https:\/\/wp.me\/p8qtrQ-9bj","jetpack-related-posts":[{"id":35325,"url":"https:\/\/larevistadigital.com.ar\/blog\/un-camion-quebro-un-arbol-en-calle-belgrano-por-una-mala-maniobra\/","url_meta":{"origin":35297,"position":0},"title":"UN CAMI\u00d3N QUEBR\u00d3 UN \u00c1RBOL EN CALLE BELGRANO POR UNA MALA MANIOBRA","author":"Alejandro Sosa Ruda","date":"26 febrero, 2024","format":false,"excerpt":"Sucedi\u00f3 a la tarde, y afortunadamente el gajo quebrado qued\u00f3 apoyado a una columna. Igual, fueron horas de exposici\u00f3n a un peligro latente. Los vecinos destacaron el trabajo de defensa civil. 26 de febrero de 2024 CHASCOM\u00daS -\u00a0 \u00a0Aproximadamente a las 17 hs. de hoy, un cami\u00f3n de gran envergadura\u2026","rel":"","context":"En \u00abCHASCOM\u00daS\u00bb","block_context":{"text":"CHASCOM\u00daS","link":"https:\/\/larevistadigital.com.ar\/blog\/category\/chascomus\/"},"img":{"alt_text":"","src":"https:\/\/i0.wp.com\/larevistadigital.com.ar\/blog\/wp-content\/uploads\/4-9.jpg?fit=900%2C1200&ssl=1&resize=350%2C200","width":350,"height":200,"srcset":"https:\/\/i0.wp.com\/larevistadigital.com.ar\/blog\/wp-content\/uploads\/4-9.jpg?fit=900%2C1200&ssl=1&resize=350%2C200 1x, https:\/\/i0.wp.com\/larevistadigital.com.ar\/blog\/wp-content\/uploads\/4-9.jpg?fit=900%2C1200&ssl=1&resize=525%2C300 1.5x, https:\/\/i0.wp.com\/larevistadigital.com.ar\/blog\/wp-content\/uploads\/4-9.jpg?fit=900%2C1200&ssl=1&resize=700%2C400 2x"},"classes":[]},{"id":13492,"url":"https:\/\/larevistadigital.com.ar\/blog\/es-aleman-llego-a-la-argentina-a-recorrer-en-bici-la-cordillera-y-le-robaron-todo-en-neuquen\/","url_meta":{"origin":35297,"position":1},"title":"ES ALEM\u00c1N. LLEG\u00d3 A LA ARGENTINA A RECORRER EN BICI LA CORDILLERA Y LE ROBARON TODO EN NEUQU\u00c9N","author":"Alejandro Sosa Ruda","date":"5 diciembre, 2019","format":false,"excerpt":"El joven sufri\u00f3 el robo de todas sus pertenencias apenas lleg\u00f3 a Neuqu\u00e9n. Se hizo un \"amigo\" al que le dej\u00f3 sus cosas, pero cuando volvi\u00f3 ya no estaba. Con el objetivo de recorrer la cordillera en bicicleta,\u00a0Mike\u00a0lleg\u00f3 al pa\u00eds desde\u00a0Alemania\u00a0hace una semana, pero en su arribo a\u00a0Neuqu\u00e9n\u00a0sufri\u00f3 el robo\u2026","rel":"","context":"En \u00abINTERES GENERAL\u00bb","block_context":{"text":"INTERES GENERAL","link":"https:\/\/larevistadigital.com.ar\/blog\/category\/interes-general\/"},"img":{"alt_text":"","src":"https:\/\/i0.wp.com\/larevistadigital.com.ar\/blog\/wp-content\/uploads\/0037203910.jpg?fit=1140%2C640&ssl=1&resize=350%2C200","width":350,"height":200,"srcset":"https:\/\/i0.wp.com\/larevistadigital.com.ar\/blog\/wp-content\/uploads\/0037203910.jpg?fit=1140%2C640&ssl=1&resize=350%2C200 1x, https:\/\/i0.wp.com\/larevistadigital.com.ar\/blog\/wp-content\/uploads\/0037203910.jpg?fit=1140%2C640&ssl=1&resize=525%2C300 1.5x, https:\/\/i0.wp.com\/larevistadigital.com.ar\/blog\/wp-content\/uploads\/0037203910.jpg?fit=1140%2C640&ssl=1&resize=700%2C400 2x, https:\/\/i0.wp.com\/larevistadigital.com.ar\/blog\/wp-content\/uploads\/0037203910.jpg?fit=1140%2C640&ssl=1&resize=1050%2C600 3x"},"classes":[]},{"id":10201,"url":"https:\/\/larevistadigital.com.ar\/blog\/chascomus-camion-se-accidento-y-casi-vuelca\/","url_meta":{"origin":35297,"position":2},"title":"CHASCOM\u00daS: CAMI\u00d3N SE ACCIDENT\u00d3 Y CASI VUELCA","author":"Alejandro Sosa Ruda","date":"15 mayo, 2019","format":false,"excerpt":"Por causas que se desconocen, un cami\u00f3n luego de alg\u00fan percance mec\u00e1nico, o alguna mala maniobra de su conductor, qued\u00f3 inclinado en la zanja y al parecer no volc\u00f3 de casualidad. Esto sucedi\u00f3 en calles Machado y la Diagonal 7 de Setiembre, y fue informado por el vecino Pedro Fayos,\u2026","rel":"","context":"En \u00abCHASCOM\u00daS\u00bb","block_context":{"text":"CHASCOM\u00daS","link":"https:\/\/larevistadigital.com.ar\/blog\/category\/chascomus\/"},"img":{"alt_text":"","src":"https:\/\/i0.wp.com\/larevistadigital.com.ar\/blog\/wp-content\/uploads\/2019\/05\/WhatsApp-Image-2019-05-15-at-08.41.17.jpeg?fit=780%2C1040&ssl=1&resize=350%2C200","width":350,"height":200,"srcset":"https:\/\/i0.wp.com\/larevistadigital.com.ar\/blog\/wp-content\/uploads\/2019\/05\/WhatsApp-Image-2019-05-15-at-08.41.17.jpeg?fit=780%2C1040&ssl=1&resize=350%2C200 1x, https:\/\/i0.wp.com\/larevistadigital.com.ar\/blog\/wp-content\/uploads\/2019\/05\/WhatsApp-Image-2019-05-15-at-08.41.17.jpeg?fit=780%2C1040&ssl=1&resize=525%2C300 1.5x, https:\/\/i0.wp.com\/larevistadigital.com.ar\/blog\/wp-content\/uploads\/2019\/05\/WhatsApp-Image-2019-05-15-at-08.41.17.jpeg?fit=780%2C1040&ssl=1&resize=700%2C400 2x"},"classes":[]},{"id":12224,"url":"https:\/\/larevistadigital.com.ar\/blog\/chascomus-dolor-por-el-fallecimiento-de-un-joven-en-un-accidente-con-su-moto\/","url_meta":{"origin":35297,"position":3},"title":"CHASCOM\u00daS: DOLOR POR EL FALLECIMIENTO DE UN J\u00d3VEN EN UN ACCIDENTE CON SU MOTO","author":"Alejandro Sosa Ruda","date":"22 septiembre, 2019","format":false,"excerpt":"El hecho sucedi\u00f3 ayer, y el protagonista fue el joven Lucas Romero, de tan solo 17 a\u00f1os, quien de manera inexplicable perdi\u00f3 el control de su motocicleta, impactando contra un poste de luz cerca de la intersecci\u00f3n de las calles Yrigoyen y Neuqu\u00e9n. Desde las redes sociales se puede apreciar\u2026","rel":"","context":"En \u00abINTERES GENERAL\u00bb","block_context":{"text":"INTERES GENERAL","link":"https:\/\/larevistadigital.com.ar\/blog\/category\/interes-general\/"},"img":{"alt_text":"","src":"https:\/\/i0.wp.com\/larevistadigital.com.ar\/blog\/wp-content\/uploads\/2017\/10\/CRESP%C3%93N-NEGRO.jpg?fit=900%2C900&ssl=1&resize=350%2C200","width":350,"height":200,"srcset":"https:\/\/i0.wp.com\/larevistadigital.com.ar\/blog\/wp-content\/uploads\/2017\/10\/CRESP%C3%93N-NEGRO.jpg?fit=900%2C900&ssl=1&resize=350%2C200 1x, https:\/\/i0.wp.com\/larevistadigital.com.ar\/blog\/wp-content\/uploads\/2017\/10\/CRESP%C3%93N-NEGRO.jpg?fit=900%2C900&ssl=1&resize=525%2C300 1.5x, https:\/\/i0.wp.com\/larevistadigital.com.ar\/blog\/wp-content\/uploads\/2017\/10\/CRESP%C3%93N-NEGRO.jpg?fit=900%2C900&ssl=1&resize=700%2C400 2x"},"classes":[]},{"id":34301,"url":"https:\/\/larevistadigital.com.ar\/blog\/impactante-choque-en-autopista-campora-volco-un-camion-y-murio-el-chofer\/","url_meta":{"origin":35297,"position":4},"title":"IMPACTANTE CHOQUE EN AUTOPISTA C\u00c1MPORA: VOLC\u00d3 UN CAMI\u00d3N Y MURI\u00d3 EL CHOFER","author":"Alejandro Sosa Ruda","date":"31 octubre, 2023","format":false,"excerpt":"El conductor muri\u00f3 luego de perder el control del veh\u00edculo de transporte de carga, chocar contra un poste y volcar en la autov\u00eda. 31 de Octubre de 2023 Un camionero muri\u00f3 en la madrugada de este mi\u00e9rcoles luego de perder el control del veh\u00edculo de carga que conduc\u00eda, chocar contra\u2026","rel":"","context":"En \u00abINTERES GENERAL\u00bb","block_context":{"text":"INTERES GENERAL","link":"https:\/\/larevistadigital.com.ar\/blog\/category\/interes-general\/"},"img":{"alt_text":"","src":"https:\/\/i0.wp.com\/larevistadigital.com.ar\/blog\/wp-content\/uploads\/Captura-de-pantalla-2023-10-31-163301.png?fit=602%2C359&ssl=1&resize=350%2C200","width":350,"height":200,"srcset":"https:\/\/i0.wp.com\/larevistadigital.com.ar\/blog\/wp-content\/uploads\/Captura-de-pantalla-2023-10-31-163301.png?fit=602%2C359&ssl=1&resize=350%2C200 1x, https:\/\/i0.wp.com\/larevistadigital.com.ar\/blog\/wp-content\/uploads\/Captura-de-pantalla-2023-10-31-163301.png?fit=602%2C359&ssl=1&resize=525%2C300 1.5x"},"classes":[]},{"id":37016,"url":"https:\/\/larevistadigital.com.ar\/blog\/quiso-doblar-y-quedo-con-el-camion-cruzado-en-un-importante-acceso-de-la-ruda-40\/","url_meta":{"origin":35297,"position":5},"title":"QUISO DOBLAR, Y QUED\u00d3 CON EL CAMI\u00d3N CRUZADO EN UN IMPORTANTE ACCESO DE LA RUDA 40","author":"Alejandro Sosa Ruda","date":"20 agosto, 2024","format":false,"excerpt":"La polic\u00eda tuvo que cortar el tr\u00e1nsito, ya que el cami\u00f3n cort\u00f3 la entrada a Avenida Circunvalaci\u00f3n y la entrada a la ciudad. 20 de Agosto de 2024 SAN JUAN -\u00a0 \u00a0Cerca de las 11 horas de este martes se desat\u00f3 un caos en el Acceso Norte de Ruta 40.\u2026","rel":"","context":"En \u00abINTERES GENERAL\u00bb","block_context":{"text":"INTERES GENERAL","link":"https:\/\/larevistadigital.com.ar\/blog\/category\/interes-general\/"},"img":{"alt_text":"","src":"https:\/\/i0.wp.com\/larevistadigital.com.ar\/blog\/wp-content\/uploads\/456184553_925209379644195_4147249237371022068_n.jpg?fit=790%2C526&ssl=1&resize=350%2C200","width":350,"height":200,"srcset":"https:\/\/i0.wp.com\/larevistadigital.com.ar\/blog\/wp-content\/uploads\/456184553_925209379644195_4147249237371022068_n.jpg?fit=790%2C526&ssl=1&resize=350%2C200 1x, https:\/\/i0.wp.com\/larevistadigital.com.ar\/blog\/wp-content\/uploads\/456184553_925209379644195_4147249237371022068_n.jpg?fit=790%2C526&ssl=1&resize=525%2C300 1.5x, https:\/\/i0.wp.com\/larevistadigital.com.ar\/blog\/wp-content\/uploads\/456184553_925209379644195_4147249237371022068_n.jpg?fit=790%2C526&ssl=1&resize=700%2C400 2x"},"classes":[]}],"_links":{"self":[{"href":"https:\/\/larevistadigital.com.ar\/blog\/wp-json\/wp\/v2\/posts\/35297","targetHints":{"allow":["GET"]}}],"collection":[{"href":"https:\/\/larevistadigital.com.ar\/blog\/wp-json\/wp\/v2\/posts"}],"about":[{"href":"https:\/\/larevistadigital.com.ar\/blog\/wp-json\/wp\/v2\/types\/post"}],"author":[{"embeddable":true,"href":"https:\/\/larevistadigital.com.ar\/blog\/wp-json\/wp\/v2\/users\/3"}],"replies":[{"embeddable":true,"href":"https:\/\/larevistadigital.com.ar\/blog\/wp-json\/wp\/v2\/comments?post=35297"}],"version-history":[{"count":1,"href":"https:\/\/larevistadigital.com.ar\/blog\/wp-json\/wp\/v2\/posts\/35297\/revisions"}],"predecessor-version":[{"id":35299,"href":"https:\/\/larevistadigital.com.ar\/blog\/wp-json\/wp\/v2\/posts\/35297\/revisions\/35299"}],"wp:featuredmedia":[{"embeddable":true,"href":"https:\/\/larevistadigital.com.ar\/blog\/wp-json\/wp\/v2\/media\/35298"}],"wp:attachment":[{"href":"https:\/\/larevistadigital.com.ar\/blog\/wp-json\/wp\/v2\/media?parent=35297"}],"wp:term":[{"taxonomy":"category","embeddable":true,"href":"https:\/\/larevistadigital.com.ar\/blog\/wp-json\/wp\/v2\/categories?post=35297"},{"taxonomy":"post_tag","embeddable":true,"href":"https:\/\/larevistadigital.com.ar\/blog\/wp-json\/wp\/v2\/tags?post=35297"}],"curies":[{"name":"wp","href":"https:\/\/api.w.org\/{rel}","templated":true}]}}