{"id":35300,"date":"2024-02-21T11:36:03","date_gmt":"2024-02-21T14:36:03","guid":{"rendered":"https:\/\/larevistadigital.com.ar\/blog\/?p=35300"},"modified":"2024-02-21T11:36:03","modified_gmt":"2024-02-21T14:36:03","slug":"abuso-sexualmente-de-una-nina-y-pide-la-domiciliaria","status":"publish","type":"post","link":"https:\/\/larevistadigital.com.ar\/blog\/abuso-sexualmente-de-una-nina-y-pide-la-domiciliaria\/","title":{"rendered":"ABUS\u00d3 SEXUALMENTE DE UNA NI\u00d1A, Y PIDE LA DOMICILIARIA"},"content":{"rendered":"<h2>El acusado se encuentra con prisi\u00f3n preventiva en una Unidad Penitenciaria provincial.<\/h2>\n<p>21 de febrero de 2023<\/p>\n<p><strong>MAR DEL TUY\u00da &#8211;\u00a0\u00a0<\/strong><\/p>\n<p>La Justicia imput\u00f3 a R.C M . por abuso sexual, perpetrado a una ni\u00f1a menor de 10 a\u00f1os, y en las \u00faltimas horas, la defensa del abusador present\u00f3 un pedido de prisi\u00f3n domiciliaria monitoreada a la justicia del departamento Judicial de Dolores.<\/p>\n<blockquote>\n<h3>Los abusos reiterados fueron comprobados por la fiscal\u00eda de Mar del Tuy\u00fa actuante, en la comisi\u00f3n del hecho.<\/h3>\n<\/blockquote>\n<p>El abusador atacaba en el circulo familiar y cuando la ni\u00f1a pudo manifestar a su madre lo que estaba ocurriendo se realiz\u00f3 la denuncia.<\/p>\n<p>El sujeto se encuentra en prisi\u00f3n preventiva, en una unidad penitenciaria de la provincia de Buenos Aires.<\/p>\n","protected":false},"excerpt":{"rendered":"<div class=\"mh-excerpt\"><p>El acusado se encuentra con prisi\u00f3n preventiva en una Unidad Penitenciaria provincial. 21 de febrero de 2023 MAR DEL TUY\u00da &#8211;\u00a0\u00a0 La Justicia imput\u00f3 a R.C M . por abuso sexual, perpetrado a una ni\u00f1a <a class=\"mh-excerpt-more\" href=\"https:\/\/larevistadigital.com.ar\/blog\/abuso-sexualmente-de-una-nina-y-pide-la-domiciliaria\/\" title=\"ABUS\u00d3 SEXUALMENTE DE UNA NI\u00d1A, Y PIDE LA DOMICILIARIA\">[Leer M\u00e1s]<\/a><\/p>\n<\/div>","protected":false},"author":3,"featured_media":11887,"comment_status":"open","ping_status":"open","sticky":false,"template":"","format":"standard","meta":{"_jetpack_memberships_contains_paid_content":false,"footnotes":"","jetpack_publicize_message":"","jetpack_publicize_feature_enabled":true,"jetpack_social_post_already_shared":true,"jetpack_social_options":{"image_generator_settings":{"template":"highway","default_image_id":0,"font":"","enabled":false},"version":2}},"categories":[44,51],"tags":[],"class_list":{"0":"post-35300","1":"post","2":"type-post","3":"status-publish","4":"format-standard","5":"has-post-thumbnail","7":"category-policiales","8":"category-regionales"},"jetpack_publicize_connections":[],"jetpack_featured_media_url":"https:\/\/i0.wp.com\/larevistadigital.com.ar\/blog\/wp-content\/uploads\/menores-abuso.png?fit=1001%2C565&ssl=1","jetpack_sharing_enabled":true,"jetpack_shortlink":"https:\/\/wp.me\/p8qtrQ-9bm","jetpack-related-posts":[{"id":23947,"url":"https:\/\/larevistadigital.com.ar\/blog\/revocan-la-prision-domiciliaria-del-hombre-detenido-por-abusar-de-su-bisnieta-de-3-meses\/","url_meta":{"origin":35300,"position":0},"title":"REVOCAN LA PRISI\u00d3N DOMICILIARIA DEL HOMBRE DETENIDO POR ABUSAR DE SU BISNIETA DE 3 MESES","author":"Alejandro Sosa Ruda","date":"12 febrero, 2022","format":false,"excerpt":"El jueves pasado cuando la Polic\u00eda Bonaerense detuvo a un hombre de 63 a\u00f1os acusado de haber abusado sexualmente de su bisnieta de tres meses, uno de los datos que emergi\u00f3 r\u00e1pidamente entre los investigadores era que en esa casa el imputado cumpl\u00eda prisi\u00f3n domiciliaria por una causa previa, tambi\u00e9n\u2026","rel":"","context":"En \u00abINTERES GENERAL\u00bb","block_context":{"text":"INTERES GENERAL","link":"https:\/\/larevistadigital.com.ar\/blog\/category\/interes-general\/"},"img":{"alt_text":"","src":"https:\/\/i0.wp.com\/larevistadigital.com.ar\/blog\/wp-content\/uploads\/20220211154836_tribunal-oral-federal-mar-del-plata.jpg?fit=880%2C512&ssl=1&resize=350%2C200","width":350,"height":200,"srcset":"https:\/\/i0.wp.com\/larevistadigital.com.ar\/blog\/wp-content\/uploads\/20220211154836_tribunal-oral-federal-mar-del-plata.jpg?fit=880%2C512&ssl=1&resize=350%2C200 1x, https:\/\/i0.wp.com\/larevistadigital.com.ar\/blog\/wp-content\/uploads\/20220211154836_tribunal-oral-federal-mar-del-plata.jpg?fit=880%2C512&ssl=1&resize=525%2C300 1.5x, https:\/\/i0.wp.com\/larevistadigital.com.ar\/blog\/wp-content\/uploads\/20220211154836_tribunal-oral-federal-mar-del-plata.jpg?fit=880%2C512&ssl=1&resize=700%2C400 2x"},"classes":[]},{"id":30734,"url":"https:\/\/larevistadigital.com.ar\/blog\/justicia-en-mar-del-tuyu-piden-3-anos-de-prision-en-suspenso-para-un-docente-acusado-de-abusar-de-una-jovencita\/","url_meta":{"origin":35300,"position":1},"title":"\u00bfJUSTICIA?&#8230; EN MAR DEL TUY\u00da PIDEN 3 A\u00d1OS DE PRISI\u00d3N EN SUSPENSO PARA UN DOCENTE ACUSADO DE ABUSAR DE UNA JOVENCITA","author":"Alejandro Sosa Ruda","date":"25 marzo, 2023","format":false,"excerpt":"Lo di\u00f3 a conocer el sitio \"entrel\u00edneas\". Se trata de Leandro Pinto, quien ir\u00e1 a juicio por \u201cabuso sexual simple -reiterado- agravado por ser el encargado de la guarda\u201d de una chica de 15 a\u00f1os. \u201cParece un chiste\u201d, dijo Mat\u00edas Porta, padre de la v\u00edctima. MAR DEL TUY\u00da -\u00a0 La\u00a0Unidad\u2026","rel":"","context":"En \u00abPOLICIALES\u00bb","block_context":{"text":"POLICIALES","link":"https:\/\/larevistadigital.com.ar\/blog\/category\/policiales\/"},"img":{"alt_text":"","src":"https:\/\/i0.wp.com\/larevistadigital.com.ar\/blog\/wp-content\/uploads\/d7e7d3f8d55d2fb526a543396604f5bf68ee58f5.jpg?fit=1140%2C726&ssl=1&resize=350%2C200","width":350,"height":200,"srcset":"https:\/\/i0.wp.com\/larevistadigital.com.ar\/blog\/wp-content\/uploads\/d7e7d3f8d55d2fb526a543396604f5bf68ee58f5.jpg?fit=1140%2C726&ssl=1&resize=350%2C200 1x, https:\/\/i0.wp.com\/larevistadigital.com.ar\/blog\/wp-content\/uploads\/d7e7d3f8d55d2fb526a543396604f5bf68ee58f5.jpg?fit=1140%2C726&ssl=1&resize=525%2C300 1.5x, https:\/\/i0.wp.com\/larevistadigital.com.ar\/blog\/wp-content\/uploads\/d7e7d3f8d55d2fb526a543396604f5bf68ee58f5.jpg?fit=1140%2C726&ssl=1&resize=700%2C400 2x, https:\/\/i0.wp.com\/larevistadigital.com.ar\/blog\/wp-content\/uploads\/d7e7d3f8d55d2fb526a543396604f5bf68ee58f5.jpg?fit=1140%2C726&ssl=1&resize=1050%2C600 3x"},"classes":[]},{"id":23827,"url":"https:\/\/larevistadigital.com.ar\/blog\/chacal-en-mar-del-plata-cumplia-prision-domiciliaria-y-abuso-de-su-bisnieta-de-3-meses\/","url_meta":{"origin":35300,"position":2},"title":"CHACAL EN MAR DEL PLATA: CUMPL\u00cdA PRISI\u00d3N DOMICILIARIA Y ABUS\u00d3 DE SU BISNIETA DE 3 MESES","author":"Alejandro Sosa Ruda","date":"5 febrero, 2022","format":false,"excerpt":"Los m\u00e9dicos que revisaron a la menor confirmaron que presentaba lesiones, por lo que de inmediato dieron intervenci\u00f3n a la Polic\u00eda. Con el informe de los profesionales y los antecedentes penales del hombre, la fiscal de turno Mar\u00eda Florencia Salas pidi\u00f3 la inmediata detenci\u00f3n del hombre. MAR DEL PLATA -\u00a0\u2026","rel":"","context":"En \u00abPOLICIALES\u00bb","block_context":{"text":"POLICIALES","link":"https:\/\/larevistadigital.com.ar\/blog\/category\/policiales\/"},"img":{"alt_text":"","src":"https:\/\/i0.wp.com\/larevistadigital.com.ar\/blog\/wp-content\/uploads\/20220204180112_maternoinfantil-1024x695-810x550-1.jpg?fit=880%2C512&ssl=1&resize=350%2C200","width":350,"height":200,"srcset":"https:\/\/i0.wp.com\/larevistadigital.com.ar\/blog\/wp-content\/uploads\/20220204180112_maternoinfantil-1024x695-810x550-1.jpg?fit=880%2C512&ssl=1&resize=350%2C200 1x, https:\/\/i0.wp.com\/larevistadigital.com.ar\/blog\/wp-content\/uploads\/20220204180112_maternoinfantil-1024x695-810x550-1.jpg?fit=880%2C512&ssl=1&resize=525%2C300 1.5x, https:\/\/i0.wp.com\/larevistadigital.com.ar\/blog\/wp-content\/uploads\/20220204180112_maternoinfantil-1024x695-810x550-1.jpg?fit=880%2C512&ssl=1&resize=700%2C400 2x"},"classes":[]},{"id":29187,"url":"https:\/\/larevistadigital.com.ar\/blog\/conocido-periodista-costero-fue-condenado-a-10-anos-de-prision-de-cumplimiento-efectivo-por-abuso-sexual\/","url_meta":{"origin":35300,"position":3},"title":"CONOCIDO PERIODISTA COSTERO FUE CONDENADO A 10 A\u00d1OS DE PRISI\u00d3N DE CUMPLIMIENTO EFECTIVO POR ABUSO SEXUAL","author":"Alejandro Sosa Ruda","date":"30 noviembre, 2022","format":false,"excerpt":"Despu\u00e9s de m\u00e1s de tres a\u00f1os de idas y venidas de la Justicia, finalmente este martes se confirm\u00f3 la condena al periodista costero Eduardo Arias, a quien el Tribunal en lo Criminal N\u00b0 1 de Dolores, lo conden\u00f3 a 10 a\u00f1os de prisi\u00f3n de cumplimiento efectivo, despu\u00e9s de haber sido\u2026","rel":"","context":"En \u00abDOLORES\u00bb","block_context":{"text":"DOLORES","link":"https:\/\/larevistadigital.com.ar\/blog\/category\/dolores\/"},"img":{"alt_text":"","src":"https:\/\/i0.wp.com\/larevistadigital.com.ar\/blog\/wp-content\/uploads\/20221130081057_eduardo-arias-condena.jpg?fit=880%2C512&ssl=1&resize=350%2C200","width":350,"height":200,"srcset":"https:\/\/i0.wp.com\/larevistadigital.com.ar\/blog\/wp-content\/uploads\/20221130081057_eduardo-arias-condena.jpg?fit=880%2C512&ssl=1&resize=350%2C200 1x, https:\/\/i0.wp.com\/larevistadigital.com.ar\/blog\/wp-content\/uploads\/20221130081057_eduardo-arias-condena.jpg?fit=880%2C512&ssl=1&resize=525%2C300 1.5x, https:\/\/i0.wp.com\/larevistadigital.com.ar\/blog\/wp-content\/uploads\/20221130081057_eduardo-arias-condena.jpg?fit=880%2C512&ssl=1&resize=700%2C400 2x"},"classes":[]},{"id":4166,"url":"https:\/\/larevistadigital.com.ar\/blog\/cristina-procesada-pedido-prision-preventiva-pedido-desafuero\/","url_meta":{"origin":35300,"position":4},"title":"CRISTINA PROCESADA, CON PEDIDO DE PRISI\u00d3N PREVENTIVA, Y PEDIDO DE DESAFUERO","author":"Alejandro Sosa Ruda","date":"7 diciembre, 2017","format":false,"excerpt":"BONAD\u00cdO PIDI\u00d3 EL DESAFUERO DE LA EX PRESIDENTE, PARA DETENERLA POR EL DELITO DE \"TRAICI\u00d3N A LA PATRIA\", MIENTRAS TANTO SE OTORG\u00d3 A TIMERMANN LA PRISI\u00d3N DOMICILIARIA. El\u00a0 Juez Claudio Bonadio, dict\u00f3 la prisi\u00f3n preventiva de la ex presidente Cristina Fern\u00e1ndez de Kirchner, pidi\u00f3 su desafuero y la embarg\u00f3 por\u2026","rel":"","context":"En \u00abDESTACADAS\u00bb","block_context":{"text":"DESTACADAS","link":"https:\/\/larevistadigital.com.ar\/blog\/category\/destacadas\/"},"img":{"alt_text":"","src":"https:\/\/i0.wp.com\/larevistadigital.com.ar\/blog\/wp-content\/uploads\/2017\/12\/Cristina-esta-enojada.jpg?fit=970%2C546&ssl=1&resize=350%2C200","width":350,"height":200,"srcset":"https:\/\/i0.wp.com\/larevistadigital.com.ar\/blog\/wp-content\/uploads\/2017\/12\/Cristina-esta-enojada.jpg?fit=970%2C546&ssl=1&resize=350%2C200 1x, https:\/\/i0.wp.com\/larevistadigital.com.ar\/blog\/wp-content\/uploads\/2017\/12\/Cristina-esta-enojada.jpg?fit=970%2C546&ssl=1&resize=525%2C300 1.5x, https:\/\/i0.wp.com\/larevistadigital.com.ar\/blog\/wp-content\/uploads\/2017\/12\/Cristina-esta-enojada.jpg?fit=970%2C546&ssl=1&resize=700%2C400 2x"},"classes":[]},{"id":20866,"url":"https:\/\/larevistadigital.com.ar\/blog\/piden-revocar-la-prision-domiciliaria-de-alberto-samid\/","url_meta":{"origin":35300,"position":5},"title":"PIDEN REVOCAR LA PRISI\u00d3N DOMICILIARIA DE ALBERTO SAMID","author":"Alejandro Sosa Ruda","date":"23 junio, 2021","format":false,"excerpt":"A trav\u00e9s de una presentaci\u00f3n formulada hace minutos, el diputado bonaerense de Juntos por el Cambio, Luciano Bugallo, solicit\u00f3 ante la Unidad Fiscal de Ejecuci\u00f3n Penal que se le revoque el beneficio de la presi\u00f3n domiciliaria a Alberto Samid, luego del esc\u00e1ndalo protagonizado esta tarde en Ramos Mejia donde comensales\u2026","rel":"","context":"En \u00abINTERES GENERAL\u00bb","block_context":{"text":"INTERES GENERAL","link":"https:\/\/larevistadigital.com.ar\/blog\/category\/interes-general\/"},"img":{"alt_text":"","src":"https:\/\/i0.wp.com\/larevistadigital.com.ar\/blog\/wp-content\/uploads\/ARCHI_852001.jpg?fit=760%2C424&ssl=1&resize=350%2C200","width":350,"height":200,"srcset":"https:\/\/i0.wp.com\/larevistadigital.com.ar\/blog\/wp-content\/uploads\/ARCHI_852001.jpg?fit=760%2C424&ssl=1&resize=350%2C200 1x, https:\/\/i0.wp.com\/larevistadigital.com.ar\/blog\/wp-content\/uploads\/ARCHI_852001.jpg?fit=760%2C424&ssl=1&resize=525%2C300 1.5x, https:\/\/i0.wp.com\/larevistadigital.com.ar\/blog\/wp-content\/uploads\/ARCHI_852001.jpg?fit=760%2C424&ssl=1&resize=700%2C400 2x"},"classes":[]}],"_links":{"self":[{"href":"https:\/\/larevistadigital.com.ar\/blog\/wp-json\/wp\/v2\/posts\/35300","targetHints":{"allow":["GET"]}}],"collection":[{"href":"https:\/\/larevistadigital.com.ar\/blog\/wp-json\/wp\/v2\/posts"}],"about":[{"href":"https:\/\/larevistadigital.com.ar\/blog\/wp-json\/wp\/v2\/types\/post"}],"author":[{"embeddable":true,"href":"https:\/\/larevistadigital.com.ar\/blog\/wp-json\/wp\/v2\/users\/3"}],"replies":[{"embeddable":true,"href":"https:\/\/larevistadigital.com.ar\/blog\/wp-json\/wp\/v2\/comments?post=35300"}],"version-history":[{"count":1,"href":"https:\/\/larevistadigital.com.ar\/blog\/wp-json\/wp\/v2\/posts\/35300\/revisions"}],"predecessor-version":[{"id":35301,"href":"https:\/\/larevistadigital.com.ar\/blog\/wp-json\/wp\/v2\/posts\/35300\/revisions\/35301"}],"wp:featuredmedia":[{"embeddable":true,"href":"https:\/\/larevistadigital.com.ar\/blog\/wp-json\/wp\/v2\/media\/11887"}],"wp:attachment":[{"href":"https:\/\/larevistadigital.com.ar\/blog\/wp-json\/wp\/v2\/media?parent=35300"}],"wp:term":[{"taxonomy":"category","embeddable":true,"href":"https:\/\/larevistadigital.com.ar\/blog\/wp-json\/wp\/v2\/categories?post=35300"},{"taxonomy":"post_tag","embeddable":true,"href":"https:\/\/larevistadigital.com.ar\/blog\/wp-json\/wp\/v2\/tags?post=35300"}],"curies":[{"name":"wp","href":"https:\/\/api.w.org\/{rel}","templated":true}]}}