{"id":35304,"date":"2024-02-22T01:18:22","date_gmt":"2024-02-22T04:18:22","guid":{"rendered":"https:\/\/larevistadigital.com.ar\/blog\/?p=35304"},"modified":"2024-02-22T01:18:22","modified_gmt":"2024-02-22T04:18:22","slug":"tandil-segun-los-profesionales-de-cicop-la-salud-publica-esta-al-borde-del-colapso","status":"publish","type":"post","link":"https:\/\/larevistadigital.com.ar\/blog\/tandil-segun-los-profesionales-de-cicop-la-salud-publica-esta-al-borde-del-colapso\/","title":{"rendered":"TANDIL: SEG\u00daN LOS PROFESIONALES DE CICOP, LA SALUD P\u00daBLICA EST\u00c1 AL BORDE DEL COLAPSO"},"content":{"rendered":"<p><em><strong>La reciente renuncia de los tres \u00fanicos onc\u00f3logos del Hospital Santamarina de Tandil puso al descubierto los bajos salarios, la precarizaci\u00f3n laboral y el destrato que padecen los profesionales de la salud del distrito. El gremio que nuclea a los profesionales de la salud p\u00fablica (CICOP) manifest\u00f3 su preocupaci\u00f3n por la falta de respuestas del Gobierno local. Adem\u00e1s, denunci\u00f3 el incumplimiento sistem\u00e1tico de los fallos judiciales a favor del sindicato. \u201cCICOP podr\u00eda ser un interlocutor v\u00e1lido en este contexto de crisis para buscar soluciones conjuntas y salir adelante\u201d, se\u00f1alaron al respecto.<\/strong><\/em><\/p>\n<p>22 de febrero de 202<\/p>\n<p>La Asociaci\u00f3n Sindical de Profesionales de la Salud de la Provincia de Buenos Aires (CICOP) se pronunci\u00f3 hoy en estado de alerta ante la grave situaci\u00f3n que atraviesa el sistema p\u00fablico de salud del distrito de Tandil tras una renuncia masiva de profesionales, que puso de manifiesto los magros salarios, la crisis de recursos humanos del sector y la discrecionalidad en las promociones. Todo esto en un contexto de fuerte demanda de los servicios p\u00fablicos de salud.<\/p>\n<p><strong><em>\u201cHace a\u00f1os que venimos advirtiendo sobre la crisis creciente en el sistema de salud, marcada por los bajos salarios, el desinter\u00e9s y la falta de respuestas por parte de las autoridades municipales. La reciente renuncia de los tres \u00fanicos onc\u00f3logos y otros especialistas del Hospital Santamarina, sumada al \u00e9xodo de profesionales altamente capacitados que no son reemplazados por pares, deja al sistema sanitario local en una situaci\u00f3n cr\u00edtica\u201d<\/em><\/strong>, sostuvieron desde CICOP.<\/p>\n<blockquote>\n<h3>En concreto, detallaron que un profesional de la salud del distrito de Tandil con 20 a\u00f1os de antig\u00fcedad cobra alrededor de $370.000. Mientras que un par con dos a\u00f1os de antig\u00fcedad percibe salarios de $180.000 aproximadamente. Por esta raz\u00f3n, los profesionales de la salud optan por emigrar a ciudades linderas donde las propuestas salariales son superlativamente mejores.<\/h3>\n<\/blockquote>\n<p>Por si fuera poco, afirmaron que <em><strong>\u201cel Ejecutivo se burla de la profesi\u00f3n y los ciudadanos. Cambian la atenci\u00f3n personalizada por profesionales contratados para atender desde otras ciudades a distancia. Relaci\u00f3n profesional-paciente a trav\u00e9s de una pantalla, a\u00fan en especialidades en donde la semiolog\u00eda (examinar al paciente) es una de las patas fundamentales en el diagn\u00f3stico y tratamiento\u201d.<\/strong><\/em><\/p>\n<blockquote>\n<h3>Asimismo, desde el gremio denunciaron que <strong><em>\u201cel Municipio desobece los fallos de la Justicia que establecen que tiene que convocar a CICOP a dialogar. Muy por el contrario, cerr\u00f3 todos los canales de comunicaci\u00f3n y negociaci\u00f3n cuando podr\u00edamos ser un interlocutor v\u00e1lido en este contexto de crisis para buscar soluciones conjuntas y salir adelante\u201d.<\/em><\/strong><\/h3>\n<\/blockquote>\n<p>Cabe recordar que en 2022 la Suprema Corte de Justicia bonaerense, por unanimidad, dict\u00f3 sentencia confirmando la decisi\u00f3n del Tribunal del Trabajo local que reconoci\u00f3 a la Seccional Tandil de CICOP como un gremio con legalidad y legitimidad para ser interlocutor de la Municipalidad de Tandil en relaci\u00f3n a las condiciones de trabajo y de remuneraci\u00f3n que afecten a todos los profesionales de la salud que se desempe\u00f1an en relaci\u00f3n de dependencia con el municipio.<\/p>\n<p>Frente a este complejo escenario, la Seccional local del gremio, CICOP Municipales de Tandil, realizar\u00e1 una Asamblea de Trabajadores el d\u00eda viernes 23 de febrero para analizar las acciones a seguir.<\/p>\n","protected":false},"excerpt":{"rendered":"<div class=\"mh-excerpt\"><p>La reciente renuncia de los tres \u00fanicos onc\u00f3logos del Hospital Santamarina de Tandil puso al descubierto los bajos salarios, la precarizaci\u00f3n laboral y el destrato que padecen los profesionales de la salud del distrito. El <a class=\"mh-excerpt-more\" href=\"https:\/\/larevistadigital.com.ar\/blog\/tandil-segun-los-profesionales-de-cicop-la-salud-publica-esta-al-borde-del-colapso\/\" title=\"TANDIL: SEG\u00daN LOS PROFESIONALES DE CICOP, LA SALUD P\u00daBLICA EST\u00c1 AL BORDE DEL COLAPSO\">[Leer M\u00e1s]<\/a><\/p>\n<\/div>","protected":false},"author":3,"featured_media":35306,"comment_status":"open","ping_status":"open","sticky":false,"template":"","format":"standard","meta":{"_jetpack_memberships_contains_paid_content":false,"footnotes":"","jetpack_publicize_message":"","jetpack_publicize_feature_enabled":true,"jetpack_social_post_already_shared":true,"jetpack_social_options":{"image_generator_settings":{"template":"highway","default_image_id":0,"font":"","enabled":false},"version":2}},"categories":[51],"tags":[],"class_list":{"0":"post-35304","1":"post","2":"type-post","3":"status-publish","4":"format-standard","5":"has-post-thumbnail","7":"category-regionales"},"jetpack_publicize_connections":[],"jetpack_featured_media_url":"https:\/\/i0.wp.com\/larevistadigital.com.ar\/blog\/wp-content\/uploads\/hospital-santamarina-tandil.jpg?fit=700%2C392&ssl=1","jetpack_sharing_enabled":true,"jetpack_shortlink":"https:\/\/wp.me\/p8qtrQ-9bq","jetpack-related-posts":[{"id":29148,"url":"https:\/\/larevistadigital.com.ar\/blog\/cicop-para-los-dias-1-y-7-de-diciembre\/","url_meta":{"origin":35304,"position":0},"title":"CICOP PARA A LOS PROFESIONALES DE LA SALUD, LOS D\u00cdAS 1\u00b0 Y 7 DE DICIEMBRE","author":"Alejandro Sosa Ruda","date":"29 noviembre, 2022","format":false,"excerpt":"El gremio de profesionales de la salud p\u00fablica bonaerense comienza diciembre con dos paros \"por recomposici\u00f3n salarial en salud, aprobaci\u00f3n del proyecto de pase de Ley 10.430 a 10.471, por pase a planta de todos los becarios y becarias, contra el Impuesto a las Ganancias, por la extensi\u00f3n del Desgaste\u2026","rel":"","context":"En \u00abGREMIALES\u00bb","block_context":{"text":"GREMIALES","link":"https:\/\/larevistadigital.com.ar\/blog\/category\/gremiales\/"},"img":{"alt_text":"","src":"https:\/\/i0.wp.com\/larevistadigital.com.ar\/blog\/wp-content\/uploads\/mail-1.png?fit=1200%2C1199&ssl=1&resize=350%2C200","width":350,"height":200,"srcset":"https:\/\/i0.wp.com\/larevistadigital.com.ar\/blog\/wp-content\/uploads\/mail-1.png?fit=1200%2C1199&ssl=1&resize=350%2C200 1x, https:\/\/i0.wp.com\/larevistadigital.com.ar\/blog\/wp-content\/uploads\/mail-1.png?fit=1200%2C1199&ssl=1&resize=525%2C300 1.5x, https:\/\/i0.wp.com\/larevistadigital.com.ar\/blog\/wp-content\/uploads\/mail-1.png?fit=1200%2C1199&ssl=1&resize=700%2C400 2x, https:\/\/i0.wp.com\/larevistadigital.com.ar\/blog\/wp-content\/uploads\/mail-1.png?fit=1200%2C1199&ssl=1&resize=1050%2C600 3x"},"classes":[]},{"id":13207,"url":"https:\/\/larevistadigital.com.ar\/blog\/cicop-los-profesionales-de-la-salud-exigen-al-gobierno-provincial-actualizar-los-salarios-en-noviembre\/","url_meta":{"origin":35304,"position":1},"title":"CICOP: LOS PROFESIONALES DE LA SALUD EXIGEN AL GOBIERNO PROVINCIAL ACTUALIZAR LOS SALARIOS EN NOVIEMBRE","author":"Alejandro Sosa Ruda","date":"17 noviembre, 2019","format":false,"excerpt":"El Consejo Directivo de la Asociaci\u00f3n Sindical de Profesionales de la Salud de la Provincia de Buenos Aires (CICOP) realiz\u00f3 este mi\u00e9rcoles\u00a0una presentaci\u00f3n formal ante el Ministerio de Trabajo bonaerense, que encabeza Marcelo Villegas, para exigir el cumplimiento de los distintos compromisos asumidos por el gobierno de Mar\u00eda Eugenia Vidal\u2026","rel":"","context":"En \u00abGREMIALES\u00bb","block_context":{"text":"GREMIALES","link":"https:\/\/larevistadigital.com.ar\/blog\/category\/gremiales\/"},"img":{"alt_text":"","src":"https:\/\/i0.wp.com\/larevistadigital.com.ar\/blog\/wp-content\/uploads\/nota-1583357-cicop-pidio-kicillof-asuma-compromiso-detener-deterioro-sistema-salud-publica-924718.jpg?fit=1200%2C630&ssl=1&resize=350%2C200","width":350,"height":200,"srcset":"https:\/\/i0.wp.com\/larevistadigital.com.ar\/blog\/wp-content\/uploads\/nota-1583357-cicop-pidio-kicillof-asuma-compromiso-detener-deterioro-sistema-salud-publica-924718.jpg?fit=1200%2C630&ssl=1&resize=350%2C200 1x, https:\/\/i0.wp.com\/larevistadigital.com.ar\/blog\/wp-content\/uploads\/nota-1583357-cicop-pidio-kicillof-asuma-compromiso-detener-deterioro-sistema-salud-publica-924718.jpg?fit=1200%2C630&ssl=1&resize=525%2C300 1.5x, https:\/\/i0.wp.com\/larevistadigital.com.ar\/blog\/wp-content\/uploads\/nota-1583357-cicop-pidio-kicillof-asuma-compromiso-detener-deterioro-sistema-salud-publica-924718.jpg?fit=1200%2C630&ssl=1&resize=700%2C400 2x, https:\/\/i0.wp.com\/larevistadigital.com.ar\/blog\/wp-content\/uploads\/nota-1583357-cicop-pidio-kicillof-asuma-compromiso-detener-deterioro-sistema-salud-publica-924718.jpg?fit=1200%2C630&ssl=1&resize=1050%2C600 3x"},"classes":[]},{"id":20860,"url":"https:\/\/larevistadigital.com.ar\/blog\/cicop-realizara-el-reclamo-de-la-continuidad-laboral-de-los-residentes-que-egresan-este-ano\/","url_meta":{"origin":35304,"position":2},"title":"CICOP REALIZAR\u00c1 EL RECLAMO DE LA CONTINUIDAD LABORAL DE LOS RESIDENTES QUE EGRESAN ESTE A\u00d1O","author":"Alejandro Sosa Ruda","date":"23 junio, 2021","format":false,"excerpt":"La Asociaci\u00f3n Sindical de Profesionales de la Salud de la Provincia de Buenos Aires (CICOP) brindar\u00e1 una Conferencia de Prensa este jueves 24 de junio a las 12:30 hs en el Play\u00f3n de Estacionamiento del Hospital \u201cDr. Alejandro Korn\u201d, ubicado en la Calle 520 e\/173 y 178 de la localidad\u2026","rel":"","context":"En \u00abINTERES GENERAL\u00bb","block_context":{"text":"INTERES GENERAL","link":"https:\/\/larevistadigital.com.ar\/blog\/category\/interes-general\/"},"img":{"alt_text":"","src":"https:\/\/i0.wp.com\/larevistadigital.com.ar\/blog\/wp-content\/uploads\/2018\/06\/cicop_01deseptiembrede2017_elfuerte.jpg?fit=737%2C348&ssl=1&resize=350%2C200","width":350,"height":200,"srcset":"https:\/\/i0.wp.com\/larevistadigital.com.ar\/blog\/wp-content\/uploads\/2018\/06\/cicop_01deseptiembrede2017_elfuerte.jpg?fit=737%2C348&ssl=1&resize=350%2C200 1x, https:\/\/i0.wp.com\/larevistadigital.com.ar\/blog\/wp-content\/uploads\/2018\/06\/cicop_01deseptiembrede2017_elfuerte.jpg?fit=737%2C348&ssl=1&resize=525%2C300 1.5x, https:\/\/i0.wp.com\/larevistadigital.com.ar\/blog\/wp-content\/uploads\/2018\/06\/cicop_01deseptiembrede2017_elfuerte.jpg?fit=737%2C348&ssl=1&resize=700%2C400 2x"},"classes":[]},{"id":19966,"url":"https:\/\/larevistadigital.com.ar\/blog\/cicop-los-trabajadores-de-la-salud-acamparon-frente-a-la-municipalidad-de-pinamar\/","url_meta":{"origin":35304,"position":3},"title":"CICOP: LOS TRABAJADORES DE LA SALUD ACAMPARON FRENTE A LA MUNICIPALIDAD DE PINAMAR","author":"Alejandro Sosa Ruda","date":"30 abril, 2021","format":false,"excerpt":"Fue para rechazar la oferta salarial del ejecutivo local. Desde CICOP Seccional Pinamar advirtieron que\u00a0\u201cestamos dando la pelea en el peor momento de la pandemia y el intendente Yeza se nos r\u00ede en la cara con una magra propuesta de aumento de apenas 17,5% para el primer trimestre del 2021\u201d.\u2026","rel":"","context":"En \u00abGREMIALES\u00bb","block_context":{"text":"GREMIALES","link":"https:\/\/larevistadigital.com.ar\/blog\/category\/gremiales\/"},"img":{"alt_text":"","src":"https:\/\/i0.wp.com\/larevistadigital.com.ar\/blog\/wp-content\/uploads\/CICOP.png?fit=1200%2C797&ssl=1&resize=350%2C200","width":350,"height":200,"srcset":"https:\/\/i0.wp.com\/larevistadigital.com.ar\/blog\/wp-content\/uploads\/CICOP.png?fit=1200%2C797&ssl=1&resize=350%2C200 1x, https:\/\/i0.wp.com\/larevistadigital.com.ar\/blog\/wp-content\/uploads\/CICOP.png?fit=1200%2C797&ssl=1&resize=525%2C300 1.5x, https:\/\/i0.wp.com\/larevistadigital.com.ar\/blog\/wp-content\/uploads\/CICOP.png?fit=1200%2C797&ssl=1&resize=700%2C400 2x, https:\/\/i0.wp.com\/larevistadigital.com.ar\/blog\/wp-content\/uploads\/CICOP.png?fit=1200%2C797&ssl=1&resize=1050%2C600 3x"},"classes":[]},{"id":22187,"url":"https:\/\/larevistadigital.com.ar\/blog\/los-profesionales-de-la-salud-de-cicop-rechazaron-la-propuesta-salarial-del-gobierno\/","url_meta":{"origin":35304,"position":4},"title":"LOS PROFESIONALES DE LA SALUD DE CICOP, RECHAZARON LA PROPUESTA SALARIAL DEL GOBIERNO","author":"Alejandro Sosa Ruda","date":"30 septiembre, 2021","format":false,"excerpt":"La misma consiste en un incremento del 41,5% para el mes de octubre y del 45% al mes de noviembre, con reapertura en diciembre. Desde el gremio la consideraron insuficiente en los montos ofrecidos y exigen resoluci\u00f3n de las distintas demandas extrasalariales, tales como el reconocimiento de todos los aportes\u2026","rel":"","context":"En \u00abINTERES GENERAL\u00bb","block_context":{"text":"INTERES GENERAL","link":"https:\/\/larevistadigital.com.ar\/blog\/category\/interes-general\/"},"img":{"alt_text":"","src":"https:\/\/i0.wp.com\/larevistadigital.com.ar\/blog\/wp-content\/uploads\/Captura-de-pantalla-2021-09-30-012431.jpg?fit=933%2C602&ssl=1&resize=350%2C200","width":350,"height":200,"srcset":"https:\/\/i0.wp.com\/larevistadigital.com.ar\/blog\/wp-content\/uploads\/Captura-de-pantalla-2021-09-30-012431.jpg?fit=933%2C602&ssl=1&resize=350%2C200 1x, https:\/\/i0.wp.com\/larevistadigital.com.ar\/blog\/wp-content\/uploads\/Captura-de-pantalla-2021-09-30-012431.jpg?fit=933%2C602&ssl=1&resize=525%2C300 1.5x, https:\/\/i0.wp.com\/larevistadigital.com.ar\/blog\/wp-content\/uploads\/Captura-de-pantalla-2021-09-30-012431.jpg?fit=933%2C602&ssl=1&resize=700%2C400 2x"},"classes":[]},{"id":44508,"url":"https:\/\/larevistadigital.com.ar\/blog\/profesionales-de-la-salud-de-cicop-aceptaron-el-aumento-salarial-propuesto-por-la-provincia\/","url_meta":{"origin":35304,"position":5},"title":"Profesionales de la salud de CICOP aceptaron el aumento salarial propuesto por la Provincia","author":"Alejandro Sosa Ruda","date":"15 marzo, 2026","format":false,"excerpt":"La oferta del Gobierno bonaerense contempla una suba del 9% en tres tramos, con instancia de revisi\u00f3n en mayo y reapertura de las negociaciones en junio. Se comenzar\u00e1n a discutir recategorizaciones. 15 de marzo de 2026 La\u00a0Asociaci\u00f3n Sindical de Profesionales de la\u00a0Salud\u00a0de la provincia de Buenos Aires (CICOP)\u00a0aprob\u00f3 este viernes\u2026","rel":"","context":"En \u00abGREMIALES\u00bb","block_context":{"text":"GREMIALES","link":"https:\/\/larevistadigital.com.ar\/blog\/category\/gremiales\/"},"img":{"alt_text":"","src":"https:\/\/i0.wp.com\/larevistadigital.com.ar\/blog\/wp-content\/uploads\/Captura-de-pantalla-2026-03-15-011338.jpg?fit=628%2C406&ssl=1&resize=350%2C200","width":350,"height":200,"srcset":"https:\/\/i0.wp.com\/larevistadigital.com.ar\/blog\/wp-content\/uploads\/Captura-de-pantalla-2026-03-15-011338.jpg?fit=628%2C406&ssl=1&resize=350%2C200 1x, https:\/\/i0.wp.com\/larevistadigital.com.ar\/blog\/wp-content\/uploads\/Captura-de-pantalla-2026-03-15-011338.jpg?fit=628%2C406&ssl=1&resize=525%2C300 1.5x"},"classes":[]}],"_links":{"self":[{"href":"https:\/\/larevistadigital.com.ar\/blog\/wp-json\/wp\/v2\/posts\/35304","targetHints":{"allow":["GET"]}}],"collection":[{"href":"https:\/\/larevistadigital.com.ar\/blog\/wp-json\/wp\/v2\/posts"}],"about":[{"href":"https:\/\/larevistadigital.com.ar\/blog\/wp-json\/wp\/v2\/types\/post"}],"author":[{"embeddable":true,"href":"https:\/\/larevistadigital.com.ar\/blog\/wp-json\/wp\/v2\/users\/3"}],"replies":[{"embeddable":true,"href":"https:\/\/larevistadigital.com.ar\/blog\/wp-json\/wp\/v2\/comments?post=35304"}],"version-history":[{"count":1,"href":"https:\/\/larevistadigital.com.ar\/blog\/wp-json\/wp\/v2\/posts\/35304\/revisions"}],"predecessor-version":[{"id":35307,"href":"https:\/\/larevistadigital.com.ar\/blog\/wp-json\/wp\/v2\/posts\/35304\/revisions\/35307"}],"wp:featuredmedia":[{"embeddable":true,"href":"https:\/\/larevistadigital.com.ar\/blog\/wp-json\/wp\/v2\/media\/35306"}],"wp:attachment":[{"href":"https:\/\/larevistadigital.com.ar\/blog\/wp-json\/wp\/v2\/media?parent=35304"}],"wp:term":[{"taxonomy":"category","embeddable":true,"href":"https:\/\/larevistadigital.com.ar\/blog\/wp-json\/wp\/v2\/categories?post=35304"},{"taxonomy":"post_tag","embeddable":true,"href":"https:\/\/larevistadigital.com.ar\/blog\/wp-json\/wp\/v2\/tags?post=35304"}],"curies":[{"name":"wp","href":"https:\/\/api.w.org\/{rel}","templated":true}]}}