{"id":35308,"date":"2024-02-22T01:28:24","date_gmt":"2024-02-22T04:28:24","guid":{"rendered":"https:\/\/larevistadigital.com.ar\/blog\/?p=35308"},"modified":"2024-02-22T01:28:24","modified_gmt":"2024-02-22T04:28:24","slug":"la-matanza-asesinaron-al-subsecretario-de-seguridad-ciudadana","status":"publish","type":"post","link":"https:\/\/larevistadigital.com.ar\/blog\/la-matanza-asesinaron-al-subsecretario-de-seguridad-ciudadana\/","title":{"rendered":"LA MATANZA: ASESINARON AL SUBSECRETARIO DE SEGURIDAD CIUDADANA"},"content":{"rendered":"<h2 class=\"fparrafo ctext fz18 lh25\">El subdirector de la Secretar\u00eda de Protecci\u00f3n Ciudadana de La Matanza fue asesinado de al menos un balazo por motochorros que le robaron un arma de fuego y pretend\u00edan llevarse tambi\u00e9n su camioneta, durante un asalto cometido a metros de su casa en la localidad bonaerense de San Justo, informaron hoy fuentes policiales y judiciales. Video.<\/h2>\n<p>22 de febrero de 2024<\/p>\n<p><strong>LA MATANZA &#8211;\u00a0 \u00a0<\/strong>Se trata <strong>Roberto Eduardo Mac Donald<\/strong>, de 62a\u00f1os, retirado pero de la Prefectura Naval Argentina y actual subdirector de la Secretar\u00eda de Protecci\u00f3n Ciudadana, que se ocupaba de la coordinaci\u00f3n de los corredores escolares, entre otras tareas que lleva adelante la Guardia Urbana.<\/p>\n<blockquote>\n<h3>El hecho, que qued\u00f3 grabado por una c\u00e1mara de seguridad que ahora se convirti\u00f3 en una pieza clave de la investigaci\u00f3n, ocurri\u00f3 a las 21.18 de anoche en la esquina de las calles Mendoza y Chile, donde Mac Donald se subi\u00f3 a la vereda con su camioneta Volkswagen Amarok negra para guardarla en un garaje vecinal ubicado a unos 50 metros de su propia vivienda.<\/h3>\n<\/blockquote>\n<p>En el\u00a0<a href=\"https:\/\/cablera.telam.com.ar\/Multimedia\/Videos\/venta\/131128351981d598ef218da932a575eb.mp4\" target=\"_blank\" rel=\"noopener\"><b>video<\/b><\/a>, se observa que diez segundos despu\u00e9s de subir de trompa a la vereda, el funcionario municipal abre la puerta y baja del veh\u00edculo, y que unos segundos m\u00e1s tarde aparece en escena una moto Honda XRE 300 de color negra, con dos ocupantes, que frena detr\u00e1s de la camioneta.<\/p>\n<blockquote>\n<h3>Si bien la escena no es del todo clara, porque parte de la acci\u00f3n ocurre detr\u00e1s de unos \u00e1rboles y del veh\u00edculo, se ve que el acompa\u00f1ante de la moto desciende y se dirige hacia donde Mac Donald estaba abriendo el port\u00f3n del garaje.<\/h3>\n<\/blockquote>\n<p>Seg\u00fan los voceros judiciales, comenz\u00f3 a disparar cuando el funcionario al parecer quiso resistirse al robo con un arma propia.<\/p>\n<blockquote>\n<h3>En ese marco, Mac Donald recibi\u00f3 un disparo en la zona dorsal que luego le caus\u00f3 la muerte, cuando era atendido en el Hospital de Agudos Diego Paroissien de Isidro Casanova.<\/h3>\n<\/blockquote>\n<p>Las fuentes indicaron que el delincuente se acerc\u00f3 para tomar el arma del prefecto retirado y con ella volvi\u00f3 a abordar la moto y escap\u00f3 a toda velocidad con su c\u00f3mplice, en una secuencia homicida que, entre la llegada de la v\u00edctima y la fuga de los asesinos, dur\u00f3 s\u00f3lo 52 segundos.<\/p>\n<h3><span style=\"color: #ff0000\"><b>Traslado al hospital<\/b><\/span><\/h3>\n<p>Varios vecinos se acercaron al escuchar los disparos y ayudaron a cargar al hombre en la caja de una camioneta perteneciente a la Unidad T\u00e1ctica de Operaciones Inmediatas (UTOI) de la polic\u00eda, que lo llev\u00f3 al hospital sin esperar que llegue una ambulancia.<\/p>\n<p>Las fuentes indicaron que <strong>Mac Donald<\/strong> lleg\u00f3 consciente y hablando al hospital, pero luego fue ingresado al quir\u00f3fano y all\u00ed falleci\u00f3 por la gravedad de sus heridas.<\/p>\n<h3><span style=\"color: #ff0000\"><b>B\u00fasqueda<\/b><\/span><\/h3>\n<p>Ahora, los investigadores procuran dar con los delincuentes a partir del an\u00e1lisis de de las im\u00e1genes de las c\u00e1maras de seguridad del municipio. Un jefe policial que participa de la investigaci\u00f3n revel\u00f3 que los autores del homicidio \u00abest\u00e1n identificados\u00bb y que la moto Honda utilizada por los homicidas \u00abya fue secuestrada\u00bb.<\/p>\n<p>En el caso, primero intervino la fiscal de turno, Andrea Palin, de la Unidad Funcional de Instrucci\u00f3n (UFI) 9 de La Matanza, pero al fallecer la v\u00edctima, las actuaciones fueron giradas a su colega Carlos Arribas, de la UFI Tem\u00e1tica de Homicidios del mismo departamento judicial.\u00a0<b>(InfoGEI)Ac<\/b><\/p>\n","protected":false},"excerpt":{"rendered":"<div class=\"mh-excerpt\"><p>El subdirector de la Secretar\u00eda de Protecci\u00f3n Ciudadana de La Matanza fue asesinado de al menos un balazo por motochorros que le robaron un arma de fuego y pretend\u00edan llevarse tambi\u00e9n su camioneta, durante un <a class=\"mh-excerpt-more\" href=\"https:\/\/larevistadigital.com.ar\/blog\/la-matanza-asesinaron-al-subsecretario-de-seguridad-ciudadana\/\" title=\"LA MATANZA: ASESINARON AL SUBSECRETARIO DE SEGURIDAD CIUDADANA\">[Leer M\u00e1s]<\/a><\/p>\n<\/div>","protected":false},"author":3,"featured_media":35309,"comment_status":"open","ping_status":"open","sticky":false,"template":"","format":"standard","meta":{"_jetpack_memberships_contains_paid_content":false,"footnotes":"","jetpack_publicize_message":"","jetpack_publicize_feature_enabled":true,"jetpack_social_post_already_shared":true,"jetpack_social_options":{"image_generator_settings":{"template":"highway","default_image_id":0,"font":"","enabled":false},"version":2}},"categories":[44,51],"tags":[],"class_list":{"0":"post-35308","1":"post","2":"type-post","3":"status-publish","4":"format-standard","5":"has-post-thumbnail","7":"category-policiales","8":"category-regionales"},"jetpack_publicize_connections":[],"jetpack_featured_media_url":"https:\/\/i0.wp.com\/larevistadigital.com.ar\/blog\/wp-content\/uploads\/20240221173745_roberto-eduardo-mac-donald-proteccion-ciudadana-matanza.jpg?fit=880%2C512&ssl=1","jetpack_sharing_enabled":true,"jetpack_shortlink":"https:\/\/wp.me\/p8qtrQ-9bu","jetpack-related-posts":[{"id":35984,"url":"https:\/\/larevistadigital.com.ar\/blog\/reunion-de-la-secretaria-de-seguridad-ciudadana-con-autoridades-policiales\/","url_meta":{"origin":35308,"position":0},"title":"REUNI\u00d3N DE LA SECRETARIA DE SEGURIDAD CIUDADANA CON AUTORIDADES POLICIALES","author":"Alejandro Sosa Ruda","date":"4 mayo, 2024","format":false,"excerpt":"El encuentro tuvo como objetivo fortalecer el trabajo de cooperaci\u00f3n entre la instituci\u00f3n policial y las \u00e1reas municipales de seguridad en cuanto a la prevenci\u00f3n del delito y las violencias, tanto en la zona rural como en la zona urbana. 4 de mayo de 2024 CHASCOM\u00daS -\u00a0 La secretaria de\u2026","rel":"","context":"En \u00abCHASCOM\u00daS\u00bb","block_context":{"text":"CHASCOM\u00daS","link":"https:\/\/larevistadigital.com.ar\/blog\/category\/chascomus\/"},"img":{"alt_text":"","src":"https:\/\/i0.wp.com\/larevistadigital.com.ar\/blog\/wp-content\/uploads\/2024_05_04_00_51_51_6230477.jpg?fit=600%2C450&ssl=1&resize=350%2C200","width":350,"height":200,"srcset":"https:\/\/i0.wp.com\/larevistadigital.com.ar\/blog\/wp-content\/uploads\/2024_05_04_00_51_51_6230477.jpg?fit=600%2C450&ssl=1&resize=350%2C200 1x, https:\/\/i0.wp.com\/larevistadigital.com.ar\/blog\/wp-content\/uploads\/2024_05_04_00_51_51_6230477.jpg?fit=600%2C450&ssl=1&resize=525%2C300 1.5x"},"classes":[]},{"id":36465,"url":"https:\/\/larevistadigital.com.ar\/blog\/chascomus-la-secretaria-de-seguridad-ciudadana-se-reunio-con-vecinos-de-la-liberata\/","url_meta":{"origin":35308,"position":1},"title":"CHASCOM\u00daS: LA SECRETARIA DE SEGURIDAD CIUDADANA SE REUNI\u00d3 CON VECINOS DE LA LIBERATA","author":"Alejandro Sosa Ruda","date":"28 junio, 2024","format":false,"excerpt":"En el encuentro, al que sumaron autoridades policiales, acordaron fortalecer la cooperaci\u00f3n y el trabajo en red. 28 de Junio de 2024 CHASCOM\u00daS -\u00a0 La secretaria de Seguridad Ciudadana, Mariela Moscarella, encabez\u00f3 un encuentro con residentes de La Liberata, en el que dialogaron sobre la actual situaci\u00f3n del barrio, en\u2026","rel":"","context":"En \u00abINTERES GENERAL\u00bb","block_context":{"text":"INTERES GENERAL","link":"https:\/\/larevistadigital.com.ar\/blog\/category\/interes-general\/"},"img":{"alt_text":"","src":"https:\/\/i0.wp.com\/larevistadigital.com.ar\/blog\/wp-content\/uploads\/2024_06_28_01_42_22_806064.jpeg?fit=600%2C398&ssl=1&resize=350%2C200","width":350,"height":200,"srcset":"https:\/\/i0.wp.com\/larevistadigital.com.ar\/blog\/wp-content\/uploads\/2024_06_28_01_42_22_806064.jpeg?fit=600%2C398&ssl=1&resize=350%2C200 1x, https:\/\/i0.wp.com\/larevistadigital.com.ar\/blog\/wp-content\/uploads\/2024_06_28_01_42_22_806064.jpeg?fit=600%2C398&ssl=1&resize=525%2C300 1.5x"},"classes":[]},{"id":38372,"url":"https:\/\/larevistadigital.com.ar\/blog\/funcionarios-municipales-participaron-en-la-ceremonia-por-el-dia-de-la-policia-de-buenos-aires\/","url_meta":{"origin":35308,"position":2},"title":"Funcionarios municipales participaron en la ceremonia por el D\u00eda de la Polic\u00eda de Buenos Aires","author":"Alejandro Sosa Ruda","date":"21 diciembre, 2024","format":false,"excerpt":"En el marco del D\u00eda de la Polic\u00eda de la Provincia de Buenos Aires, autoridades municipales participaron en el acto conmemorativo que destac\u00f3 la labor de los agentes en la protecci\u00f3n y seguridad de la comunidad. 21 de Diciembre de 2024 CHASCOM\u00daS -\u00a0 La ceremonia cont\u00f3 con la presencia del\u2026","rel":"","context":"En \u00abDESTACADAS\u00bb","block_context":{"text":"DESTACADAS","link":"https:\/\/larevistadigital.com.ar\/blog\/category\/destacadas\/"},"img":{"alt_text":"","src":"https:\/\/i0.wp.com\/larevistadigital.com.ar\/blog\/wp-content\/uploads\/6765a2a2e6495.png?fit=668%2C445&ssl=1&resize=350%2C200","width":350,"height":200,"srcset":"https:\/\/i0.wp.com\/larevistadigital.com.ar\/blog\/wp-content\/uploads\/6765a2a2e6495.png?fit=668%2C445&ssl=1&resize=350%2C200 1x, https:\/\/i0.wp.com\/larevistadigital.com.ar\/blog\/wp-content\/uploads\/6765a2a2e6495.png?fit=668%2C445&ssl=1&resize=525%2C300 1.5x"},"classes":[]},{"id":37228,"url":"https:\/\/larevistadigital.com.ar\/blog\/colaboracion-de-la-secretaria-de-seguridad-ciudadana-con-una-investigacion-policial\/","url_meta":{"origin":35308,"position":3},"title":"Colaboraci\u00f3n de la Secretar\u00eda de Seguridad Ciudadana con una investigaci\u00f3n policial","author":"Alejandro Sosa Ruda","date":"13 septiembre, 2024","format":false,"excerpt":"Un efectivo de la Estaci\u00f3n de Polic\u00eda Comunal fue aprehendido tras revelarse su presunta connivencia con los reclusos de la dependencia policial. 13 de Septiembre de 2024 CHASCOM\u00daS -\u00a0 El efectivo fue detenido este viernes por la ma\u00f1ana bajo la acusaci\u00f3n de proporcionar estupefacientes a los detenidos alojados en los\u2026","rel":"","context":"En \u00abSin categor\u00eda\u00bb","block_context":{"text":"Sin categor\u00eda","link":"https:\/\/larevistadigital.com.ar\/blog\/category\/sin-categoria\/"},"img":{"alt_text":"","src":"https:\/\/i0.wp.com\/larevistadigital.com.ar\/blog\/wp-content\/uploads\/66e477413419f.png?fit=668%2C445&ssl=1&resize=350%2C200","width":350,"height":200,"srcset":"https:\/\/i0.wp.com\/larevistadigital.com.ar\/blog\/wp-content\/uploads\/66e477413419f.png?fit=668%2C445&ssl=1&resize=350%2C200 1x, https:\/\/i0.wp.com\/larevistadigital.com.ar\/blog\/wp-content\/uploads\/66e477413419f.png?fit=668%2C445&ssl=1&resize=525%2C300 1.5x"},"classes":[]},{"id":23333,"url":"https:\/\/larevistadigital.com.ar\/blog\/reunion-en-la-secretaria-de-seguridad-ciudadana-por-los-inconvenientes-ocurridos-en-puerto-aventura\/","url_meta":{"origin":35308,"position":4},"title":"REUNI\u00d3N EN LA SECRETAR\u00cdA DE SEGURIDAD CIUDADANA POR LOS INCONVENIENTES OCURRIDOS EN PUERTO AVENTURA","author":"Alejandro Sosa Ruda","date":"13 enero, 2022","format":false,"excerpt":"En el marco de la necesidad de realizar algunas observaciones sobre el correcto funcionamiento del predio Puerto Aventura, a ra\u00edz de los sucesos acontecidos el pasado fin de semana, la Secretar\u00eda de Seguridad Ciudadana encomend\u00f3 a la Secretar\u00eda de Planificaci\u00f3n y Turismo convocar a una reuni\u00f3n a Magdalena Cavia, concesionaria\u2026","rel":"","context":"En \u00abDESTACADAS\u00bb","block_context":{"text":"DESTACADAS","link":"https:\/\/larevistadigital.com.ar\/blog\/category\/destacadas\/"},"img":{"alt_text":"","src":"https:\/\/i0.wp.com\/larevistadigital.com.ar\/blog\/wp-content\/uploads\/REUNION-MOSCARELLA-CAVIA.jpg?fit=750%2C497&ssl=1&resize=350%2C200","width":350,"height":200,"srcset":"https:\/\/i0.wp.com\/larevistadigital.com.ar\/blog\/wp-content\/uploads\/REUNION-MOSCARELLA-CAVIA.jpg?fit=750%2C497&ssl=1&resize=350%2C200 1x, https:\/\/i0.wp.com\/larevistadigital.com.ar\/blog\/wp-content\/uploads\/REUNION-MOSCARELLA-CAVIA.jpg?fit=750%2C497&ssl=1&resize=525%2C300 1.5x, https:\/\/i0.wp.com\/larevistadigital.com.ar\/blog\/wp-content\/uploads\/REUNION-MOSCARELLA-CAVIA.jpg?fit=750%2C497&ssl=1&resize=700%2C400 2x"},"classes":[]},{"id":39058,"url":"https:\/\/larevistadigital.com.ar\/blog\/fue-citado-a-indagatoria-el-conductor-de-una-moto-que-realizaba-maniobras-peligrosas\/","url_meta":{"origin":35308,"position":5},"title":"Fue citado a indagatoria el conductor de una moto que realizaba maniobras peligrosas","author":"Alejandro Sosa Ruda","date":"22 marzo, 2025","format":false,"excerpt":"La imputaci\u00f3n surge de una denuncia de la Secretar\u00eda de Seguridad Ciudadana. 22 de Marzo de 2025 CHASCOM\u00daS -\u00a0 \u00a0La Unidad Fiscal Descentralizada N\u00b0 10, a cargo del fiscal Jonathan Robert, cit\u00f3 a indagatoria a un motociclista que realizaba maniobras de alto riesgo en la zona de la costanera de\u2026","rel":"","context":"En \u00abDESTACADAS\u00bb","block_context":{"text":"DESTACADAS","link":"https:\/\/larevistadigital.com.ar\/blog\/category\/destacadas\/"},"img":{"alt_text":"","src":"https:\/\/i0.wp.com\/larevistadigital.com.ar\/blog\/wp-content\/uploads\/67dd9dc9d963f.png?fit=668%2C445&ssl=1&resize=350%2C200","width":350,"height":200,"srcset":"https:\/\/i0.wp.com\/larevistadigital.com.ar\/blog\/wp-content\/uploads\/67dd9dc9d963f.png?fit=668%2C445&ssl=1&resize=350%2C200 1x, https:\/\/i0.wp.com\/larevistadigital.com.ar\/blog\/wp-content\/uploads\/67dd9dc9d963f.png?fit=668%2C445&ssl=1&resize=525%2C300 1.5x"},"classes":[]}],"_links":{"self":[{"href":"https:\/\/larevistadigital.com.ar\/blog\/wp-json\/wp\/v2\/posts\/35308","targetHints":{"allow":["GET"]}}],"collection":[{"href":"https:\/\/larevistadigital.com.ar\/blog\/wp-json\/wp\/v2\/posts"}],"about":[{"href":"https:\/\/larevistadigital.com.ar\/blog\/wp-json\/wp\/v2\/types\/post"}],"author":[{"embeddable":true,"href":"https:\/\/larevistadigital.com.ar\/blog\/wp-json\/wp\/v2\/users\/3"}],"replies":[{"embeddable":true,"href":"https:\/\/larevistadigital.com.ar\/blog\/wp-json\/wp\/v2\/comments?post=35308"}],"version-history":[{"count":1,"href":"https:\/\/larevistadigital.com.ar\/blog\/wp-json\/wp\/v2\/posts\/35308\/revisions"}],"predecessor-version":[{"id":35310,"href":"https:\/\/larevistadigital.com.ar\/blog\/wp-json\/wp\/v2\/posts\/35308\/revisions\/35310"}],"wp:featuredmedia":[{"embeddable":true,"href":"https:\/\/larevistadigital.com.ar\/blog\/wp-json\/wp\/v2\/media\/35309"}],"wp:attachment":[{"href":"https:\/\/larevistadigital.com.ar\/blog\/wp-json\/wp\/v2\/media?parent=35308"}],"wp:term":[{"taxonomy":"category","embeddable":true,"href":"https:\/\/larevistadigital.com.ar\/blog\/wp-json\/wp\/v2\/categories?post=35308"},{"taxonomy":"post_tag","embeddable":true,"href":"https:\/\/larevistadigital.com.ar\/blog\/wp-json\/wp\/v2\/tags?post=35308"}],"curies":[{"name":"wp","href":"https:\/\/api.w.org\/{rel}","templated":true}]}}