{"id":35311,"date":"2024-02-22T01:39:09","date_gmt":"2024-02-22T04:39:09","guid":{"rendered":"https:\/\/larevistadigital.com.ar\/blog\/?p=35311"},"modified":"2024-02-22T01:42:40","modified_gmt":"2024-02-22T04:42:40","slug":"olavarria-visita-del-gobernador-kicillof-entrega-de-viviendas-y-convenio-por-obras-de-1-500-millones","status":"publish","type":"post","link":"https:\/\/larevistadigital.com.ar\/blog\/olavarria-visita-del-gobernador-kicillof-entrega-de-viviendas-y-convenio-por-obras-de-1-500-millones\/","title":{"rendered":"OLAVARRIA: VISITA DEL GOBERNADOR KICILLOF, ENTREGA DE VIVIENDAS Y CONVENIO POR OBRAS DE $1.500 MILLONES"},"content":{"rendered":"<h2 class=\"fparrafo ctext fz18 lh25\">El gobernador de la provincia de Buenos Aires, Axel Kicillof, encabez\u00f3 este mi\u00e9rcoles el acto de entrega de viviendas en Olavarr\u00eda y la firma de convenios para obras de infraestructura en el distrito por $1.500 millones, junto a la ministra de H\u00e1bitat y Desarrollo Urbano, Silvina Batakis, su par de Infraestructura y Servicios P\u00fablicos, Gabriel Katopodis, y el intendente local, Maximiliano Wesner. Adem\u00e1s, puso en funcionamiento una nueva ambulancia y una combi para la Escuela de Educaci\u00f3n Especial (EEE) N\u00b0 503.<\/h2>\n<p>22 de febrero de 2024<\/p>\n<p><strong>OLAVARR\u00cdA &#8211;\u00a0 <\/strong>En ese marco, <strong>Kicillof<\/strong> destac\u00f3 que <strong><em>\u201ces muy importante que, al tiempo que se finalizan las obras que estaban en marcha, sigamos invirtiendo en los proyectos de infraestructura que necesita la provincia\u201d.<\/em> <em>\u201cEstas viviendas que est\u00e1n destinadas a la comunidad educativa les cambiaron la vida a muchas familias bonaerenses: se puede hablar de teor\u00edas econ\u00f3micas, pero aqu\u00ed lo que estamos haciendo es reconocer y cumplir un derecho que est\u00e1 consagrado en la Constituci\u00f3n\u201d<\/em><\/strong>, a\u00f1adi\u00f3.<\/p>\n<p><strong><em>\u201cSabemos que falta mucho por hacer y que estamos ante condiciones muy adversas, producto de las decisiones de un Gobierno Nacional que pretende fundir a las provincias\u201d<\/em><\/strong>, explic\u00f3 el Gobernador y agreg\u00f3: <strong><em>\u201cEsas pol\u00edticas no son contra los gobernadores, sino contra todos y todas las habitantes de la Argentina: la Naci\u00f3n recauda de lo que se produce aqu\u00ed y no puede desentenderse entonces de la salud, la educaci\u00f3n, el transporte y la producci\u00f3n\u201d.<\/em><\/strong><\/p>\n<blockquote>\n<h3>A partir de una inversi\u00f3n de $215 millones, se entregaron nueve viviendas que completan el proyecto habitacional del barrio Educadores: en total se finalizaron 146 casas en la zona para saldar una demanda de los y las vecinas despu\u00e9s de m\u00e1s de 20 a\u00f1os de espera.<\/h3>\n<\/blockquote>\n<p>Las casas cuentan adem\u00e1s con un kit de primeros auxilios, luces led, composteras, plantas nativas, libros y cuadros aportados por los diferentes ministerios y organismos provinciales.<\/p>\n<h3><span style=\"color: #ff0000\"><b>Decisi\u00f3n Pol\u00edtica<\/b><\/span><\/h3>\n<p><em><strong>\u201cEstas viviendas son el resultado de una gesti\u00f3n que tiene la decisi\u00f3n pol\u00edtica de dar respuesta a cada una de las necesidades de los y las bonaerenses\u201d,<\/strong><\/em> expres\u00f3 <strong>Batakis.<\/strong><\/p>\n<p>En tanto, el intendente <strong>Wesner<\/strong> remarc\u00f3: <strong><em>\u201cEn esta entrega no solo vemos reflejada la pol\u00edtica habitacional, sino tambi\u00e9n el trabajo interministerial de la provincia: cada vivienda viene acompa\u00f1ada de cultura, ambiente, salud y educaci\u00f3n\u201d<\/em><\/strong>, manifest\u00f3.<\/p>\n<h3><span style=\"color: #ff0000\"><b>Firma de Convenios<\/b><\/span><\/h3>\n<p>Durante la jornada, <strong>Kicillof<\/strong> suscribi\u00f3 tambi\u00e9n convenios para la repavimentaci\u00f3n de 900 metros de la Avenida La Rioja, la extensi\u00f3n de redes cloacales y el recambio de luminarias led en la localidad. Adem\u00e1s, mantuvo una reuni\u00f3n con Wesner y los intendentes de Azul, <strong>Nelson Sombra<\/strong>, y de Roque P\u00e9rez, <strong>Maximiliano Sciani<\/strong>.<\/p>\n<blockquote>\n<h3>Asimismo, el Gobernador y el ministro de Salud, Nicol\u00e1s Kreplak, pusieron en funcionamiento una ambulancia de alta complejidad, en tanto que, con la participaci\u00f3n del director General de Cultura y Educaci\u00f3n, Alberto Sileoni, se entreg\u00f3 una combi 0 Km que permitir\u00e1 sostener la continuidad pedag\u00f3gica y la participaci\u00f3n en salidas educativas de las y los estudiantes de la EEE N\u00b0503.<\/h3>\n<\/blockquote>\n<h3><span style=\"color: #ff0000\"><b>Entrega de equipamiento para la gesti\u00f3n ambiental<\/b><\/span><\/h3>\n<p>En el marco del programa Mi Provincia Recicla, el Gobernador y la ministra de Ambiente, Daniela Vilar, entregaron equipamiento con el fin de ampliar la capacidad de trabajo y la log\u00edstica de recolecci\u00f3n de residuos s\u00f3lidos urbanos.<\/p>\n<p>Se otorg\u00f3 al municipio de Olavarr\u00eda una cinta de clasificaci\u00f3n, un cami\u00f3n de caja abierta, indumentaria y elementos de seguridad para 30 cooperativistas. Asimismo, el intendente de Azul, <strong>Nelson Sombra<\/strong>, recibi\u00f3 para su distrito un cami\u00f3n de caja abierta, una enfardadora, un autoelevador, una balanza industrial, bolsones big bag; as\u00ed como tambi\u00e9n calzado de trabajo, pantalones y camperas, gafas y guantes de seguridad para los y las trabajadoras.<\/p>\n<h3><span style=\"color: #ff0000\"><b>Autoridades presentes<\/b><\/span><\/h3>\n<p>Estuvieron presentes tambi\u00e9n en las actividades la jefa de Asesores del Gobernador, <strong>Cristina \u00c1lvarez Rodr\u00edguez<\/strong>; la senadora bonaerense <strong>Liliana Schwindt<\/strong>; el diputado provincial <strong>C\u00e9sar Valicenti<\/strong>; la jefa de Gabinete municipal, <strong>Mercedes Landivar<\/strong>; el concejal <strong>Federico Aguilera<\/strong>; los dirigentes <strong>Juan Carlos Gasparini<\/strong> y <strong>Hern\u00e1n Ralinqueo<\/strong>; y la directora de la Escuela Especial N\u00b0 503, <strong>Nora Rodr\u00edguez<\/strong>.\u00a0<b>(InfoGEI)Ac<\/b><\/p>\n","protected":false},"excerpt":{"rendered":"<div class=\"mh-excerpt\"><p>El gobernador de la provincia de Buenos Aires, Axel Kicillof, encabez\u00f3 este mi\u00e9rcoles el acto de entrega de viviendas en Olavarr\u00eda y la firma de convenios para obras de infraestructura en el distrito por $1.500 <a class=\"mh-excerpt-more\" href=\"https:\/\/larevistadigital.com.ar\/blog\/olavarria-visita-del-gobernador-kicillof-entrega-de-viviendas-y-convenio-por-obras-de-1-500-millones\/\" title=\"OLAVARRIA: VISITA DEL GOBERNADOR KICILLOF, ENTREGA DE VIVIENDAS Y CONVENIO POR OBRAS DE $1.500 MILLONES\">[Leer M\u00e1s]<\/a><\/p>\n<\/div>","protected":false},"author":3,"featured_media":35312,"comment_status":"open","ping_status":"open","sticky":false,"template":"","format":"standard","meta":{"_jetpack_memberships_contains_paid_content":false,"footnotes":"","jetpack_publicize_message":"","jetpack_publicize_feature_enabled":true,"jetpack_social_post_already_shared":true,"jetpack_social_options":{"image_generator_settings":{"template":"highway","default_image_id":0,"font":"","enabled":false},"version":2}},"categories":[41,12],"tags":[],"class_list":{"0":"post-35311","1":"post","2":"type-post","3":"status-publish","4":"format-standard","5":"has-post-thumbnail","7":"category-destacadas","8":"category-politica"},"jetpack_publicize_connections":[],"jetpack_featured_media_url":"https:\/\/i0.wp.com\/larevistadigital.com.ar\/blog\/wp-content\/uploads\/20240221162101_kicillof-wesner-olavarria.jpg?fit=880%2C512&ssl=1","jetpack_sharing_enabled":true,"jetpack_shortlink":"https:\/\/wp.me\/p8qtrQ-9bx","jetpack-related-posts":[{"id":41843,"url":"https:\/\/larevistadigital.com.ar\/blog\/olavarria-kicillof-se-reunio-con-sectores-productivos-y-recorrio-obras-en-el-distrito\/","url_meta":{"origin":35311,"position":0},"title":"Olavarr\u00eda: Kicillof se reuni\u00f3 con sectores productivos y recorri\u00f3 obras en el distrito","author":"Alejandro Sosa Ruda","date":"8 octubre, 2025","format":false,"excerpt":"El gobernador bonaerense Axel Kicillof encabez\u00f3 este mi\u00e9rcoles un encuentro con productores, comerciantes y representantes gremiales del partido de Olavarr\u00eda, acompa\u00f1ado por el ministro de Producci\u00f3n, Ciencia e Innovaci\u00f3n Tecnol\u00f3gica, Augusto Costa, y el intendente local, Maximiliano Wesner. Adem\u00e1s, el Gobernador visit\u00f3 la f\u00e1brica Canteras Cerro Negro y recorri\u00f3 los\u2026","rel":"","context":"En \u00abPOLITICA PROVINCIAL\u00bb","block_context":{"text":"POLITICA PROVINCIAL","link":"https:\/\/larevistadigital.com.ar\/blog\/category\/politica\/politica-provincial\/"},"img":{"alt_text":"","src":"https:\/\/i0.wp.com\/larevistadigital.com.ar\/blog\/wp-content\/uploads\/20251008175050_kicillof-olavarria-industria-comercio-productores.jpg?fit=880%2C512&ssl=1&resize=350%2C200","width":350,"height":200,"srcset":"https:\/\/i0.wp.com\/larevistadigital.com.ar\/blog\/wp-content\/uploads\/20251008175050_kicillof-olavarria-industria-comercio-productores.jpg?fit=880%2C512&ssl=1&resize=350%2C200 1x, https:\/\/i0.wp.com\/larevistadigital.com.ar\/blog\/wp-content\/uploads\/20251008175050_kicillof-olavarria-industria-comercio-productores.jpg?fit=880%2C512&ssl=1&resize=525%2C300 1.5x, https:\/\/i0.wp.com\/larevistadigital.com.ar\/blog\/wp-content\/uploads\/20251008175050_kicillof-olavarria-industria-comercio-productores.jpg?fit=880%2C512&ssl=1&resize=700%2C400 2x"},"classes":[]},{"id":42880,"url":"https:\/\/larevistadigital.com.ar\/blog\/bahia-blanca-kicillof-recorrio-los-avances-de-las-obras-del-plan-hidrico\/","url_meta":{"origin":35311,"position":1},"title":"Bah\u00eda Blanca: Kicillof recorri\u00f3 los avances de las obras del plan h\u00eddrico","author":"Alejandro Sosa Ruda","date":"12 diciembre, 2025","format":false,"excerpt":"Adem\u00e1s, el Gobernador entreg\u00f3 viviendas para familias del barrio UOM y suscribi\u00f3 convenios para el desarrollo de infraestructura social b\u00e1sica. 12 de Diciembre de 2025 El gobernador de la provincia de Buenos Aires, Axel Kicillof, recorri\u00f3 este viernes los avances de las obras de construcci\u00f3n del acueducto Planta Patagonia -\u2026","rel":"","context":"En \u00abPOLITICA PROVINCIAL\u00bb","block_context":{"text":"POLITICA PROVINCIAL","link":"https:\/\/larevistadigital.com.ar\/blog\/category\/politica\/politica-provincial\/"},"img":{"alt_text":"","src":"https:\/\/i0.wp.com\/larevistadigital.com.ar\/blog\/wp-content\/uploads\/DON_0468-scaled.jpg?fit=1200%2C800&ssl=1&resize=350%2C200","width":350,"height":200,"srcset":"https:\/\/i0.wp.com\/larevistadigital.com.ar\/blog\/wp-content\/uploads\/DON_0468-scaled.jpg?fit=1200%2C800&ssl=1&resize=350%2C200 1x, https:\/\/i0.wp.com\/larevistadigital.com.ar\/blog\/wp-content\/uploads\/DON_0468-scaled.jpg?fit=1200%2C800&ssl=1&resize=525%2C300 1.5x, https:\/\/i0.wp.com\/larevistadigital.com.ar\/blog\/wp-content\/uploads\/DON_0468-scaled.jpg?fit=1200%2C800&ssl=1&resize=700%2C400 2x, https:\/\/i0.wp.com\/larevistadigital.com.ar\/blog\/wp-content\/uploads\/DON_0468-scaled.jpg?fit=1200%2C800&ssl=1&resize=1050%2C600 3x"},"classes":[]},{"id":20811,"url":"https:\/\/larevistadigital.com.ar\/blog\/general-paz-kiciloff-y-el-intendente-alvarez-encabezaron-el-acto-de-entrega-de-53-viviendas-en-ranchos\/","url_meta":{"origin":35311,"position":2},"title":"GENERAL PAZ: KICILOFF Y EL INTENDENTE \u00c1LVAREZ ENCABEZARON EL ACTO DE ENTREGA DE 53 VIVIENDAS EN RANCHOS","author":"Alejandro Sosa Ruda","date":"21 junio, 2021","format":false,"excerpt":"El Gobernador y el intendente estuvieron acompa\u00f1ados por el ministro de Infraestructura y Servicios P\u00fablicos, Agust\u00edn Simone. RANCHOS -\u00a0 El gobernador de la provincia de Buenos Aires, Axel Kicillof, visit\u00f3 este viernes la localidad de Ranchos, en el municipio de General Paz, donde encabez\u00f3 el acto de entrega de 53\u2026","rel":"","context":"En \u00abRANCHOS\u00bb","block_context":{"text":"RANCHOS","link":"https:\/\/larevistadigital.com.ar\/blog\/category\/ranchos\/"},"img":{"alt_text":"","src":"https:\/\/i0.wp.com\/larevistadigital.com.ar\/blog\/wp-content\/uploads\/MG_3191_2.jpg?fit=778%2C519&ssl=1&resize=350%2C200","width":350,"height":200,"srcset":"https:\/\/i0.wp.com\/larevistadigital.com.ar\/blog\/wp-content\/uploads\/MG_3191_2.jpg?fit=778%2C519&ssl=1&resize=350%2C200 1x, https:\/\/i0.wp.com\/larevistadigital.com.ar\/blog\/wp-content\/uploads\/MG_3191_2.jpg?fit=778%2C519&ssl=1&resize=525%2C300 1.5x, https:\/\/i0.wp.com\/larevistadigital.com.ar\/blog\/wp-content\/uploads\/MG_3191_2.jpg?fit=778%2C519&ssl=1&resize=700%2C400 2x"},"classes":[]},{"id":44612,"url":"https:\/\/larevistadigital.com.ar\/blog\/kicillof-entrego-101-viviendas-a-familias-de-bahia-blanca\/","url_meta":{"origin":35311,"position":3},"title":"Kicillof entreg\u00f3 101 viviendas a familias de Bah\u00eda Blanca","author":"Alejandro Sosa Ruda","date":"18 marzo, 2026","format":false,"excerpt":"Adem\u00e1s, el Gobernador recorri\u00f3 obras de refuncionalizaci\u00f3n en el Canal Maldonado y visit\u00f3 una residencia para el abordaje de consumos problem\u00e1ticos en el Hospital Penna. 18 de marzo de 2026 BUENOS AIRES -\u00a0 \u00a0El gobernador de la provincia de Buenos Aires, Axel Kicillof, encabez\u00f3 este mi\u00e9rcoles el acto de entrega\u2026","rel":"","context":"En \u00abINTERES GENERAL\u00bb","block_context":{"text":"INTERES GENERAL","link":"https:\/\/larevistadigital.com.ar\/blog\/category\/interes-general\/"},"img":{"alt_text":"","src":"https:\/\/i0.wp.com\/larevistadigital.com.ar\/blog\/wp-content\/uploads\/SGE7449-scaled.jpg?fit=1200%2C802&ssl=1&resize=350%2C200","width":350,"height":200,"srcset":"https:\/\/i0.wp.com\/larevistadigital.com.ar\/blog\/wp-content\/uploads\/SGE7449-scaled.jpg?fit=1200%2C802&ssl=1&resize=350%2C200 1x, https:\/\/i0.wp.com\/larevistadigital.com.ar\/blog\/wp-content\/uploads\/SGE7449-scaled.jpg?fit=1200%2C802&ssl=1&resize=525%2C300 1.5x, https:\/\/i0.wp.com\/larevistadigital.com.ar\/blog\/wp-content\/uploads\/SGE7449-scaled.jpg?fit=1200%2C802&ssl=1&resize=700%2C400 2x, https:\/\/i0.wp.com\/larevistadigital.com.ar\/blog\/wp-content\/uploads\/SGE7449-scaled.jpg?fit=1200%2C802&ssl=1&resize=1050%2C600 3x"},"classes":[]},{"id":33553,"url":"https:\/\/larevistadigital.com.ar\/blog\/el-gobernador-axel-kicillof-dio-luz-verde-para-el-comienzo-de-las-obras-de-la-doble-via-entre-villa-gesell-y-mar-chiquita\/","url_meta":{"origin":35311,"position":4},"title":"EL GOBERNADOR AXEL KICILLOF DI\u00d3 LUZ VERDE PARA EL COMIENZO DE LAS OBRAS  DE LA DOBLE V\u00cdA ENTRE VILLA GESELL Y MAR CHIQUITA","author":"Alejandro Sosa Ruda","date":"23 septiembre, 2023","format":false,"excerpt":"La inversi\u00f3n ser\u00e1 de U$S 130 millones. Esto implica un gran beneficio para la Costa Atl\u00e1ntica. 23 de Septiembre de 2023 El Gobernador de la Provincia de Buenos Aires, Axel Kicillof, firm\u00f3 la adjudicaci\u00f3n de la obra de pavimentaci\u00f3n de calzada que permitir\u00e1\u00a0transformar en autov\u00eda la ruta provincial N\u00b0 11,\u2026","rel":"","context":"En \u00abPOLITICA PROVINCIAL\u00bb","block_context":{"text":"POLITICA PROVINCIAL","link":"https:\/\/larevistadigital.com.ar\/blog\/category\/politica\/politica-provincial\/"},"img":{"alt_text":"","src":"https:\/\/i0.wp.com\/larevistadigital.com.ar\/blog\/wp-content\/uploads\/a50c58ea3c3609e49da0d7f34202dde81b39039f.jpg?fit=1140%2C760&ssl=1&resize=350%2C200","width":350,"height":200,"srcset":"https:\/\/i0.wp.com\/larevistadigital.com.ar\/blog\/wp-content\/uploads\/a50c58ea3c3609e49da0d7f34202dde81b39039f.jpg?fit=1140%2C760&ssl=1&resize=350%2C200 1x, https:\/\/i0.wp.com\/larevistadigital.com.ar\/blog\/wp-content\/uploads\/a50c58ea3c3609e49da0d7f34202dde81b39039f.jpg?fit=1140%2C760&ssl=1&resize=525%2C300 1.5x, https:\/\/i0.wp.com\/larevistadigital.com.ar\/blog\/wp-content\/uploads\/a50c58ea3c3609e49da0d7f34202dde81b39039f.jpg?fit=1140%2C760&ssl=1&resize=700%2C400 2x, https:\/\/i0.wp.com\/larevistadigital.com.ar\/blog\/wp-content\/uploads\/a50c58ea3c3609e49da0d7f34202dde81b39039f.jpg?fit=1140%2C760&ssl=1&resize=1050%2C600 3x"},"classes":[]},{"id":41010,"url":"https:\/\/larevistadigital.com.ar\/blog\/kicillof-entrego-viviendas-y-sumo-recursos-para-salud-y-seguridad-en-tandil\/","url_meta":{"origin":35311,"position":5},"title":"Kicillof entreg\u00f3 viviendas y sum\u00f3 recursos para salud y seguridad en Tandil","author":"Alejandro Sosa Ruda","date":"20 agosto, 2025","format":false,"excerpt":"El gobernador bonaerense, Axel Kicillof, encabez\u00f3 en Tandil la entrega de 52 viviendas a familias del barrio Villa Aguirre, acompa\u00f1ado por la ministra de H\u00e1bitat y Desarrollo Urbano, Silvina Batakis; el diputado nacional Rogelio Iparraguirre; y el intendente local, Miguel \u00c1ngel Lunghi, entre otros dirigentes. Adem\u00e1s, el mandatario provincial puso\u2026","rel":"","context":"En \u00abPOLITICA\u00bb","block_context":{"text":"POLITICA","link":"https:\/\/larevistadigital.com.ar\/blog\/category\/politica\/"},"img":{"alt_text":"","src":"https:\/\/i0.wp.com\/larevistadigital.com.ar\/blog\/wp-content\/uploads\/20250820182207_lunghi-kicillof-viviendas-tandil.jpg?fit=880%2C512&ssl=1&resize=350%2C200","width":350,"height":200,"srcset":"https:\/\/i0.wp.com\/larevistadigital.com.ar\/blog\/wp-content\/uploads\/20250820182207_lunghi-kicillof-viviendas-tandil.jpg?fit=880%2C512&ssl=1&resize=350%2C200 1x, https:\/\/i0.wp.com\/larevistadigital.com.ar\/blog\/wp-content\/uploads\/20250820182207_lunghi-kicillof-viviendas-tandil.jpg?fit=880%2C512&ssl=1&resize=525%2C300 1.5x, https:\/\/i0.wp.com\/larevistadigital.com.ar\/blog\/wp-content\/uploads\/20250820182207_lunghi-kicillof-viviendas-tandil.jpg?fit=880%2C512&ssl=1&resize=700%2C400 2x"},"classes":[]}],"_links":{"self":[{"href":"https:\/\/larevistadigital.com.ar\/blog\/wp-json\/wp\/v2\/posts\/35311","targetHints":{"allow":["GET"]}}],"collection":[{"href":"https:\/\/larevistadigital.com.ar\/blog\/wp-json\/wp\/v2\/posts"}],"about":[{"href":"https:\/\/larevistadigital.com.ar\/blog\/wp-json\/wp\/v2\/types\/post"}],"author":[{"embeddable":true,"href":"https:\/\/larevistadigital.com.ar\/blog\/wp-json\/wp\/v2\/users\/3"}],"replies":[{"embeddable":true,"href":"https:\/\/larevistadigital.com.ar\/blog\/wp-json\/wp\/v2\/comments?post=35311"}],"version-history":[{"count":1,"href":"https:\/\/larevistadigital.com.ar\/blog\/wp-json\/wp\/v2\/posts\/35311\/revisions"}],"predecessor-version":[{"id":35313,"href":"https:\/\/larevistadigital.com.ar\/blog\/wp-json\/wp\/v2\/posts\/35311\/revisions\/35313"}],"wp:featuredmedia":[{"embeddable":true,"href":"https:\/\/larevistadigital.com.ar\/blog\/wp-json\/wp\/v2\/media\/35312"}],"wp:attachment":[{"href":"https:\/\/larevistadigital.com.ar\/blog\/wp-json\/wp\/v2\/media?parent=35311"}],"wp:term":[{"taxonomy":"category","embeddable":true,"href":"https:\/\/larevistadigital.com.ar\/blog\/wp-json\/wp\/v2\/categories?post=35311"},{"taxonomy":"post_tag","embeddable":true,"href":"https:\/\/larevistadigital.com.ar\/blog\/wp-json\/wp\/v2\/tags?post=35311"}],"curies":[{"name":"wp","href":"https:\/\/api.w.org\/{rel}","templated":true}]}}