{"id":35314,"date":"2024-02-22T01:46:49","date_gmt":"2024-02-22T04:46:49","guid":{"rendered":"https:\/\/larevistadigital.com.ar\/blog\/?p=35314"},"modified":"2024-02-22T01:47:55","modified_gmt":"2024-02-22T04:47:55","slug":"policia-mato-a-un-joven-que-le-apunto-con-el-arma-con-la-que-intentaba-suicidarse","status":"publish","type":"post","link":"https:\/\/larevistadigital.com.ar\/blog\/policia-mato-a-un-joven-que-le-apunto-con-el-arma-con-la-que-intentaba-suicidarse\/","title":{"rendered":"POLIC\u00cdA MAT\u00d3 A UN JOVEN QUE LE APUNT\u00d3 CON EL ARMA CON LA QUE INTENTABA SUICIDARSE"},"content":{"rendered":"<h2 class=\"fparrafo ctext fz18 lh25\">Un polic\u00eda bonaerense mat\u00f3 este martes de un disparo en el pecho a un joven de 18 a\u00f1os luego de que \u00e9ste le apuntara con el arma de fuego con la que ya se hab\u00eda pegado un tiro en un pie y amenazaba con suicidarse, tras una pelea con su novia, sobre la autopista Panamericana, a la altura del partido de Vicente L\u00f3pez, informaron fuentes policiales y judiciales.<\/h2>\n<p>22 de febrero de 2024<\/p>\n<p><strong>VICENTE L\u00d3PEZ\u00a0 &#8211;\u00a0 <\/strong>El episodio ocurri\u00f3 esta madrugada, alrededor de las 2, sobre el cruce de Panamericana y la calle Ugarte, en el norte del conurbano bonaerense, cuando personal policial recibi\u00f3 un llamado al 911 que alertaba sobre una persona que iba a pie empu\u00f1ando un arma de fuego con supuestas intenciones de quitarse la vida.<\/p>\n<blockquote>\n<h3>Voceros policiales y judiciales indicaron que se trataba de un joven de 18 a\u00f1os identificado como Ezequiel Caetano Coronel, de 18 a\u00f1os, quien cruzaba por la autopista de un lado al otro amenazando con suicidarse con un rev\u00f3lver calibre 38, tras haber mantenido una discusi\u00f3n con su novia, de 17 a\u00f1os, que quer\u00eda finalizar su relaci\u00f3n con \u00e9l.<\/h3>\n<\/blockquote>\n<p><em><strong>\u00abSi vos me dej\u00e1s, yo me mato\u00bb<\/strong><\/em>, fue una de las frases que <strong>Ezequiel<\/strong> le dijo a su pareja durante la pelea, en la cual el joven se autodispar\u00f3 en su pie derecho.<\/p>\n<blockquote>\n<h3>Luego de eso, Coronel comenz\u00f3 a dispararle a los autos que circulaban por la autopista, aunque ninguna persona result\u00f3 herida.<\/h3>\n<\/blockquote>\n<p>Fuentes de la investigaci\u00f3n aseguraron que Coronel se encontraba acompa\u00f1ado por varios familiares que intentaban convencerlo que desista de su accionar cuando un m\u00f3vil de la Estaci\u00f3n de Polic\u00eda Departamental de Seguridad (EPDS) de Vicente L\u00f3pez se present\u00f3 en el lugar.<\/p>\n<blockquote>\n<h3>Seg\u00fan la versi\u00f3n policial, el joven de 18 a\u00f1os, al notar la presencia de los agentes, apunt\u00f3 su arma, un rev\u00f3lver calibre 38 contra uno de los efectivos, que se desempe\u00f1a como sargento en la Unidad de Polic\u00eda de Prevenci\u00f3n Local (UPPL) de Vicente L\u00f3pez.<\/h3>\n<\/blockquote>\n<p>En esas circunstancias, el sargento le dio la voz de alto, pero se escuch\u00f3 una detonaci\u00f3n y el polic\u00eda dispar\u00f3 con su pistola reglamentaria contra Coronel, quien recibi\u00f3 un balazo en la parte izquierda de su pecho cayendo herido sobre el asfalto.<\/p>\n<p>A continuaci\u00f3n, el joven debi\u00f3 ser trasladado de urgencia al hospital municipal Bernardo Houssay, emplazado a unas 30 cuadras del lugar del hecho.<\/p>\n<blockquote>\n<h3>En aquel centro de salud, el joven convaleciente fue intervenido quir\u00fargicamente, aunque finalmente falleci\u00f3 producto de la herida de bala que padeci\u00f3.<\/h3>\n<\/blockquote>\n<p>El fiscal Gast\u00f3n Larramendi, titular de la Unidad Funcional de Instrucci\u00f3n (UFI) de Vicente L\u00f3pez Oeste, se hizo presente en la escena del hecho y no tom\u00f3 temperamento alguno para con el polic\u00eda al considerar por el momento que actu\u00f3 en leg\u00edtima defensa.<\/p>\n<p>Finalmente, el representante del Ministerio P\u00fablico Fiscal orden\u00f3 una serie de pericias para determinar con mayor precisi\u00f3n las circunstancias de lo ocurrido.\u00a0<b>(InfoGEI)Ac<\/b><\/p>\n","protected":false},"excerpt":{"rendered":"<div class=\"mh-excerpt\"><p>Un polic\u00eda bonaerense mat\u00f3 este martes de un disparo en el pecho a un joven de 18 a\u00f1os luego de que \u00e9ste le apuntara con el arma de fuego con la que ya se hab\u00eda <a class=\"mh-excerpt-more\" href=\"https:\/\/larevistadigital.com.ar\/blog\/policia-mato-a-un-joven-que-le-apunto-con-el-arma-con-la-que-intentaba-suicidarse\/\" title=\"POLIC\u00cdA MAT\u00d3 A UN JOVEN QUE LE APUNT\u00d3 CON EL ARMA CON LA QUE INTENTABA SUICIDARSE\">[Leer M\u00e1s]<\/a><\/p>\n<\/div>","protected":false},"author":3,"featured_media":29411,"comment_status":"open","ping_status":"open","sticky":false,"template":"","format":"standard","meta":{"_jetpack_memberships_contains_paid_content":false,"footnotes":"","jetpack_publicize_message":"","jetpack_publicize_feature_enabled":true,"jetpack_social_post_already_shared":true,"jetpack_social_options":{"image_generator_settings":{"template":"highway","default_image_id":0,"font":"","enabled":false},"version":2}},"categories":[50,44,1],"tags":[],"class_list":{"0":"post-35314","1":"post","2":"type-post","3":"status-publish","4":"format-standard","5":"has-post-thumbnail","7":"category-interes-general","8":"category-policiales","9":"category-sin-categoria"},"jetpack_publicize_connections":[],"jetpack_featured_media_url":"https:\/\/i0.wp.com\/larevistadigital.com.ar\/blog\/wp-content\/uploads\/POLICIA-4.jpg?fit=880%2C512&ssl=1","jetpack_sharing_enabled":true,"jetpack_shortlink":"https:\/\/wp.me\/p8qtrQ-9bA","jetpack-related-posts":[{"id":30225,"url":"https:\/\/larevistadigital.com.ar\/blog\/terror-en-monte-grande-policia-mato-a-ladron-en-un-colectivo\/","url_meta":{"origin":35314,"position":0},"title":"TERROR EN MONTE GRANDE: POLIC\u00cdA MAT\u00d3 A LADRON EN UN COLECTIVO","author":"Alejandro Sosa Ruda","date":"24 febrero, 2023","format":false,"excerpt":"Un polic\u00eda federal mat\u00f3 a un ladr\u00f3n en un colectivo con pasajeros en Monte Grande. El delincuente dispar\u00f3 para amedrentar. Suma tensi\u00f3n. 24 de febrero de 2023 MONTE GRANDE -\u00a0 Un polic\u00eda federal mat\u00f3 este jueves de un tiro en la cabeza a un joven que subi\u00f3 armado y con\u2026","rel":"","context":"En \u00abPOLICIALES\u00bb","block_context":{"text":"POLICIALES","link":"https:\/\/larevistadigital.com.ar\/blog\/category\/policiales\/"},"img":{"alt_text":"","src":"https:\/\/i0.wp.com\/larevistadigital.com.ar\/blog\/wp-content\/uploads\/1-11.jpg?fit=800%2C445&ssl=1&resize=350%2C200","width":350,"height":200,"srcset":"https:\/\/i0.wp.com\/larevistadigital.com.ar\/blog\/wp-content\/uploads\/1-11.jpg?fit=800%2C445&ssl=1&resize=350%2C200 1x, https:\/\/i0.wp.com\/larevistadigital.com.ar\/blog\/wp-content\/uploads\/1-11.jpg?fit=800%2C445&ssl=1&resize=525%2C300 1.5x, https:\/\/i0.wp.com\/larevistadigital.com.ar\/blog\/wp-content\/uploads\/1-11.jpg?fit=800%2C445&ssl=1&resize=700%2C400 2x"},"classes":[]},{"id":30397,"url":"https:\/\/larevistadigital.com.ar\/blog\/una-adolescente-acuso-a-un-hombre-por-abuso-sexual-y-un-familiar-de-la-joven-lo-mato-de-un-balazo\/","url_meta":{"origin":35314,"position":1},"title":"UNA ADOLESCENTE ACUS\u00d3 A UN HOMBRE POR ABUSO SEXUAL, Y UN FAMILIAR DE LA JOVEN LO MAT\u00d3 DE UN BALAZO","author":"Alejandro Sosa Ruda","date":"6 marzo, 2023","format":false,"excerpt":"Ocurri\u00f3 en Quilmes. Detuvieron al presunto asesino y buscan a otros 3 sospechosos de haber participado del ataque. 6 de marzo de 2023 QUILMES -\u00a0Un joven fue\u00a0asesinado de un balazo\u00a0en el pecho ayer en\u00a0Quilmes\u00a0y por el crimen los investigadores detuvieron a un familiar de una adolescente que hab\u00eda acusado al\u2026","rel":"","context":"En \u00abPOLICIALES\u00bb","block_context":{"text":"POLICIALES","link":"https:\/\/larevistadigital.com.ar\/blog\/category\/policiales\/"},"img":{"alt_text":"","src":"https:\/\/i0.wp.com\/larevistadigital.com.ar\/blog\/wp-content\/uploads\/88381adc587fa8a1e6a1dc82a6ca4e1b93ba1bbe-2.jpg?fit=1140%2C757&ssl=1&resize=350%2C200","width":350,"height":200,"srcset":"https:\/\/i0.wp.com\/larevistadigital.com.ar\/blog\/wp-content\/uploads\/88381adc587fa8a1e6a1dc82a6ca4e1b93ba1bbe-2.jpg?fit=1140%2C757&ssl=1&resize=350%2C200 1x, https:\/\/i0.wp.com\/larevistadigital.com.ar\/blog\/wp-content\/uploads\/88381adc587fa8a1e6a1dc82a6ca4e1b93ba1bbe-2.jpg?fit=1140%2C757&ssl=1&resize=525%2C300 1.5x, https:\/\/i0.wp.com\/larevistadigital.com.ar\/blog\/wp-content\/uploads\/88381adc587fa8a1e6a1dc82a6ca4e1b93ba1bbe-2.jpg?fit=1140%2C757&ssl=1&resize=700%2C400 2x, https:\/\/i0.wp.com\/larevistadigital.com.ar\/blog\/wp-content\/uploads\/88381adc587fa8a1e6a1dc82a6ca4e1b93ba1bbe-2.jpg?fit=1140%2C757&ssl=1&resize=1050%2C600 3x"},"classes":[]},{"id":11974,"url":"https:\/\/larevistadigital.com.ar\/blog\/detienen-a-un-hombre-de-72-anos-por-tenencia-ilegal-de-arma-de-fuego\/","url_meta":{"origin":35314,"position":2},"title":"DETIENEN A UN HOMBRE DE 72 A\u00d1OS POR TENENCIA ILEGAL DE ARMA DE FUEGO","author":"Alejandro Sosa Ruda","date":"22 agosto, 2019","format":false,"excerpt":"Tras una gresca entre j\u00f3venes Se inform\u00f3 desde la Estaci\u00f3n de Polic\u00eda Comunal que ayer fue aprehendido un hombre de 72 a\u00f1os, por \u201ctenencia ilegal de arma de fuego\u201d. El hecho se origin\u00f3 a ra\u00edz de una pelea que tuvo lugar el pasado martes por la noche en calle Rico\u2026","rel":"","context":"En \u00abCHASCOM\u00daS\u00bb","block_context":{"text":"CHASCOM\u00daS","link":"https:\/\/larevistadigital.com.ar\/blog\/category\/chascomus\/"},"img":{"alt_text":"","src":"https:\/\/i0.wp.com\/larevistadigital.com.ar\/blog\/wp-content\/uploads\/2017\/08\/GEO_COMISARIA_1_CHASCOMUS-e1705762962297.jpg?fit=1200%2C548&ssl=1&resize=350%2C200","width":350,"height":200,"srcset":"https:\/\/i0.wp.com\/larevistadigital.com.ar\/blog\/wp-content\/uploads\/2017\/08\/GEO_COMISARIA_1_CHASCOMUS-e1705762962297.jpg?fit=1200%2C548&ssl=1&resize=350%2C200 1x, https:\/\/i0.wp.com\/larevistadigital.com.ar\/blog\/wp-content\/uploads\/2017\/08\/GEO_COMISARIA_1_CHASCOMUS-e1705762962297.jpg?fit=1200%2C548&ssl=1&resize=525%2C300 1.5x, https:\/\/i0.wp.com\/larevistadigital.com.ar\/blog\/wp-content\/uploads\/2017\/08\/GEO_COMISARIA_1_CHASCOMUS-e1705762962297.jpg?fit=1200%2C548&ssl=1&resize=700%2C400 2x, https:\/\/i0.wp.com\/larevistadigital.com.ar\/blog\/wp-content\/uploads\/2017\/08\/GEO_COMISARIA_1_CHASCOMUS-e1705762962297.jpg?fit=1200%2C548&ssl=1&resize=1050%2C600 3x"},"classes":[]},{"id":37988,"url":"https:\/\/larevistadigital.com.ar\/blog\/terror-en-berisso-mato-a-su-hijita-de-5-anos-apunalandola-en-el-pecho-y-luego-trato-de-suicidarse\/","url_meta":{"origin":35314,"position":3},"title":"Terror en Berisso: Mat\u00f3 a su hijita de 5 a\u00f1os apu\u00f1al\u00e1ndola en el pecho y luego trat\u00f3 de suicidarse","author":"Alejandro Sosa Ruda","date":"24 noviembre, 2024","format":false,"excerpt":"Detienen a un hombre en Berisso, acusado de matar a la hija de 5 a\u00f1os a pu\u00f1aladas en el pecho 24 de Noviembre de 2024 Berisso.- LA PLATA\u00a0 -\u00a0 \u00a0\u00a0Un demente sujeto, asesin\u00f3 a pu\u00f1aladas a su hija de 5 a\u00f1os, en la localidad de Berisso, para luego intentar suicidarse\u2026","rel":"","context":"En \u00abPOLICIALES\u00bb","block_context":{"text":"POLICIALES","link":"https:\/\/larevistadigital.com.ar\/blog\/category\/policiales\/"},"img":{"alt_text":"","src":"https:\/\/i0.wp.com\/larevistadigital.com.ar\/blog\/wp-content\/uploads\/5a1d8ec76f9d76d92e3d3e6ec7b8c9d200e9ed6b.jpg?fit=1140%2C641&ssl=1&resize=350%2C200","width":350,"height":200,"srcset":"https:\/\/i0.wp.com\/larevistadigital.com.ar\/blog\/wp-content\/uploads\/5a1d8ec76f9d76d92e3d3e6ec7b8c9d200e9ed6b.jpg?fit=1140%2C641&ssl=1&resize=350%2C200 1x, https:\/\/i0.wp.com\/larevistadigital.com.ar\/blog\/wp-content\/uploads\/5a1d8ec76f9d76d92e3d3e6ec7b8c9d200e9ed6b.jpg?fit=1140%2C641&ssl=1&resize=525%2C300 1.5x, https:\/\/i0.wp.com\/larevistadigital.com.ar\/blog\/wp-content\/uploads\/5a1d8ec76f9d76d92e3d3e6ec7b8c9d200e9ed6b.jpg?fit=1140%2C641&ssl=1&resize=700%2C400 2x, https:\/\/i0.wp.com\/larevistadigital.com.ar\/blog\/wp-content\/uploads\/5a1d8ec76f9d76d92e3d3e6ec7b8c9d200e9ed6b.jpg?fit=1140%2C641&ssl=1&resize=1050%2C600 3x"},"classes":[]},{"id":11039,"url":"https:\/\/larevistadigital.com.ar\/blog\/la-plata-un-glover-mato-a-un-ladron-luego-de-un-forcejeo\/","url_meta":{"origin":35314,"position":4},"title":"LA PLATA: UN \u00abGLOVER\u00bb MAT\u00d3 A UN LADR\u00d3N LUEGO DE UN FORCEJEO","author":"Alejandro Sosa Ruda","date":"3 julio, 2019","format":false,"excerpt":"El incidente ocurri\u00f3 en pleno centro plantense, en 10 y 46, cuando el joven apu\u00f1al\u00f3 al ladr\u00f3n en dos oportunidades. Un empleado a Glovo asesin\u00f3 de dos pu\u00f1aladas a un hombre en un episodio registrado en 10 y 46. La v\u00edctima fue identificada como\u00a0Julio Zapata de 47 a\u00f1os, y entre\u2026","rel":"","context":"En \u00abPOLICIALES\u00bb","block_context":{"text":"POLICIALES","link":"https:\/\/larevistadigital.com.ar\/blog\/category\/policiales\/"},"img":{"alt_text":"","src":"https:\/\/i0.wp.com\/larevistadigital.com.ar\/blog\/wp-content\/uploads\/Screenshot_1-18.jpg?fit=1009%2C673&ssl=1&resize=350%2C200","width":350,"height":200,"srcset":"https:\/\/i0.wp.com\/larevistadigital.com.ar\/blog\/wp-content\/uploads\/Screenshot_1-18.jpg?fit=1009%2C673&ssl=1&resize=350%2C200 1x, https:\/\/i0.wp.com\/larevistadigital.com.ar\/blog\/wp-content\/uploads\/Screenshot_1-18.jpg?fit=1009%2C673&ssl=1&resize=525%2C300 1.5x, https:\/\/i0.wp.com\/larevistadigital.com.ar\/blog\/wp-content\/uploads\/Screenshot_1-18.jpg?fit=1009%2C673&ssl=1&resize=700%2C400 2x"},"classes":[]},{"id":15318,"url":"https:\/\/larevistadigital.com.ar\/blog\/drama-perito-policial-mato-a-su-novia-a-su-hermana-y-luego-se-quito-la-vida\/","url_meta":{"origin":35314,"position":5},"title":"DRAMA: PERITO POLICIAL MAT\u00d3 A SU NOVIA, A SU HERMANA Y LUEGO SE QUIT\u00d3 LA VIDA","author":"Alejandro Sosa Ruda","date":"25 mayo, 2020","format":false,"excerpt":"El autor del doble crimen se desempe\u00f1aba en la Cient\u00edfica de Trenque Lauquen. Ten\u00eda 29 a\u00f1os. Asesin\u00f3 a balazos a una joven de 19 y a su propio hermano, de 30. Todo ocurri\u00f3 tras compartir un asado. La mujer alcanz\u00f3 a llamar al 911 PEHUAJ\u00d3 - Un perito de Polic\u00eda\u2026","rel":"","context":"En \u00abPOLICIALES\u00bb","block_context":{"text":"POLICIALES","link":"https:\/\/larevistadigital.com.ar\/blog\/category\/policiales\/"},"img":{"alt_text":"","src":"https:\/\/i0.wp.com\/larevistadigital.com.ar\/blog\/wp-content\/uploads\/20200525122017_aaa.jpg?fit=887%2C554&ssl=1&resize=350%2C200","width":350,"height":200,"srcset":"https:\/\/i0.wp.com\/larevistadigital.com.ar\/blog\/wp-content\/uploads\/20200525122017_aaa.jpg?fit=887%2C554&ssl=1&resize=350%2C200 1x, https:\/\/i0.wp.com\/larevistadigital.com.ar\/blog\/wp-content\/uploads\/20200525122017_aaa.jpg?fit=887%2C554&ssl=1&resize=525%2C300 1.5x, https:\/\/i0.wp.com\/larevistadigital.com.ar\/blog\/wp-content\/uploads\/20200525122017_aaa.jpg?fit=887%2C554&ssl=1&resize=700%2C400 2x"},"classes":[]}],"_links":{"self":[{"href":"https:\/\/larevistadigital.com.ar\/blog\/wp-json\/wp\/v2\/posts\/35314","targetHints":{"allow":["GET"]}}],"collection":[{"href":"https:\/\/larevistadigital.com.ar\/blog\/wp-json\/wp\/v2\/posts"}],"about":[{"href":"https:\/\/larevistadigital.com.ar\/blog\/wp-json\/wp\/v2\/types\/post"}],"author":[{"embeddable":true,"href":"https:\/\/larevistadigital.com.ar\/blog\/wp-json\/wp\/v2\/users\/3"}],"replies":[{"embeddable":true,"href":"https:\/\/larevistadigital.com.ar\/blog\/wp-json\/wp\/v2\/comments?post=35314"}],"version-history":[{"count":1,"href":"https:\/\/larevistadigital.com.ar\/blog\/wp-json\/wp\/v2\/posts\/35314\/revisions"}],"predecessor-version":[{"id":35315,"href":"https:\/\/larevistadigital.com.ar\/blog\/wp-json\/wp\/v2\/posts\/35314\/revisions\/35315"}],"wp:featuredmedia":[{"embeddable":true,"href":"https:\/\/larevistadigital.com.ar\/blog\/wp-json\/wp\/v2\/media\/29411"}],"wp:attachment":[{"href":"https:\/\/larevistadigital.com.ar\/blog\/wp-json\/wp\/v2\/media?parent=35314"}],"wp:term":[{"taxonomy":"category","embeddable":true,"href":"https:\/\/larevistadigital.com.ar\/blog\/wp-json\/wp\/v2\/categories?post=35314"},{"taxonomy":"post_tag","embeddable":true,"href":"https:\/\/larevistadigital.com.ar\/blog\/wp-json\/wp\/v2\/tags?post=35314"}],"curies":[{"name":"wp","href":"https:\/\/api.w.org\/{rel}","templated":true}]}}