{"id":35316,"date":"2024-02-22T01:57:42","date_gmt":"2024-02-22T04:57:42","guid":{"rendered":"https:\/\/larevistadigital.com.ar\/blog\/?p=35316"},"modified":"2024-02-22T01:57:42","modified_gmt":"2024-02-22T04:57:42","slug":"reconocimiento-y-agradecimiento-a-quienes-participaron-de-la-organizacion-del-carnaval-infantil","status":"publish","type":"post","link":"https:\/\/larevistadigital.com.ar\/blog\/reconocimiento-y-agradecimiento-a-quienes-participaron-de-la-organizacion-del-carnaval-infantil\/","title":{"rendered":"RECONOCIMIENTO Y AGRADECIMIENTO A QUIENES PARTICIPARON DE LA ORGANIZACI\u00d3N DEL CARNAVAL INFANTIL"},"content":{"rendered":"<h2 class=\"notaIntro\"><strong><em>El martes, el intendente Javier Gast\u00f3n, junto al secretario de Desarrollo Tur\u00edstico, Productivo y Cultural, Pablo N\u00e1poli, se reuni\u00f3 con quienes participaron de la organizaci\u00f3n del Carnaval Infantil.<\/em><\/strong><\/h2>\n<p>22 de febrero de 2024<\/p>\n<p class=\"notaTexto\"><strong>CHASCOM\u00daS &#8211;\u00a0<\/strong> El d\u00eda comenz\u00f3 con un desayuno con referentes municipales de diversas \u00e1reas, quienes tuvieron un importante rol tanto en la preparaci\u00f3n como en las noches de desfile.<br \/>\nLuego, se llev\u00f3 a cabo un encuentro con representantes de las instituciones comunitarias que tuvieron a su cargo los puestos gastron\u00f3micos en el Cors\u00f3dromo.<\/p>\n<p class=\"notaTexto\">Finalmente, en el Teatro Municipal Brazzola, dialogaron con integrantes de agrupaciones y comparsas participantes y con los responsables de los talleres del programa Cultura Viva Comunitaria, quienes los acompa\u00f1aron en el proceso de preparaci\u00f3n durante todo el a\u00f1o.<\/p>\n<p class=\"notaTexto\"><strong>Javier Gast\u00f3n<\/strong> expres\u00f3, en cada uno de estos encuentros, su agradecimiento a todos los que se sumaron, tanto a los empleados municipales como a las agrupaciones e instituciones deportivas y destac\u00f3 la participaci\u00f3n y el compromiso de todos, enfocados en ni\u00f1os, ni\u00f1as y j\u00f3venes, los verdaderos protagonistas y destinatarios de esta fiesta.<\/p>\n<p class=\"notaTexto\">Los presentes compartieron sus experiencias y coincidieron en que, a pesar de las dificultades econ\u00f3micas, el Carnaval Infantil fue una verdadera fiesta compartida por toda la comunidad.<\/p>\n","protected":false},"excerpt":{"rendered":"<div class=\"mh-excerpt\"><p>El martes, el intendente Javier Gast\u00f3n, junto al secretario de Desarrollo Tur\u00edstico, Productivo y Cultural, Pablo N\u00e1poli, se reuni\u00f3 con quienes participaron de la organizaci\u00f3n del Carnaval Infantil. 22 de febrero de 2024 CHASCOM\u00daS &#8211;\u00a0 <a class=\"mh-excerpt-more\" href=\"https:\/\/larevistadigital.com.ar\/blog\/reconocimiento-y-agradecimiento-a-quienes-participaron-de-la-organizacion-del-carnaval-infantil\/\" title=\"RECONOCIMIENTO Y AGRADECIMIENTO A QUIENES PARTICIPARON DE LA ORGANIZACI\u00d3N DEL CARNAVAL INFANTIL\">[Leer M\u00e1s]<\/a><\/p>\n<\/div>","protected":false},"author":3,"featured_media":35317,"comment_status":"open","ping_status":"open","sticky":false,"template":"","format":"standard","meta":{"_jetpack_memberships_contains_paid_content":false,"footnotes":"","jetpack_publicize_message":"","jetpack_publicize_feature_enabled":true,"jetpack_social_post_already_shared":true,"jetpack_social_options":{"image_generator_settings":{"template":"highway","default_image_id":0,"font":"","enabled":false},"version":2}},"categories":[6],"tags":[],"class_list":{"0":"post-35316","1":"post","2":"type-post","3":"status-publish","4":"format-standard","5":"has-post-thumbnail","7":"category-chascomus"},"jetpack_publicize_connections":[],"jetpack_featured_media_url":"https:\/\/i0.wp.com\/larevistadigital.com.ar\/blog\/wp-content\/uploads\/AGRADECIMIENTO-DE-GASTON-CORSOS.jpg?fit=700%2C467&ssl=1","jetpack_sharing_enabled":true,"jetpack_shortlink":"https:\/\/wp.me\/p8qtrQ-9bC","jetpack-related-posts":[{"id":44251,"url":"https:\/\/larevistadigital.com.ar\/blog\/chascomus-1700-chicos-y-chicas-que-participaron-del-carnaval-infantil-disfrutaron-de-puerto-aventura\/","url_meta":{"origin":35316,"position":0},"title":"Chascom\u00fas: 1700 chicos y chicas que participaron del Carnaval Infantil disfrutaron de Puerto Aventura","author":"Alejandro Sosa Ruda","date":"3 marzo, 2026","format":false,"excerpt":"Una jornada en la que prim\u00f3 la alegr\u00eda, la integraci\u00f3n social y el intercambio entre las distintas generaciones unidos por una misma pasi\u00f3n. 03 de Marzo de 2026 CHASCOM\u00daS -\u00a0 \u00a0En la jornada del \u00faltimo domingo, el parque acu\u00e1tico Puerto Aventura fue el lugar elegido para agasajar a los m\u00e1s\u2026","rel":"","context":"En \u00abCHASCOM\u00daS\u00bb","block_context":{"text":"CHASCOM\u00daS","link":"https:\/\/larevistadigital.com.ar\/blog\/category\/chascomus\/"},"img":{"alt_text":"","src":"https:\/\/i0.wp.com\/larevistadigital.com.ar\/blog\/wp-content\/uploads\/69a5d0d542003.png?fit=668%2C445&ssl=1&resize=350%2C200","width":350,"height":200,"srcset":"https:\/\/i0.wp.com\/larevistadigital.com.ar\/blog\/wp-content\/uploads\/69a5d0d542003.png?fit=668%2C445&ssl=1&resize=350%2C200 1x, https:\/\/i0.wp.com\/larevistadigital.com.ar\/blog\/wp-content\/uploads\/69a5d0d542003.png?fit=668%2C445&ssl=1&resize=525%2C300 1.5x"},"classes":[]},{"id":44032,"url":"https:\/\/larevistadigital.com.ar\/blog\/carnaval-infantil-de-chascomus-un-exito-en-participacion-y-cuidado-del-ambiente\/","url_meta":{"origin":35316,"position":1},"title":"Carnaval Infantil de Chascom\u00fas: un \u00e9xito en participaci\u00f3n y cuidado del ambiente","author":"Alejandro Sosa Ruda","date":"18 febrero, 2026","format":false,"excerpt":"Se juntaron aproximadamente 25 mil unidades de objetos de reciclables entre pomos de espuma, latas y botellas de\u00a0 pl\u00e1stico. 18 de febrero de 2026 CHASCOM\u00daS -\u00a0 \u00a0Desde la Municipalidad de Chascom\u00fas, a trav\u00e9s del \u00e1rea de Ambiente, informan que durante las jornadas de carnaval se recuperaron m\u00e1s de 25.000 materiales\u2026","rel":"","context":"En \u00abCHASCOM\u00daS\u00bb","block_context":{"text":"CHASCOM\u00daS","link":"https:\/\/larevistadigital.com.ar\/blog\/category\/chascomus\/"},"img":{"alt_text":"","src":"https:\/\/i0.wp.com\/larevistadigital.com.ar\/blog\/wp-content\/uploads\/6995f8bfde1d0.png?fit=668%2C445&ssl=1&resize=350%2C200","width":350,"height":200,"srcset":"https:\/\/i0.wp.com\/larevistadigital.com.ar\/blog\/wp-content\/uploads\/6995f8bfde1d0.png?fit=668%2C445&ssl=1&resize=350%2C200 1x, https:\/\/i0.wp.com\/larevistadigital.com.ar\/blog\/wp-content\/uploads\/6995f8bfde1d0.png?fit=668%2C445&ssl=1&resize=525%2C300 1.5x"},"classes":[]},{"id":35148,"url":"https:\/\/larevistadigital.com.ar\/blog\/recursos-provinciales-para-el-carnaval-infantil-de-chascomus\/","url_meta":{"origin":35316,"position":2},"title":"RECURSOS PROVINCIALES PARA EL CARNAVAL INFANTIL DE CHASCOM\u00daS","author":"Alejandro Sosa Ruda","date":"1 febrero, 2024","format":false,"excerpt":"Llegan de la mano de la Ministra Saintout, y el Viceministro Cote Rossi, quienes desde su asunci\u00f3n han demostrado un gran empe\u00f1o y compromiso con la cultura en la Provincia. 01 de febrero de 2023 CHASCOM\u00daS -\u00a0 Se llev\u00f3 a cabo una reuni\u00f3n en la sede del Instituto Cultural de\u2026","rel":"","context":"En \u00abDESTACADAS\u00bb","block_context":{"text":"DESTACADAS","link":"https:\/\/larevistadigital.com.ar\/blog\/category\/destacadas\/"},"img":{"alt_text":"","src":"https:\/\/i0.wp.com\/larevistadigital.com.ar\/blog\/wp-content\/uploads\/WhatsApp-Image-2024-01-31-at-09.44.01.jpeg?fit=955%2C622&ssl=1&resize=350%2C200","width":350,"height":200,"srcset":"https:\/\/i0.wp.com\/larevistadigital.com.ar\/blog\/wp-content\/uploads\/WhatsApp-Image-2024-01-31-at-09.44.01.jpeg?fit=955%2C622&ssl=1&resize=350%2C200 1x, https:\/\/i0.wp.com\/larevistadigital.com.ar\/blog\/wp-content\/uploads\/WhatsApp-Image-2024-01-31-at-09.44.01.jpeg?fit=955%2C622&ssl=1&resize=525%2C300 1.5x, https:\/\/i0.wp.com\/larevistadigital.com.ar\/blog\/wp-content\/uploads\/WhatsApp-Image-2024-01-31-at-09.44.01.jpeg?fit=955%2C622&ssl=1&resize=700%2C400 2x"},"classes":[]},{"id":43934,"url":"https:\/\/larevistadigital.com.ar\/blog\/chascomus-corte-de-calles-durante-los-festejos-del-carnaval-infantil\/","url_meta":{"origin":35316,"position":3},"title":"Chascom\u00fas: Corte de calles durante los festejos del Carnaval Infantil","author":"Alejandro Sosa Ruda","date":"11 febrero, 2026","format":false,"excerpt":"Desde este viernes 13 hasta el lunes 16, las calles cercanas al cors\u00f3dromo de la Avenida Alfons\u00edn permanecer\u00e1n cortadas al tr\u00e1nsito a partir de las 18 y hasta que finalice la celebraci\u00f3n. 11 de febrero de 2026 CHASCOM\u00daS\u00a0 -\u00a0 \u00a0Con motivo de realizarse el desfile del carnaval infantil las calles\u2026","rel":"","context":"En \u00abCHASCOM\u00daS\u00bb","block_context":{"text":"CHASCOM\u00daS","link":"https:\/\/larevistadigital.com.ar\/blog\/category\/chascomus\/"},"img":{"alt_text":"","src":"https:\/\/i0.wp.com\/larevistadigital.com.ar\/blog\/wp-content\/uploads\/698cbc36af065.png?fit=668%2C445&ssl=1&resize=350%2C200","width":350,"height":200,"srcset":"https:\/\/i0.wp.com\/larevistadigital.com.ar\/blog\/wp-content\/uploads\/698cbc36af065.png?fit=668%2C445&ssl=1&resize=350%2C200 1x, https:\/\/i0.wp.com\/larevistadigital.com.ar\/blog\/wp-content\/uploads\/698cbc36af065.png?fit=668%2C445&ssl=1&resize=525%2C300 1.5x"},"classes":[]},{"id":4909,"url":"https:\/\/larevistadigital.com.ar\/blog\/chascomus-finalizo-renovado-organizado-excelente-carnaval-infantil\/","url_meta":{"origin":35316,"position":4},"title":"CHASCOM\u00daS: FINALIZ\u00d3 UN RENOVADO, ORGANIZADO Y EXCELENTE CARNAVAL INFANTIL","author":"Alejandro Sosa Ruda","date":"14 febrero, 2018","format":false,"excerpt":"Luego de tres alegres jornadas finalmente culmin\u00f3 la segunda edici\u00f3n del \"Carnaval Infantil\" de la gesti\u00f3n del intendente Javier Gast\u00f3n, dejando un saldo que realmente es por dem\u00e1s exitoso y destacable. La fiesta de carnaval ha sido un evento que como primera medida result\u00f3 debidamente organizado. Hoy, se puede decir\u2026","rel":"","context":"En \u00abCHASCOM\u00daS\u00bb","block_context":{"text":"CHASCOM\u00daS","link":"https:\/\/larevistadigital.com.ar\/blog\/category\/chascomus\/"},"img":{"alt_text":"","src":"https:\/\/i0.wp.com\/larevistadigital.com.ar\/blog\/wp-content\/uploads\/2018\/02\/27798263_2078190969124057_6531796317618591990_o.jpg?fit=1200%2C800&ssl=1&resize=350%2C200","width":350,"height":200,"srcset":"https:\/\/i0.wp.com\/larevistadigital.com.ar\/blog\/wp-content\/uploads\/2018\/02\/27798263_2078190969124057_6531796317618591990_o.jpg?fit=1200%2C800&ssl=1&resize=350%2C200 1x, https:\/\/i0.wp.com\/larevistadigital.com.ar\/blog\/wp-content\/uploads\/2018\/02\/27798263_2078190969124057_6531796317618591990_o.jpg?fit=1200%2C800&ssl=1&resize=525%2C300 1.5x, https:\/\/i0.wp.com\/larevistadigital.com.ar\/blog\/wp-content\/uploads\/2018\/02\/27798263_2078190969124057_6531796317618591990_o.jpg?fit=1200%2C800&ssl=1&resize=700%2C400 2x, https:\/\/i0.wp.com\/larevistadigital.com.ar\/blog\/wp-content\/uploads\/2018\/02\/27798263_2078190969124057_6531796317618591990_o.jpg?fit=1200%2C800&ssl=1&resize=1050%2C600 3x"},"classes":[]},{"id":44248,"url":"https:\/\/larevistadigital.com.ar\/blog\/chascomus-la-residencia-municipal-de-larga-estadia-se-vistio-de-carnaval\/","url_meta":{"origin":35316,"position":5},"title":"Chascom\u00fas: La Residencia Municipal de Larga Estad\u00eda se visti\u00f3 de carnaval","author":"Alejandro Sosa Ruda","date":"3 marzo, 2026","format":false,"excerpt":"Una gran cantidad de vecinos y familiares se acercaron con mate y reposeras para disfrutar de la jornada, que comenz\u00f3 a media tarde y se extendi\u00f3 hasta entrada la noche. 03 de Marzo de 2026 CHASCOM\u00daS\u00a0 -\u00a0 \u00a0El viernes por la tarde, comparsas y agrupaciones que desfilaron en el \u00faltimo\u2026","rel":"","context":"En \u00abCHASCOM\u00daS\u00bb","block_context":{"text":"CHASCOM\u00daS","link":"https:\/\/larevistadigital.com.ar\/blog\/category\/chascomus\/"},"img":{"alt_text":"","src":"https:\/\/i0.wp.com\/larevistadigital.com.ar\/blog\/wp-content\/uploads\/69a5e341cc8b5.png?fit=668%2C445&ssl=1&resize=350%2C200","width":350,"height":200,"srcset":"https:\/\/i0.wp.com\/larevistadigital.com.ar\/blog\/wp-content\/uploads\/69a5e341cc8b5.png?fit=668%2C445&ssl=1&resize=350%2C200 1x, https:\/\/i0.wp.com\/larevistadigital.com.ar\/blog\/wp-content\/uploads\/69a5e341cc8b5.png?fit=668%2C445&ssl=1&resize=525%2C300 1.5x"},"classes":[]}],"_links":{"self":[{"href":"https:\/\/larevistadigital.com.ar\/blog\/wp-json\/wp\/v2\/posts\/35316","targetHints":{"allow":["GET"]}}],"collection":[{"href":"https:\/\/larevistadigital.com.ar\/blog\/wp-json\/wp\/v2\/posts"}],"about":[{"href":"https:\/\/larevistadigital.com.ar\/blog\/wp-json\/wp\/v2\/types\/post"}],"author":[{"embeddable":true,"href":"https:\/\/larevistadigital.com.ar\/blog\/wp-json\/wp\/v2\/users\/3"}],"replies":[{"embeddable":true,"href":"https:\/\/larevistadigital.com.ar\/blog\/wp-json\/wp\/v2\/comments?post=35316"}],"version-history":[{"count":1,"href":"https:\/\/larevistadigital.com.ar\/blog\/wp-json\/wp\/v2\/posts\/35316\/revisions"}],"predecessor-version":[{"id":35318,"href":"https:\/\/larevistadigital.com.ar\/blog\/wp-json\/wp\/v2\/posts\/35316\/revisions\/35318"}],"wp:featuredmedia":[{"embeddable":true,"href":"https:\/\/larevistadigital.com.ar\/blog\/wp-json\/wp\/v2\/media\/35317"}],"wp:attachment":[{"href":"https:\/\/larevistadigital.com.ar\/blog\/wp-json\/wp\/v2\/media?parent=35316"}],"wp:term":[{"taxonomy":"category","embeddable":true,"href":"https:\/\/larevistadigital.com.ar\/blog\/wp-json\/wp\/v2\/categories?post=35316"},{"taxonomy":"post_tag","embeddable":true,"href":"https:\/\/larevistadigital.com.ar\/blog\/wp-json\/wp\/v2\/tags?post=35316"}],"curies":[{"name":"wp","href":"https:\/\/api.w.org\/{rel}","templated":true}]}}