{"id":35325,"date":"2024-02-26T21:04:16","date_gmt":"2024-02-27T00:04:16","guid":{"rendered":"https:\/\/larevistadigital.com.ar\/blog\/?p=35325"},"modified":"2024-02-26T21:04:16","modified_gmt":"2024-02-27T00:04:16","slug":"un-camion-quebro-un-arbol-en-calle-belgrano-por-una-mala-maniobra","status":"publish","type":"post","link":"https:\/\/larevistadigital.com.ar\/blog\/un-camion-quebro-un-arbol-en-calle-belgrano-por-una-mala-maniobra\/","title":{"rendered":"UN CAMI\u00d3N QUEBR\u00d3 UN \u00c1RBOL EN CALLE BELGRANO POR UNA MALA MANIOBRA"},"content":{"rendered":"<h2>Sucedi\u00f3 a la tarde, y afortunadamente el gajo quebrado qued\u00f3 apoyado a una columna. Igual, fueron horas de exposici\u00f3n a un peligro latente. Los vecinos destacaron el trabajo de defensa civil.<\/h2>\n<p>26 de febrero de 2024<\/p>\n<p><strong>CHASCOM\u00daS &#8211;\u00a0 \u00a0<\/strong>Aproximadamente a las 17 hs. de hoy, un cami\u00f3n de gran envergadura realiz\u00f3 una mala maniobra que provoc\u00f3 una importante rajadura de uno de sus gajos m\u00e1s grandes, quebr\u00e1ndose y quedando apoyado sobre una columna de alumbrado.<\/p>\n<blockquote>\n<h3>El cami\u00f3n responsable, huy\u00f3 en el momento, advirtiendo el da\u00f1o que hab\u00eda provocado y las autoridades est\u00e1n tratando de ubicarlo.<\/h3>\n<\/blockquote>\n<p>Luego de las denuncias de los vecinos del lugar, manifestando lo sucedido, pero sobre todo la preocupaci\u00f3n por el estado del \u00e1rbol que representaba un peligro latente, ya que pudo caer hacia el piso, da\u00f1ando tanto a los distintos locales, departamentos, o a cualquiera que pasara por el lugar.<\/p>\n<blockquote>\n<h3><img data-recalc-dims=\"1\" loading=\"lazy\" decoding=\"async\" class=\"alignnone size-full wp-image-35328\" src=\"https:\/\/i0.wp.com\/larevistadigital.com.ar\/blog\/wp-content\/uploads\/1-17.jpg?resize=960%2C1280&#038;ssl=1\" alt=\"\" width=\"960\" height=\"1280\" srcset=\"https:\/\/i0.wp.com\/larevistadigital.com.ar\/blog\/wp-content\/uploads\/1-17.jpg?w=960&amp;ssl=1 960w, https:\/\/i0.wp.com\/larevistadigital.com.ar\/blog\/wp-content\/uploads\/1-17.jpg?resize=225%2C300&amp;ssl=1 225w, https:\/\/i0.wp.com\/larevistadigital.com.ar\/blog\/wp-content\/uploads\/1-17.jpg?resize=768%2C1024&amp;ssl=1 768w\" sizes=\"auto, (max-width: 960px) 100vw, 960px\" \/>Un p\u00e1rrafo aparte para la gente de \u00abDefensa Civil\u00bb, que permaneci\u00f3 en el lugar, preserv\u00e1ndolo y cuidando que nadie salga lastimado.<\/h3>\n<\/blockquote>\n<p><img data-recalc-dims=\"1\" loading=\"lazy\" decoding=\"async\" class=\"alignnone size-full wp-image-35329\" src=\"https:\/\/i0.wp.com\/larevistadigital.com.ar\/blog\/wp-content\/uploads\/2-18.jpg?resize=960%2C1280&#038;ssl=1\" alt=\"\" width=\"960\" height=\"1280\" srcset=\"https:\/\/i0.wp.com\/larevistadigital.com.ar\/blog\/wp-content\/uploads\/2-18.jpg?w=960&amp;ssl=1 960w, https:\/\/i0.wp.com\/larevistadigital.com.ar\/blog\/wp-content\/uploads\/2-18.jpg?resize=225%2C300&amp;ssl=1 225w, https:\/\/i0.wp.com\/larevistadigital.com.ar\/blog\/wp-content\/uploads\/2-18.jpg?resize=768%2C1024&amp;ssl=1 768w\" sizes=\"auto, (max-width: 960px) 100vw, 960px\" \/><\/p>\n<p>Luego de varias horas, finalmente se hizo presente la gente de \u00abespacios verdes\u00bb que con la supervisi\u00f3n del Sub Secretario de Seguridad, <strong>Ramiro Cangianelli<\/strong> comenzaron los trabajos para quitar la gran rama ca\u00edda.<\/p>\n","protected":false},"excerpt":{"rendered":"<div class=\"mh-excerpt\"><p>Sucedi\u00f3 a la tarde, y afortunadamente el gajo quebrado qued\u00f3 apoyado a una columna. Igual, fueron horas de exposici\u00f3n a un peligro latente. Los vecinos destacaron el trabajo de defensa civil. 26 de febrero de <a class=\"mh-excerpt-more\" href=\"https:\/\/larevistadigital.com.ar\/blog\/un-camion-quebro-un-arbol-en-calle-belgrano-por-una-mala-maniobra\/\" title=\"UN CAMI\u00d3N QUEBR\u00d3 UN \u00c1RBOL EN CALLE BELGRANO POR UNA MALA MANIOBRA\">[Leer M\u00e1s]<\/a><\/p>\n<\/div>","protected":false},"author":3,"featured_media":35327,"comment_status":"open","ping_status":"open","sticky":false,"template":"","format":"standard","meta":{"_jetpack_memberships_contains_paid_content":false,"footnotes":"","jetpack_publicize_message":"","jetpack_publicize_feature_enabled":true,"jetpack_social_post_already_shared":true,"jetpack_social_options":{"image_generator_settings":{"template":"highway","default_image_id":0,"font":"","enabled":false},"version":2}},"categories":[6,1],"tags":[],"class_list":{"0":"post-35325","1":"post","2":"type-post","3":"status-publish","4":"format-standard","5":"has-post-thumbnail","7":"category-chascomus","8":"category-sin-categoria"},"jetpack_publicize_connections":[],"jetpack_featured_media_url":"https:\/\/i0.wp.com\/larevistadigital.com.ar\/blog\/wp-content\/uploads\/4-9.jpg?fit=960%2C1280&ssl=1","jetpack_sharing_enabled":true,"jetpack_shortlink":"https:\/\/wp.me\/p8qtrQ-9bL","jetpack-related-posts":[{"id":35297,"url":"https:\/\/larevistadigital.com.ar\/blog\/camion-perdio-su-carga-tras-una-mala-maniobra\/","url_meta":{"origin":35325,"position":0},"title":"CAMI\u00d3N PERDI\u00d3 SU CARGA TRAS UNA MALA MANIOBRA","author":"Alejandro Sosa Ruda","date":"21 febrero, 2024","format":false,"excerpt":"Sucedi\u00f3 en Neuqu\u00e9n hace unas horas. Perdi\u00f3 toda la carga. 21 de febrero de 2023 NEUQU\u00c9N -\u00a0 \u00a0Sucedi\u00f3 hace unas horas,\u00a0 en la segunda curva de Ruta Provincial 7 (sentido Centenario - Neuqu\u00e9n). El cami\u00f3n realiz\u00f3 una mala maniobra, que como resultado hizo que pierda toda su carga de bins\u2026","rel":"","context":"En \u00abREGIONALES\u00bb","block_context":{"text":"REGIONALES","link":"https:\/\/larevistadigital.com.ar\/blog\/category\/regionales\/"},"img":{"alt_text":"","src":"https:\/\/i0.wp.com\/larevistadigital.com.ar\/blog\/wp-content\/uploads\/428606348_805585218273279_1053905899784469156_n.jpg?fit=720%2C667&ssl=1&resize=350%2C200","width":350,"height":200,"srcset":"https:\/\/i0.wp.com\/larevistadigital.com.ar\/blog\/wp-content\/uploads\/428606348_805585218273279_1053905899784469156_n.jpg?fit=720%2C667&ssl=1&resize=350%2C200 1x, https:\/\/i0.wp.com\/larevistadigital.com.ar\/blog\/wp-content\/uploads\/428606348_805585218273279_1053905899784469156_n.jpg?fit=720%2C667&ssl=1&resize=525%2C300 1.5x, https:\/\/i0.wp.com\/larevistadigital.com.ar\/blog\/wp-content\/uploads\/428606348_805585218273279_1053905899784469156_n.jpg?fit=720%2C667&ssl=1&resize=700%2C400 2x"},"classes":[]},{"id":10201,"url":"https:\/\/larevistadigital.com.ar\/blog\/chascomus-camion-se-accidento-y-casi-vuelca\/","url_meta":{"origin":35325,"position":1},"title":"CHASCOM\u00daS: CAMI\u00d3N SE ACCIDENT\u00d3 Y CASI VUELCA","author":"Alejandro Sosa Ruda","date":"15 mayo, 2019","format":false,"excerpt":"Por causas que se desconocen, un cami\u00f3n luego de alg\u00fan percance mec\u00e1nico, o alguna mala maniobra de su conductor, qued\u00f3 inclinado en la zanja y al parecer no volc\u00f3 de casualidad. Esto sucedi\u00f3 en calles Machado y la Diagonal 7 de Setiembre, y fue informado por el vecino Pedro Fayos,\u2026","rel":"","context":"En \u00abCHASCOM\u00daS\u00bb","block_context":{"text":"CHASCOM\u00daS","link":"https:\/\/larevistadigital.com.ar\/blog\/category\/chascomus\/"},"img":{"alt_text":"","src":"https:\/\/i0.wp.com\/larevistadigital.com.ar\/blog\/wp-content\/uploads\/2019\/05\/WhatsApp-Image-2019-05-15-at-08.41.17.jpeg?fit=780%2C1040&ssl=1&resize=350%2C200","width":350,"height":200,"srcset":"https:\/\/i0.wp.com\/larevistadigital.com.ar\/blog\/wp-content\/uploads\/2019\/05\/WhatsApp-Image-2019-05-15-at-08.41.17.jpeg?fit=780%2C1040&ssl=1&resize=350%2C200 1x, https:\/\/i0.wp.com\/larevistadigital.com.ar\/blog\/wp-content\/uploads\/2019\/05\/WhatsApp-Image-2019-05-15-at-08.41.17.jpeg?fit=780%2C1040&ssl=1&resize=525%2C300 1.5x, https:\/\/i0.wp.com\/larevistadigital.com.ar\/blog\/wp-content\/uploads\/2019\/05\/WhatsApp-Image-2019-05-15-at-08.41.17.jpeg?fit=780%2C1040&ssl=1&resize=700%2C400 2x"},"classes":[]},{"id":37016,"url":"https:\/\/larevistadigital.com.ar\/blog\/quiso-doblar-y-quedo-con-el-camion-cruzado-en-un-importante-acceso-de-la-ruda-40\/","url_meta":{"origin":35325,"position":2},"title":"QUISO DOBLAR, Y QUED\u00d3 CON EL CAMI\u00d3N CRUZADO EN UN IMPORTANTE ACCESO DE LA RUDA 40","author":"Alejandro Sosa Ruda","date":"20 agosto, 2024","format":false,"excerpt":"La polic\u00eda tuvo que cortar el tr\u00e1nsito, ya que el cami\u00f3n cort\u00f3 la entrada a Avenida Circunvalaci\u00f3n y la entrada a la ciudad. 20 de Agosto de 2024 SAN JUAN -\u00a0 \u00a0Cerca de las 11 horas de este martes se desat\u00f3 un caos en el Acceso Norte de Ruta 40.\u2026","rel":"","context":"En \u00abINTERES GENERAL\u00bb","block_context":{"text":"INTERES GENERAL","link":"https:\/\/larevistadigital.com.ar\/blog\/category\/interes-general\/"},"img":{"alt_text":"","src":"https:\/\/i0.wp.com\/larevistadigital.com.ar\/blog\/wp-content\/uploads\/456184553_925209379644195_4147249237371022068_n.jpg?fit=790%2C526&ssl=1&resize=350%2C200","width":350,"height":200,"srcset":"https:\/\/i0.wp.com\/larevistadigital.com.ar\/blog\/wp-content\/uploads\/456184553_925209379644195_4147249237371022068_n.jpg?fit=790%2C526&ssl=1&resize=350%2C200 1x, https:\/\/i0.wp.com\/larevistadigital.com.ar\/blog\/wp-content\/uploads\/456184553_925209379644195_4147249237371022068_n.jpg?fit=790%2C526&ssl=1&resize=525%2C300 1.5x, https:\/\/i0.wp.com\/larevistadigital.com.ar\/blog\/wp-content\/uploads\/456184553_925209379644195_4147249237371022068_n.jpg?fit=790%2C526&ssl=1&resize=700%2C400 2x"},"classes":[]},{"id":34972,"url":"https:\/\/larevistadigital.com.ar\/blog\/ruta-2-despiste-y-vuelco-de-un-camion-cerca-de-chascomus\/","url_meta":{"origin":35325,"position":3},"title":"RUTA 2: DESPISTE Y VUELCO DE UN CAMI\u00d3N CERCA DE CHASCOM\u00daS","author":"Alejandro Sosa Ruda","date":"3 enero, 2024","format":false,"excerpt":"A\u00fan se desconocen las razones por las cuales perdi\u00f3 el control de su enorme veh\u00edculo en plena Ruta 2, a la altura de Chascom\u00fas. 03 de diciembre de 2023 CHASCOM\u00daS -\u00a0 \u00a0Un tremendo accidente de tr\u00e1nsito se produjo durante las \u00faltimas horas en la Ruta 2 a la altura de\u2026","rel":"","context":"En \u00abPOLICIALES\u00bb","block_context":{"text":"POLICIALES","link":"https:\/\/larevistadigital.com.ar\/blog\/category\/policiales\/"},"img":{"alt_text":"","src":"https:\/\/i0.wp.com\/larevistadigital.com.ar\/blog\/wp-content\/uploads\/Captura-de-pantalla-2024-01-03-122301.png?fit=888%2C440&ssl=1&resize=350%2C200","width":350,"height":200,"srcset":"https:\/\/i0.wp.com\/larevistadigital.com.ar\/blog\/wp-content\/uploads\/Captura-de-pantalla-2024-01-03-122301.png?fit=888%2C440&ssl=1&resize=350%2C200 1x, https:\/\/i0.wp.com\/larevistadigital.com.ar\/blog\/wp-content\/uploads\/Captura-de-pantalla-2024-01-03-122301.png?fit=888%2C440&ssl=1&resize=525%2C300 1.5x, https:\/\/i0.wp.com\/larevistadigital.com.ar\/blog\/wp-content\/uploads\/Captura-de-pantalla-2024-01-03-122301.png?fit=888%2C440&ssl=1&resize=700%2C400 2x"},"classes":[]},{"id":18509,"url":"https:\/\/larevistadigital.com.ar\/blog\/peligro-volco-camion-con-vacas-y-los-animales-quedaron-sueltos-por-la-autopista\/","url_meta":{"origin":35325,"position":4},"title":"PELIGRO: VOLC\u00d3 CAMI\u00d3N CON VACAS Y LOS ANIMALES QUEDARON SUELTOS POR LA AUTOPISTA","author":"Alejandro Sosa Ruda","date":"5 enero, 2021","format":false,"excerpt":"EZEIZA - La tormenta que est\u00e1 azotando distintos puntos de la provincia de Buenos Aires, entre otras cosas provoc\u00f3 el vuelco de un cami\u00f3n que trasladaba vacas, en la autopista Jorge Newbery, ocasionando que los animales est\u00e9n sueltos y caminando por la mencionada autov\u00eda con el peligro que eso representa\u2026","rel":"","context":"En \u00abINTERES GENERAL\u00bb","block_context":{"text":"INTERES GENERAL","link":"https:\/\/larevistadigital.com.ar\/blog\/category\/interes-general\/"},"img":{"alt_text":"","src":"https:\/\/i0.wp.com\/larevistadigital.com.ar\/blog\/wp-content\/uploads\/1553577287109.jpg?fit=804%2C502&ssl=1&resize=350%2C200","width":350,"height":200,"srcset":"https:\/\/i0.wp.com\/larevistadigital.com.ar\/blog\/wp-content\/uploads\/1553577287109.jpg?fit=804%2C502&ssl=1&resize=350%2C200 1x, https:\/\/i0.wp.com\/larevistadigital.com.ar\/blog\/wp-content\/uploads\/1553577287109.jpg?fit=804%2C502&ssl=1&resize=525%2C300 1.5x, https:\/\/i0.wp.com\/larevistadigital.com.ar\/blog\/wp-content\/uploads\/1553577287109.jpg?fit=804%2C502&ssl=1&resize=700%2C400 2x"},"classes":[]},{"id":43920,"url":"https:\/\/larevistadigital.com.ar\/blog\/fatal-choque-en-la-ruta-3-un-automovilista-murio-tras-esquivar-carpinchos-y-colisionar-con-un-camion\/","url_meta":{"origin":35325,"position":5},"title":"Fatal choque en la Ruta 3: un automovilista muri\u00f3 tras esquivar carpinchos y colisionar con un cami\u00f3n","author":"Alejandro Sosa Ruda","date":"10 febrero, 2026","format":false,"excerpt":"El siniestro ocurri\u00f3 de madrugada entre Gonzales Chaves y Benito Ju\u00e1rez. El conductor perdi\u00f3 el control del veh\u00edculo, cruz\u00f3 de carril y falleci\u00f3 en el acto. 10 de febrero de 2026 Un tr\u00e1gico accidente vial ocurri\u00f3 durante la madrugada del domingo sobre la Ruta Nacional N\u00ba 3, a la altura\u2026","rel":"","context":"En \u00abPOLICIALES\u00bb","block_context":{"text":"POLICIALES","link":"https:\/\/larevistadigital.com.ar\/blog\/category\/policiales\/"},"img":{"alt_text":"","src":"https:\/\/i0.wp.com\/larevistadigital.com.ar\/blog\/wp-content\/uploads\/5d5e32f53afec5032d50378eaee5624ae3883bca.png?fit=1140%2C726&ssl=1&resize=350%2C200","width":350,"height":200,"srcset":"https:\/\/i0.wp.com\/larevistadigital.com.ar\/blog\/wp-content\/uploads\/5d5e32f53afec5032d50378eaee5624ae3883bca.png?fit=1140%2C726&ssl=1&resize=350%2C200 1x, https:\/\/i0.wp.com\/larevistadigital.com.ar\/blog\/wp-content\/uploads\/5d5e32f53afec5032d50378eaee5624ae3883bca.png?fit=1140%2C726&ssl=1&resize=525%2C300 1.5x, https:\/\/i0.wp.com\/larevistadigital.com.ar\/blog\/wp-content\/uploads\/5d5e32f53afec5032d50378eaee5624ae3883bca.png?fit=1140%2C726&ssl=1&resize=700%2C400 2x, https:\/\/i0.wp.com\/larevistadigital.com.ar\/blog\/wp-content\/uploads\/5d5e32f53afec5032d50378eaee5624ae3883bca.png?fit=1140%2C726&ssl=1&resize=1050%2C600 3x"},"classes":[]}],"_links":{"self":[{"href":"https:\/\/larevistadigital.com.ar\/blog\/wp-json\/wp\/v2\/posts\/35325","targetHints":{"allow":["GET"]}}],"collection":[{"href":"https:\/\/larevistadigital.com.ar\/blog\/wp-json\/wp\/v2\/posts"}],"about":[{"href":"https:\/\/larevistadigital.com.ar\/blog\/wp-json\/wp\/v2\/types\/post"}],"author":[{"embeddable":true,"href":"https:\/\/larevistadigital.com.ar\/blog\/wp-json\/wp\/v2\/users\/3"}],"replies":[{"embeddable":true,"href":"https:\/\/larevistadigital.com.ar\/blog\/wp-json\/wp\/v2\/comments?post=35325"}],"version-history":[{"count":2,"href":"https:\/\/larevistadigital.com.ar\/blog\/wp-json\/wp\/v2\/posts\/35325\/revisions"}],"predecessor-version":[{"id":35330,"href":"https:\/\/larevistadigital.com.ar\/blog\/wp-json\/wp\/v2\/posts\/35325\/revisions\/35330"}],"wp:featuredmedia":[{"embeddable":true,"href":"https:\/\/larevistadigital.com.ar\/blog\/wp-json\/wp\/v2\/media\/35327"}],"wp:attachment":[{"href":"https:\/\/larevistadigital.com.ar\/blog\/wp-json\/wp\/v2\/media?parent=35325"}],"wp:term":[{"taxonomy":"category","embeddable":true,"href":"https:\/\/larevistadigital.com.ar\/blog\/wp-json\/wp\/v2\/categories?post=35325"},{"taxonomy":"post_tag","embeddable":true,"href":"https:\/\/larevistadigital.com.ar\/blog\/wp-json\/wp\/v2\/tags?post=35325"}],"curies":[{"name":"wp","href":"https:\/\/api.w.org\/{rel}","templated":true}]}}