{"id":35336,"date":"2024-02-28T11:45:02","date_gmt":"2024-02-28T14:45:02","guid":{"rendered":"https:\/\/larevistadigital.com.ar\/blog\/?p=35336"},"modified":"2024-02-28T11:45:02","modified_gmt":"2024-02-28T14:45:02","slug":"la-plata-alerta-por-el-brote-de-dengue-que-sucede-si-una-persona-es-picada-una-segunda-vez","status":"publish","type":"post","link":"https:\/\/larevistadigital.com.ar\/blog\/la-plata-alerta-por-el-brote-de-dengue-que-sucede-si-una-persona-es-picada-una-segunda-vez\/","title":{"rendered":"LA PLATA: ALERTA POR EL BROTE DE DENGUE. \u00bfQU\u00c9 SUCEDE SI UNA PERSONA ES PICADA UNA SEGUNDA VEZ?"},"content":{"rendered":"<h2>La Plata fue declarada \u00aben brote\u00bb de dengue y los expertos pidieron extremar los cuidados, especialmente quienes ya sufrieron la enfermedad una vez.<\/h2>\n<p>28 de febrero de 2024<\/p>\n<p><strong>LA PLATA &#8211;\u00a0 <\/strong>El Ministerio de Salud de la Provincia de Buenos Aires inform\u00f3 el \u00faltimo martes que La Plata se convirti\u00f3 en uno de los 26 municipios que est\u00e1n en brote de dengue.\u00a0La proliferaci\u00f3n de los contagios puso en alerta a las autoridades, que pidieron extremar los cuidados para evitar picaduras y generar criaderos de mosquitos por el agua acumulada.<\/p>\n<div>\n<div id=\"Parallax\">Las autoridades bonaerenses <a target=\"_blank\" rel=\"follow noopener\">detallaron qu\u00e9 significa que la ciudad haya entrado en esta nueva categor\u00eda epidemiol\u00f3gica<\/a>\u00a0y detallaron que, en este marco, ya no se aguarda a los resultados de los an\u00e1lisis de laboratorio de los casos sospechosos para definir el diagn\u00f3stico etiol\u00f3gico de la enfermedad, sino que este se establece seg\u00fan los s\u00edntomas del paciente.<\/div>\n<div>\n<article class=\"article-body article-body--third-paragraph\">\n<blockquote>\n<h3>Con los casos multiplic\u00e1ndose, los expertos recordaron a qu\u00e9 s\u00edntomas se deber\u00e1 estar atentos y recomendaron que los pacientes que ya hayan padecido la enfermedad tengan particulares resguardos ante la proliferaci\u00f3n del mosquito\u00a0<em>aedes<\/em>\u00a0<em>aegypti<\/em>, vector del virus.<\/h3>\n<\/blockquote>\n<\/article>\n<article class=\"article-body article-body--fourth-paragraph\">El dengue tiene cuatro serotipos (DENV-1, DENV-2, DENV-3 y DENV-4) y seg\u00fan la Organizaci\u00f3n Panamericana de la Salud (OPS), la infecci\u00f3n <em><strong>\u00abpor un serotipo, seguida por otra infecci\u00f3n con un serotipo diferente aumenta el riesgo de una persona de padecer dengue grave y hasta morir\u00bb.<\/strong><\/em><\/p>\n<article class=\"article-body article-body--fifth-paragraph\">Una persona puede infectarse varias veces en su vida y en los Centros para el Control y la Prevenci\u00f3n de Enfermedades de Estados Unidos\u00a0<a href=\"https:\/\/www.cdc.gov\/dengue\/es\/symptoms\/index.html#:~:text=Cerca%20de%201%20de%20cada,una%20infecci%C3%B3n%20por%20dengue%20anteriormente.\" target=\"_blank\" rel=\"noopener\" data-mrf-link=\"https:\/\/www.cdc.gov\/dengue\/es\/symptoms\/index.html#:~:text=Cerca%20de%201%20de%20cada,una%20infecci%C3%B3n%20por%20dengue%20anteriormente.\">(<\/a>CDC) sostienen que <em><strong>\u00abes m\u00e1s probable que alguien presente dengue grave si ya ha tenido una infecci\u00f3n por dengue anteriormente\u00bb.<\/strong><\/em><\/p>\n<\/article>\n<article class=\"article-body article-body--sixth-paragraph\">\n<h2><span style=\"color: #ff0000\">\u00bfCu\u00e1nto tiempo de inmunidad hay despu\u00e9s de tener dengue?<\/span><\/h2>\n<p class=\"header headline-class-h2\">Aunque no hay tiempos exactos, los especialistas de\u00a0<strong>Mayo Clinic\u00a0<\/strong>citados por\u00a0<strong><em>Infobae<\/em><\/strong>\u00a0puntualizan qu\u00e9 sucede tras una infecci\u00f3n con dengue: \u00abCuando te recuperes de la fiebre del dengue, tendr\u00e1s inmunidad a largo plazo al tipo de virus (el serotipo) que te infect\u00f3, pero no a los otros tres tipos de virus de la fiebre del dengue. Esto significa que puedes volver a infectarte en el futuro por uno de los otros tres tipos de virus. El riesgo de desarrollar fiebre del dengue grave aumenta si tienes fiebre del dengue por segunda, tercera o cuarta vez. Una infecci\u00f3n anterior por el virus del dengue aumenta el riesgo de padecer s\u00edntomas graves si vuelves a contraer la enfermedad\u00bb.<\/p>\n<blockquote>\n<h3 class=\"paragraph\" data-mrf-recirculation=\"Links inline\">En otras palabras, cuando alguien tiene dengue queda inmunizado por un tiempo solamente para el serotipo que aloj\u00f3, por lo que queda igualmente vulnerable para los otros tres DENV restantes.<\/h3>\n<\/blockquote>\n<p class=\"paragraph\" data-mrf-recirculation=\"Links inline\">Con este panorama, hay que cuidarse especialmente tras haber sufrido dengue. Para ello, los especialistas se\u00f1alan que aunque<em><strong> \u00abla fiebre est\u00e9 desapareciendo, esta fase puede ser peligrosa para algunos pacientes: est\u00e9 atento a las se\u00f1ales de alerta a medida que la temperatura baja, 3 a 7 d\u00edas despu\u00e9s de que hayan comenzado los s\u00edntomas\u00bb.<\/strong><\/em><\/p>\n<\/article>\n<p class=\"paragraph\" data-mrf-recirculation=\"Links inline\">L\u00f3gicamente, lo m\u00e1s importante ser\u00e1 protegerse de la picadura de mosquitos para evitar una segunda infecci\u00f3n, que, ocasionalmente, puede derivar en un cuadro grave de dengue. La OMS dice que \u00abse puede reducir el riesgo de contraer el dengue protegi\u00e9ndose de las picaduras de mosquito con ropa que cubra el cuerpo lo m\u00e1ximo posible, mosquiteros, a ser posible impregnadas de repelente, si se duerme durante el d\u00eda, mosquiteros en las ventanas, repelentes de mosquitos (que contengan DEET, icaridina o IR3535), espirales de humo y aerosoles\u00bb.<\/p>\n<p class=\"paragraph\" data-mrf-recirculation=\"Links inline\">Por otra parte, existen en la actualidad dos vacunas contra el dengue. Ambas est\u00e1n autorizadas para su uso en varios pa\u00edses y son vacunas con virus vivos atenuados y tetravalentes. Una de ellas, la TAK-003 se aplica en dos dosis con un intervalo de tres meses. La ventaja es que se puede aplicar en personas que hayan cursado la enfermedad, que son quienes, como se mencion\u00f3, est\u00e1n en riesgo de desarrollar cuadros m\u00e1s severos.<\/p>\n<\/article>\n<\/div>\n<\/div>\n","protected":false},"excerpt":{"rendered":"<div class=\"mh-excerpt\"><p>La Plata fue declarada \u00aben brote\u00bb de dengue y los expertos pidieron extremar los cuidados, especialmente quienes ya sufrieron la enfermedad una vez. 28 de febrero de 2024 LA PLATA &#8211;\u00a0 El Ministerio de Salud <a class=\"mh-excerpt-more\" href=\"https:\/\/larevistadigital.com.ar\/blog\/la-plata-alerta-por-el-brote-de-dengue-que-sucede-si-una-persona-es-picada-una-segunda-vez\/\" title=\"LA PLATA: ALERTA POR EL BROTE DE DENGUE. \u00bfQU\u00c9 SUCEDE SI UNA PERSONA ES PICADA UNA SEGUNDA VEZ?\">[Leer M\u00e1s]<\/a><\/p>\n<\/div>","protected":false},"author":3,"featured_media":30715,"comment_status":"open","ping_status":"open","sticky":false,"template":"","format":"standard","meta":{"_jetpack_memberships_contains_paid_content":false,"footnotes":"","jetpack_publicize_message":"","jetpack_publicize_feature_enabled":true,"jetpack_social_post_already_shared":true,"jetpack_social_options":{"image_generator_settings":{"template":"highway","default_image_id":0,"font":"","enabled":false},"version":2}},"categories":[51],"tags":[],"class_list":{"0":"post-35336","1":"post","2":"type-post","3":"status-publish","4":"format-standard","5":"has-post-thumbnail","7":"category-regionales"},"jetpack_publicize_connections":[],"jetpack_featured_media_url":"https:\/\/i0.wp.com\/larevistadigital.com.ar\/blog\/wp-content\/uploads\/20230324163045_dengue.jpg?fit=880%2C512&ssl=1","jetpack_sharing_enabled":true,"jetpack_shortlink":"https:\/\/wp.me\/p8qtrQ-9bW","jetpack-related-posts":[{"id":15145,"url":"https:\/\/larevistadigital.com.ar\/blog\/la-plata-134-casos-confirmados-de-dengue\/","url_meta":{"origin":35336,"position":0},"title":"LA PLATA: 134 CASOS CONFIRMADOS DE DENGUE","author":"Alejandro Sosa Ruda","date":"8 mayo, 2020","format":false,"excerpt":"El Municipio que conduce Julio Garro confirm\u00f3 el incremento de los pacientes infectados con la enfermedad transmitida por el mosquito. Afirm\u00f3\u00a0que aumentar\u00e1n las fumigaciones en algunas zonas de la ciudad. Las autoridades recomendaron a los vecinos continuar con las tareas de prevenci\u00f3n para evitar la propagaci\u00f3n del insecto. El dengue\u2026","rel":"","context":"En \u00abREGIONALES\u00bb","block_context":{"text":"REGIONALES","link":"https:\/\/larevistadigital.com.ar\/blog\/category\/regionales\/"},"img":{"alt_text":"","src":"https:\/\/i0.wp.com\/larevistadigital.com.ar\/blog\/wp-content\/uploads\/1200px-Aedes_aegypti.jpg?fit=1200%2C800&ssl=1&resize=350%2C200","width":350,"height":200,"srcset":"https:\/\/i0.wp.com\/larevistadigital.com.ar\/blog\/wp-content\/uploads\/1200px-Aedes_aegypti.jpg?fit=1200%2C800&ssl=1&resize=350%2C200 1x, https:\/\/i0.wp.com\/larevistadigital.com.ar\/blog\/wp-content\/uploads\/1200px-Aedes_aegypti.jpg?fit=1200%2C800&ssl=1&resize=525%2C300 1.5x, https:\/\/i0.wp.com\/larevistadigital.com.ar\/blog\/wp-content\/uploads\/1200px-Aedes_aegypti.jpg?fit=1200%2C800&ssl=1&resize=700%2C400 2x, https:\/\/i0.wp.com\/larevistadigital.com.ar\/blog\/wp-content\/uploads\/1200px-Aedes_aegypti.jpg?fit=1200%2C800&ssl=1&resize=1050%2C600 3x"},"classes":[]},{"id":18874,"url":"https:\/\/larevistadigital.com.ar\/blog\/alertan-por-nueva-crecida-del-rio-de-la-plata\/","url_meta":{"origin":35336,"position":1},"title":"ALERTAN POR NUEVA CRECIDA DEL R\u00cdO DE LA PLATA","author":"Alejandro Sosa Ruda","date":"15 febrero, 2021","format":false,"excerpt":"Las autoridades emitieron un aviso preventivo y detallaron que durante la tarde y noche de este lunes el rio superar\u00e1 los valores de la tabla de mareas. En las \u00faltimas horas las autoridades lanzaron una advertencia por una nueva crecida del R\u00edo de La Plata.\u00a0En ese sentido,\u00a0el Centro de Prevenci\u00f3n\u2026","rel":"","context":"En \u00abREGIONALES\u00bb","block_context":{"text":"REGIONALES","link":"https:\/\/larevistadigital.com.ar\/blog\/category\/regionales\/"},"img":{"alt_text":"","src":"https:\/\/i0.wp.com\/larevistadigital.com.ar\/blog\/wp-content\/uploads\/0007312079.jpg?fit=1140%2C762&ssl=1&resize=350%2C200","width":350,"height":200,"srcset":"https:\/\/i0.wp.com\/larevistadigital.com.ar\/blog\/wp-content\/uploads\/0007312079.jpg?fit=1140%2C762&ssl=1&resize=350%2C200 1x, https:\/\/i0.wp.com\/larevistadigital.com.ar\/blog\/wp-content\/uploads\/0007312079.jpg?fit=1140%2C762&ssl=1&resize=525%2C300 1.5x, https:\/\/i0.wp.com\/larevistadigital.com.ar\/blog\/wp-content\/uploads\/0007312079.jpg?fit=1140%2C762&ssl=1&resize=700%2C400 2x, https:\/\/i0.wp.com\/larevistadigital.com.ar\/blog\/wp-content\/uploads\/0007312079.jpg?fit=1140%2C762&ssl=1&resize=1050%2C600 3x"},"classes":[]},{"id":33331,"url":"https:\/\/larevistadigital.com.ar\/blog\/en-noviembre-la-vacuna-del-dengue-llega-a-la-argentina\/","url_meta":{"origin":35336,"position":2},"title":"EN NOVIEMBRE LA VACUNA DEL DENGUE LLEGA A LA ARGENTINA","author":"Alejandro Sosa Ruda","date":"6 septiembre, 2023","format":false,"excerpt":"En estos d\u00edas se confirm\u00f3 que el primer cargamento llegar\u00e1 en la segunda quincena de noviembre. Aunque no hay una cantidad detallada de dosis, el Ministerio de Salud estudia qui\u00e9nes ser\u00e1n los grupos prioritarios que recibir\u00e1n las vacunas de manera gratuita. 7 de Septiembre de 2023 En abril, la ANMAT\u2026","rel":"","context":"En \u00abINTERES GENERAL\u00bb","block_context":{"text":"INTERES GENERAL","link":"https:\/\/larevistadigital.com.ar\/blog\/category\/interes-general\/"},"img":{"alt_text":"","src":"https:\/\/i0.wp.com\/larevistadigital.com.ar\/blog\/wp-content\/uploads\/20230906194438_dengue-share.jpg?fit=880%2C512&ssl=1&resize=350%2C200","width":350,"height":200,"srcset":"https:\/\/i0.wp.com\/larevistadigital.com.ar\/blog\/wp-content\/uploads\/20230906194438_dengue-share.jpg?fit=880%2C512&ssl=1&resize=350%2C200 1x, https:\/\/i0.wp.com\/larevistadigital.com.ar\/blog\/wp-content\/uploads\/20230906194438_dengue-share.jpg?fit=880%2C512&ssl=1&resize=525%2C300 1.5x, https:\/\/i0.wp.com\/larevistadigital.com.ar\/blog\/wp-content\/uploads\/20230906194438_dengue-share.jpg?fit=880%2C512&ssl=1&resize=700%2C400 2x"},"classes":[]},{"id":28885,"url":"https:\/\/larevistadigital.com.ar\/blog\/alerta-meteorologico-en-mar-del-plata-y-la-zona-por-lluvias-y-posible-caida-de-granizo\/","url_meta":{"origin":35336,"position":3},"title":"ALERTA METEOROL\u00d3GICO EN MAR DEL PLATA Y LA ZONA POR LLUVIAS Y POSIBLE CAIDA DE GRANIZO","author":"Alejandro Sosa Ruda","date":"19 noviembre, 2022","format":false,"excerpt":"Las condiciones clim\u00e1ticas podr\u00edan extenderse hasta la madrugada. Recomendaciones para evitar accidentes y da\u00f1os mayores. 19 de noviembre de 2022 El\u00a0Servicio Meteorol\u00f3gico Nacional\u00a0(SMN) emiti\u00f3 un alerta por\u00a0fuertes tormentas\u00a0para la Costa Atl\u00e1ntica. Seg\u00fan detallaron se trata de un alerta a corto plazo por tormentas fuertes con\u00a0lluvias intensas, r\u00e1fagas y ocasional ca\u00edda\u2026","rel":"","context":"En \u00abREGIONALES\u00bb","block_context":{"text":"REGIONALES","link":"https:\/\/larevistadigital.com.ar\/blog\/category\/regionales\/"},"img":{"alt_text":"","src":"https:\/\/i0.wp.com\/larevistadigital.com.ar\/blog\/wp-content\/uploads\/ALERTA-METEOROLOGICO.jpg?fit=1140%2C758&ssl=1&resize=350%2C200","width":350,"height":200,"srcset":"https:\/\/i0.wp.com\/larevistadigital.com.ar\/blog\/wp-content\/uploads\/ALERTA-METEOROLOGICO.jpg?fit=1140%2C758&ssl=1&resize=350%2C200 1x, https:\/\/i0.wp.com\/larevistadigital.com.ar\/blog\/wp-content\/uploads\/ALERTA-METEOROLOGICO.jpg?fit=1140%2C758&ssl=1&resize=525%2C300 1.5x, https:\/\/i0.wp.com\/larevistadigital.com.ar\/blog\/wp-content\/uploads\/ALERTA-METEOROLOGICO.jpg?fit=1140%2C758&ssl=1&resize=700%2C400 2x, https:\/\/i0.wp.com\/larevistadigital.com.ar\/blog\/wp-content\/uploads\/ALERTA-METEOROLOGICO.jpg?fit=1140%2C758&ssl=1&resize=1050%2C600 3x"},"classes":[]},{"id":15302,"url":"https:\/\/larevistadigital.com.ar\/blog\/lamentable-record-41-000-infectados-de-dengue-en-argentina\/","url_meta":{"origin":35336,"position":4},"title":"LAMENTABLE R\u00c9CORD: 41.000 INFECTADOS DE DENGUE EN ARGENTINA","author":"Alejandro Sosa Ruda","date":"23 mayo, 2020","format":false,"excerpt":"La atenci\u00f3n y los cuidados de prevenci\u00f3n est\u00e1n enfocados en el coronavirus mientras el dengue sigue avanzando en nuestro territorio. Las personas contagiadas por dengue en Argentina ya son 41.754 desde julio de 2019 hasta el 9 de mayo pasado. Estos n\u00fameros superan los registros del per\u00edodo 2015-2016 con 41.402\u2026","rel":"","context":"En \u00abREGIONALES\u00bb","block_context":{"text":"REGIONALES","link":"https:\/\/larevistadigital.com.ar\/blog\/category\/regionales\/"},"img":{"alt_text":"","src":"https:\/\/i0.wp.com\/larevistadigital.com.ar\/blog\/wp-content\/uploads\/1200px-Aedes_aegypti.jpg?fit=1200%2C800&ssl=1&resize=350%2C200","width":350,"height":200,"srcset":"https:\/\/i0.wp.com\/larevistadigital.com.ar\/blog\/wp-content\/uploads\/1200px-Aedes_aegypti.jpg?fit=1200%2C800&ssl=1&resize=350%2C200 1x, https:\/\/i0.wp.com\/larevistadigital.com.ar\/blog\/wp-content\/uploads\/1200px-Aedes_aegypti.jpg?fit=1200%2C800&ssl=1&resize=525%2C300 1.5x, https:\/\/i0.wp.com\/larevistadigital.com.ar\/blog\/wp-content\/uploads\/1200px-Aedes_aegypti.jpg?fit=1200%2C800&ssl=1&resize=700%2C400 2x, https:\/\/i0.wp.com\/larevistadigital.com.ar\/blog\/wp-content\/uploads\/1200px-Aedes_aegypti.jpg?fit=1200%2C800&ssl=1&resize=1050%2C600 3x"},"classes":[]},{"id":22178,"url":"https:\/\/larevistadigital.com.ar\/blog\/alerta-meteorologico-para-manana-en-mar-del-plata\/","url_meta":{"origin":35336,"position":5},"title":"ALERTA METEOROL\u00d3GICO PARA MA\u00d1ANA EN MAR DEL PLATA","author":"Alejandro Sosa Ruda","date":"30 septiembre, 2021","format":false,"excerpt":"MAR DEL PLATA\u00a0 \u00a0- El Servicio Meteorol\u00f3gico Nacional emiti\u00f3 un alerta que incluye al sudeste de la provincia de Buenos Aires y en donde se habla de tormentas de variada intensidad desde la ma\u00f1ana del jueves\u00a0 hasta el final del d\u00eda. Se esperan acumulados de entre 30 y 50 mm,\u2026","rel":"","context":"En \u00abREGIONALES\u00bb","block_context":{"text":"REGIONALES","link":"https:\/\/larevistadigital.com.ar\/blog\/category\/regionales\/"},"img":{"alt_text":"","src":"https:\/\/i0.wp.com\/larevistadigital.com.ar\/blog\/wp-content\/uploads\/ALERTA-METEOROLOGICO.jpg?fit=1140%2C758&ssl=1&resize=350%2C200","width":350,"height":200,"srcset":"https:\/\/i0.wp.com\/larevistadigital.com.ar\/blog\/wp-content\/uploads\/ALERTA-METEOROLOGICO.jpg?fit=1140%2C758&ssl=1&resize=350%2C200 1x, https:\/\/i0.wp.com\/larevistadigital.com.ar\/blog\/wp-content\/uploads\/ALERTA-METEOROLOGICO.jpg?fit=1140%2C758&ssl=1&resize=525%2C300 1.5x, https:\/\/i0.wp.com\/larevistadigital.com.ar\/blog\/wp-content\/uploads\/ALERTA-METEOROLOGICO.jpg?fit=1140%2C758&ssl=1&resize=700%2C400 2x, https:\/\/i0.wp.com\/larevistadigital.com.ar\/blog\/wp-content\/uploads\/ALERTA-METEOROLOGICO.jpg?fit=1140%2C758&ssl=1&resize=1050%2C600 3x"},"classes":[]}],"_links":{"self":[{"href":"https:\/\/larevistadigital.com.ar\/blog\/wp-json\/wp\/v2\/posts\/35336","targetHints":{"allow":["GET"]}}],"collection":[{"href":"https:\/\/larevistadigital.com.ar\/blog\/wp-json\/wp\/v2\/posts"}],"about":[{"href":"https:\/\/larevistadigital.com.ar\/blog\/wp-json\/wp\/v2\/types\/post"}],"author":[{"embeddable":true,"href":"https:\/\/larevistadigital.com.ar\/blog\/wp-json\/wp\/v2\/users\/3"}],"replies":[{"embeddable":true,"href":"https:\/\/larevistadigital.com.ar\/blog\/wp-json\/wp\/v2\/comments?post=35336"}],"version-history":[{"count":1,"href":"https:\/\/larevistadigital.com.ar\/blog\/wp-json\/wp\/v2\/posts\/35336\/revisions"}],"predecessor-version":[{"id":35337,"href":"https:\/\/larevistadigital.com.ar\/blog\/wp-json\/wp\/v2\/posts\/35336\/revisions\/35337"}],"wp:featuredmedia":[{"embeddable":true,"href":"https:\/\/larevistadigital.com.ar\/blog\/wp-json\/wp\/v2\/media\/30715"}],"wp:attachment":[{"href":"https:\/\/larevistadigital.com.ar\/blog\/wp-json\/wp\/v2\/media?parent=35336"}],"wp:term":[{"taxonomy":"category","embeddable":true,"href":"https:\/\/larevistadigital.com.ar\/blog\/wp-json\/wp\/v2\/categories?post=35336"},{"taxonomy":"post_tag","embeddable":true,"href":"https:\/\/larevistadigital.com.ar\/blog\/wp-json\/wp\/v2\/tags?post=35336"}],"curies":[{"name":"wp","href":"https:\/\/api.w.org\/{rel}","templated":true}]}}