{"id":35338,"date":"2024-02-28T11:54:55","date_gmt":"2024-02-28T14:54:55","guid":{"rendered":"https:\/\/larevistadigital.com.ar\/blog\/?p=35338"},"modified":"2024-02-28T11:54:55","modified_gmt":"2024-02-28T14:54:55","slug":"arba-adelantara-el-pago-de-un-impuesto-para-ayudar-a-la-provincia-por-el-ajuste-de-milei","status":"publish","type":"post","link":"https:\/\/larevistadigital.com.ar\/blog\/arba-adelantara-el-pago-de-un-impuesto-para-ayudar-a-la-provincia-por-el-ajuste-de-milei\/","title":{"rendered":"ARBA ADELANTAR\u00c1 EL PAGO DE UN IMPUESTO PARA AYUDAR A LA PROVINCIA POR EL AJUSTE DE MILEI"},"content":{"rendered":"<h2>ARBA anunci\u00f3 la implementaci\u00f3n de un anticipo que aplicar\u00e1 solo a grandes contribuyentes y pretende asistir a Axel Kicillof en medio de los recortes.<\/h2>\n<p>28\u00a0 de febrero de 2024<\/p>\n<p><strong>BUENOS AIRES &#8211;\u00a0 <\/strong>La provincia de Buenos Aires busca alternativas para no desfinanciarse por el ajuste fiscal del gobierno de <strong>Javier Milei<\/strong>, quien orden\u00f3 el cierre de varios fondos y mantiene una lucha encarnizada con los gobernadores. En ese marco, la\u00a0<strong>Agencia de Recaudaci\u00f3n de la provincia de Buenos Aires (ARBA)\u00a0<\/strong>dispuso un pago anticipado adicional del impuesto a los Ingresos Brutos.<\/p>\n<div>\n<div id=\"Parallax\"><em><strong>\u00abTienen que seguir funcionando los servicios que presta la Provincia\u00bb<\/strong><\/em>, dijo el \u00faltimo martes el mandatario bonaerense, <strong>Axel Kicillof<\/strong>, \u00a0luego de que el Gobierno nacional confirmara que no dar\u00e1 continuidad al Fondo Nacional de Incentivo Docente (FONID), el Fondo Compensador del Transporte y el de Fortalecimiento Fiscal. Las arcas provinciales, seg\u00fan expres\u00f3 el gobernador, y los servicios que sostiene viven <em><strong>\u00aben una situaci\u00f3n de incertidumbre\u00bb<\/strong><\/em> y la llave para destrabar este nudo podr\u00eda estar en la Ley Impositiva 2024.<\/div>\n<div>\n<article class=\"article-body article-body--third-paragraph\">En el Bolet\u00edn Oficial de este mi\u00e9rcoles se public\u00f3 la Resoluci\u00f3n Normativa N\u00b011. En ella, el director ejecutivo de ARBA,\u00a0<strong>Cristian Girard<\/strong>, reglament\u00f3 el anticipo adicional de Ingresos Brutos que hab\u00eda quedado establecido en la Ley Impositiva. <em><strong>\u00abDeviene imperioso contar con herramientas de gesti\u00f3n que le permitan a la Provincia obtener los recursos necesarios para garantizar el funcionamiento del Estado\u00bb<\/strong><\/em>, escribi\u00f3 el funcionario.<\/p>\n<\/article>\n<article class=\"article-body article-body--fourth-paragraph\">La norma dice que la nueva medida alcanza a quienes revisten el car\u00e1cter de grandes contribuyentes y desarrollan una actividad \u00abcon un grado de concentraci\u00f3n elevado\u00bb. No est\u00e1n bajo esta las asociaciones civiles sin fines de lucro, entre otras entidades. De todas formas, ARBA comunicar\u00e1 a cada contribuyente si es alcanzado por la norma.<\/p>\n<article class=\"article-body article-body--fifth-paragraph\">El pago del nuevo tributo se deber\u00e1 hacer en una cuota y en los pr\u00f3ximos d\u00edas, ya que el 8 de marzo qued\u00f3 establecido como fecha l\u00edmite. El monto a pagar equivaldr\u00e1 a cuatro veces el importe del anticipo de Ingresos Brutos correspondiente a octubre de 2023. Quienes no hubiesen presentado declaraci\u00f3n jurada o informado ingresos en ese mes, el adicional se calcular\u00e1 multiplicando por 4 el importe del \u00faltimo anticipo no prescripto, incrementado en un 70%.<\/p>\n<\/article>\n<article class=\"article-body article-body--sixth-paragraph\">Finalmente, aquellas empresas que cumplan con el adicional se beneficiar\u00e1n con una reducci\u00f3n de al\u00edcuotas en todos los reg\u00edmenes de recaudaci\u00f3n. No les resultar\u00e1 aplcable tampoco ning\u00fan incremento de al\u00edcuotas en funci\u00f3n de categor\u00edas representativas de riesgo fiscal hasta 2025, cuando se cumpla un a\u00f1o desde el pago.<\/p>\n<p>Publicado en 0221.com.ar<\/p>\n<\/article>\n<\/article>\n<\/div>\n<\/div>\n","protected":false},"excerpt":{"rendered":"<div class=\"mh-excerpt\"><p>ARBA anunci\u00f3 la implementaci\u00f3n de un anticipo que aplicar\u00e1 solo a grandes contribuyentes y pretende asistir a Axel Kicillof en medio de los recortes. 28\u00a0 de febrero de 2024 BUENOS AIRES &#8211;\u00a0 La provincia de <a class=\"mh-excerpt-more\" href=\"https:\/\/larevistadigital.com.ar\/blog\/arba-adelantara-el-pago-de-un-impuesto-para-ayudar-a-la-provincia-por-el-ajuste-de-milei\/\" title=\"ARBA ADELANTAR\u00c1 EL PAGO DE UN IMPUESTO PARA AYUDAR A LA PROVINCIA POR EL AJUSTE DE MILEI\">[Leer M\u00e1s]<\/a><\/p>\n<\/div>","protected":false},"author":3,"featured_media":35339,"comment_status":"open","ping_status":"open","sticky":false,"template":"","format":"standard","meta":{"_jetpack_memberships_contains_paid_content":false,"footnotes":"","jetpack_publicize_message":"","jetpack_publicize_feature_enabled":true,"jetpack_social_post_already_shared":true,"jetpack_social_options":{"image_generator_settings":{"template":"highway","default_image_id":0,"font":"","enabled":false},"version":2}},"categories":[24,51],"tags":[],"class_list":{"0":"post-35338","1":"post","2":"type-post","3":"status-publish","4":"format-standard","5":"has-post-thumbnail","7":"category-politica-provincial","8":"category-regionales"},"jetpack_publicize_connections":[],"jetpack_featured_media_url":"https:\/\/i0.wp.com\/larevistadigital.com.ar\/blog\/wp-content\/uploads\/Captura-de-pantalla-2024-02-28-115401.png?fit=897%2C492&ssl=1","jetpack_sharing_enabled":true,"jetpack_shortlink":"https:\/\/wp.me\/p8qtrQ-9bY","jetpack-related-posts":[{"id":41636,"url":"https:\/\/larevistadigital.com.ar\/blog\/kicillof-cruzo-a-caputo-es-un-caradura-y-mentiroso-no-hay-ningun-impuesto-nuevo-en-la-provincia\/","url_meta":{"origin":35338,"position":0},"title":"Kicillof cruz\u00f3 a Caputo: \u201cEs un caradura y mentiroso, no hay ning\u00fan impuesto nuevo en la provincia\u00bb","author":"Alejandro Sosa Ruda","date":"24 septiembre, 2025","format":false,"excerpt":"El gobernador bonaerense sostuvo que es otra \u201crepugnante mentira\u201d del Gobierno Nacional que busca \u201cgenerar confusi\u00f3n y rascar votos\u201d en las pr\u00f3ximas elecciones. 24 de septiembre de 2025 BUENOS AIRES -\u00a0 \u00a0El gobernador de la provincia de Buenos Aires, Axel Kicillof, cruz\u00f3 al ministro de Econom\u00eda de la Naci\u00f3n, Luis\u2026","rel":"","context":"En \u00abINTERES GENERAL\u00bb","block_context":{"text":"INTERES GENERAL","link":"https:\/\/larevistadigital.com.ar\/blog\/category\/interes-general\/"},"img":{"alt_text":"","src":"https:\/\/i0.wp.com\/larevistadigital.com.ar\/blog\/wp-content\/uploads\/Captura-de-pantalla-2025-09-24-185654.jpg?fit=624%2C353&ssl=1&resize=350%2C200","width":350,"height":200,"srcset":"https:\/\/i0.wp.com\/larevistadigital.com.ar\/blog\/wp-content\/uploads\/Captura-de-pantalla-2025-09-24-185654.jpg?fit=624%2C353&ssl=1&resize=350%2C200 1x, https:\/\/i0.wp.com\/larevistadigital.com.ar\/blog\/wp-content\/uploads\/Captura-de-pantalla-2025-09-24-185654.jpg?fit=624%2C353&ssl=1&resize=525%2C300 1.5x"},"classes":[]},{"id":34654,"url":"https:\/\/larevistadigital.com.ar\/blog\/axel-kicillof-se-reunio-con-intendentes-bonaerenses-y-les-llevo-tranquilidad\/","url_meta":{"origin":35338,"position":1},"title":"AXEL KICILLOF SE REUNI\u00d3 CON INTENDENTES BONAERENSES Y LES LLEV\u00d3 TRANQUILIDAD","author":"Alejandro Sosa Ruda","date":"27 noviembre, 2023","format":false,"excerpt":"Los intendentes peronistas desembarcaron en La Plata con la intenci\u00f3n de dialogar en busca de respuestas para los tiempos que se avecinan a ra\u00edz del plan de ajuste que propone La Libertad Avanza. 27 de Noviembre de 2023 BUENOS AIRES -\u00a0 Este lunes, el gobernador de la provincia de Buenos\u2026","rel":"","context":"En \u00abDESTACADAS\u00bb","block_context":{"text":"DESTACADAS","link":"https:\/\/larevistadigital.com.ar\/blog\/category\/destacadas\/"},"img":{"alt_text":"","src":"https:\/\/i0.wp.com\/larevistadigital.com.ar\/blog\/wp-content\/uploads\/20231127173251_kicillof.jpg?fit=880%2C512&ssl=1&resize=350%2C200","width":350,"height":200,"srcset":"https:\/\/i0.wp.com\/larevistadigital.com.ar\/blog\/wp-content\/uploads\/20231127173251_kicillof.jpg?fit=880%2C512&ssl=1&resize=350%2C200 1x, https:\/\/i0.wp.com\/larevistadigital.com.ar\/blog\/wp-content\/uploads\/20231127173251_kicillof.jpg?fit=880%2C512&ssl=1&resize=525%2C300 1.5x, https:\/\/i0.wp.com\/larevistadigital.com.ar\/blog\/wp-content\/uploads\/20231127173251_kicillof.jpg?fit=880%2C512&ssl=1&resize=700%2C400 2x"},"classes":[]},{"id":40804,"url":"https:\/\/larevistadigital.com.ar\/blog\/kicillof-en-zarate-estamos-fortaleciendo-la-presencia-del-estado-en-el-interior-bonaerense\/","url_meta":{"origin":35338,"position":2},"title":"Kicillof en Z\u00e1rate: \u201cEstamos fortaleciendo la presencia del Estado en el interior bonaerense\u201d","author":"Alejandro Sosa Ruda","date":"6 agosto, 2025","format":false,"excerpt":"El gobernador visit\u00f3 la Casa de la Provincia en Z\u00e1rate, una sede que centraliza servicios p\u00fablicos en un solo edificio. Tambi\u00e9n critic\u00f3 las pol\u00edticas del Gobierno nacional por sus efectos en el empleo y la paralizaci\u00f3n de obras. 06 de Agosro de 2025 BUENOS AIRES -\u00a0 \u00a0El gobernador de la\u2026","rel":"","context":"En \u00abPOLITICA PROVINCIAL\u00bb","block_context":{"text":"POLITICA PROVINCIAL","link":"https:\/\/larevistadigital.com.ar\/blog\/category\/politica\/politica-provincial\/"},"img":{"alt_text":"","src":"https:\/\/i0.wp.com\/larevistadigital.com.ar\/blog\/wp-content\/uploads\/20250806183946_kicillof-zarate.jpg?fit=880%2C512&ssl=1&resize=350%2C200","width":350,"height":200,"srcset":"https:\/\/i0.wp.com\/larevistadigital.com.ar\/blog\/wp-content\/uploads\/20250806183946_kicillof-zarate.jpg?fit=880%2C512&ssl=1&resize=350%2C200 1x, https:\/\/i0.wp.com\/larevistadigital.com.ar\/blog\/wp-content\/uploads\/20250806183946_kicillof-zarate.jpg?fit=880%2C512&ssl=1&resize=525%2C300 1.5x, https:\/\/i0.wp.com\/larevistadigital.com.ar\/blog\/wp-content\/uploads\/20250806183946_kicillof-zarate.jpg?fit=880%2C512&ssl=1&resize=700%2C400 2x"},"classes":[]},{"id":39281,"url":"https:\/\/larevistadigital.com.ar\/blog\/kicillof-volvio-a-llamar-a-la-unidad-para-frenar-las-politicas-de-milei-y-defender-la-provincia\/","url_meta":{"origin":35338,"position":3},"title":"Kicillof volvi\u00f3 a llamar a la unidad para frenar las pol\u00edticas de Milei y defender la Provincia","author":"Alejandro Sosa Ruda","date":"4 abril, 2025","format":false,"excerpt":"El gobernador de la provincia de Buenos Aires, Axel Kicillof, encabez\u00f3 este jueves el cierre del ciclo de charlas \u201cDebate del Futuro\u201d en el Teatro Argentino de La Plata. Lo acompa\u00f1aron el ministro de Gobierno, Carlos Bianco; el subsecretario de Econom\u00eda Popular, Daniel Men\u00e9ndez; y el intendente platense, Julio Alak.\u2026","rel":"","context":"En \u00abINTERES GENERAL\u00bb","block_context":{"text":"INTERES GENERAL","link":"https:\/\/larevistadigital.com.ar\/blog\/category\/interes-general\/"},"img":{"alt_text":"","src":"https:\/\/i0.wp.com\/larevistadigital.com.ar\/blog\/wp-content\/uploads\/20250403195806_kicillof-acto-contra-milei-provincia.jpg?fit=880%2C512&ssl=1&resize=350%2C200","width":350,"height":200,"srcset":"https:\/\/i0.wp.com\/larevistadigital.com.ar\/blog\/wp-content\/uploads\/20250403195806_kicillof-acto-contra-milei-provincia.jpg?fit=880%2C512&ssl=1&resize=350%2C200 1x, https:\/\/i0.wp.com\/larevistadigital.com.ar\/blog\/wp-content\/uploads\/20250403195806_kicillof-acto-contra-milei-provincia.jpg?fit=880%2C512&ssl=1&resize=525%2C300 1.5x, https:\/\/i0.wp.com\/larevistadigital.com.ar\/blog\/wp-content\/uploads\/20250403195806_kicillof-acto-contra-milei-provincia.jpg?fit=880%2C512&ssl=1&resize=700%2C400 2x"},"classes":[]},{"id":41401,"url":"https:\/\/larevistadigital.com.ar\/blog\/kicillof-tras-la-derrota-libertaria-milei-puso-todas-las-fichas-en-buenos-aires-y-perdio-en-mas-de-100-distritos\/","url_meta":{"origin":35338,"position":4},"title":"Kicillof tras la derrota libertaria: \u201cMilei puso todas las fichas en Buenos Aires y perdi\u00f3 en m\u00e1s de 100 distritos\u201d","author":"Alejandro Sosa Ruda","date":"10 septiembre, 2025","format":false,"excerpt":"El gobernador bonaerense celebr\u00f3 el triunfo del peronismo en las legislativas y calific\u00f3 la derrota de Javier Milei como un \u201csacud\u00f3n\u201d pol\u00edtico y econ\u00f3mico. Tambi\u00e9n apunt\u00f3 contra el FMI por el endeudamiento del pa\u00eds. 10 de Septiembre de 2025 BUENOS AIRES\u00a0 -\u00a0 \u00a0El gobernador de la provincia de Buenos Aires,\u2026","rel":"","context":"En \u00abINTERES GENERAL\u00bb","block_context":{"text":"INTERES GENERAL","link":"https:\/\/larevistadigital.com.ar\/blog\/category\/interes-general\/"},"img":{"alt_text":"","src":"https:\/\/i0.wp.com\/larevistadigital.com.ar\/blog\/wp-content\/uploads\/Captura-de-pantalla-2025-09-10-225347.jpg?fit=642%2C367&ssl=1&resize=350%2C200","width":350,"height":200,"srcset":"https:\/\/i0.wp.com\/larevistadigital.com.ar\/blog\/wp-content\/uploads\/Captura-de-pantalla-2025-09-10-225347.jpg?fit=642%2C367&ssl=1&resize=350%2C200 1x, https:\/\/i0.wp.com\/larevistadigital.com.ar\/blog\/wp-content\/uploads\/Captura-de-pantalla-2025-09-10-225347.jpg?fit=642%2C367&ssl=1&resize=525%2C300 1.5x"},"classes":[]},{"id":40270,"url":"https:\/\/larevistadigital.com.ar\/blog\/kicillof-milei-pone-en-riesgo-el-interes-nacional\/","url_meta":{"origin":35338,"position":5},"title":"Kicillof: \u201cMilei pone en riesgo el inter\u00e9s nacional\u201d","author":"Alejandro Sosa Ruda","date":"2 julio, 2025","format":false,"excerpt":"Fue en el marco de una conferencia de prensa realizada en la Gobernaci\u00f3n bonaerense. Mi\u00e9rcoles, 2 de Julio de 2025 BUENOS AIRES -\u00a0 \"Responsabilizo a Javier Milei por cualquier decisi\u00f3n que ponga en riesgo la soberan\u00eda energ\u00e9tica: lo que deber\u00eda hacer el Presidente es defender a la Argentina y a\u2026","rel":"","context":"En \u00abDESTACADAS\u00bb","block_context":{"text":"DESTACADAS","link":"https:\/\/larevistadigital.com.ar\/blog\/category\/destacadas\/"},"img":{"alt_text":"","src":"https:\/\/i0.wp.com\/larevistadigital.com.ar\/blog\/wp-content\/uploads\/ypf-web.jpg?fit=743%2C530&ssl=1&resize=350%2C200","width":350,"height":200,"srcset":"https:\/\/i0.wp.com\/larevistadigital.com.ar\/blog\/wp-content\/uploads\/ypf-web.jpg?fit=743%2C530&ssl=1&resize=350%2C200 1x, https:\/\/i0.wp.com\/larevistadigital.com.ar\/blog\/wp-content\/uploads\/ypf-web.jpg?fit=743%2C530&ssl=1&resize=525%2C300 1.5x, https:\/\/i0.wp.com\/larevistadigital.com.ar\/blog\/wp-content\/uploads\/ypf-web.jpg?fit=743%2C530&ssl=1&resize=700%2C400 2x"},"classes":[]}],"_links":{"self":[{"href":"https:\/\/larevistadigital.com.ar\/blog\/wp-json\/wp\/v2\/posts\/35338","targetHints":{"allow":["GET"]}}],"collection":[{"href":"https:\/\/larevistadigital.com.ar\/blog\/wp-json\/wp\/v2\/posts"}],"about":[{"href":"https:\/\/larevistadigital.com.ar\/blog\/wp-json\/wp\/v2\/types\/post"}],"author":[{"embeddable":true,"href":"https:\/\/larevistadigital.com.ar\/blog\/wp-json\/wp\/v2\/users\/3"}],"replies":[{"embeddable":true,"href":"https:\/\/larevistadigital.com.ar\/blog\/wp-json\/wp\/v2\/comments?post=35338"}],"version-history":[{"count":1,"href":"https:\/\/larevistadigital.com.ar\/blog\/wp-json\/wp\/v2\/posts\/35338\/revisions"}],"predecessor-version":[{"id":35340,"href":"https:\/\/larevistadigital.com.ar\/blog\/wp-json\/wp\/v2\/posts\/35338\/revisions\/35340"}],"wp:featuredmedia":[{"embeddable":true,"href":"https:\/\/larevistadigital.com.ar\/blog\/wp-json\/wp\/v2\/media\/35339"}],"wp:attachment":[{"href":"https:\/\/larevistadigital.com.ar\/blog\/wp-json\/wp\/v2\/media?parent=35338"}],"wp:term":[{"taxonomy":"category","embeddable":true,"href":"https:\/\/larevistadigital.com.ar\/blog\/wp-json\/wp\/v2\/categories?post=35338"},{"taxonomy":"post_tag","embeddable":true,"href":"https:\/\/larevistadigital.com.ar\/blog\/wp-json\/wp\/v2\/tags?post=35338"}],"curies":[{"name":"wp","href":"https:\/\/api.w.org\/{rel}","templated":true}]}}