{"id":35341,"date":"2024-02-28T12:10:29","date_gmt":"2024-02-28T15:10:29","guid":{"rendered":"https:\/\/larevistadigital.com.ar\/blog\/?p=35341"},"modified":"2024-02-28T12:10:29","modified_gmt":"2024-02-28T15:10:29","slug":"horror-en-berisso-un-hombre-mato-a-punaladas-a-su-mujer-delante-de-su-propia-hija","status":"publish","type":"post","link":"https:\/\/larevistadigital.com.ar\/blog\/horror-en-berisso-un-hombre-mato-a-punaladas-a-su-mujer-delante-de-su-propia-hija\/","title":{"rendered":"HORROR EN BERISSO: UN HOMBRE MAT\u00d3 A PU\u00d1ALADAS A SU MUJER DELANTE DE SU PROPIA HIJA"},"content":{"rendered":"<h2>La joven le cont\u00f3 a la Polic\u00eda todo lo sucedido. El agresor apu\u00f1al\u00f3 a la mujer y luego se lesion\u00f3 a s\u00ed mismo, pero sobrevivi\u00f3 y fue internado de urgencia.<\/h2>\n<p>28 de febrero de 2024<\/p>\n<p><strong>BERISSO &#8211;\u00a0 <\/strong>Otro brutal femicidio\u00a0sacude a la ciudad de <b>Berisso,<\/b>\u00a0en particular, y la regi\u00f3n, en general. En las primeras horas de este mi\u00e9rcoles un hombre asesin\u00f3 a pu\u00f1aladas a su esposa y luego intent\u00f3 quitarse la vida, aunque sobrevivi\u00f3 y fue internado en grave estado de salud.<\/p>\n<div>\n<blockquote>\n<h3 id=\"Parallax\">Fuentes policiales confirmaron al portal <strong>0221.com.ar<\/strong>\u00a0que un llamado al 911 los alert\u00f3 sobre una violenta pelea de pareja, pero al llegar al lugar se encontraron con una escena mucho peor de lo esperado.<\/h3>\n<\/blockquote>\n<p>De acuerdo con los investigadores, todo sucedi\u00f3 en una casa ubicada en 28 entre 159 y 160. All\u00ed fue hallado el cuerpo sin vida de\u00a0<strong>Andrea Liliana Alegre<\/strong>, de 49 a\u00f1os; y a\u00a0<strong>Carlos Santiago Prado<\/strong>, de 48 a\u00f1os, herido de gravedad.<\/p>\n<p>Los agentes convocaron de inmediato a una ambulancia del Servicio de Atenci\u00f3n M\u00e9dica de Emergencias y los param\u00e9dicos no tardaron en llegar. Tristemente nada pudieron hacer para salvar a Alegre, quien ya hab\u00eda fallecido; pero trasladaron de urgencia a Prado al Hospital de Berisso, donde qued\u00f3 alojado a causa de un profundo corte que \u00e9l mismo se realiz\u00f3 en el cuello.<\/p>\n<article class=\"article-body article-body--fifth-paragraph\">\n<blockquote>\n<h3>Los voceros consultados por este medio explicaron que, en medio de la conmoci\u00f3n, una hija de la pareja dio detalles de lo sucedido y confirm\u00f3 que el hombre atac\u00f3 a pu\u00f1aladas a su esposa, la asesin\u00f3 y luego intent\u00f3 quitarse la vida, sin \u00e9xito.<\/h3>\n<\/blockquote>\n<\/article>\n<article class=\"article-body article-body--sixth-paragraph\">En ese marco, la Justicia local abri\u00f3 una investigaci\u00f3n que qued\u00f3 fue caratulada como \u00abfemicidio y tentativa de suicidio\u00bb y orden\u00f3 la realizaci\u00f3n de las pericias de rigor a cargo de la Polic\u00eda Cient\u00edfica, para determinar c\u00f3mo sucedi\u00f3 todo y corroborar c\u00f3mo fue el brutal ataque.<\/p>\n<\/article>\n<div><\/div>\n<\/div>\n","protected":false},"excerpt":{"rendered":"<div class=\"mh-excerpt\"><p>La joven le cont\u00f3 a la Polic\u00eda todo lo sucedido. El agresor apu\u00f1al\u00f3 a la mujer y luego se lesion\u00f3 a s\u00ed mismo, pero sobrevivi\u00f3 y fue internado de urgencia. 28 de febrero de 2024 <a class=\"mh-excerpt-more\" href=\"https:\/\/larevistadigital.com.ar\/blog\/horror-en-berisso-un-hombre-mato-a-punaladas-a-su-mujer-delante-de-su-propia-hija\/\" title=\"HORROR EN BERISSO: UN HOMBRE MAT\u00d3 A PU\u00d1ALADAS A SU MUJER DELANTE DE SU PROPIA HIJA\">[Leer M\u00e1s]<\/a><\/p>\n<\/div>","protected":false},"author":3,"featured_media":35342,"comment_status":"open","ping_status":"open","sticky":false,"template":"","format":"standard","meta":{"_jetpack_memberships_contains_paid_content":false,"footnotes":"","jetpack_publicize_message":"","jetpack_publicize_feature_enabled":true,"jetpack_social_post_already_shared":true,"jetpack_social_options":{"image_generator_settings":{"template":"highway","default_image_id":0,"font":"","enabled":false},"version":2}},"categories":[44,51],"tags":[],"class_list":{"0":"post-35341","1":"post","2":"type-post","3":"status-publish","4":"format-standard","5":"has-post-thumbnail","7":"category-policiales","8":"category-regionales"},"jetpack_publicize_connections":[],"jetpack_featured_media_url":"https:\/\/i0.wp.com\/larevistadigital.com.ar\/blog\/wp-content\/uploads\/Captura-de-pantalla-2024-02-28-120436.png?fit=905%2C454&ssl=1","jetpack_sharing_enabled":true,"jetpack_shortlink":"https:\/\/wp.me\/p8qtrQ-9c1","jetpack-related-posts":[{"id":37988,"url":"https:\/\/larevistadigital.com.ar\/blog\/terror-en-berisso-mato-a-su-hijita-de-5-anos-apunalandola-en-el-pecho-y-luego-trato-de-suicidarse\/","url_meta":{"origin":35341,"position":0},"title":"Terror en Berisso: Mat\u00f3 a su hijita de 5 a\u00f1os apu\u00f1al\u00e1ndola en el pecho y luego trat\u00f3 de suicidarse","author":"Alejandro Sosa Ruda","date":"24 noviembre, 2024","format":false,"excerpt":"Detienen a un hombre en Berisso, acusado de matar a la hija de 5 a\u00f1os a pu\u00f1aladas en el pecho 24 de Noviembre de 2024 Berisso.- LA PLATA\u00a0 -\u00a0 \u00a0\u00a0Un demente sujeto, asesin\u00f3 a pu\u00f1aladas a su hija de 5 a\u00f1os, en la localidad de Berisso, para luego intentar suicidarse\u2026","rel":"","context":"En \u00abPOLICIALES\u00bb","block_context":{"text":"POLICIALES","link":"https:\/\/larevistadigital.com.ar\/blog\/category\/policiales\/"},"img":{"alt_text":"","src":"https:\/\/i0.wp.com\/larevistadigital.com.ar\/blog\/wp-content\/uploads\/5a1d8ec76f9d76d92e3d3e6ec7b8c9d200e9ed6b.jpg?fit=1140%2C641&ssl=1&resize=350%2C200","width":350,"height":200,"srcset":"https:\/\/i0.wp.com\/larevistadigital.com.ar\/blog\/wp-content\/uploads\/5a1d8ec76f9d76d92e3d3e6ec7b8c9d200e9ed6b.jpg?fit=1140%2C641&ssl=1&resize=350%2C200 1x, https:\/\/i0.wp.com\/larevistadigital.com.ar\/blog\/wp-content\/uploads\/5a1d8ec76f9d76d92e3d3e6ec7b8c9d200e9ed6b.jpg?fit=1140%2C641&ssl=1&resize=525%2C300 1.5x, https:\/\/i0.wp.com\/larevistadigital.com.ar\/blog\/wp-content\/uploads\/5a1d8ec76f9d76d92e3d3e6ec7b8c9d200e9ed6b.jpg?fit=1140%2C641&ssl=1&resize=700%2C400 2x, https:\/\/i0.wp.com\/larevistadigital.com.ar\/blog\/wp-content\/uploads\/5a1d8ec76f9d76d92e3d3e6ec7b8c9d200e9ed6b.jpg?fit=1140%2C641&ssl=1&resize=1050%2C600 3x"},"classes":[]},{"id":24348,"url":"https:\/\/larevistadigital.com.ar\/blog\/berisso-un-problema-de-transito-termino-con-una-persona-con-un-tiro-en-la-cabeza\/","url_meta":{"origin":35341,"position":1},"title":"BERISSO: UN PROBLEMA DE TR\u00c1NSITO TERMIN\u00d3 CON UNA PERSONA CON UN TIRO EN LA CABEZA","author":"Alejandro Sosa Ruda","date":"4 marzo, 2022","format":false,"excerpt":"Un joven fue herido de un tiro en la cabeza tras un incidente que tuvo en la v\u00eda p\u00fablica por un problema de tr\u00e1nsito y permanec\u00eda internado en la sala de terapia intensiva de un hospital de la localidad bonaerense de Berisso, informaron este jueves fuentes policiales. BERISSO -\u00a0 Seg\u00fan\u2026","rel":"","context":"En \u00abINTERES GENERAL\u00bb","block_context":{"text":"INTERES GENERAL","link":"https:\/\/larevistadigital.com.ar\/blog\/category\/interes-general\/"},"img":{"alt_text":"","src":"https:\/\/i0.wp.com\/larevistadigital.com.ar\/blog\/wp-content\/uploads\/20220303134034_hospital-berisso.jpg?fit=880%2C512&ssl=1&resize=350%2C200","width":350,"height":200,"srcset":"https:\/\/i0.wp.com\/larevistadigital.com.ar\/blog\/wp-content\/uploads\/20220303134034_hospital-berisso.jpg?fit=880%2C512&ssl=1&resize=350%2C200 1x, https:\/\/i0.wp.com\/larevistadigital.com.ar\/blog\/wp-content\/uploads\/20220303134034_hospital-berisso.jpg?fit=880%2C512&ssl=1&resize=525%2C300 1.5x, https:\/\/i0.wp.com\/larevistadigital.com.ar\/blog\/wp-content\/uploads\/20220303134034_hospital-berisso.jpg?fit=880%2C512&ssl=1&resize=700%2C400 2x"},"classes":[]},{"id":23070,"url":"https:\/\/larevistadigital.com.ar\/blog\/berisso-hallan-ahoracada-con-una-cortina-a-una-joven-de-33-anos\/","url_meta":{"origin":35341,"position":2},"title":"BERISSO: HALLAN AHORACADA CON UNA CORTINA A UNA JOVEN DE 33 A\u00d1OS","author":"Alejandro Sosa Ruda","date":"27 diciembre, 2021","format":false,"excerpt":"El hecho fue descubierto por sus familiares en la noche de Navidad. Intentaron reanimarla y la llevaron a un centro de salud, pero no pudieron salvarla. Momentos de gran conmoci\u00f3n se vivieron durante las \u00faltimas horas en la localidad de\u00a0Berisso, luego de que\u00a0una mujer de 33 a\u00f1os fuera hallada sin\u2026","rel":"","context":"En \u00abPOLICIALES\u00bb","block_context":{"text":"POLICIALES","link":"https:\/\/larevistadigital.com.ar\/blog\/category\/policiales\/"},"img":{"alt_text":"","src":"https:\/\/i0.wp.com\/larevistadigital.com.ar\/blog\/wp-content\/uploads\/1542837226097.jpg?fit=1200%2C594&ssl=1&resize=350%2C200","width":350,"height":200,"srcset":"https:\/\/i0.wp.com\/larevistadigital.com.ar\/blog\/wp-content\/uploads\/1542837226097.jpg?fit=1200%2C594&ssl=1&resize=350%2C200 1x, https:\/\/i0.wp.com\/larevistadigital.com.ar\/blog\/wp-content\/uploads\/1542837226097.jpg?fit=1200%2C594&ssl=1&resize=525%2C300 1.5x, https:\/\/i0.wp.com\/larevistadigital.com.ar\/blog\/wp-content\/uploads\/1542837226097.jpg?fit=1200%2C594&ssl=1&resize=700%2C400 2x, https:\/\/i0.wp.com\/larevistadigital.com.ar\/blog\/wp-content\/uploads\/1542837226097.jpg?fit=1200%2C594&ssl=1&resize=1050%2C600 3x"},"classes":[]},{"id":34945,"url":"https:\/\/larevistadigital.com.ar\/blog\/un-hombre-murio-luego-de-caer-en-un-tonel-de-agua-hirviendo-mientras-pelaba-chanchos\/","url_meta":{"origin":35341,"position":3},"title":"UN HOMBRE MURI\u00d3 LUEGO DE CAER EN UN TONEL DE AGUA HIRVIENDO MIENTRAS PELABA CHANCHOS","author":"Alejandro Sosa Ruda","date":"27 diciembre, 2023","format":false,"excerpt":"Un hombre sufri\u00f3 graves quemaduras tras caer en un tambor con agua hirviendo mientras pelaba un chancho en su chacra ubicada sobre la Ruta 11, en el partido de Berisso. El hecho ocurri\u00f3 el martes de la semana pasada, pero la v\u00edctima falleci\u00f3 en las \u00faltimas horas en el hospital\u2026","rel":"","context":"En \u00abPOLICIALES\u00bb","block_context":{"text":"POLICIALES","link":"https:\/\/larevistadigital.com.ar\/blog\/category\/policiales\/"},"img":{"alt_text":"","src":"https:\/\/i0.wp.com\/larevistadigital.com.ar\/blog\/wp-content\/uploads\/20231226120142_tambor-con-agua-hirviendo.jpg?fit=880%2C512&ssl=1&resize=350%2C200","width":350,"height":200,"srcset":"https:\/\/i0.wp.com\/larevistadigital.com.ar\/blog\/wp-content\/uploads\/20231226120142_tambor-con-agua-hirviendo.jpg?fit=880%2C512&ssl=1&resize=350%2C200 1x, https:\/\/i0.wp.com\/larevistadigital.com.ar\/blog\/wp-content\/uploads\/20231226120142_tambor-con-agua-hirviendo.jpg?fit=880%2C512&ssl=1&resize=525%2C300 1.5x, https:\/\/i0.wp.com\/larevistadigital.com.ar\/blog\/wp-content\/uploads\/20231226120142_tambor-con-agua-hirviendo.jpg?fit=880%2C512&ssl=1&resize=700%2C400 2x"},"classes":[]},{"id":16403,"url":"https:\/\/larevistadigital.com.ar\/blog\/detienen-a-taxista-que-intento-abusar-de-una-pasajera-en-berisso\/","url_meta":{"origin":35341,"position":4},"title":"DETIENEN A TAXISTA QUE INTENT\u00d3 ABUSAR DE UNA PASAJERA EN BERISSO","author":"Alejandro Sosa Ruda","date":"18 septiembre, 2020","format":false,"excerpt":"La mujer logr\u00f3 escapar del veh\u00edculo pese a que este hombre de 40 a\u00f1os le hab\u00eda trabado las puertas. Qued\u00f3 a disposici\u00f3n de la Justicia Un hombre de 40 a\u00f1os fue detenido por la Polic\u00eda luego de la denuncia de una mujer de 21, que lo acus\u00f3 por un intento\u2026","rel":"","context":"En \u00abREGIONALES\u00bb","block_context":{"text":"REGIONALES","link":"https:\/\/larevistadigital.com.ar\/blog\/category\/regionales\/"},"img":{"alt_text":"","src":"https:\/\/i0.wp.com\/larevistadigital.com.ar\/blog\/wp-content\/uploads\/1600443185649-1.jpeg?fit=650%2C1158&ssl=1&resize=350%2C200","width":350,"height":200,"srcset":"https:\/\/i0.wp.com\/larevistadigital.com.ar\/blog\/wp-content\/uploads\/1600443185649-1.jpeg?fit=650%2C1158&ssl=1&resize=350%2C200 1x, https:\/\/i0.wp.com\/larevistadigital.com.ar\/blog\/wp-content\/uploads\/1600443185649-1.jpeg?fit=650%2C1158&ssl=1&resize=525%2C300 1.5x"},"classes":[]},{"id":23664,"url":"https:\/\/larevistadigital.com.ar\/blog\/berisso-toma-de-rehenes-tiros-heridos-y-terror-en-un-comercio-del-centro\/","url_meta":{"origin":35341,"position":5},"title":"BERISSO: TOMA DE REHENES, TIROS, HERIDOS Y TERROR EN UN COMERCIO DEL CENTRO","author":"Alejandro Sosa Ruda","date":"29 enero, 2022","format":false,"excerpt":"Ocurri\u00f3 en un local de indumentaria deportiva. El delincuente actu\u00f3 solo y fue cercado por la Polic\u00eda. Al querer escapar le dispararon en uno de los tobillos. BERISSO -\u00a0 Momentos de extrema tensi\u00f3n se vivieron este viernes por la tarde en un comercio en pleno centro de Berisso, cuando\u00a0un hombre\u2026","rel":"","context":"En \u00abPOLICIALES\u00bb","block_context":{"text":"POLICIALES","link":"https:\/\/larevistadigital.com.ar\/blog\/category\/policiales\/"},"img":{"alt_text":"","src":"https:\/\/i0.wp.com\/larevistadigital.com.ar\/blog\/wp-content\/uploads\/1643461121065.jpg?fit=1200%2C594&ssl=1&resize=350%2C200","width":350,"height":200,"srcset":"https:\/\/i0.wp.com\/larevistadigital.com.ar\/blog\/wp-content\/uploads\/1643461121065.jpg?fit=1200%2C594&ssl=1&resize=350%2C200 1x, https:\/\/i0.wp.com\/larevistadigital.com.ar\/blog\/wp-content\/uploads\/1643461121065.jpg?fit=1200%2C594&ssl=1&resize=525%2C300 1.5x, https:\/\/i0.wp.com\/larevistadigital.com.ar\/blog\/wp-content\/uploads\/1643461121065.jpg?fit=1200%2C594&ssl=1&resize=700%2C400 2x, https:\/\/i0.wp.com\/larevistadigital.com.ar\/blog\/wp-content\/uploads\/1643461121065.jpg?fit=1200%2C594&ssl=1&resize=1050%2C600 3x"},"classes":[]}],"_links":{"self":[{"href":"https:\/\/larevistadigital.com.ar\/blog\/wp-json\/wp\/v2\/posts\/35341","targetHints":{"allow":["GET"]}}],"collection":[{"href":"https:\/\/larevistadigital.com.ar\/blog\/wp-json\/wp\/v2\/posts"}],"about":[{"href":"https:\/\/larevistadigital.com.ar\/blog\/wp-json\/wp\/v2\/types\/post"}],"author":[{"embeddable":true,"href":"https:\/\/larevistadigital.com.ar\/blog\/wp-json\/wp\/v2\/users\/3"}],"replies":[{"embeddable":true,"href":"https:\/\/larevistadigital.com.ar\/blog\/wp-json\/wp\/v2\/comments?post=35341"}],"version-history":[{"count":1,"href":"https:\/\/larevistadigital.com.ar\/blog\/wp-json\/wp\/v2\/posts\/35341\/revisions"}],"predecessor-version":[{"id":35343,"href":"https:\/\/larevistadigital.com.ar\/blog\/wp-json\/wp\/v2\/posts\/35341\/revisions\/35343"}],"wp:featuredmedia":[{"embeddable":true,"href":"https:\/\/larevistadigital.com.ar\/blog\/wp-json\/wp\/v2\/media\/35342"}],"wp:attachment":[{"href":"https:\/\/larevistadigital.com.ar\/blog\/wp-json\/wp\/v2\/media?parent=35341"}],"wp:term":[{"taxonomy":"category","embeddable":true,"href":"https:\/\/larevistadigital.com.ar\/blog\/wp-json\/wp\/v2\/categories?post=35341"},{"taxonomy":"post_tag","embeddable":true,"href":"https:\/\/larevistadigital.com.ar\/blog\/wp-json\/wp\/v2\/tags?post=35341"}],"curies":[{"name":"wp","href":"https:\/\/api.w.org\/{rel}","templated":true}]}}