{"id":35345,"date":"2024-02-28T14:24:09","date_gmt":"2024-02-28T17:24:09","guid":{"rendered":"https:\/\/larevistadigital.com.ar\/blog\/?p=35345"},"modified":"2024-02-28T14:26:08","modified_gmt":"2024-02-28T17:26:08","slug":"chascomus-muerte-tragica-de-una-mujer-por-electrocucion","status":"publish","type":"post","link":"https:\/\/larevistadigital.com.ar\/blog\/chascomus-muerte-tragica-de-una-mujer-por-electrocucion\/","title":{"rendered":"CHASCOM\u00daS: MUERTE TR\u00c1GICA DE UNA MUJER POR ELECTROCUCI\u00d3N"},"content":{"rendered":"<p>&nbsp;<\/p>\n<h2>La mujer de 43 a\u00f1os, habr\u00eda fallecido electrocutada por un ventilador.<\/h2>\n<p>28 de febrero de 2024<\/p>\n<p><strong>CHASCOM\u00daS &#8211;\u00a0<\/strong> \u00a0En el d\u00eda de la fecha en hora de la ma\u00f1ana, esta dependencia policial recibi\u00f3 la lamentable noticia por parte del hospital municipal, que hab\u00eda ingresado a dicha instituci\u00f3n una persona femenina de 43 a\u00f1os fallecida por aparentemente electrocuci\u00f3n con un ventilador.<\/p>\n<blockquote>\n<h3>Inmediatamente personal policial se traslad\u00f3 hasta la vivienda de la misma ubicada en el barrio San Cayetano procediendo a preservar y perimetrar el lugar.<\/h3>\n<\/blockquote>\n<p>Tras dar aviso al titular de la unidad funcional de instrucciones descentralizada n\u00famero 10 de chascom\u00fas a cargo del doctor <strong>Jonathan Robert<\/strong>, mismo dispuso que se realice investigaci\u00f3n por averiguaci\u00f3n de causales de muerte, requiriendo las pericias pertinentes por parte de Polic\u00eda Cient\u00edfica Chascom\u00fas.<\/p>\n","protected":false},"excerpt":{"rendered":"<div class=\"mh-excerpt\"><p>&nbsp; La mujer de 43 a\u00f1os, habr\u00eda fallecido electrocutada por un ventilador. 28 de febrero de 2024 CHASCOM\u00daS &#8211;\u00a0 \u00a0En el d\u00eda de la fecha en hora de la ma\u00f1ana, esta dependencia policial recibi\u00f3 la <a class=\"mh-excerpt-more\" href=\"https:\/\/larevistadigital.com.ar\/blog\/chascomus-muerte-tragica-de-una-mujer-por-electrocucion\/\" title=\"CHASCOM\u00daS: MUERTE TR\u00c1GICA DE UNA MUJER POR ELECTROCUCI\u00d3N\">[Leer M\u00e1s]<\/a><\/p>\n<\/div>","protected":false},"author":3,"featured_media":23109,"comment_status":"open","ping_status":"open","sticky":false,"template":"","format":"standard","meta":{"_jetpack_memberships_contains_paid_content":false,"footnotes":"","jetpack_publicize_message":"","jetpack_publicize_feature_enabled":true,"jetpack_social_post_already_shared":true,"jetpack_social_options":{"image_generator_settings":{"template":"highway","default_image_id":0,"font":"","enabled":false},"version":2}},"categories":[41],"tags":[],"class_list":{"0":"post-35345","1":"post","2":"type-post","3":"status-publish","4":"format-standard","5":"has-post-thumbnail","7":"category-destacadas"},"jetpack_publicize_connections":[],"jetpack_featured_media_url":"https:\/\/i0.wp.com\/larevistadigital.com.ar\/blog\/wp-content\/uploads\/Captura-de-pantalla-2021-12-29-203210.jpg?fit=1013%2C675&ssl=1","jetpack_sharing_enabled":true,"jetpack_shortlink":"https:\/\/wp.me\/p8qtrQ-9c5","jetpack-related-posts":[{"id":37965,"url":"https:\/\/larevistadigital.com.ar\/blog\/muere-en-castelli-un-joven-electrocutado\/","url_meta":{"origin":35345,"position":0},"title":"Muere en Castelli un joven electrocutado.","author":"Alejandro Sosa Ruda","date":"23 noviembre, 2024","format":false,"excerpt":"La v\u00edctima ten\u00eda unos 20 a\u00f1os y resid\u00eda en Castelli. Se habr\u00eda electrocutado con un ventilador. 23 de Noviembre de 2024 CASTELLI -\u00a0 \u00a0Un muchacho que resid\u00eda en Castelli, pero era oriundo de Dolores falleci\u00f3 v\u00edctima de electrocuci\u00f3n en su vivienda. El luctuoso suceso, ocurri\u00f3 en horas del mediod\u00eda, en\u2026","rel":"","context":"En \u00abPOLICIALES\u00bb","block_context":{"text":"POLICIALES","link":"https:\/\/larevistadigital.com.ar\/blog\/category\/policiales\/"},"img":{"alt_text":"","src":"https:\/\/i0.wp.com\/larevistadigital.com.ar\/blog\/wp-content\/uploads\/Captura-de-pantalla-2021-12-29-203210.jpg?fit=1013%2C675&ssl=1&resize=350%2C200","width":350,"height":200,"srcset":"https:\/\/i0.wp.com\/larevistadigital.com.ar\/blog\/wp-content\/uploads\/Captura-de-pantalla-2021-12-29-203210.jpg?fit=1013%2C675&ssl=1&resize=350%2C200 1x, https:\/\/i0.wp.com\/larevistadigital.com.ar\/blog\/wp-content\/uploads\/Captura-de-pantalla-2021-12-29-203210.jpg?fit=1013%2C675&ssl=1&resize=525%2C300 1.5x, https:\/\/i0.wp.com\/larevistadigital.com.ar\/blog\/wp-content\/uploads\/Captura-de-pantalla-2021-12-29-203210.jpg?fit=1013%2C675&ssl=1&resize=700%2C400 2x"},"classes":[]},{"id":38445,"url":"https:\/\/larevistadigital.com.ar\/blog\/chascomus-murio-una-mujer-de-78-anos-en-el-complejo-laguna-camp\/","url_meta":{"origin":35345,"position":1},"title":"Chascom\u00fas: Muri\u00f3 una mujer de 78 a\u00f1os en el Complejo \u00abLaguna Camp\u00bb","author":"Alejandro Sosa Ruda","date":"8 enero, 2025","format":false,"excerpt":"Se trat\u00f3 de un accidente que le provoc\u00f3 la muerte. 08 De Enero de 2025 CHASCOM\u00daS -\u00a0 En las primeras horas de la madrugada del dia Domingo 5 del corriente, personal policial de EPC Chascomus 1ra, se traslado al complejo Laguna Camp ya que en uno de los bungalows del\u2026","rel":"","context":"En \u00abPOLICIALES\u00bb","block_context":{"text":"POLICIALES","link":"https:\/\/larevistadigital.com.ar\/blog\/category\/policiales\/"},"img":{"alt_text":"","src":"https:\/\/i0.wp.com\/larevistadigital.com.ar\/blog\/wp-content\/uploads\/Captura-de-pantalla-2021-12-29-203210.jpg?fit=1013%2C675&ssl=1&resize=350%2C200","width":350,"height":200,"srcset":"https:\/\/i0.wp.com\/larevistadigital.com.ar\/blog\/wp-content\/uploads\/Captura-de-pantalla-2021-12-29-203210.jpg?fit=1013%2C675&ssl=1&resize=350%2C200 1x, https:\/\/i0.wp.com\/larevistadigital.com.ar\/blog\/wp-content\/uploads\/Captura-de-pantalla-2021-12-29-203210.jpg?fit=1013%2C675&ssl=1&resize=525%2C300 1.5x, https:\/\/i0.wp.com\/larevistadigital.com.ar\/blog\/wp-content\/uploads\/Captura-de-pantalla-2021-12-29-203210.jpg?fit=1013%2C675&ssl=1&resize=700%2C400 2x"},"classes":[]},{"id":42464,"url":"https:\/\/larevistadigital.com.ar\/blog\/chascomus-se-investiga-la-muerte-de-una-vecina-en-su-domicilio\/","url_meta":{"origin":35345,"position":2},"title":"Chascom\u00fas: Se investiga la muerte de una vecina en su domicilio","author":"Alejandro Sosa Ruda","date":"14 noviembre, 2025","format":false,"excerpt":"Personal policial y peritos trabajaron en una vivienda de la ciudad tras el fallecimiento de una mujer. La Fiscal\u00eda dispuso las actuaciones de rigor para esclarecer el hecho. 14 de Noviembre de 2025 CHASCOM\u00daS -\u00a0 \u00a0El d\u00eda de ayer, personal policial intervino en una vivienda de Chascom\u00fas tras el fallecimiento\u2026","rel":"","context":"En \u00abINTERES GENERAL\u00bb","block_context":{"text":"INTERES GENERAL","link":"https:\/\/larevistadigital.com.ar\/blog\/category\/interes-general\/"},"img":{"alt_text":"","src":"https:\/\/i0.wp.com\/larevistadigital.com.ar\/blog\/wp-content\/uploads\/Captura-de-pantalla-2021-12-29-203210.jpg?fit=1013%2C675&ssl=1&resize=350%2C200","width":350,"height":200,"srcset":"https:\/\/i0.wp.com\/larevistadigital.com.ar\/blog\/wp-content\/uploads\/Captura-de-pantalla-2021-12-29-203210.jpg?fit=1013%2C675&ssl=1&resize=350%2C200 1x, https:\/\/i0.wp.com\/larevistadigital.com.ar\/blog\/wp-content\/uploads\/Captura-de-pantalla-2021-12-29-203210.jpg?fit=1013%2C675&ssl=1&resize=525%2C300 1.5x, https:\/\/i0.wp.com\/larevistadigital.com.ar\/blog\/wp-content\/uploads\/Captura-de-pantalla-2021-12-29-203210.jpg?fit=1013%2C675&ssl=1&resize=700%2C400 2x"},"classes":[]},{"id":25488,"url":"https:\/\/larevistadigital.com.ar\/blog\/chascomus-se-investiga-la-muerte-de-un-bebe-de-un-mes\/","url_meta":{"origin":35345,"position":3},"title":"CHASCOM\u00daS: SE INVESTIGA LA MUERTE DE UN BEBE DE UN MES","author":"Alejandro Sosa Ruda","date":"30 mayo, 2022","format":false,"excerpt":"La justicia investiga la muerte de un beb\u00e9 de un mes en la localidad bonaerense de Chascom\u00fas, el que ingres\u00f3 al Hospital local sin vida en brazos de su padre, un joven de 21 a\u00f1os, informaron fuentes policiales. El hecho ocurri\u00f3 el jueves pasado cuando el joven se present\u00f3 en\u2026","rel":"","context":"En \u00abCHASCOM\u00daS\u00bb","block_context":{"text":"CHASCOM\u00daS","link":"https:\/\/larevistadigital.com.ar\/blog\/category\/chascomus\/"},"img":{"alt_text":"","src":"https:\/\/i0.wp.com\/larevistadigital.com.ar\/blog\/wp-content\/uploads\/2017\/11\/hospi1-1024x767-111-700x524.jpg?fit=700%2C524&ssl=1&resize=350%2C200","width":350,"height":200,"srcset":"https:\/\/i0.wp.com\/larevistadigital.com.ar\/blog\/wp-content\/uploads\/2017\/11\/hospi1-1024x767-111-700x524.jpg?fit=700%2C524&ssl=1&resize=350%2C200 1x, https:\/\/i0.wp.com\/larevistadigital.com.ar\/blog\/wp-content\/uploads\/2017\/11\/hospi1-1024x767-111-700x524.jpg?fit=700%2C524&ssl=1&resize=525%2C300 1.5x, https:\/\/i0.wp.com\/larevistadigital.com.ar\/blog\/wp-content\/uploads\/2017\/11\/hospi1-1024x767-111-700x524.jpg?fit=700%2C524&ssl=1&resize=700%2C400 2x"},"classes":[]},{"id":7429,"url":"https:\/\/larevistadigital.com.ar\/blog\/chascomus-la-persona-fallecida-hallada-en-un-pozo-de-bano-era-una-mujer-de-66-anos-de-edad\/","url_meta":{"origin":35345,"position":4},"title":"CHASCOM\u00daS: LA PERSONA FALLECIDA HALLADA EN UN POZO DE BA\u00d1O, ERA UNA MUJER, DE 66 A\u00d1OS DE EDAD","author":"Alejandro Sosa Ruda","date":"28 diciembre, 2018","format":false,"excerpt":"Seg\u00fan pudimos averiguar de fuentes confiables, la persona hallada por los vecinos y que al arribar los bomberos constataron que estaba fallecida, se trataba de una mujer, jubilada de 66 a\u00f1os de edad, llamada LILIANA VERA. La mujer fallecida estaba ca\u00edda en un pozo del ba\u00f1o, a metros de la\u2026","rel":"","context":"En \u00abDESTACADAS\u00bb","block_context":{"text":"DESTACADAS","link":"https:\/\/larevistadigital.com.ar\/blog\/category\/destacadas\/"},"img":{"alt_text":"","src":"https:\/\/i0.wp.com\/larevistadigital.com.ar\/blog\/wp-content\/uploads\/2018\/12\/descarga-4.jpg?fit=650%2C407&ssl=1&resize=350%2C200","width":350,"height":200,"srcset":"https:\/\/i0.wp.com\/larevistadigital.com.ar\/blog\/wp-content\/uploads\/2018\/12\/descarga-4.jpg?fit=650%2C407&ssl=1&resize=350%2C200 1x, https:\/\/i0.wp.com\/larevistadigital.com.ar\/blog\/wp-content\/uploads\/2018\/12\/descarga-4.jpg?fit=650%2C407&ssl=1&resize=525%2C300 1.5x"},"classes":[]},{"id":39380,"url":"https:\/\/larevistadigital.com.ar\/blog\/choque-entre-una-moto-y-una-bicicleta-en-pleno-centro-de-chascomus\/","url_meta":{"origin":35345,"position":5},"title":"Choque entre una moto y una bicicleta en pleno centro de Chascom\u00fas","author":"Alejandro Sosa Ruda","date":"15 abril, 2025","format":false,"excerpt":"Una mujer result\u00f3 herida tras un accidente en la intersecci\u00f3n de Escribano y Belgrano. Fue trasladada al hospital y se encuentra fuera de peligro. 15 de Abril de 2025 CHASCOM\u00daS\u00a0 \u00a0-\u00a0 Este s\u00e1bado, un accidente de tr\u00e1nsito ocurrido en pleno centro de la ciudad dej\u00f3 como saldo una persona herida.\u2026","rel":"","context":"En \u00abCHASCOM\u00daS\u00bb","block_context":{"text":"CHASCOM\u00daS","link":"https:\/\/larevistadigital.com.ar\/blog\/category\/chascomus\/"},"img":{"alt_text":"","src":"https:\/\/i0.wp.com\/larevistadigital.com.ar\/blog\/wp-content\/uploads\/1620734310362-1.jpg?fit=1200%2C594&ssl=1&resize=350%2C200","width":350,"height":200,"srcset":"https:\/\/i0.wp.com\/larevistadigital.com.ar\/blog\/wp-content\/uploads\/1620734310362-1.jpg?fit=1200%2C594&ssl=1&resize=350%2C200 1x, https:\/\/i0.wp.com\/larevistadigital.com.ar\/blog\/wp-content\/uploads\/1620734310362-1.jpg?fit=1200%2C594&ssl=1&resize=525%2C300 1.5x, https:\/\/i0.wp.com\/larevistadigital.com.ar\/blog\/wp-content\/uploads\/1620734310362-1.jpg?fit=1200%2C594&ssl=1&resize=700%2C400 2x, https:\/\/i0.wp.com\/larevistadigital.com.ar\/blog\/wp-content\/uploads\/1620734310362-1.jpg?fit=1200%2C594&ssl=1&resize=1050%2C600 3x"},"classes":[]}],"_links":{"self":[{"href":"https:\/\/larevistadigital.com.ar\/blog\/wp-json\/wp\/v2\/posts\/35345","targetHints":{"allow":["GET"]}}],"collection":[{"href":"https:\/\/larevistadigital.com.ar\/blog\/wp-json\/wp\/v2\/posts"}],"about":[{"href":"https:\/\/larevistadigital.com.ar\/blog\/wp-json\/wp\/v2\/types\/post"}],"author":[{"embeddable":true,"href":"https:\/\/larevistadigital.com.ar\/blog\/wp-json\/wp\/v2\/users\/3"}],"replies":[{"embeddable":true,"href":"https:\/\/larevistadigital.com.ar\/blog\/wp-json\/wp\/v2\/comments?post=35345"}],"version-history":[{"count":1,"href":"https:\/\/larevistadigital.com.ar\/blog\/wp-json\/wp\/v2\/posts\/35345\/revisions"}],"predecessor-version":[{"id":35346,"href":"https:\/\/larevistadigital.com.ar\/blog\/wp-json\/wp\/v2\/posts\/35345\/revisions\/35346"}],"wp:featuredmedia":[{"embeddable":true,"href":"https:\/\/larevistadigital.com.ar\/blog\/wp-json\/wp\/v2\/media\/23109"}],"wp:attachment":[{"href":"https:\/\/larevistadigital.com.ar\/blog\/wp-json\/wp\/v2\/media?parent=35345"}],"wp:term":[{"taxonomy":"category","embeddable":true,"href":"https:\/\/larevistadigital.com.ar\/blog\/wp-json\/wp\/v2\/categories?post=35345"},{"taxonomy":"post_tag","embeddable":true,"href":"https:\/\/larevistadigital.com.ar\/blog\/wp-json\/wp\/v2\/tags?post=35345"}],"curies":[{"name":"wp","href":"https:\/\/api.w.org\/{rel}","templated":true}]}}