{"id":35355,"date":"2024-03-05T07:02:54","date_gmt":"2024-03-05T10:02:54","guid":{"rendered":"https:\/\/larevistadigital.com.ar\/blog\/?p=35355"},"modified":"2024-03-05T07:02:54","modified_gmt":"2024-03-05T10:02:54","slug":"nadador-de-la-matanza-ruben-gonzalez-viajo-a-estonia-a-defender-el-titulo-mundial","status":"publish","type":"post","link":"https:\/\/larevistadigital.com.ar\/blog\/nadador-de-la-matanza-ruben-gonzalez-viajo-a-estonia-a-defender-el-titulo-mundial\/","title":{"rendered":"NADADOR DE LA MATANZA, RUB\u00c9N GONZALEZ VIAJ\u00d3 A ESTONIA A DEFENDER EL T\u00cdTULO MUNDIAL"},"content":{"rendered":"<h2 class=\"fparrafo ctext fz18 lh25\">El nadador matancero Rub\u00e9n Gonz\u00e1lez, campe\u00f3n del mundo de aguas fr\u00edas en las pruebas de 100 y 200 metros, disputar\u00e1 la Copa del Mundo de nataci\u00f3n de invierno que se desarrollar\u00e1 en Tallinn, Estonia, del 4 al 10 de marzo.<\/h2>\n<p><strong>BUENOS AIRES &#8211;\u00a0<\/strong> En esta competencia habr\u00e1 m\u00e1s de dos mil nadadores de 50 pa\u00edses. En Argentina formaron, por primera vez, doce nadadores de aguas fr\u00edas y <strong>Gonz\u00e1lez<\/strong> defender\u00e1 los t\u00edtulos que gan\u00f3 en los 100 y 200 metros en 2023 en El Calafate. Adem\u00e1s competir\u00e1 en los 450 metros libres y en la posta 4&#215;25.<\/p>\n<p><strong>Rub\u00e9n<\/strong> arrib\u00f3 el 28 de febrero en Estonia para aclimatarme a la temperatura de 16 grados bajo cero y entrenar en una la pileta que est\u00e1 en el puerto, al aire libre, cuya agua se encuentra a unos tres o cuatro grados.<\/p>\n<p><span style=\"color: #ff0000\"><b>Cronograma de competencias:<\/b><\/span><\/p>\n<p>La presentaci\u00f3n del nadador Rub\u00e9n Gonz\u00e1lez en el Mundial ser\u00e1 el martes 5 de marzo con la competencia de 200 metros. El mi\u00e9rcoles 6 nadar\u00e1 en los 450 metros y el jueves 7 lo tendr\u00e1 libre. El viernes 8 defender\u00e1 el cetro de los 100 metros y el s\u00e1bado 9 cerrar\u00e1 su participaci\u00f3n con la prueba de 4&#215;25.<\/p>\n<p>La Copa del mundo de Tallinn se podr\u00e1 seguir por el canal de YouTube oficial Tallinn Winter Swimming World Championship 2024. (<b>InfoGEI<\/b>)Ac<\/p>\n","protected":false},"excerpt":{"rendered":"<div class=\"mh-excerpt\"><p>El nadador matancero Rub\u00e9n Gonz\u00e1lez, campe\u00f3n del mundo de aguas fr\u00edas en las pruebas de 100 y 200 metros, disputar\u00e1 la Copa del Mundo de nataci\u00f3n de invierno que se desarrollar\u00e1 en Tallinn, Estonia, del <a class=\"mh-excerpt-more\" href=\"https:\/\/larevistadigital.com.ar\/blog\/nadador-de-la-matanza-ruben-gonzalez-viajo-a-estonia-a-defender-el-titulo-mundial\/\" title=\"NADADOR DE LA MATANZA, RUB\u00c9N GONZALEZ VIAJ\u00d3 A ESTONIA A DEFENDER EL T\u00cdTULO MUNDIAL\">[Leer M\u00e1s]<\/a><\/p>\n<\/div>","protected":false},"author":3,"featured_media":35356,"comment_status":"open","ping_status":"open","sticky":false,"template":"","format":"standard","meta":{"_jetpack_memberships_contains_paid_content":false,"footnotes":"","jetpack_publicize_message":"","jetpack_publicize_feature_enabled":true,"jetpack_social_post_already_shared":true,"jetpack_social_options":{"image_generator_settings":{"template":"highway","default_image_id":0,"font":"","enabled":false},"version":2}},"categories":[51],"tags":[],"class_list":{"0":"post-35355","1":"post","2":"type-post","3":"status-publish","4":"format-standard","5":"has-post-thumbnail","7":"category-regionales"},"jetpack_publicize_connections":[],"jetpack_featured_media_url":"https:\/\/i0.wp.com\/larevistadigital.com.ar\/blog\/wp-content\/uploads\/20240304172944_nadador-matancero-ruben-gonzalez.jpg?fit=880%2C512&ssl=1","jetpack_sharing_enabled":true,"jetpack_shortlink":"https:\/\/wp.me\/p8qtrQ-9cf","jetpack-related-posts":[{"id":44534,"url":"https:\/\/larevistadigital.com.ar\/blog\/mar-del-plata-hallaron-muerto-a-un-nadador-en-el-mar-tras-un-amplio-operativo-de-busqueda\/","url_meta":{"origin":35355,"position":0},"title":"Mar del Plata: Hallaron muerto a un nadador en el mar tras un amplio operativo de b\u00fasqueda","author":"Alejandro Sosa Ruda","date":"16 marzo, 2026","format":false,"excerpt":"El hombre hab\u00eda ingresado a nadar por la escollera de Cabo Corrientes. Su cuerpo fue encontrado a unos 1700 metros del lugar donde dej\u00f3 sus pertenencias. 16 de marzo de 2026 MAR DEL PLATA -\u00a0 \u00a0Un intenso operativo de b\u00fasqueda termin\u00f3 este lunes con el hallazgo del cuerpo de un\u2026","rel":"","context":"En \u00abPOLICIALES\u00bb","block_context":{"text":"POLICIALES","link":"https:\/\/larevistadigital.com.ar\/blog\/category\/policiales\/"},"img":{"alt_text":"","src":"https:\/\/i0.wp.com\/larevistadigital.com.ar\/blog\/wp-content\/uploads\/Captura-de-pantalla-2026-03-16-145317.jpg?fit=815%2C334&ssl=1&resize=350%2C200","width":350,"height":200,"srcset":"https:\/\/i0.wp.com\/larevistadigital.com.ar\/blog\/wp-content\/uploads\/Captura-de-pantalla-2026-03-16-145317.jpg?fit=815%2C334&ssl=1&resize=350%2C200 1x, https:\/\/i0.wp.com\/larevistadigital.com.ar\/blog\/wp-content\/uploads\/Captura-de-pantalla-2026-03-16-145317.jpg?fit=815%2C334&ssl=1&resize=525%2C300 1.5x, https:\/\/i0.wp.com\/larevistadigital.com.ar\/blog\/wp-content\/uploads\/Captura-de-pantalla-2026-03-16-145317.jpg?fit=815%2C334&ssl=1&resize=700%2C400 2x"},"classes":[]},{"id":44418,"url":"https:\/\/larevistadigital.com.ar\/blog\/chascomus-el-cruce-de-la-laguna-convoco-a-casi-200-nadadores\/","url_meta":{"origin":35355,"position":1},"title":"Chascom\u00fas: El Cruce de la Laguna convoc\u00f3 a casi 200 nadadores","author":"Alejandro Sosa Ruda","date":"9 marzo, 2026","format":false,"excerpt":"Ezequiel L\u00f3pez se qued\u00f3 con la Copa Domingo Catalino tras completar el recorrido en 42 minutos. 09 de marzo de 2026 CHASCOM\u00daS\u00a0 -\u00a0 \u00a0El s\u00e1bado se llev\u00f3 a cabo una nueva edici\u00f3n del Cruce de la Laguna, la tradicional competencia de aguas abiertas organizada por el Club de Regatas junto\u2026","rel":"","context":"En \u00abCHASCOM\u00daS\u00bb","block_context":{"text":"CHASCOM\u00daS","link":"https:\/\/larevistadigital.com.ar\/blog\/category\/chascomus\/"},"img":{"alt_text":"","src":"https:\/\/i0.wp.com\/larevistadigital.com.ar\/blog\/wp-content\/uploads\/69af07cea7a5b.png?fit=668%2C445&ssl=1&resize=350%2C200","width":350,"height":200,"srcset":"https:\/\/i0.wp.com\/larevistadigital.com.ar\/blog\/wp-content\/uploads\/69af07cea7a5b.png?fit=668%2C445&ssl=1&resize=350%2C200 1x, https:\/\/i0.wp.com\/larevistadigital.com.ar\/blog\/wp-content\/uploads\/69af07cea7a5b.png?fit=668%2C445&ssl=1&resize=525%2C300 1.5x"},"classes":[]},{"id":44039,"url":"https:\/\/larevistadigital.com.ar\/blog\/chascomus-gran-convocatoria-en-el-cierre-de-aguas-abiertas-2026\/","url_meta":{"origin":35355,"position":2},"title":"Chascom\u00fas: Gran convocatoria en el cierre de Aguas Abiertas 2026","author":"Alejandro Sosa Ruda","date":"18 febrero, 2026","format":false,"excerpt":"M\u00e1s de 450 competidores participaron en la edici\u00f3n de la competencia de nataci\u00f3n que se disputa en las aguas de la laguna de Chascom\u00fas. 18 de febrero de 2026 CHASCOM\u00daS -\u00a0 \u00a0El s\u00e1bado se llev\u00f3 a cabo la \u00faltima de las tres fechas del Circuito de Aguas Abiertas en nuestra\u2026","rel":"","context":"En \u00abCHASCOM\u00daS\u00bb","block_context":{"text":"CHASCOM\u00daS","link":"https:\/\/larevistadigital.com.ar\/blog\/category\/chascomus\/"},"img":{"alt_text":"","src":"https:\/\/i0.wp.com\/larevistadigital.com.ar\/blog\/wp-content\/uploads\/6995f9c25374d.png?fit=668%2C445&ssl=1&resize=350%2C200","width":350,"height":200,"srcset":"https:\/\/i0.wp.com\/larevistadigital.com.ar\/blog\/wp-content\/uploads\/6995f9c25374d.png?fit=668%2C445&ssl=1&resize=350%2C200 1x, https:\/\/i0.wp.com\/larevistadigital.com.ar\/blog\/wp-content\/uploads\/6995f9c25374d.png?fit=668%2C445&ssl=1&resize=525%2C300 1.5x"},"classes":[]},{"id":7945,"url":"https:\/\/larevistadigital.com.ar\/blog\/chascomus-encuentran-persona-ahogada-en-la-laguna\/","url_meta":{"origin":35355,"position":3},"title":"CHASCOMUS: ENCUENTRAN PERSONA AHOGADA EN LA LAGUNA","author":"Alejandro Sosa Ruda","date":"25 enero, 2019","format":false,"excerpt":"Hace aproximadamente una hora en su perfil de la red social Fecebook, el vecino Miguel Angel Tocci dio a conocer una situaci\u00f3n que le toc\u00f3 vivir, cuando seg\u00fan narr\u00f3 \"finaliz\u00e1bamos junto a Oscar Berrueta y Gabriel Grimaldi de hacer 3000 mts. de fondo, y\u00a0una moto de agua se acerca a\u2026","rel":"","context":"En \u00abCHASCOM\u00daS\u00bb","block_context":{"text":"CHASCOM\u00daS","link":"https:\/\/larevistadigital.com.ar\/blog\/category\/chascomus\/"},"img":{"alt_text":"","src":"https:\/\/i0.wp.com\/larevistadigital.com.ar\/blog\/wp-content\/uploads\/2019\/01\/50398067_2308129095899072_931611971671818240_n.jpg?fit=960%2C566&ssl=1&resize=350%2C200","width":350,"height":200,"srcset":"https:\/\/i0.wp.com\/larevistadigital.com.ar\/blog\/wp-content\/uploads\/2019\/01\/50398067_2308129095899072_931611971671818240_n.jpg?fit=960%2C566&ssl=1&resize=350%2C200 1x, https:\/\/i0.wp.com\/larevistadigital.com.ar\/blog\/wp-content\/uploads\/2019\/01\/50398067_2308129095899072_931611971671818240_n.jpg?fit=960%2C566&ssl=1&resize=525%2C300 1.5x, https:\/\/i0.wp.com\/larevistadigital.com.ar\/blog\/wp-content\/uploads\/2019\/01\/50398067_2308129095899072_931611971671818240_n.jpg?fit=960%2C566&ssl=1&resize=700%2C400 2x"},"classes":[]},{"id":10683,"url":"https:\/\/larevistadigital.com.ar\/blog\/dolor-en-el-futbol-y-luto-en-boca-murio-ruben-sune\/","url_meta":{"origin":35355,"position":4},"title":"DOLOR EN EL F\u00daTBOL Y LUTO EN BOCA: MURI\u00d3 RUBEN SU\u00d1\u00c9","author":"Alejandro Sosa Ruda","date":"21 junio, 2019","format":false,"excerpt":"Uno de los grandes \u00eddolos\u00a0xeneizes, campe\u00f3n en ocho oportunidades,\u00a0muri\u00f3 a los 72 a\u00f1os.\u00a0 Rub\u00e9n \"El Chapa\" Su\u00f1\u00e9, una de las glorias de Boca J\u00faniors falleci\u00f3 este jueves a los 72 a\u00f1os, seg\u00fan dieron a conocer medios cercanos al club xeneize. Su\u00f1\u00e9, considerado un \u00eddolo por los hinchas de Boca, se\u2026","rel":"","context":"En \u00abDEPORTES\u00bb","block_context":{"text":"DEPORTES","link":"https:\/\/larevistadigital.com.ar\/blog\/category\/deportes\/"},"img":{"alt_text":"","src":"https:\/\/i0.wp.com\/larevistadigital.com.ar\/blog\/wp-content\/uploads\/sune_g.jpg?fit=650%2C446&ssl=1&resize=350%2C200","width":350,"height":200,"srcset":"https:\/\/i0.wp.com\/larevistadigital.com.ar\/blog\/wp-content\/uploads\/sune_g.jpg?fit=650%2C446&ssl=1&resize=350%2C200 1x, https:\/\/i0.wp.com\/larevistadigital.com.ar\/blog\/wp-content\/uploads\/sune_g.jpg?fit=650%2C446&ssl=1&resize=525%2C300 1.5x"},"classes":[]},{"id":14176,"url":"https:\/\/larevistadigital.com.ar\/blog\/pablo-francese-hoy-chascomus-y-nuestra-laguna-se-han-convertido-en-un-lugar-destacado-para-nadadores-de-aguas-abiertas-de-la-region\/","url_meta":{"origin":35355,"position":5},"title":"PABLO FRANCESE: \u201cHOY CHASCOM\u00daS Y NUESTRA LAGUNA SE HAN CONVERTIDO EN UN LUGAR DESTACADO PARA NADADORES DE AGUAS ABIERTAS DE LA REGI\u00d3N\u201d","author":"Alejandro Sosa Ruda","date":"13 enero, 2020","format":false,"excerpt":"El Director de Deportes destac\u00f3 las condiciones naturales que presenta nuestra laguna para llevar adelante este tipo de competencias de nataci\u00f3n. Lo hizo al finalizar la tercera fecha de la carrera de Aguas Abiertas y de la que participaron alrededor de 500 competidores de diversas localidades. \u201cAdem\u00e1s de promover la\u2026","rel":"","context":"En \u00abDEPORTES\u00bb","block_context":{"text":"DEPORTES","link":"https:\/\/larevistadigital.com.ar\/blog\/category\/deportes\/"},"img":{"alt_text":"","src":"https:\/\/i0.wp.com\/larevistadigital.com.ar\/blog\/wp-content\/uploads\/81894932_2934695143218018_3946904537901563904_o.jpg?fit=1200%2C800&ssl=1&resize=350%2C200","width":350,"height":200,"srcset":"https:\/\/i0.wp.com\/larevistadigital.com.ar\/blog\/wp-content\/uploads\/81894932_2934695143218018_3946904537901563904_o.jpg?fit=1200%2C800&ssl=1&resize=350%2C200 1x, https:\/\/i0.wp.com\/larevistadigital.com.ar\/blog\/wp-content\/uploads\/81894932_2934695143218018_3946904537901563904_o.jpg?fit=1200%2C800&ssl=1&resize=525%2C300 1.5x, https:\/\/i0.wp.com\/larevistadigital.com.ar\/blog\/wp-content\/uploads\/81894932_2934695143218018_3946904537901563904_o.jpg?fit=1200%2C800&ssl=1&resize=700%2C400 2x, https:\/\/i0.wp.com\/larevistadigital.com.ar\/blog\/wp-content\/uploads\/81894932_2934695143218018_3946904537901563904_o.jpg?fit=1200%2C800&ssl=1&resize=1050%2C600 3x"},"classes":[]}],"_links":{"self":[{"href":"https:\/\/larevistadigital.com.ar\/blog\/wp-json\/wp\/v2\/posts\/35355","targetHints":{"allow":["GET"]}}],"collection":[{"href":"https:\/\/larevistadigital.com.ar\/blog\/wp-json\/wp\/v2\/posts"}],"about":[{"href":"https:\/\/larevistadigital.com.ar\/blog\/wp-json\/wp\/v2\/types\/post"}],"author":[{"embeddable":true,"href":"https:\/\/larevistadigital.com.ar\/blog\/wp-json\/wp\/v2\/users\/3"}],"replies":[{"embeddable":true,"href":"https:\/\/larevistadigital.com.ar\/blog\/wp-json\/wp\/v2\/comments?post=35355"}],"version-history":[{"count":1,"href":"https:\/\/larevistadigital.com.ar\/blog\/wp-json\/wp\/v2\/posts\/35355\/revisions"}],"predecessor-version":[{"id":35357,"href":"https:\/\/larevistadigital.com.ar\/blog\/wp-json\/wp\/v2\/posts\/35355\/revisions\/35357"}],"wp:featuredmedia":[{"embeddable":true,"href":"https:\/\/larevistadigital.com.ar\/blog\/wp-json\/wp\/v2\/media\/35356"}],"wp:attachment":[{"href":"https:\/\/larevistadigital.com.ar\/blog\/wp-json\/wp\/v2\/media?parent=35355"}],"wp:term":[{"taxonomy":"category","embeddable":true,"href":"https:\/\/larevistadigital.com.ar\/blog\/wp-json\/wp\/v2\/categories?post=35355"},{"taxonomy":"post_tag","embeddable":true,"href":"https:\/\/larevistadigital.com.ar\/blog\/wp-json\/wp\/v2\/tags?post=35355"}],"curies":[{"name":"wp","href":"https:\/\/api.w.org\/{rel}","templated":true}]}}