{"id":35358,"date":"2024-03-05T07:24:16","date_gmt":"2024-03-05T10:24:16","guid":{"rendered":"https:\/\/larevistadigital.com.ar\/blog\/?p=35358"},"modified":"2024-03-05T07:24:16","modified_gmt":"2024-03-05T10:24:16","slug":"provincia-como-utilizar-la-ultima-semana-de-descuentos-para-la-compra-de-elementos-escolares","status":"publish","type":"post","link":"https:\/\/larevistadigital.com.ar\/blog\/provincia-como-utilizar-la-ultima-semana-de-descuentos-para-la-compra-de-elementos-escolares\/","title":{"rendered":"PROVINCIA: C\u00d3MO UTILIZAR LA \u00daLTIMA SEMANA DE DESCUENTOS PARA LA COMPRA DE ELEMENTOS ESCOLARES"},"content":{"rendered":"<h2 class=\"nota__hero__summary\">Los beneficios se podr\u00e1n aprovechar en librer\u00edas, jugueter\u00edas, casas de deportes, zapater\u00edas y uniformes escolares. Los detalles.<\/h2>\n<p>5 de marzo de 2024<\/p>\n<p><strong>BUENOS AIRES &#8211;\u00a0 <\/strong>Con el inicio del ciclo lectivo en el territorio bonaerense, el\u00a0<strong>Banco Provincia<\/strong>\u00a0contin\u00faa ofreciendo una de sus promociones para realizar las compras escolares con ahorro.<\/p>\n<blockquote>\n<h3>Se trata de un 25% de descuento en un pago,\u00a0<strong>con tope de reintegro de $10.000<\/strong>\u00a0en compras realizadas con tarjeta de cr\u00e9dito y d\u00e9bito emitidas por el Banco Provincia, todos los jueves y viernes\u00a0<strong>hasta el 8 de marzo<\/strong>.<\/h3>\n<\/blockquote>\n<p>Asimismo, la entidad bancaria ofrece\u00a0<strong>hasta 9 cuotas sin inter\u00e9s\u00a0<\/strong>en los mismos rubros, aunque las promociones no son acumulables. Este beneficio\u00a0<strong>se puede aprovechar\u00a0<\/strong>en casas de deportes, indumentaria y calzado, uniformes escolares, librer\u00edas, jugueter\u00edas y librer\u00edas comerciales.<\/p>\n<blockquote>\n<h3>Algunos de los productos que se pueden comprar con este beneficio\u00a0<strong>especial para la vuelta a clases\u00a0<\/strong>con Banco Provincia son: \u00fatiles escolares, zapatillas, indumentaria, ropa deportiva, uniformes y guardapolvos, libros y manuales.<\/h3>\n<\/blockquote>\n<p>Los\u00a0<strong>comercios adheridos<\/strong>\u00a0y las localidades bonaerenses donde aprovechar todos los descuentos encontralos ingresando a este\u00a0<a href=\"https:\/\/www.bancoprovincia.com.ar\/CDN\/Get\/especial_librerias_adheridas\" target=\"_blank\" rel=\"noopener\">link<\/a>.<\/p>\n<p>Publicado en entrel\u00edneas.info<\/p>\n","protected":false},"excerpt":{"rendered":"<div class=\"mh-excerpt\"><p>Los beneficios se podr\u00e1n aprovechar en librer\u00edas, jugueter\u00edas, casas de deportes, zapater\u00edas y uniformes escolares. Los detalles. 5 de marzo de 2024 BUENOS AIRES &#8211;\u00a0 Con el inicio del ciclo lectivo en el territorio bonaerense, <a class=\"mh-excerpt-more\" href=\"https:\/\/larevistadigital.com.ar\/blog\/provincia-como-utilizar-la-ultima-semana-de-descuentos-para-la-compra-de-elementos-escolares\/\" title=\"PROVINCIA: C\u00d3MO UTILIZAR LA \u00daLTIMA SEMANA DE DESCUENTOS PARA LA COMPRA DE ELEMENTOS ESCOLARES\">[Leer M\u00e1s]<\/a><\/p>\n<\/div>","protected":false},"author":3,"featured_media":35360,"comment_status":"open","ping_status":"open","sticky":false,"template":"","format":"standard","meta":{"_jetpack_memberships_contains_paid_content":false,"footnotes":"","jetpack_publicize_message":"","jetpack_publicize_feature_enabled":true,"jetpack_social_post_already_shared":true,"jetpack_social_options":{"image_generator_settings":{"template":"highway","default_image_id":0,"font":"","enabled":false},"version":2}},"categories":[41],"tags":[],"class_list":{"0":"post-35358","1":"post","2":"type-post","3":"status-publish","4":"format-standard","5":"has-post-thumbnail","7":"category-destacadas"},"jetpack_publicize_connections":[],"jetpack_featured_media_url":"https:\/\/i0.wp.com\/larevistadigital.com.ar\/blog\/wp-content\/uploads\/utiles.jpg?fit=700%2C365&ssl=1","jetpack_sharing_enabled":true,"jetpack_shortlink":"https:\/\/wp.me\/p8qtrQ-9ci","jetpack-related-posts":[{"id":35269,"url":"https:\/\/larevistadigital.com.ar\/blog\/banco-provincia-promociones-y-descuentos-para-la-vuelta-a-clases\/","url_meta":{"origin":35358,"position":0},"title":"BANCO PROVINCIA: PROMOCIONES Y DESCUENTOS PARA LA VUELTA A CLASES","author":"Alejandro Sosa Ruda","date":"16 febrero, 2024","format":false,"excerpt":"Hay beneficios para compras con tarjetas y tambi\u00e9n a trav\u00e9s de Cuenta DNI. Todos los detalles. 16 de febrero de 2024 BUENOS AIRES -\u00a0 \u00a0A pocos d\u00edas del inicio del ciclo lectivo 2024, el Banco Provincia\u00a0lanz\u00f3 una serie de promociones para realizar las compras escolares. Se trata de descuentos en\u00a0librer\u00edas,\u2026","rel":"","context":"En \u00abDESTACADAS\u00bb","block_context":{"text":"DESTACADAS","link":"https:\/\/larevistadigital.com.ar\/blog\/category\/destacadas\/"},"img":{"alt_text":"","src":"https:\/\/i0.wp.com\/larevistadigital.com.ar\/blog\/wp-content\/uploads\/Cuenta-DNI.jpg?fit=1140%2C761&ssl=1&resize=350%2C200","width":350,"height":200,"srcset":"https:\/\/i0.wp.com\/larevistadigital.com.ar\/blog\/wp-content\/uploads\/Cuenta-DNI.jpg?fit=1140%2C761&ssl=1&resize=350%2C200 1x, https:\/\/i0.wp.com\/larevistadigital.com.ar\/blog\/wp-content\/uploads\/Cuenta-DNI.jpg?fit=1140%2C761&ssl=1&resize=525%2C300 1.5x, https:\/\/i0.wp.com\/larevistadigital.com.ar\/blog\/wp-content\/uploads\/Cuenta-DNI.jpg?fit=1140%2C761&ssl=1&resize=700%2C400 2x, https:\/\/i0.wp.com\/larevistadigital.com.ar\/blog\/wp-content\/uploads\/Cuenta-DNI.jpg?fit=1140%2C761&ssl=1&resize=1050%2C600 3x"},"classes":[]},{"id":41884,"url":"https:\/\/larevistadigital.com.ar\/blog\/banco-provincia-lanza-descuentos-y-hasta-18-cuotas-sin-interes-en-provincia-compras\/","url_meta":{"origin":35358,"position":1},"title":"Banco Provincia lanza descuentos y hasta 18 cuotas sin inter\u00e9s en Provincia Compras","author":"Alejandro Sosa Ruda","date":"9 octubre, 2025","format":false,"excerpt":"Durante octubre, Banco Provincia celebra el Mes de las Madres con una amplia variedad de beneficios para sus clientes. Habr\u00e1 descuentos en gastronom\u00eda con Cuenta DNI, promociones en indumentaria, librer\u00edas y perfumer\u00edas, adem\u00e1s de una acci\u00f3n especial en Provincia Compras con tarjetas de cr\u00e9dito hasta 18 cuotas sin inter\u00e9s. 09\u2026","rel":"","context":"En \u00abINTERES GENERAL\u00bb","block_context":{"text":"INTERES GENERAL","link":"https:\/\/larevistadigital.com.ar\/blog\/category\/interes-general\/"},"img":{"alt_text":"","src":"https:\/\/i0.wp.com\/larevistadigital.com.ar\/blog\/wp-content\/uploads\/20251009170146_dia-de-la-madre-descuentos-provincia-compras.jpg?fit=880%2C512&ssl=1&resize=350%2C200","width":350,"height":200,"srcset":"https:\/\/i0.wp.com\/larevistadigital.com.ar\/blog\/wp-content\/uploads\/20251009170146_dia-de-la-madre-descuentos-provincia-compras.jpg?fit=880%2C512&ssl=1&resize=350%2C200 1x, https:\/\/i0.wp.com\/larevistadigital.com.ar\/blog\/wp-content\/uploads\/20251009170146_dia-de-la-madre-descuentos-provincia-compras.jpg?fit=880%2C512&ssl=1&resize=525%2C300 1.5x, https:\/\/i0.wp.com\/larevistadigital.com.ar\/blog\/wp-content\/uploads\/20251009170146_dia-de-la-madre-descuentos-provincia-compras.jpg?fit=880%2C512&ssl=1&resize=700%2C400 2x"},"classes":[]},{"id":34777,"url":"https:\/\/larevistadigital.com.ar\/blog\/aca-los-beneficios-de-los-bancos-nacion-y-provincia-para-las-fiestas\/","url_meta":{"origin":35358,"position":2},"title":"AC\u00c1 LOS BENEFICIOS DE LOS BANCOS NACI\u00d3N Y PROVINCIA PARA LAS FIESTAS","author":"Alejandro Sosa Ruda","date":"5 diciembre, 2023","format":false,"excerpt":"El Bapro ofrece un reintegro del 30% en compras con tarjetas de cr\u00e9dito y 6 cuotas sin inter\u00e9s. El Naci\u00f3n, en tanto, permite abonar art\u00edculos de movilidad, tecnolog\u00eda y audio en 6 cuotas sin inter\u00e9s. 5 de diciembre de 2023 Con el objetivo de que sus clientes pueden ahorrar en\u2026","rel":"","context":"En \u00abDESTACADAS\u00bb","block_context":{"text":"DESTACADAS","link":"https:\/\/larevistadigital.com.ar\/blog\/category\/destacadas\/"},"img":{"alt_text":"","src":"https:\/\/i0.wp.com\/larevistadigital.com.ar\/blog\/wp-content\/uploads\/Captura-de-pantalla-2023-12-05-175843.png?fit=950%2C523&ssl=1&resize=350%2C200","width":350,"height":200,"srcset":"https:\/\/i0.wp.com\/larevistadigital.com.ar\/blog\/wp-content\/uploads\/Captura-de-pantalla-2023-12-05-175843.png?fit=950%2C523&ssl=1&resize=350%2C200 1x, https:\/\/i0.wp.com\/larevistadigital.com.ar\/blog\/wp-content\/uploads\/Captura-de-pantalla-2023-12-05-175843.png?fit=950%2C523&ssl=1&resize=525%2C300 1.5x, https:\/\/i0.wp.com\/larevistadigital.com.ar\/blog\/wp-content\/uploads\/Captura-de-pantalla-2023-12-05-175843.png?fit=950%2C523&ssl=1&resize=700%2C400 2x"},"classes":[]},{"id":33430,"url":"https:\/\/larevistadigital.com.ar\/blog\/muy-importante-cuenta-dni-en-que-rubros-se-puede-comprar-hasta-con-un-40-de-descuento-esta-semana\/","url_meta":{"origin":35358,"position":3},"title":"\u00a1MUY IMPORTANTE! CUENTA DNI: EN QU\u00c9 RUBROS SE PUEDE COMPRAR HASTA CON UN 40% DE DESCUENTO ESTA SEMANA","author":"Alejandro Sosa Ruda","date":"11 septiembre, 2023","format":false,"excerpt":"A trav\u00e9s de su billetera digital, el Banco Provincia ofrece rebajas que estar\u00e1n vigentes desde hoy lunes hasta el viernes 15 de septiembre. 11 de Septiembre de 2023 Desde este lunes 11 de septiembre y hasta el viernes 15, el\u00a0Banco Provincia\u00a0festejar\u00e1 su cumplea\u00f1os con importantes descuentos. Se trata de una\u2026","rel":"","context":"En \u00abECONOMIA\u00bb","block_context":{"text":"ECONOMIA","link":"https:\/\/larevistadigital.com.ar\/blog\/category\/economia\/"},"img":{"alt_text":"","src":"https:\/\/i0.wp.com\/larevistadigital.com.ar\/blog\/wp-content\/uploads\/645813ee571e3857361a85fb354cff1ddf371e71.jpeg?fit=1140%2C646&ssl=1&resize=350%2C200","width":350,"height":200,"srcset":"https:\/\/i0.wp.com\/larevistadigital.com.ar\/blog\/wp-content\/uploads\/645813ee571e3857361a85fb354cff1ddf371e71.jpeg?fit=1140%2C646&ssl=1&resize=350%2C200 1x, https:\/\/i0.wp.com\/larevistadigital.com.ar\/blog\/wp-content\/uploads\/645813ee571e3857361a85fb354cff1ddf371e71.jpeg?fit=1140%2C646&ssl=1&resize=525%2C300 1.5x, https:\/\/i0.wp.com\/larevistadigital.com.ar\/blog\/wp-content\/uploads\/645813ee571e3857361a85fb354cff1ddf371e71.jpeg?fit=1140%2C646&ssl=1&resize=700%2C400 2x, https:\/\/i0.wp.com\/larevistadigital.com.ar\/blog\/wp-content\/uploads\/645813ee571e3857361a85fb354cff1ddf371e71.jpeg?fit=1140%2C646&ssl=1&resize=1050%2C600 3x"},"classes":[]},{"id":34216,"url":"https:\/\/larevistadigital.com.ar\/blog\/banco-provincia-nueva-promocion-para-comprar-electrodomesticos-hasta-en-9-cuotas\/","url_meta":{"origin":35358,"position":4},"title":"BANCO PROVINCIA: NUEVA PROMOCI\u00d3N PARA COMPRAR ELECTRODOM\u00c9STICOS HASTA EN 9 CUOTAS","author":"Alejandro Sosa Ruda","date":"26 octubre, 2023","format":false,"excerpt":"La banca p\u00fablica bonaerense lanz\u00f3 un nuevo beneficio para los usuarios de la plataforma virtual Provincia Compras, que ofrece una amplia variedad de art\u00edculos. 25 de Octubre de 2023 BUENOS AIRES -\u00a0\u00a0Esta semana desde el Banco Provincia confirmaron el inicio de una nueva promoci\u00f3n que podr\u00e1n aprovechar todos sus clientes\u2026","rel":"","context":"En \u00abREGIONALES\u00bb","block_context":{"text":"REGIONALES","link":"https:\/\/larevistadigital.com.ar\/blog\/category\/regionales\/"},"img":{"alt_text":"","src":"https:\/\/i0.wp.com\/larevistadigital.com.ar\/blog\/wp-content\/uploads\/20231025174613_pcia.jpg?fit=880%2C512&ssl=1&resize=350%2C200","width":350,"height":200,"srcset":"https:\/\/i0.wp.com\/larevistadigital.com.ar\/blog\/wp-content\/uploads\/20231025174613_pcia.jpg?fit=880%2C512&ssl=1&resize=350%2C200 1x, https:\/\/i0.wp.com\/larevistadigital.com.ar\/blog\/wp-content\/uploads\/20231025174613_pcia.jpg?fit=880%2C512&ssl=1&resize=525%2C300 1.5x, https:\/\/i0.wp.com\/larevistadigital.com.ar\/blog\/wp-content\/uploads\/20231025174613_pcia.jpg?fit=880%2C512&ssl=1&resize=700%2C400 2x"},"classes":[]},{"id":5266,"url":"https:\/\/larevistadigital.com.ar\/blog\/la-uatre-entrego-utiles-escolares-en-una-escuela-rural-de-tierra-del-fuego\/","url_meta":{"origin":35358,"position":5},"title":"La UATRE entreg\u00f3 \u00fatiles escolares en una escuela rural de Tierra del Fuego","author":"admin","date":"29 marzo, 2018","format":false,"excerpt":"BUENOS AIRES, 22 DE MARZO DE 2018\u00a0- En el comienzo de un nuevo ciclo lectivo, el Secretariado Nacional de la Uni\u00f3n Argentina de Trabajadores Rurales y Estibadores (UATRE) encabezado por Ram\u00f3n Ayala, entreg\u00f3 guardapolvos y \u00fatiles escolares a los alumnos de la Escuela Rural N\u00ba 11 \"Pioneros Fueguinos\", en la\u2026","rel":"","context":"En \u00abGREMIALES\u00bb","block_context":{"text":"GREMIALES","link":"https:\/\/larevistadigital.com.ar\/blog\/category\/gremiales\/"},"img":{"alt_text":"","src":"https:\/\/i0.wp.com\/larevistadigital.com.ar\/blog\/wp-content\/uploads\/2018\/03\/6814.jpg?fit=396%2C264&ssl=1&resize=350%2C200","width":350,"height":200},"classes":[]}],"_links":{"self":[{"href":"https:\/\/larevistadigital.com.ar\/blog\/wp-json\/wp\/v2\/posts\/35358","targetHints":{"allow":["GET"]}}],"collection":[{"href":"https:\/\/larevistadigital.com.ar\/blog\/wp-json\/wp\/v2\/posts"}],"about":[{"href":"https:\/\/larevistadigital.com.ar\/blog\/wp-json\/wp\/v2\/types\/post"}],"author":[{"embeddable":true,"href":"https:\/\/larevistadigital.com.ar\/blog\/wp-json\/wp\/v2\/users\/3"}],"replies":[{"embeddable":true,"href":"https:\/\/larevistadigital.com.ar\/blog\/wp-json\/wp\/v2\/comments?post=35358"}],"version-history":[{"count":1,"href":"https:\/\/larevistadigital.com.ar\/blog\/wp-json\/wp\/v2\/posts\/35358\/revisions"}],"predecessor-version":[{"id":35361,"href":"https:\/\/larevistadigital.com.ar\/blog\/wp-json\/wp\/v2\/posts\/35358\/revisions\/35361"}],"wp:featuredmedia":[{"embeddable":true,"href":"https:\/\/larevistadigital.com.ar\/blog\/wp-json\/wp\/v2\/media\/35360"}],"wp:attachment":[{"href":"https:\/\/larevistadigital.com.ar\/blog\/wp-json\/wp\/v2\/media?parent=35358"}],"wp:term":[{"taxonomy":"category","embeddable":true,"href":"https:\/\/larevistadigital.com.ar\/blog\/wp-json\/wp\/v2\/categories?post=35358"},{"taxonomy":"post_tag","embeddable":true,"href":"https:\/\/larevistadigital.com.ar\/blog\/wp-json\/wp\/v2\/tags?post=35358"}],"curies":[{"name":"wp","href":"https:\/\/api.w.org\/{rel}","templated":true}]}}