{"id":35362,"date":"2024-03-05T08:16:39","date_gmt":"2024-03-05T11:16:39","guid":{"rendered":"https:\/\/larevistadigital.com.ar\/blog\/?p=35362"},"modified":"2024-03-05T08:16:39","modified_gmt":"2024-03-05T11:16:39","slug":"la-plata-alak-abre-las-sesiones-del-concejo-deliberante-y-hay-expectativa-por-su-discurso","status":"publish","type":"post","link":"https:\/\/larevistadigital.com.ar\/blog\/la-plata-alak-abre-las-sesiones-del-concejo-deliberante-y-hay-expectativa-por-su-discurso\/","title":{"rendered":"LA PLATA: ALAK ABRE LAS SESIONES DEL CONCEJO DELIBERANTE Y HAY EXPECTATIVA POR SU DISCURSO"},"content":{"rendered":"<h2>El intendente Julio Alak brindar\u00e1 detalles de la auditor\u00eda municipal, tocar\u00e1 el tema de la deuda p\u00fablica y anunciar\u00e1 los proyectos futuros.<\/h2>\n<p>5 De marzo de 2024<\/p>\n<p>LA PLATA &#8211;\u00a0 Este martes desde las 10 el intendente<b> Julio Alak<\/b>\u00a0inaugurar\u00e1 el 81\u00b0 per\u00edodo de sesiones ordinarias del <b>Concejo Deliberante <\/b>de <b>La Plata <\/b>brindando el tradicional discurso ante los ediles del oficialismo y la oposici\u00f3n. Se espera un duro diagn\u00f3stico de la herencia recibida y fuertes cr\u00edticas a Naci\u00f3n.<\/p>\n<article class=\"article-body article-body--second-paragraph\">Se espera la presencia de los 24 concejales de\u00a0<strong>Uni\u00f3n por la Patria (UxP)<\/strong>,\u00a0<strong>Uni\u00f3n C\u00edvica Radical (UCR) + Propuesta Republicana (PRO)<\/strong>,\u00a0<strong>Juntos por el Cambio (JxC)<\/strong>\u00a0y\u00a0<strong>La Libertad Avanza (LLA)<\/strong>\u00a0en lo que ser\u00e1 el segundo mensaje de <strong>Alak<\/strong> en su quinto mandato al frente de la ciudad, que inici\u00f3 el 10 de diciembre pasado.<\/p>\n<article class=\"article-body article-body--third-paragraph\">En principio, el jefe comunal se encargar\u00e1 de contar cu\u00e1l es el estado administrativo y econ\u00f3mico del municipio que recibi\u00f3 de manos de su antecesor, <strong>Julio Garro<\/strong>, al tiempo que detallar\u00e1 los resultados de la auditor\u00eda que encarg\u00f3 sobre el Estado comunal y que determin\u00f3 todo tipo de irregularidades en la contrataci\u00f3n de personal.<\/p>\n<\/article>\n<article class=\"article-body article-body--fourth-paragraph\"><strong>Alak<\/strong> tambi\u00e9n hablar\u00e1 sobre las medidas que ya tom\u00f3 como el control del presentismo con lectores de huella dactilar y la baja de contratos en casos irregulares, como as\u00ed tambi\u00e9n de la reestructuraci\u00f3n de la planta que ten\u00eda 12.000 empleados.<\/p>\n<article class=\"article-body article-body--fifth-paragraph\">Mientras que en otro fragmento de su discurso tocar\u00e1 el tema de la deuda p\u00fablica de m\u00e1s de 17 mil millones de pesos y las consecuencias de ese rojo en las cuentas, as\u00ed como las p\u00e9simas condiciones de infraestructura de distintas dependencias comunales que van desde el Palacio Municipal y el Pasaje Dardo Rocha hasta las delegaciones comunales.<\/p>\n<\/article>\n<article class=\"article-body article-body--sixth-paragraph\">\n<h2><span style=\"color: #ff0000\">LOS PROYECTOS QUE ANUNCIAR\u00c1 ALAK PARA LA CIUDAD DE LA PLATA<\/span><\/h2>\n<p>Ya en el segundo bloque del mensaje, el intendente dar\u00e1 precisiones sobre los proyectos futuros, entre los que se espera que mencione remodelaci\u00f3n y puesta en valor de la plaza San Mart\u00edn que quiere encarar con fondos aportados por la Provincia, en lo que ser\u00e1 la primera obra pensada para rejerarquizar el eje fundacional.<\/p>\n<p>En esa l\u00ednea, tambi\u00e9n anunciar\u00e1 la licitaci\u00f3n de ABSA para contar con ocho nuevos pozos y aumentar el caudal de agua en la ciudad. En tanto que otro punto importante ser\u00e1 el pliego de licitaci\u00f3n del transporte p\u00fablico que planea enviar este a\u00f1o al Concejo Deliberante.<\/p>\n<p>Por \u00faltimo, Alak deslizar\u00e1 su postura acerca del complejo contexto econ\u00f3mico, social y pol\u00edtico que atraviesa el pa\u00eds como consecuencia del ajuste aplicado por el Gobierno del presidente <strong>Javier Milei\u00a0<\/strong>y el impacto que eso tendr\u00e1 para la capital bonaerense, por el corte de recursos y la paralizaci\u00f3n de obras p\u00fablicas planificadas en la ciudad y en la provincia.<\/p>\n<\/article>\n<\/article>\n<\/article>\n","protected":false},"excerpt":{"rendered":"<div class=\"mh-excerpt\"><p>El intendente Julio Alak brindar\u00e1 detalles de la auditor\u00eda municipal, tocar\u00e1 el tema de la deuda p\u00fablica y anunciar\u00e1 los proyectos futuros. 5 De marzo de 2024 LA PLATA &#8211;\u00a0 Este martes desde las 10 <a class=\"mh-excerpt-more\" href=\"https:\/\/larevistadigital.com.ar\/blog\/la-plata-alak-abre-las-sesiones-del-concejo-deliberante-y-hay-expectativa-por-su-discurso\/\" title=\"LA PLATA: ALAK ABRE LAS SESIONES DEL CONCEJO DELIBERANTE Y HAY EXPECTATIVA POR SU DISCURSO\">[Leer M\u00e1s]<\/a><\/p>\n<\/div>","protected":false},"author":3,"featured_media":35363,"comment_status":"open","ping_status":"open","sticky":false,"template":"","format":"standard","meta":{"_jetpack_memberships_contains_paid_content":false,"footnotes":"","jetpack_publicize_message":"","jetpack_publicize_feature_enabled":true,"jetpack_social_post_already_shared":true,"jetpack_social_options":{"image_generator_settings":{"template":"highway","default_image_id":0,"font":"","enabled":false},"version":2}},"categories":[24,51],"tags":[],"class_list":{"0":"post-35362","1":"post","2":"type-post","3":"status-publish","4":"format-standard","5":"has-post-thumbnail","7":"category-politica-provincial","8":"category-regionales"},"jetpack_publicize_connections":[],"jetpack_featured_media_url":"https:\/\/i0.wp.com\/larevistadigital.com.ar\/blog\/wp-content\/uploads\/Captura-de-pantalla-2024-03-05-081539.png?fit=899%2C501&ssl=1","jetpack_sharing_enabled":true,"jetpack_shortlink":"https:\/\/wp.me\/p8qtrQ-9cm","jetpack-related-posts":[{"id":34137,"url":"https:\/\/larevistadigital.com.ar\/blog\/axel-kicillof-cerro-la-campana-junto-a-julio-alak-mario-secco-y-fabian-cagliardi\/","url_meta":{"origin":35362,"position":0},"title":"AXEL KICILLOF CERR\u00d3 LA CAMPA\u00d1A JUNTO A JULIO ALAK, MARIO SECCO Y FABI\u00c1N CAGLIARDI","author":"Alejandro Sosa Ruda","date":"19 octubre, 2023","format":false,"excerpt":"El candidato a intendente de La Plata de UxP firm\u00f3 un acta compromiso junto a los intendentes de Berisso y Ensenada para fomentar el desarrollo de la regi\u00f3n. 19 de Octubre de 2023 BUENOS AIRES -\u00a0 El candidato a intendente de\u00a0Uni\u00f3n por la Patria,\u00a0Julio Alak, cerr\u00f3 este jueves su campa\u00f1a\u2026","rel":"","context":"En \u00abDESTACADAS\u00bb","block_context":{"text":"DESTACADAS","link":"https:\/\/larevistadigital.com.ar\/blog\/category\/destacadas\/"},"img":{"alt_text":"","src":"https:\/\/i0.wp.com\/larevistadigital.com.ar\/blog\/wp-content\/uploads\/Captura-de-pantalla-2023-10-19-232941.png?fit=881%2C425&ssl=1&resize=350%2C200","width":350,"height":200,"srcset":"https:\/\/i0.wp.com\/larevistadigital.com.ar\/blog\/wp-content\/uploads\/Captura-de-pantalla-2023-10-19-232941.png?fit=881%2C425&ssl=1&resize=350%2C200 1x, https:\/\/i0.wp.com\/larevistadigital.com.ar\/blog\/wp-content\/uploads\/Captura-de-pantalla-2023-10-19-232941.png?fit=881%2C425&ssl=1&resize=525%2C300 1.5x, https:\/\/i0.wp.com\/larevistadigital.com.ar\/blog\/wp-content\/uploads\/Captura-de-pantalla-2023-10-19-232941.png?fit=881%2C425&ssl=1&resize=700%2C400 2x"},"classes":[]},{"id":37995,"url":"https:\/\/larevistadigital.com.ar\/blog\/julio-alak-anuncio-el-regreso-a-la-plata-del-programa-de-voluntariado-social-las-manzaneras\/","url_meta":{"origin":35362,"position":1},"title":"Julio Alak anunci\u00f3 el regreso a La Plata del programa de voluntariado social \u00abLas Manzaneras\u00bb","author":"Alejandro Sosa Ruda","date":"24 noviembre, 2024","format":false,"excerpt":"El intendente de La Plata celebr\u00f3 los 30 a\u00f1os del Plan M\u00e1s Vida y destac\u00f3 el retorno de las trabajadoras vecinales que apoyan a madres y ni\u00f1os vulnerables. 24 de Noviembre de 2024 LA PLATA -\u00a0 El intendente platense, Julio Alak,\u00a0encabez\u00f3 un acto en el 30\u00b0 aniversario del\u00a0Programa \"Plan M\u00e1s\u2026","rel":"","context":"En \u00abATAQUE DE RADIO\u00bb","block_context":{"text":"ATAQUE DE RADIO","link":"https:\/\/larevistadigital.com.ar\/blog\/category\/ataque-de-radio\/"},"img":{"alt_text":"","src":"https:\/\/i0.wp.com\/larevistadigital.com.ar\/blog\/wp-content\/uploads\/Captura-de-pantalla-2024-11-24-130428.png?fit=891%2C515&ssl=1&resize=350%2C200","width":350,"height":200,"srcset":"https:\/\/i0.wp.com\/larevistadigital.com.ar\/blog\/wp-content\/uploads\/Captura-de-pantalla-2024-11-24-130428.png?fit=891%2C515&ssl=1&resize=350%2C200 1x, https:\/\/i0.wp.com\/larevistadigital.com.ar\/blog\/wp-content\/uploads\/Captura-de-pantalla-2024-11-24-130428.png?fit=891%2C515&ssl=1&resize=525%2C300 1.5x, https:\/\/i0.wp.com\/larevistadigital.com.ar\/blog\/wp-content\/uploads\/Captura-de-pantalla-2024-11-24-130428.png?fit=891%2C515&ssl=1&resize=700%2C400 2x"},"classes":[]},{"id":39098,"url":"https:\/\/larevistadigital.com.ar\/blog\/julio-alak-y-axel-kicillof-conmemoraron-el-dia-de-la-memoria-y-rechazaron-el-negacionismo\/","url_meta":{"origin":35362,"position":2},"title":"Julio Alak y Axel Kicillof conmemoraron el D\u00eda de la Memoria y rechazaron el negacionismo","author":"Alejandro Sosa Ruda","date":"24 marzo, 2025","format":false,"excerpt":"El intendente de La Plata, Julio Alak, y el gobernador Axel Kicillof recordaron a los 30.000 desaparecidos y destacaron la importancia de las pol\u00edticas de memoria. 24 De Marzo de 2025 A 49 a\u00f1os del golpe: compromiso con la memoria y el reclamo por justicia En un nuevo aniversario del\u2026","rel":"","context":"En \u00abDESTACADAS\u00bb","block_context":{"text":"DESTACADAS","link":"https:\/\/larevistadigital.com.ar\/blog\/category\/destacadas\/"},"img":{"alt_text":"","src":"https:\/\/i0.wp.com\/larevistadigital.com.ar\/blog\/wp-content\/uploads\/Captura-de-pantalla-2025-03-24-153825.jpg?fit=839%2C530&ssl=1&resize=350%2C200","width":350,"height":200,"srcset":"https:\/\/i0.wp.com\/larevistadigital.com.ar\/blog\/wp-content\/uploads\/Captura-de-pantalla-2025-03-24-153825.jpg?fit=839%2C530&ssl=1&resize=350%2C200 1x, https:\/\/i0.wp.com\/larevistadigital.com.ar\/blog\/wp-content\/uploads\/Captura-de-pantalla-2025-03-24-153825.jpg?fit=839%2C530&ssl=1&resize=525%2C300 1.5x, https:\/\/i0.wp.com\/larevistadigital.com.ar\/blog\/wp-content\/uploads\/Captura-de-pantalla-2025-03-24-153825.jpg?fit=839%2C530&ssl=1&resize=700%2C400 2x"},"classes":[]},{"id":33015,"url":"https:\/\/larevistadigital.com.ar\/blog\/alak-y-saintout-actualizan-agenda-y-proyectos-con-el-rector-de-la-unlp\/","url_meta":{"origin":35362,"position":3},"title":"ALAK Y SAINTOUT ACTUALIZAN AGENDA Y PROYECTOS CON EL RECTOR DE LA UNLP","author":"Alejandro Sosa Ruda","date":"26 agosto, 2023","format":false,"excerpt":"El ministro de Justicia y Derechos Humanos de la provincia, Julio Alak, y la titular del Instituto Cultural bonaerense, Florencia Saintout,\u00a0 mantuvieron una reuni\u00f3n en el rectorado de la Universidad Nacional de la Plata con su vicepresidente, Fernando Tauber. 26 de agosto de 2023 LA PLATA -\u00a0 Los funcionarios, que\u2026","rel":"","context":"En \u00abPOLITICA PROVINCIAL\u00bb","block_context":{"text":"POLITICA PROVINCIAL","link":"https:\/\/larevistadigital.com.ar\/blog\/category\/politica\/politica-provincial\/"},"img":{"alt_text":"","src":"https:\/\/i0.wp.com\/larevistadigital.com.ar\/blog\/wp-content\/uploads\/20230826103023_tauber-alafk-saintout.jpg?fit=880%2C512&ssl=1&resize=350%2C200","width":350,"height":200,"srcset":"https:\/\/i0.wp.com\/larevistadigital.com.ar\/blog\/wp-content\/uploads\/20230826103023_tauber-alafk-saintout.jpg?fit=880%2C512&ssl=1&resize=350%2C200 1x, https:\/\/i0.wp.com\/larevistadigital.com.ar\/blog\/wp-content\/uploads\/20230826103023_tauber-alafk-saintout.jpg?fit=880%2C512&ssl=1&resize=525%2C300 1.5x, https:\/\/i0.wp.com\/larevistadigital.com.ar\/blog\/wp-content\/uploads\/20230826103023_tauber-alafk-saintout.jpg?fit=880%2C512&ssl=1&resize=700%2C400 2x"},"classes":[]},{"id":34390,"url":"https:\/\/larevistadigital.com.ar\/blog\/primer-acto-de-alak-como-intendente-electo-hay-que-empezar-a-trabajar-en-lo-mucho-que-se-dejo-de-hacer\/","url_meta":{"origin":35362,"position":4},"title":"PRIMER ACTO DE ALAK COMO INTENDENTE ELECTO: \u00abHAY QUE EMPEZAR A TRABAJAR EN LO MUCHO QUE SE DEJ\u00d3 DE HACER\u00bb","author":"Alejandro Sosa Ruda","date":"6 noviembre, 2023","format":false,"excerpt":"Dijo que habl\u00f3 con Garro y que comienza la transici\u00f3n. 6 de Noviembre de 2023 LA PLATA -\u00a0 El intendente electo de La Plata, Julio Alak, comparti\u00f3 su primer acto pol\u00edtico despu\u00e9s del reconocimiento de su tri\u00fanfo por parte de Julio Garro. \u00a0Consultado por el portal Lanoticia1.com, sobre si tuvo\u2026","rel":"","context":"En \u00abPOLITICA PROVINCIAL\u00bb","block_context":{"text":"POLITICA PROVINCIAL","link":"https:\/\/larevistadigital.com.ar\/blog\/category\/politica\/politica-provincial\/"},"img":{"alt_text":"","src":"https:\/\/i0.wp.com\/larevistadigital.com.ar\/blog\/wp-content\/uploads\/6549743ff2831_1200-1.jpg?fit=1200%2C675&ssl=1&resize=350%2C200","width":350,"height":200,"srcset":"https:\/\/i0.wp.com\/larevistadigital.com.ar\/blog\/wp-content\/uploads\/6549743ff2831_1200-1.jpg?fit=1200%2C675&ssl=1&resize=350%2C200 1x, https:\/\/i0.wp.com\/larevistadigital.com.ar\/blog\/wp-content\/uploads\/6549743ff2831_1200-1.jpg?fit=1200%2C675&ssl=1&resize=525%2C300 1.5x, https:\/\/i0.wp.com\/larevistadigital.com.ar\/blog\/wp-content\/uploads\/6549743ff2831_1200-1.jpg?fit=1200%2C675&ssl=1&resize=700%2C400 2x, https:\/\/i0.wp.com\/larevistadigital.com.ar\/blog\/wp-content\/uploads\/6549743ff2831_1200-1.jpg?fit=1200%2C675&ssl=1&resize=1050%2C600 3x"},"classes":[]},{"id":33202,"url":"https:\/\/larevistadigital.com.ar\/blog\/alak-participo-de-una-nueva-jornada-de-el-estado-en-tu-barrio-en-los-hornos\/","url_meta":{"origin":35362,"position":5},"title":"ALAK PARTICIP\u00d3 DE UNA NUEVA JORNADA DE \u00abEL ESTADO EN TU BARRIO\u00bb EN LOS HORNOS","author":"Alejandro Sosa Ruda","date":"1 septiembre, 2023","format":false,"excerpt":"1\u00b0 de septiembre de 2023 LA PLATA -\u00a0 El ministro de Justicia y Derechos Humanos de la Provincia y candidato a intendente de La Plata, Julio Alak, particip\u00f3 este mi\u00e9rcoles junto a la Ministra de las Mujeres, Pol\u00edticas de G\u00e9nero y Diversidad Sexual, Estela D\u00edaz de una nueva jornada del\u2026","rel":"","context":"En \u00abSin categor\u00eda\u00bb","block_context":{"text":"Sin categor\u00eda","link":"https:\/\/larevistadigital.com.ar\/blog\/category\/sin-categoria\/"},"img":{"alt_text":"","src":"https:\/\/i0.wp.com\/larevistadigital.com.ar\/blog\/wp-content\/uploads\/alak-2.jpeg?fit=1200%2C800&ssl=1&resize=350%2C200","width":350,"height":200,"srcset":"https:\/\/i0.wp.com\/larevistadigital.com.ar\/blog\/wp-content\/uploads\/alak-2.jpeg?fit=1200%2C800&ssl=1&resize=350%2C200 1x, https:\/\/i0.wp.com\/larevistadigital.com.ar\/blog\/wp-content\/uploads\/alak-2.jpeg?fit=1200%2C800&ssl=1&resize=525%2C300 1.5x, https:\/\/i0.wp.com\/larevistadigital.com.ar\/blog\/wp-content\/uploads\/alak-2.jpeg?fit=1200%2C800&ssl=1&resize=700%2C400 2x, https:\/\/i0.wp.com\/larevistadigital.com.ar\/blog\/wp-content\/uploads\/alak-2.jpeg?fit=1200%2C800&ssl=1&resize=1050%2C600 3x"},"classes":[]}],"_links":{"self":[{"href":"https:\/\/larevistadigital.com.ar\/blog\/wp-json\/wp\/v2\/posts\/35362","targetHints":{"allow":["GET"]}}],"collection":[{"href":"https:\/\/larevistadigital.com.ar\/blog\/wp-json\/wp\/v2\/posts"}],"about":[{"href":"https:\/\/larevistadigital.com.ar\/blog\/wp-json\/wp\/v2\/types\/post"}],"author":[{"embeddable":true,"href":"https:\/\/larevistadigital.com.ar\/blog\/wp-json\/wp\/v2\/users\/3"}],"replies":[{"embeddable":true,"href":"https:\/\/larevistadigital.com.ar\/blog\/wp-json\/wp\/v2\/comments?post=35362"}],"version-history":[{"count":1,"href":"https:\/\/larevistadigital.com.ar\/blog\/wp-json\/wp\/v2\/posts\/35362\/revisions"}],"predecessor-version":[{"id":35364,"href":"https:\/\/larevistadigital.com.ar\/blog\/wp-json\/wp\/v2\/posts\/35362\/revisions\/35364"}],"wp:featuredmedia":[{"embeddable":true,"href":"https:\/\/larevistadigital.com.ar\/blog\/wp-json\/wp\/v2\/media\/35363"}],"wp:attachment":[{"href":"https:\/\/larevistadigital.com.ar\/blog\/wp-json\/wp\/v2\/media?parent=35362"}],"wp:term":[{"taxonomy":"category","embeddable":true,"href":"https:\/\/larevistadigital.com.ar\/blog\/wp-json\/wp\/v2\/categories?post=35362"},{"taxonomy":"post_tag","embeddable":true,"href":"https:\/\/larevistadigital.com.ar\/blog\/wp-json\/wp\/v2\/tags?post=35362"}],"curies":[{"name":"wp","href":"https:\/\/api.w.org\/{rel}","templated":true}]}}