{"id":35365,"date":"2024-03-05T08:26:13","date_gmt":"2024-03-05T11:26:13","guid":{"rendered":"https:\/\/larevistadigital.com.ar\/blog\/?p=35365"},"modified":"2024-03-05T08:26:13","modified_gmt":"2024-03-05T11:26:13","slug":"uno-por-uno-los-7-puntos-que-kicillof-le-exige-a-milei-para-firmar-el-pacto-de-mayo","status":"publish","type":"post","link":"https:\/\/larevistadigital.com.ar\/blog\/uno-por-uno-los-7-puntos-que-kicillof-le-exige-a-milei-para-firmar-el-pacto-de-mayo\/","title":{"rendered":"UNO POR UNO: LOS 7 PUNTOS QUE KICILLOF LE EXIGE A MILEI PARA FIRMAR EL \u00abPACTO DE MAYO\u00bb"},"content":{"rendered":"<h2><em>\u00abNuestro pacto es con el pueblo, con la patria, y nunca lo vamos a traicionar\u00bb<\/em>, dijo Axel Kicillof en la apertura de sesiones en la Legislatura.<\/h2>\n<p>5 De marzo de 2024<\/p>\n<p><strong>BUENOS AIRES &#8211;\u00a0<\/strong> El gobernador de la <strong>provincia de Buenos Aires<\/strong>, <strong>Axel Kicillof<\/strong>, se pronunci\u00f3 ayer durante la apertura del 152\u00b0 per\u00edodo de sesiones ordinarias, \u00a0y a diferencia del <strong>Pacto de Mayo<\/strong> con los diez puntos que propuso <strong>Javier Milei<\/strong>, habl\u00f3 de siete \u00edtems a tener en cuenta en la negociaci\u00f3n.<\/p>\n<article class=\"article-body article-body--second-paragraph\"><em><strong>\u00abNuestro pacto es con el pueblo, nuestro pacto es con la patria, y nunca lo vamos a traicionar\u00bb<\/strong><\/em>, dijo <strong>Kicillof<\/strong>, y si bien asegur\u00f3 que participar\u00e1 de cualquier \u00e1mbito para negociar con la Rosada, reclamar\u00e1n con firmeza algunos puntos concretos con todas las fuerzas pol\u00edticas y los 135 intendentes.<\/p>\n<article class=\"article-body article-body--third-paragraph\">\n<h2><span style=\"color: #ff0000\">LAS CONDICIONES QUE PROPONE AXEL KICILLOF<\/span><\/h2>\n<p><strong>1.<\/strong>\u00a0La inmediata reactivaci\u00f3n de las obras p\u00fablicas que afectan la vida de los 135 municipios.<\/p>\n<\/article>\n<div>\n<div id=\"Parallax\"><strong>2. <\/strong>El respeto al federalismo y la inmediata reposici\u00f3n de los fondos quitados a las provincias argentinas.<\/div>\n<\/div>\n<article class=\"article-body article-body--fifth-paragraph\"><strong>3.<\/strong>\u00a0La devoluci\u00f3n de los fondos del FONID para los salarios docentes y los fondos para las universidades y el transporte.<\/p>\n<\/article>\n<article class=\"article-body article-body--sixth-paragraph\"><strong>4.<\/strong>\u00a0La urgente distribuci\u00f3n de los recursos destinados a los comedores escolares y los medicamentos.<\/p>\n<p><strong>5.\u00a0<\/strong>La derogaci\u00f3n del DNU.<\/p>\n<p><strong>6.<\/strong>\u00a0El firme rechazo al proyecto de dolarizaci\u00f3n.<\/p>\n<p><strong>7.<\/strong>\u00a0El dragado del Canal Magdalena y la defensa de la patria con el firme reclamo por la soberan\u00eda en Malvinas.<\/p>\n<h2><span style=\"color: #ff0000\">EL DISCURSO DE AXEL KICILLOF EN LA LEGISLATURA<\/span><\/h2>\n<p>Tras abrir el per\u00edodo 152\u00b0 de sesiones ordinarias de la Legislatura bonaerense, <strong>Kicillof<\/strong> critic\u00f3 con dureza las pol\u00edticas que impulsa el presidente <strong>Milei<\/strong> y asegur\u00f3 que en sus pr\u00f3ximos cuatro a\u00f1os de gesti\u00f3n las medidas <strong><em>\u00abestar\u00e1n orientadas a amortiguar, frenar, defender, proteger todo lo que se est\u00e9 abandonando o atacando desde el gobierno central\u00bb<\/em><\/strong>. Adelant\u00f3 que seguir\u00e1 el Boleto Estudiantil y contest\u00f3 a la convocatoria para el Pacto de Mayo: <strong><em>\u00abNuestro pacto es con el pueblo, nuestro pacto es con la patria, y nunca lo vamos a traicionar\u00bb.<\/em><\/strong><\/p>\n<p>Publicado en 0221<\/p>\n<\/article>\n<\/article>\n","protected":false},"excerpt":{"rendered":"<div class=\"mh-excerpt\"><p>\u00abNuestro pacto es con el pueblo, con la patria, y nunca lo vamos a traicionar\u00bb, dijo Axel Kicillof en la apertura de sesiones en la Legislatura. 5 De marzo de 2024 BUENOS AIRES &#8211;\u00a0 El <a class=\"mh-excerpt-more\" href=\"https:\/\/larevistadigital.com.ar\/blog\/uno-por-uno-los-7-puntos-que-kicillof-le-exige-a-milei-para-firmar-el-pacto-de-mayo\/\" title=\"UNO POR UNO: LOS 7 PUNTOS QUE KICILLOF LE EXIGE A MILEI PARA FIRMAR EL \u00abPACTO DE MAYO\u00bb\">[Leer M\u00e1s]<\/a><\/p>\n<\/div>","protected":false},"author":3,"featured_media":35366,"comment_status":"open","ping_status":"open","sticky":false,"template":"","format":"standard","meta":{"_jetpack_memberships_contains_paid_content":false,"footnotes":"","jetpack_publicize_message":"","jetpack_publicize_feature_enabled":true,"jetpack_social_post_already_shared":true,"jetpack_social_options":{"image_generator_settings":{"template":"highway","default_image_id":0,"font":"","enabled":false},"version":2}},"categories":[24,51],"tags":[],"class_list":{"0":"post-35365","1":"post","2":"type-post","3":"status-publish","4":"format-standard","5":"has-post-thumbnail","7":"category-politica-provincial","8":"category-regionales"},"jetpack_publicize_connections":[],"jetpack_featured_media_url":"https:\/\/i0.wp.com\/larevistadigital.com.ar\/blog\/wp-content\/uploads\/Captura-de-pantalla-2024-03-05-082357.png?fit=906%2C444&ssl=1","jetpack_sharing_enabled":true,"jetpack_shortlink":"https:\/\/wp.me\/p8qtrQ-9cp","jetpack-related-posts":[{"id":34387,"url":"https:\/\/larevistadigital.com.ar\/blog\/axel-kicillof-a-la-militancia-ni-un-minuto-de-descanso-para-que-sergio-massa-sea-presidente\/","url_meta":{"origin":35365,"position":0},"title":"AXEL KICILLOF A LA MILITANCIA: \u00abNI UN MINUTO DE DESCANSO PARA QUE SERGIO MASSA SEA PRESIDENTE\u00bb","author":"Alejandro Sosa Ruda","date":"6 noviembre, 2023","format":false,"excerpt":"Fue en un acto en Berisso, denominado \"Encuentro por la Patria\". 6 de Nociembre de 2011 BUENOS AIRES -\u00a0 Kicillof encabez\u00f3 un acto pol\u00edtico de respaldo al candidato presidencial de Uni\u00f3n por la Patria (UxP),\u00a0Sergio Massa, denominado\u00a0\"Encuentro por la Patria\", que cont\u00f3 con la participaci\u00f3n de los intendentes de Berisso,\u00a0Fabi\u00e1n\u2026","rel":"","context":"En \u00abDESTACADAS\u00bb","block_context":{"text":"DESTACADAS","link":"https:\/\/larevistadigital.com.ar\/blog\/category\/destacadas\/"},"img":{"alt_text":"","src":"https:\/\/i0.wp.com\/larevistadigital.com.ar\/blog\/wp-content\/uploads\/6549743ff2831_1200.jpg?fit=1200%2C675&ssl=1&resize=350%2C200","width":350,"height":200,"srcset":"https:\/\/i0.wp.com\/larevistadigital.com.ar\/blog\/wp-content\/uploads\/6549743ff2831_1200.jpg?fit=1200%2C675&ssl=1&resize=350%2C200 1x, https:\/\/i0.wp.com\/larevistadigital.com.ar\/blog\/wp-content\/uploads\/6549743ff2831_1200.jpg?fit=1200%2C675&ssl=1&resize=525%2C300 1.5x, https:\/\/i0.wp.com\/larevistadigital.com.ar\/blog\/wp-content\/uploads\/6549743ff2831_1200.jpg?fit=1200%2C675&ssl=1&resize=700%2C400 2x, https:\/\/i0.wp.com\/larevistadigital.com.ar\/blog\/wp-content\/uploads\/6549743ff2831_1200.jpg?fit=1200%2C675&ssl=1&resize=1050%2C600 3x"},"classes":[]},{"id":34280,"url":"https:\/\/larevistadigital.com.ar\/blog\/kicillof-puso-en-duda-la-credibilidad-de-milei-venia-a-terminar-con-la-castra-y-ahora-son-parte-de-su-acuerdo\/","url_meta":{"origin":35365,"position":1},"title":"KICILLOF PUSO EN DUDA LA CREDIBILIDAD DE MILEI: \u00abVEN\u00cdA A TERMINAR CON LA CASTRA Y AHORA SON PARTE DE SU ACUERDO\u00bb","author":"Alejandro Sosa Ruda","date":"31 octubre, 2023","format":false,"excerpt":"El gobernador bonaerense dio su opini\u00f3n sobre el pacto realizado por Mauricio Macri y el l\u00edder de La Libertad Avanza, donde destac\u00f3 que tienen \u201cun solo proyecto\u201d. Asimismo, destac\u00f3 que el triunfo de la oposici\u00f3n ser\u00eda \u201cmuy desfavorable\u201d para la producci\u00f3n de la Provincia. 31 De Octubre de 2023 El\u2026","rel":"","context":"En \u00abDESTACADAS\u00bb","block_context":{"text":"DESTACADAS","link":"https:\/\/larevistadigital.com.ar\/blog\/category\/destacadas\/"},"img":{"alt_text":"","src":"https:\/\/i0.wp.com\/larevistadigital.com.ar\/blog\/wp-content\/uploads\/Captura-de-pantalla-2023-10-31-141103.png?fit=643%2C338&ssl=1&resize=350%2C200","width":350,"height":200,"srcset":"https:\/\/i0.wp.com\/larevistadigital.com.ar\/blog\/wp-content\/uploads\/Captura-de-pantalla-2023-10-31-141103.png?fit=643%2C338&ssl=1&resize=350%2C200 1x, https:\/\/i0.wp.com\/larevistadigital.com.ar\/blog\/wp-content\/uploads\/Captura-de-pantalla-2023-10-31-141103.png?fit=643%2C338&ssl=1&resize=525%2C300 1.5x"},"classes":[]},{"id":41401,"url":"https:\/\/larevistadigital.com.ar\/blog\/kicillof-tras-la-derrota-libertaria-milei-puso-todas-las-fichas-en-buenos-aires-y-perdio-en-mas-de-100-distritos\/","url_meta":{"origin":35365,"position":2},"title":"Kicillof tras la derrota libertaria: \u201cMilei puso todas las fichas en Buenos Aires y perdi\u00f3 en m\u00e1s de 100 distritos\u201d","author":"Alejandro Sosa Ruda","date":"10 septiembre, 2025","format":false,"excerpt":"El gobernador bonaerense celebr\u00f3 el triunfo del peronismo en las legislativas y calific\u00f3 la derrota de Javier Milei como un \u201csacud\u00f3n\u201d pol\u00edtico y econ\u00f3mico. Tambi\u00e9n apunt\u00f3 contra el FMI por el endeudamiento del pa\u00eds. 10 de Septiembre de 2025 BUENOS AIRES\u00a0 -\u00a0 \u00a0El gobernador de la provincia de Buenos Aires,\u2026","rel":"","context":"En \u00abINTERES GENERAL\u00bb","block_context":{"text":"INTERES GENERAL","link":"https:\/\/larevistadigital.com.ar\/blog\/category\/interes-general\/"},"img":{"alt_text":"","src":"https:\/\/i0.wp.com\/larevistadigital.com.ar\/blog\/wp-content\/uploads\/Captura-de-pantalla-2025-09-10-225347.jpg?fit=642%2C367&ssl=1&resize=350%2C200","width":350,"height":200,"srcset":"https:\/\/i0.wp.com\/larevistadigital.com.ar\/blog\/wp-content\/uploads\/Captura-de-pantalla-2025-09-10-225347.jpg?fit=642%2C367&ssl=1&resize=350%2C200 1x, https:\/\/i0.wp.com\/larevistadigital.com.ar\/blog\/wp-content\/uploads\/Captura-de-pantalla-2025-09-10-225347.jpg?fit=642%2C367&ssl=1&resize=525%2C300 1.5x"},"classes":[]},{"id":35623,"url":"https:\/\/larevistadigital.com.ar\/blog\/dura-respuesta-de-kicillof-a-milei-por-el-pedido-de-rebelion-fiscal-lo-acuso-de-fomentar-el-narco-capitalismo\/","url_meta":{"origin":35365,"position":3},"title":"DURA RESPUESTA DE KICILLOF A MILEI POR EL PEDIDO DE REBELI\u00d3N FISCAL: LO ACUS\u00d3 DE FOMENTAR EL \u201cNARCO CAPITALISMO\u201d","author":"Alejandro Sosa Ruda","date":"19 marzo, 2024","format":false,"excerpt":"19 de marzo de 2024 \u201cNo soy psic\u00f3logo, pero hay que ponerle freno a este desquicio\u201d, dijo el gobernador bonaerense en respuesta los ataques del Presidente. 19 de marzo de 2024 BUENOS AIRES -\u00a0 El gobernador de la Provincia de Buenos Aires, Axel Kicillof le respondi\u00f3 al presidente Javier Milei,\u2026","rel":"","context":"En \u00abDESTACADAS\u00bb","block_context":{"text":"DESTACADAS","link":"https:\/\/larevistadigital.com.ar\/blog\/category\/destacadas\/"},"img":{"alt_text":"","src":"https:\/\/i0.wp.com\/larevistadigital.com.ar\/blog\/wp-content\/uploads\/KICILLOF.jpg?fit=700%2C393&ssl=1&resize=350%2C200","width":350,"height":200,"srcset":"https:\/\/i0.wp.com\/larevistadigital.com.ar\/blog\/wp-content\/uploads\/KICILLOF.jpg?fit=700%2C393&ssl=1&resize=350%2C200 1x, https:\/\/i0.wp.com\/larevistadigital.com.ar\/blog\/wp-content\/uploads\/KICILLOF.jpg?fit=700%2C393&ssl=1&resize=525%2C300 1.5x, https:\/\/i0.wp.com\/larevistadigital.com.ar\/blog\/wp-content\/uploads\/KICILLOF.jpg?fit=700%2C393&ssl=1&resize=700%2C400 2x"},"classes":[]},{"id":34442,"url":"https:\/\/larevistadigital.com.ar\/blog\/kicillof-si-gana-milei-no-vamos-a-poder-hacer-ni-un-metro-de-asfalto\/","url_meta":{"origin":35365,"position":4},"title":"KICILLOF: \u00abSI GANA MILEI NO VAMOS A PODER HACER NI UN METRO DE ASFALTO\u00bb","author":"Alejandro Sosa Ruda","date":"8 noviembre, 2023","format":false,"excerpt":"El gobernador advirti\u00f3 sobre las dificultades que podr\u00edan tener en la provincia de Buenos Aires con un eventual gobierno libertario y su anunciada eliminaci\u00f3n de la coparticipaci\u00f3n federal. 8 De Noviembre de 2023 BUENOS AIRES -\u00a0 El gobernador bonaerense, Axel Kicillof, asegur\u00f3 este mi\u00e9rcoles en Bah\u00eda Blanca que en materia\u2026","rel":"","context":"En \u00abDESTACADAS\u00bb","block_context":{"text":"DESTACADAS","link":"https:\/\/larevistadigital.com.ar\/blog\/category\/destacadas\/"},"img":{"alt_text":"","src":"https:\/\/i0.wp.com\/larevistadigital.com.ar\/blog\/wp-content\/uploads\/654bd5ef50a4f_1200.jpg?fit=1200%2C675&ssl=1&resize=350%2C200","width":350,"height":200,"srcset":"https:\/\/i0.wp.com\/larevistadigital.com.ar\/blog\/wp-content\/uploads\/654bd5ef50a4f_1200.jpg?fit=1200%2C675&ssl=1&resize=350%2C200 1x, https:\/\/i0.wp.com\/larevistadigital.com.ar\/blog\/wp-content\/uploads\/654bd5ef50a4f_1200.jpg?fit=1200%2C675&ssl=1&resize=525%2C300 1.5x, https:\/\/i0.wp.com\/larevistadigital.com.ar\/blog\/wp-content\/uploads\/654bd5ef50a4f_1200.jpg?fit=1200%2C675&ssl=1&resize=700%2C400 2x, https:\/\/i0.wp.com\/larevistadigital.com.ar\/blog\/wp-content\/uploads\/654bd5ef50a4f_1200.jpg?fit=1200%2C675&ssl=1&resize=1050%2C600 3x"},"classes":[]},{"id":43824,"url":"https:\/\/larevistadigital.com.ar\/blog\/encuesta-cual-es-la-imagen-de-axel-kicillof-y-javier-milei-en-cada-provincia\/","url_meta":{"origin":35365,"position":5},"title":"Encuesta: cu\u00e1l es la imagen de Axel Kicillof y Javier Milei en cada provincia","author":"Alejandro Sosa Ruda","date":"6 febrero, 2026","format":false,"excerpt":"Una nueva encuesta revela c\u00f3mo miden Javier Milei y Axel Kicillof en cada provincia. D\u00f3nde gana cada uno y qu\u00e9 distritos marcan la diferencia. 6 de febrero de 2026 Una nueva\u00a0encuesta nacional\u00a0volvi\u00f3 a poner el foco en el mapa pol\u00edtico argentino. La consultora\u00a0CG Global Data\u00a0present\u00f3 un estudio que midi\u00f3 la\u2026","rel":"","context":"En \u00abINTERES GENERAL\u00bb","block_context":{"text":"INTERES GENERAL","link":"https:\/\/larevistadigital.com.ar\/blog\/category\/interes-general\/"},"img":{"alt_text":"","src":"https:\/\/i0.wp.com\/larevistadigital.com.ar\/blog\/wp-content\/uploads\/Captura-de-pantalla-2026-02-06-141759.jpg?fit=802%2C530&ssl=1&resize=350%2C200","width":350,"height":200,"srcset":"https:\/\/i0.wp.com\/larevistadigital.com.ar\/blog\/wp-content\/uploads\/Captura-de-pantalla-2026-02-06-141759.jpg?fit=802%2C530&ssl=1&resize=350%2C200 1x, https:\/\/i0.wp.com\/larevistadigital.com.ar\/blog\/wp-content\/uploads\/Captura-de-pantalla-2026-02-06-141759.jpg?fit=802%2C530&ssl=1&resize=525%2C300 1.5x, https:\/\/i0.wp.com\/larevistadigital.com.ar\/blog\/wp-content\/uploads\/Captura-de-pantalla-2026-02-06-141759.jpg?fit=802%2C530&ssl=1&resize=700%2C400 2x"},"classes":[]}],"_links":{"self":[{"href":"https:\/\/larevistadigital.com.ar\/blog\/wp-json\/wp\/v2\/posts\/35365","targetHints":{"allow":["GET"]}}],"collection":[{"href":"https:\/\/larevistadigital.com.ar\/blog\/wp-json\/wp\/v2\/posts"}],"about":[{"href":"https:\/\/larevistadigital.com.ar\/blog\/wp-json\/wp\/v2\/types\/post"}],"author":[{"embeddable":true,"href":"https:\/\/larevistadigital.com.ar\/blog\/wp-json\/wp\/v2\/users\/3"}],"replies":[{"embeddable":true,"href":"https:\/\/larevistadigital.com.ar\/blog\/wp-json\/wp\/v2\/comments?post=35365"}],"version-history":[{"count":1,"href":"https:\/\/larevistadigital.com.ar\/blog\/wp-json\/wp\/v2\/posts\/35365\/revisions"}],"predecessor-version":[{"id":35367,"href":"https:\/\/larevistadigital.com.ar\/blog\/wp-json\/wp\/v2\/posts\/35365\/revisions\/35367"}],"wp:featuredmedia":[{"embeddable":true,"href":"https:\/\/larevistadigital.com.ar\/blog\/wp-json\/wp\/v2\/media\/35366"}],"wp:attachment":[{"href":"https:\/\/larevistadigital.com.ar\/blog\/wp-json\/wp\/v2\/media?parent=35365"}],"wp:term":[{"taxonomy":"category","embeddable":true,"href":"https:\/\/larevistadigital.com.ar\/blog\/wp-json\/wp\/v2\/categories?post=35365"},{"taxonomy":"post_tag","embeddable":true,"href":"https:\/\/larevistadigital.com.ar\/blog\/wp-json\/wp\/v2\/tags?post=35365"}],"curies":[{"name":"wp","href":"https:\/\/api.w.org\/{rel}","templated":true}]}}