{"id":35368,"date":"2024-03-05T08:43:51","date_gmt":"2024-03-05T11:43:51","guid":{"rendered":"https:\/\/larevistadigital.com.ar\/blog\/?p=35368"},"modified":"2024-03-05T08:43:51","modified_gmt":"2024-03-05T11:43:51","slug":"mar-del-plata-preocupacion-fuerte-crecida-del-mar-y-grandes-olas-sin-danos-estructurales","status":"publish","type":"post","link":"https:\/\/larevistadigital.com.ar\/blog\/mar-del-plata-preocupacion-fuerte-crecida-del-mar-y-grandes-olas-sin-danos-estructurales\/","title":{"rendered":"MAR DEL PLATA: PREOCUPACI\u00d3N&#8230;FUERTE CRECIDA DEL MAR, Y GRANDES OLAS SIN DA\u00d1OS ESTRUCTURALES"},"content":{"rendered":"<h2>Se mantienen las expectativas por las repercusiones que puede generar en la ciudad un cicl\u00f3n extratropical que se desarrolla dentro del oc\u00e9ano Atl\u00e1ntico. Especialistas indican que <strong><em>\u201cel efecto m\u00e1s fuerte deber\u00eda ser no mucho m\u00e1s all\u00e1 de la madrugada de este martes\u201d<\/em><\/strong>. En la zona de Mogotes el agua lleg\u00f3 hasta la l\u00ednea de carpas.<\/h2>\n<p>5 De marzo de 2024<\/p>\n<p><strong>MAR DEL PLATA &#8211;\u00a0 <\/strong>Una marejada y grandes olas est\u00e1n afectando la costa de Mar del Plata desde la ma\u00f1ana de este lunes debido a un cicl\u00f3n extratropical que se est\u00e1 formando en el oc\u00e9ano Atl\u00e1ntico.<\/p>\n<div class=\"flex-1 overflow-hidden\">\n<div class=\"react-scroll-to-bottom--css-lbwjv-79elbk h-full\">\n<div class=\"react-scroll-to-bottom--css-lbwjv-1n7m0yu\">\n<div class=\"flex flex-col text-sm pb-9\">\n<div class=\"w-full text-token-text-primary\" data-testid=\"conversation-turn-16\">\n<div class=\"px-4 py-2 justify-center text-base md:gap-6 m-auto\">\n<div class=\"flex flex-1 text-base mx-auto gap-3 md:px-5 lg:px-1 xl:px-5 md:max-w-3xl lg:max-w-[40rem] xl:max-w-[48rem] group final-completion\">\n<div class=\"relative flex w-full flex-col agent-turn\">\n<div class=\"flex-col gap-1 md:gap-3\">\n<div class=\"flex flex-grow flex-col max-w-full\">\n<div class=\"min-h-[20px] text-message flex flex-col items-start gap-3 whitespace-pre-wrap break-words [.text-message+&amp;]:mt-5 overflow-x-auto\" data-message-author-role=\"assistant\" data-message-id=\"9cf5dabc-3d32-4662-9511-91c0f9287e19\">\n<div class=\"markdown prose w-full break-words dark:prose-invert dark\">\n<blockquote>\n<h3>Seg\u00fan informaron desde Defensa Civil al diario LA CAPITAL, hasta el momento las grandes olas no han causado da\u00f1os estructurales, aunque se est\u00e1 evaluando el posible cierre parcial del Paseo D\u00e1vila.<\/h3>\n<\/blockquote>\n<p>Por otro lado, en la zona de Punta Mogotes, la marejada ha avanzado hasta la l\u00ednea de carpas. La magnitud de las olas ha llamado la atenci\u00f3n de residentes y turistas que se han acercado a la costa, muchos de ellos informados sobre el fen\u00f3meno natural previsto para hoy, aprovechando la oportunidad para tomar fotos del mar \u00abagitado\u00bb.<\/p>\n<blockquote>\n<h3>El ocean\u00f3grafo <strong>Jorge Marcoveccio<\/strong> explic\u00f3 en una entrevista con este medio que el cicl\u00f3n extratropical ya est\u00e1 activo en el oc\u00e9ano Atl\u00e1ntico, situado al sureste de las Islas Malvinas, una regi\u00f3n donde se producen las mareas en el Mar Argentino. Esto podr\u00eda explicar por qu\u00e9 las mareas son m\u00e1s altas de lo normal en la zona.<\/h3>\n<\/blockquote>\n<p>Aunque hasta el momento las olas no han generado problemas graves, Marcovecchio advirti\u00f3 sobre la imprevisibilidad de la situaci\u00f3n: <strong><em>\u00abDecir que no pasar\u00e1 nada es arriesgado, porque estas situaciones pueden cambiar r\u00e1pidamente\u00bb.<\/em><\/strong><\/p>\n<p>El especialista explic\u00f3 que mientras las mareas se generan de forma generalizada, las olas son un fen\u00f3meno local y pueden variar dependiendo de factores como el viento. Seg\u00fan el sitio \u00abWind Guru\u00bb, conocido entre los aficionados a los deportes acu\u00e1ticos, especialmente surfistas, entre las 15:00 y las 19:00 horas podr\u00edan registrarse olas de casi cuatro metros frente a la costa de la ciudad.<\/p>\n<blockquote>\n<h3>Marcovecchio aclar\u00f3 que aunque olas de cuatro metros ser\u00edan el doble del tama\u00f1o normal, no ser\u00edan consideradas gigantes. Las olas gigantes suelen ser el resultado de vientos huracanados o movimientos s\u00edsmicos m\u00e1s significativos, fen\u00f3menos poco comunes en la regi\u00f3n.<\/h3>\n<\/blockquote>\n<p>Finalmente, el ocean\u00f3grafo se\u00f1al\u00f3 que estas condiciones podr\u00edan persistir durante un par de d\u00edas, pero sugiri\u00f3 que el momento m\u00e1s cr\u00edtico deber\u00eda ser durante la madrugada del mismo d\u00eda del evento. <strong><em>\u00abEn t\u00e9rminos de pron\u00f3stico, se espera que hoy sea el d\u00eda m\u00e1s complicado\u00bb<\/em><\/strong>, concluy\u00f3.<\/p>\n<p>fuente:Diario La Capital<\/p>\n<\/div>\n<\/div>\n<\/div>\n<div class=\"mt-1 flex justify-start gap-3 empty:hidden\">\n<div class=\"text-gray-400 flex self-end lg:self-center justify-center lg:justify-start mt-0 -ml-1 h-7 visible\"><button class=\"flex items-center gap-1.5 rounded-md p-1 text-xs text-token-text-tertiary hover:text-token-text-primary md:invisible md:group-hover:visible md:group-[.final-completion]:visible\"><\/button><\/p>\n<div class=\"flex items-center gap-1.5 text-xs\"><\/div>\n<div class=\"flex\"><\/div>\n<\/div>\n<\/div>\n<div class=\"pr-2 lg:pr-0\"><\/div>\n<\/div>\n<\/div>\n<\/div>\n<\/div>\n<\/div>\n<\/div>\n<\/div>\n<\/div>\n<\/div>\n<div class=\"w-full pt-2 md:pt-0 dark:border-white\/20 md:border-transparent md:dark:border-transparent md:w-[calc(100%-.5rem)]\">\n<div class=\"relative flex h-full flex-1 flex-col\">\n<div class=\"flex w-full items-center\"><\/div>\n<\/div>\n<\/div>\n<p>&nbsp;<\/p>\n","protected":false},"excerpt":{"rendered":"<div class=\"mh-excerpt\"><p>Se mantienen las expectativas por las repercusiones que puede generar en la ciudad un cicl\u00f3n extratropical que se desarrolla dentro del oc\u00e9ano Atl\u00e1ntico. Especialistas indican que \u201cel efecto m\u00e1s fuerte deber\u00eda ser no mucho m\u00e1s <a class=\"mh-excerpt-more\" href=\"https:\/\/larevistadigital.com.ar\/blog\/mar-del-plata-preocupacion-fuerte-crecida-del-mar-y-grandes-olas-sin-danos-estructurales\/\" title=\"MAR DEL PLATA: PREOCUPACI\u00d3N&#8230;FUERTE CRECIDA DEL MAR, Y GRANDES OLAS SIN DA\u00d1OS ESTRUCTURALES\">[Leer M\u00e1s]<\/a><\/p>\n<\/div>","protected":false},"author":3,"featured_media":35369,"comment_status":"open","ping_status":"open","sticky":false,"template":"","format":"standard","meta":{"_jetpack_memberships_contains_paid_content":false,"footnotes":"","jetpack_publicize_message":"","jetpack_publicize_feature_enabled":true,"jetpack_social_post_already_shared":true,"jetpack_social_options":{"image_generator_settings":{"template":"highway","default_image_id":0,"font":"","enabled":false},"version":2}},"categories":[51],"tags":[],"class_list":{"0":"post-35368","1":"post","2":"type-post","3":"status-publish","4":"format-standard","5":"has-post-thumbnail","7":"category-regionales"},"jetpack_publicize_connections":[],"jetpack_featured_media_url":"https:\/\/i0.wp.com\/larevistadigital.com.ar\/blog\/wp-content\/uploads\/Captura-de-pantalla-2024-03-05-083625.png?fit=806%2C444&ssl=1","jetpack_sharing_enabled":true,"jetpack_shortlink":"https:\/\/wp.me\/p8qtrQ-9cs","jetpack-related-posts":[{"id":20426,"url":"https:\/\/larevistadigital.com.ar\/blog\/alerta-en-la-provincia-de-buenos-aires-por-la-llegada-de-un-ciclon-extratropical\/","url_meta":{"origin":35368,"position":0},"title":"ALERTA EN LA PROVINCIA DE BUENOS AIRES POR LA LLEGADA DE UN CICL\u00d3N EXTRATROPICAL","author":"Alejandro Sosa Ruda","date":"22 mayo, 2021","format":false,"excerpt":"El Servicio Meteorol\u00f3gico Nacional (SMN) emiti\u00f3 un mensaje de aviso por la\u00a0formaci\u00f3n de un cicl\u00f3n extratropical que afectar\u00e1 durante todo el fin de semana a la provincia de Buenos Aires. El fen\u00f3meno, que no es inusual en esta zona, incluye fuertes lluvias y r\u00e1fagas de viento de entre 75 y\u2026","rel":"","context":"En \u00abINTERES GENERAL\u00bb","block_context":{"text":"INTERES GENERAL","link":"https:\/\/larevistadigital.com.ar\/blog\/category\/interes-general\/"},"img":{"alt_text":"","src":"https:\/\/i0.wp.com\/larevistadigital.com.ar\/blog\/wp-content\/uploads\/3IHDOKZ7E5AMJFQSKYG7X3POCI.jpg?fit=1200%2C600&ssl=1&resize=350%2C200","width":350,"height":200,"srcset":"https:\/\/i0.wp.com\/larevistadigital.com.ar\/blog\/wp-content\/uploads\/3IHDOKZ7E5AMJFQSKYG7X3POCI.jpg?fit=1200%2C600&ssl=1&resize=350%2C200 1x, https:\/\/i0.wp.com\/larevistadigital.com.ar\/blog\/wp-content\/uploads\/3IHDOKZ7E5AMJFQSKYG7X3POCI.jpg?fit=1200%2C600&ssl=1&resize=525%2C300 1.5x, https:\/\/i0.wp.com\/larevistadigital.com.ar\/blog\/wp-content\/uploads\/3IHDOKZ7E5AMJFQSKYG7X3POCI.jpg?fit=1200%2C600&ssl=1&resize=700%2C400 2x, https:\/\/i0.wp.com\/larevistadigital.com.ar\/blog\/wp-content\/uploads\/3IHDOKZ7E5AMJFQSKYG7X3POCI.jpg?fit=1200%2C600&ssl=1&resize=1050%2C600 3x"},"classes":[]},{"id":14887,"url":"https:\/\/larevistadigital.com.ar\/blog\/puede-venirse-un-tsunami-en-mar-del-plata-aca-el-alerta-y-la-opinion-de-expertos\/","url_meta":{"origin":35368,"position":1},"title":"\u00bfPUEDE VENIRSE UN TSUNAMI EN MAR DEL PLATA? AC\u00c1 EL ALERTA, Y LA OPINI\u00d3N DE EXPERTOS","author":"Alejandro Sosa Ruda","date":"20 febrero, 2020","format":false,"excerpt":"En los \u00faltimos d\u00edas se difundi\u00f3 que Tierra del Fuego y Santa Cruz podr\u00edan ser protagonistas de un tsunami. Investigadores marplatenses analizan las probabilidades de que el fen\u00f3memo tenga repercusi\u00f3n en la Costa Atl\u00e1ntica. A ra\u00edz del\u00a0alerta de un tsunami\u00a0en las costas argentinas, expertos marplatenses analizaron las probabilidades de que\u2026","rel":"","context":"En \u00abREGIONALES\u00bb","block_context":{"text":"REGIONALES","link":"https:\/\/larevistadigital.com.ar\/blog\/category\/regionales\/"},"img":{"alt_text":"","src":"https:\/\/i0.wp.com\/larevistadigital.com.ar\/blog\/wp-content\/uploads\/Screenshot_2-90.jpg?fit=1011%2C670&ssl=1&resize=350%2C200","width":350,"height":200,"srcset":"https:\/\/i0.wp.com\/larevistadigital.com.ar\/blog\/wp-content\/uploads\/Screenshot_2-90.jpg?fit=1011%2C670&ssl=1&resize=350%2C200 1x, https:\/\/i0.wp.com\/larevistadigital.com.ar\/blog\/wp-content\/uploads\/Screenshot_2-90.jpg?fit=1011%2C670&ssl=1&resize=525%2C300 1.5x, https:\/\/i0.wp.com\/larevistadigital.com.ar\/blog\/wp-content\/uploads\/Screenshot_2-90.jpg?fit=1011%2C670&ssl=1&resize=700%2C400 2x"},"classes":[]},{"id":29314,"url":"https:\/\/larevistadigital.com.ar\/blog\/mar-del-plata-fuerte-rechazo-a-la-decision-que-habilita-la-explotacion-petrolera\/","url_meta":{"origin":35368,"position":2},"title":"MAR DEL PLATA: FUERTE RECHAZO A LA DECISI\u00d3N QUE HABILITA LA EXPLOTACI\u00d3N PETROLERA.","author":"Alejandro Sosa Ruda","date":"8 diciembre, 2022","format":false,"excerpt":"\u201cEste fallo es una condena para el Mar Argentino. La C\u00e1mara cede ante las constantes presiones del gobierno y la industria. Decidi\u00f3 dejar sin efecto la cautelar y aprobar la exploraci\u00f3n s\u00edsmica, sin argumentaci\u00f3n que sustente este decisi\u00f3n e ignorando deliberadamente los fundamentos presentados que demuestran la afectaci\u00f3n directa de\u2026","rel":"","context":"En \u00abREGIONALES\u00bb","block_context":{"text":"REGIONALES","link":"https:\/\/larevistadigital.com.ar\/blog\/category\/regionales\/"},"img":{"alt_text":"","src":"https:\/\/i0.wp.com\/larevistadigital.com.ar\/blog\/wp-content\/uploads\/20221206161436_mar-argentino-plataformas-petroleo-2-855x500-1.jpg?fit=880%2C512&ssl=1&resize=350%2C200","width":350,"height":200,"srcset":"https:\/\/i0.wp.com\/larevistadigital.com.ar\/blog\/wp-content\/uploads\/20221206161436_mar-argentino-plataformas-petroleo-2-855x500-1.jpg?fit=880%2C512&ssl=1&resize=350%2C200 1x, https:\/\/i0.wp.com\/larevistadigital.com.ar\/blog\/wp-content\/uploads\/20221206161436_mar-argentino-plataformas-petroleo-2-855x500-1.jpg?fit=880%2C512&ssl=1&resize=525%2C300 1.5x, https:\/\/i0.wp.com\/larevistadigital.com.ar\/blog\/wp-content\/uploads\/20221206161436_mar-argentino-plataformas-petroleo-2-855x500-1.jpg?fit=880%2C512&ssl=1&resize=700%2C400 2x"},"classes":[]},{"id":29488,"url":"https:\/\/larevistadigital.com.ar\/blog\/un-pequeno-tsunami-habria-sido-lo-que-provoco-destrozos-en-playas-de-mar-del-plata\/","url_meta":{"origin":35368,"position":3},"title":"UN \u00abPEQUE\u00d1O TSUNAMI\u00bb HABR\u00cdA SIDO LO QUE PROVOC\u00d3 DESTROZOS EN PLAYAS DE MAR DEL PLATA.","author":"Alejandro Sosa Ruda","date":"15 diciembre, 2022","format":false,"excerpt":"Las playas de la zona sur de la ciudad de Mar del Plata se vieron afectadas por olas con la altura suficiente para generar da\u00f1os en la infraestructura de algunos balnearios. Cient\u00edficos del Gabinete de Oceanograf\u00eda del Instituto Nacional de Investigaci\u00f3n y Desarrollo Pesquero (INIDEP) informan que el fen\u00f3meno pudo\u2026","rel":"","context":"En \u00abREGIONALES\u00bb","block_context":{"text":"REGIONALES","link":"https:\/\/larevistadigital.com.ar\/blog\/category\/regionales\/"},"img":{"alt_text":"","src":"https:\/\/i0.wp.com\/larevistadigital.com.ar\/blog\/wp-content\/uploads\/20221214191125_un-meteotsunami-el-fenomeno-que-habria-generado-destrozos-en-playas-de-mar-del-plata.png?fit=880%2C512&ssl=1&resize=350%2C200","width":350,"height":200,"srcset":"https:\/\/i0.wp.com\/larevistadigital.com.ar\/blog\/wp-content\/uploads\/20221214191125_un-meteotsunami-el-fenomeno-que-habria-generado-destrozos-en-playas-de-mar-del-plata.png?fit=880%2C512&ssl=1&resize=350%2C200 1x, https:\/\/i0.wp.com\/larevistadigital.com.ar\/blog\/wp-content\/uploads\/20221214191125_un-meteotsunami-el-fenomeno-que-habria-generado-destrozos-en-playas-de-mar-del-plata.png?fit=880%2C512&ssl=1&resize=525%2C300 1.5x, https:\/\/i0.wp.com\/larevistadigital.com.ar\/blog\/wp-content\/uploads\/20221214191125_un-meteotsunami-el-fenomeno-que-habria-generado-destrozos-en-playas-de-mar-del-plata.png?fit=880%2C512&ssl=1&resize=700%2C400 2x"},"classes":[]},{"id":21293,"url":"https:\/\/larevistadigital.com.ar\/blog\/mar-del-plata-la-sudestada-arraso-con-carpas-chiringos-y-puestos-de-guardavidas-en-las-playas-del-sur\/","url_meta":{"origin":35368,"position":4},"title":"MAR DEL PLATA: LA SUDESTADA ARRAS\u00d3 CON CARPAS, CHIRINGOS Y PUESTOS DE GUARDAVIDAS EN LAS PLAYAS DEL SUR","author":"Alejandro Sosa Ruda","date":"29 julio, 2021","format":false,"excerpt":"Los paradores ubicados entre el Alfar y playa Lejana fueron los m\u00e1s afectados. \"Nunca vimos algo igual\", cont\u00f3 una concesionaria. Tambi\u00e9n el mar caus\u00f3 destrozos en Playa Grande. MAR DEL PLATA -\u00a0 La sudestada que azot\u00f3 este mi\u00e9rcoles a Mar del Plata\u00a0arras\u00f3 con puestos de guardavidas y chiringos\u00a0ubicados en las\u2026","rel":"","context":"En \u00abREGIONALES\u00bb","block_context":{"text":"REGIONALES","link":"https:\/\/larevistadigital.com.ar\/blog\/category\/regionales\/"},"img":{"alt_text":"","src":"https:\/\/i0.wp.com\/larevistadigital.com.ar\/blog\/wp-content\/uploads\/Captura-de-pantalla-2021-07-29-001152.png?fit=966%2C743&ssl=1&resize=350%2C200","width":350,"height":200,"srcset":"https:\/\/i0.wp.com\/larevistadigital.com.ar\/blog\/wp-content\/uploads\/Captura-de-pantalla-2021-07-29-001152.png?fit=966%2C743&ssl=1&resize=350%2C200 1x, https:\/\/i0.wp.com\/larevistadigital.com.ar\/blog\/wp-content\/uploads\/Captura-de-pantalla-2021-07-29-001152.png?fit=966%2C743&ssl=1&resize=525%2C300 1.5x, https:\/\/i0.wp.com\/larevistadigital.com.ar\/blog\/wp-content\/uploads\/Captura-de-pantalla-2021-07-29-001152.png?fit=966%2C743&ssl=1&resize=700%2C400 2x"},"classes":[]},{"id":38556,"url":"https:\/\/larevistadigital.com.ar\/blog\/mar-del-plata-arba-multo-al-supermercado-coto-porque-tributaba-como-baldio\/","url_meta":{"origin":35368,"position":5},"title":"Mar del Plata: ARBA mult\u00f3 al supermercado COTO porque tributaba como \u00abbald\u00edo\u00bb","author":"Alejandro Sosa Ruda","date":"26 enero, 2025","format":false,"excerpt":"La agencia de recaudaci\u00f3n llev\u00f3 adelante un operativo en el lugar que hace poco m\u00e1s de dos meses fue inaugurado con la presencia de Javier Milei. 26 de Enero de MAR DEL PLATA -\u00a0 El hipermercado Coto de Mar del Plata se encuentra en el centro de una pol\u00e9mica tras\u2026","rel":"","context":"En \u00abPOLICIALES\u00bb","block_context":{"text":"POLICIALES","link":"https:\/\/larevistadigital.com.ar\/blog\/category\/policiales\/"},"img":{"alt_text":"","src":"https:\/\/i0.wp.com\/larevistadigital.com.ar\/blog\/wp-content\/uploads\/c0f824b0e5d6d134f8833e98a23c0fb4a4580d3b.jpg?fit=1140%2C759&ssl=1&resize=350%2C200","width":350,"height":200,"srcset":"https:\/\/i0.wp.com\/larevistadigital.com.ar\/blog\/wp-content\/uploads\/c0f824b0e5d6d134f8833e98a23c0fb4a4580d3b.jpg?fit=1140%2C759&ssl=1&resize=350%2C200 1x, https:\/\/i0.wp.com\/larevistadigital.com.ar\/blog\/wp-content\/uploads\/c0f824b0e5d6d134f8833e98a23c0fb4a4580d3b.jpg?fit=1140%2C759&ssl=1&resize=525%2C300 1.5x, https:\/\/i0.wp.com\/larevistadigital.com.ar\/blog\/wp-content\/uploads\/c0f824b0e5d6d134f8833e98a23c0fb4a4580d3b.jpg?fit=1140%2C759&ssl=1&resize=700%2C400 2x, https:\/\/i0.wp.com\/larevistadigital.com.ar\/blog\/wp-content\/uploads\/c0f824b0e5d6d134f8833e98a23c0fb4a4580d3b.jpg?fit=1140%2C759&ssl=1&resize=1050%2C600 3x"},"classes":[]}],"_links":{"self":[{"href":"https:\/\/larevistadigital.com.ar\/blog\/wp-json\/wp\/v2\/posts\/35368","targetHints":{"allow":["GET"]}}],"collection":[{"href":"https:\/\/larevistadigital.com.ar\/blog\/wp-json\/wp\/v2\/posts"}],"about":[{"href":"https:\/\/larevistadigital.com.ar\/blog\/wp-json\/wp\/v2\/types\/post"}],"author":[{"embeddable":true,"href":"https:\/\/larevistadigital.com.ar\/blog\/wp-json\/wp\/v2\/users\/3"}],"replies":[{"embeddable":true,"href":"https:\/\/larevistadigital.com.ar\/blog\/wp-json\/wp\/v2\/comments?post=35368"}],"version-history":[{"count":1,"href":"https:\/\/larevistadigital.com.ar\/blog\/wp-json\/wp\/v2\/posts\/35368\/revisions"}],"predecessor-version":[{"id":35370,"href":"https:\/\/larevistadigital.com.ar\/blog\/wp-json\/wp\/v2\/posts\/35368\/revisions\/35370"}],"wp:featuredmedia":[{"embeddable":true,"href":"https:\/\/larevistadigital.com.ar\/blog\/wp-json\/wp\/v2\/media\/35369"}],"wp:attachment":[{"href":"https:\/\/larevistadigital.com.ar\/blog\/wp-json\/wp\/v2\/media?parent=35368"}],"wp:term":[{"taxonomy":"category","embeddable":true,"href":"https:\/\/larevistadigital.com.ar\/blog\/wp-json\/wp\/v2\/categories?post=35368"},{"taxonomy":"post_tag","embeddable":true,"href":"https:\/\/larevistadigital.com.ar\/blog\/wp-json\/wp\/v2\/tags?post=35368"}],"curies":[{"name":"wp","href":"https:\/\/api.w.org\/{rel}","templated":true}]}}