{"id":35371,"date":"2024-03-05T08:51:39","date_gmt":"2024-03-05T11:51:39","guid":{"rendered":"https:\/\/larevistadigital.com.ar\/blog\/?p=35371"},"modified":"2024-03-05T08:51:39","modified_gmt":"2024-03-05T11:51:39","slug":"la-casa-rosada-definio-que-convocara-a-todos-los-gobernadores-juntos-la-reunion-sera-este-viernes","status":"publish","type":"post","link":"https:\/\/larevistadigital.com.ar\/blog\/la-casa-rosada-definio-que-convocara-a-todos-los-gobernadores-juntos-la-reunion-sera-este-viernes\/","title":{"rendered":"LA CASA ROSADA DEFINI\u00d3 QUE CONVOCAR\u00c1 A TODOS LOS GOBERNADORES JUNTOS: LA REUNI\u00d3N SER\u00c1 ESTE VIERNES."},"content":{"rendered":"<h2>Aqu\u00ed los detalles&#8230;<\/h2>\n<p>5 De marzo de 2024<\/p>\n<p><strong>NACI\u00d3N &#8211;\u00a0<\/strong> \u00a0La decisi\u00f3n se tom\u00f3 en el encuentro que tuvieron <strong>Nicol\u00e1s Posse, Guillermo Francos y Luis Caputo<\/strong>. La idea original era dividir a los mandatarios en grupos, pero finalmente ser\u00e1 un solo c\u00f3nclave con todas las provincias. <strong><em>\u201cEl Gobierno Nacional sostiene su compromiso de di\u00e1logo con los 23 gobernadores y el Jefe de Gobierno de la Ciudad Aut\u00f3noma de Buenos Aires en busca de los acuerdos necesarios para abandonar las recetas del fracaso y retomar la senda de la prosperidad, el crecimiento y el desarrollo de nuestra Patria\u201d<\/em><\/strong>, inform\u00f3 el comunicado. Este mi\u00e9rcoles ser\u00e1 la antesala con los ministros de Econom\u00eda provinciales.<\/p>\n","protected":false},"excerpt":{"rendered":"<div class=\"mh-excerpt\"><p>Aqu\u00ed los detalles&#8230; 5 De marzo de 2024 NACI\u00d3N &#8211;\u00a0 \u00a0La decisi\u00f3n se tom\u00f3 en el encuentro que tuvieron Nicol\u00e1s Posse, Guillermo Francos y Luis Caputo. La idea original era dividir a los mandatarios en <a class=\"mh-excerpt-more\" href=\"https:\/\/larevistadigital.com.ar\/blog\/la-casa-rosada-definio-que-convocara-a-todos-los-gobernadores-juntos-la-reunion-sera-este-viernes\/\" title=\"LA CASA ROSADA DEFINI\u00d3 QUE CONVOCAR\u00c1 A TODOS LOS GOBERNADORES JUNTOS: LA REUNI\u00d3N SER\u00c1 ESTE VIERNES.\">[Leer M\u00e1s]<\/a><\/p>\n<\/div>","protected":false},"author":3,"featured_media":35372,"comment_status":"open","ping_status":"open","sticky":false,"template":"","format":"standard","meta":{"_jetpack_memberships_contains_paid_content":false,"footnotes":"","jetpack_publicize_message":"","jetpack_publicize_feature_enabled":true,"jetpack_social_post_already_shared":true,"jetpack_social_options":{"image_generator_settings":{"template":"highway","default_image_id":0,"font":"","enabled":false},"version":2}},"categories":[50,12],"tags":[],"class_list":{"0":"post-35371","1":"post","2":"type-post","3":"status-publish","4":"format-standard","5":"has-post-thumbnail","7":"category-interes-general","8":"category-politica"},"jetpack_publicize_connections":[],"jetpack_featured_media_url":"https:\/\/i0.wp.com\/larevistadigital.com.ar\/blog\/wp-content\/uploads\/Captura-de-pantalla-2024-03-05-085015.png?fit=714%2C297&ssl=1","jetpack_sharing_enabled":true,"jetpack_shortlink":"https:\/\/wp.me\/p8qtrQ-9cv","jetpack-related-posts":[{"id":139,"url":"https:\/\/larevistadigital.com.ar\/blog\/poder-ejecutivo-ya-alista-los-subsidios-aliviar-las-tarifas-las-pymes\/","url_meta":{"origin":35371,"position":0},"title":"El Poder Ejecutivo ya alista los subsidios para aliviar las tarifas de las pymes","author":"editor","date":"12 febrero, 2017","format":false,"excerpt":"Lo adelant\u00f3 el ministro del Interior, Rogelio Frigerio. Confirm\u00f3 que analizan \"distintas variantes\" para que las subas del gas y la luz no tengan un fuerte impacto, y tambi\u00e9n para resguardar los puestos laborales. Lo discutir\u00e1n con los gobernadores El Gobierno analiza \"distintas variantes\" para aliviar el peso de los\u2026","rel":"","context":"En \u00abECONOMIA\u00bb","block_context":{"text":"ECONOMIA","link":"https:\/\/larevistadigital.com.ar\/blog\/category\/economia\/"},"img":{"alt_text":"","src":"https:\/\/i0.wp.com\/larevistadigital.com.ar\/blog\/wp-content\/uploads\/2017\/02\/0013982654.jpg?fit=770%2C433&ssl=1&resize=350%2C200","width":350,"height":200,"srcset":"https:\/\/i0.wp.com\/larevistadigital.com.ar\/blog\/wp-content\/uploads\/2017\/02\/0013982654.jpg?fit=770%2C433&ssl=1&resize=350%2C200 1x, https:\/\/i0.wp.com\/larevistadigital.com.ar\/blog\/wp-content\/uploads\/2017\/02\/0013982654.jpg?fit=770%2C433&ssl=1&resize=525%2C300 1.5x, https:\/\/i0.wp.com\/larevistadigital.com.ar\/blog\/wp-content\/uploads\/2017\/02\/0013982654.jpg?fit=770%2C433&ssl=1&resize=700%2C400 2x"},"classes":[]},{"id":274,"url":"https:\/\/larevistadigital.com.ar\/blog\/vidal-espera-los-gobernadores-hagan-ofertas-volver-convocar-los-docentes\/","url_meta":{"origin":35371,"position":1},"title":"Vidal espera que los gobernadores hagan ofertas para volver a convocar a los docentes","author":"editor","date":"17 febrero, 2017","format":false,"excerpt":"Sin paritaria nacional, en el gobierno reniegan que todas las miradas est\u00e9n puestas en Buenos Aires. En el gobierno de Mar\u00eda Eugenia Vidal esperan con ansia que los gobernadores de provincias importantes como Santa Fe o C\u00f3rdoba avancen en la negociaci\u00f3n salarial con los docentes. Es que sin paritaria nacional,\u2026","rel":"","context":"En \u00abPOLITICA\u00bb","block_context":{"text":"POLITICA","link":"https:\/\/larevistadigital.com.ar\/blog\/category\/politica\/"},"img":{"alt_text":"","src":"https:\/\/i0.wp.com\/larevistadigital.com.ar\/blog\/wp-content\/uploads\/2017\/02\/5836312a4dfe1_660_360.jpg?fit=660%2C360&ssl=1&resize=350%2C200","width":350,"height":200,"srcset":"https:\/\/i0.wp.com\/larevistadigital.com.ar\/blog\/wp-content\/uploads\/2017\/02\/5836312a4dfe1_660_360.jpg?fit=660%2C360&ssl=1&resize=350%2C200 1x, https:\/\/i0.wp.com\/larevistadigital.com.ar\/blog\/wp-content\/uploads\/2017\/02\/5836312a4dfe1_660_360.jpg?fit=660%2C360&ssl=1&resize=525%2C300 1.5x"},"classes":[]},{"id":1548,"url":"https:\/\/larevistadigital.com.ar\/blog\/el-gobierno-y-la-mayoria-de-las-provincias-suscribieron-un-plan-de-responsabilidad-fiscal\/","url_meta":{"origin":35371,"position":2},"title":"EL GOBIERNO Y LA MAYORIA DE LAS PROVINCIAS SUSCRIBIERON UN PLAN DE RESPONSABILIDAD FISCAL","author":"Alejandro Sosa Ruda","date":"23 marzo, 2017","format":false,"excerpt":"El Gobierno\u00a0consigui\u00f3 firmar con la mayor\u00eda de las provincias un documento que fij\u00f3 los lineamientos de un proyecto de ley que establecer\u00e1 un nuevo mecanismo de responsabilidad fiscal en todo el pa\u00eds, algo as\u00ed como\u00a0un plan de premios y castigos para los gobernadores. Seg\u00fan informa el portal \u00a0Infobae\u00a0varios funcionarios del\u2026","rel":"","context":"En \u00abDESTACADAS\u00bb","block_context":{"text":"DESTACADAS","link":"https:\/\/larevistadigital.com.ar\/blog\/category\/destacadas\/"},"img":{"alt_text":"","src":"https:\/\/i0.wp.com\/larevistadigital.com.ar\/blog\/wp-content\/uploads\/2017\/03\/Nicolas-Dujovne-con-ministros-de-economia-provinciales-1920-1.jpg?fit=600%2C338&ssl=1&resize=350%2C200","width":350,"height":200,"srcset":"https:\/\/i0.wp.com\/larevistadigital.com.ar\/blog\/wp-content\/uploads\/2017\/03\/Nicolas-Dujovne-con-ministros-de-economia-provinciales-1920-1.jpg?fit=600%2C338&ssl=1&resize=350%2C200 1x, https:\/\/i0.wp.com\/larevistadigital.com.ar\/blog\/wp-content\/uploads\/2017\/03\/Nicolas-Dujovne-con-ministros-de-economia-provinciales-1920-1.jpg?fit=600%2C338&ssl=1&resize=525%2C300 1.5x"},"classes":[]},{"id":26841,"url":"https:\/\/larevistadigital.com.ar\/blog\/en-una-tensa-reunion-el-presidente-le-garantizo-a-los-gobernadores-que-tomara-medidas\/","url_meta":{"origin":35371,"position":3},"title":"EN UNA TENSA REUNI\u00d3N, EL PRESIDENTE LE GARANTIZ\u00d3 A LOS GOBERNADORES QUE TOMAR\u00c1 MEDIDAS","author":"Alejandro Sosa Ruda","date":"28 julio, 2022","format":false,"excerpt":"En una \u201c\u00e1spera\u201d reuni\u00f3n con un grupo de gobernadores del PJ, el presidente Alberto Fern\u00e1ndez\u00a0prometi\u00f3 esta tarde \u201ctomar las medidas pertinentes\u201d\u00a0ante la crisis cambiaria y econ\u00f3mica que atraviesa la Argentina seg\u00fan luego de que los mandatarios provinciales compartieron un encuentro con el jefe de Estado durante dos horas y se\u2026","rel":"","context":"En \u00abINTERES GENERAL\u00bb","block_context":{"text":"INTERES GENERAL","link":"https:\/\/larevistadigital.com.ar\/blog\/category\/interes-general\/"},"img":{"alt_text":"","src":"https:\/\/i0.wp.com\/larevistadigital.com.ar\/blog\/wp-content\/uploads\/Gobernadores-alberto.jpg?fit=1200%2C675&ssl=1&resize=350%2C200","width":350,"height":200,"srcset":"https:\/\/i0.wp.com\/larevistadigital.com.ar\/blog\/wp-content\/uploads\/Gobernadores-alberto.jpg?fit=1200%2C675&ssl=1&resize=350%2C200 1x, https:\/\/i0.wp.com\/larevistadigital.com.ar\/blog\/wp-content\/uploads\/Gobernadores-alberto.jpg?fit=1200%2C675&ssl=1&resize=525%2C300 1.5x, https:\/\/i0.wp.com\/larevistadigital.com.ar\/blog\/wp-content\/uploads\/Gobernadores-alberto.jpg?fit=1200%2C675&ssl=1&resize=700%2C400 2x, https:\/\/i0.wp.com\/larevistadigital.com.ar\/blog\/wp-content\/uploads\/Gobernadores-alberto.jpg?fit=1200%2C675&ssl=1&resize=1050%2C600 3x"},"classes":[]},{"id":43781,"url":"https:\/\/larevistadigital.com.ar\/blog\/la-reforma-laboral-abre-una-grieta-fiscal-con-los-gobernadores\/","url_meta":{"origin":35371,"position":4},"title":"La reforma laboral abre una grieta fiscal con los gobernadores","author":"Alejandro Sosa Ruda","date":"4 febrero, 2026","format":false,"excerpt":"La rebaja de Ganancias desat\u00f3 una fuerte pulseada entre el Gobierno y los gobernadores, que advierten p\u00e9rdidas millonarias en pleno a\u00f1o electoral. 04 de febrero de 2026 En medio de las negociaciones que el Gobierno nacional mantiene para avanzar con la reforma laboral, la rebaja del Impuesto a las Ganancias\u2026","rel":"","context":"En \u00abINTERES GENERAL\u00bb","block_context":{"text":"INTERES GENERAL","link":"https:\/\/larevistadigital.com.ar\/blog\/category\/interes-general\/"},"img":{"alt_text":"","src":"https:\/\/i0.wp.com\/larevistadigital.com.ar\/blog\/wp-content\/uploads\/Captura-de-pantalla-2026-02-04-231431.jpg?fit=801%2C488&ssl=1&resize=350%2C200","width":350,"height":200,"srcset":"https:\/\/i0.wp.com\/larevistadigital.com.ar\/blog\/wp-content\/uploads\/Captura-de-pantalla-2026-02-04-231431.jpg?fit=801%2C488&ssl=1&resize=350%2C200 1x, https:\/\/i0.wp.com\/larevistadigital.com.ar\/blog\/wp-content\/uploads\/Captura-de-pantalla-2026-02-04-231431.jpg?fit=801%2C488&ssl=1&resize=525%2C300 1.5x, https:\/\/i0.wp.com\/larevistadigital.com.ar\/blog\/wp-content\/uploads\/Captura-de-pantalla-2026-02-04-231431.jpg?fit=801%2C488&ssl=1&resize=700%2C400 2x"},"classes":[]},{"id":6271,"url":"https:\/\/larevistadigital.com.ar\/blog\/fuertes-rumores-de-cambios-en-el-gabinete-de-macri-con-guino-al-peronismo\/","url_meta":{"origin":35371,"position":5},"title":"FUERTES RUMORES DE CAMBIOS EN EL GABINETE DE MACRI, CON GUI\u00d1O AL PERONISMO","author":"Alejandro Sosa Ruda","date":"17 agosto, 2018","format":false,"excerpt":"Hace algunos d\u00edas que circulan rumores en los que supuestamente el gobierno de Mauricio Macri realizar\u00eda algunos cambios en el gabinete y que probablemente sean este fin de semana. Adem\u00e1s se habla de alguna especie de \"gui\u00f1o\" a los gobernadores peronistas para seguir aceitando las relaciones. Seg\u00fan el sitio LPO\u2026","rel":"","context":"En \u00abPOLITICA\u00bb","block_context":{"text":"POLITICA","link":"https:\/\/larevistadigital.com.ar\/blog\/category\/politica\/"},"img":{"alt_text":"","src":"https:\/\/i0.wp.com\/larevistadigital.com.ar\/blog\/wp-content\/uploads\/2018\/08\/macri-atravesamos-tormenta-frente-110048-103751.jpg?fit=1200%2C675&ssl=1&resize=350%2C200","width":350,"height":200,"srcset":"https:\/\/i0.wp.com\/larevistadigital.com.ar\/blog\/wp-content\/uploads\/2018\/08\/macri-atravesamos-tormenta-frente-110048-103751.jpg?fit=1200%2C675&ssl=1&resize=350%2C200 1x, https:\/\/i0.wp.com\/larevistadigital.com.ar\/blog\/wp-content\/uploads\/2018\/08\/macri-atravesamos-tormenta-frente-110048-103751.jpg?fit=1200%2C675&ssl=1&resize=525%2C300 1.5x, https:\/\/i0.wp.com\/larevistadigital.com.ar\/blog\/wp-content\/uploads\/2018\/08\/macri-atravesamos-tormenta-frente-110048-103751.jpg?fit=1200%2C675&ssl=1&resize=700%2C400 2x, https:\/\/i0.wp.com\/larevistadigital.com.ar\/blog\/wp-content\/uploads\/2018\/08\/macri-atravesamos-tormenta-frente-110048-103751.jpg?fit=1200%2C675&ssl=1&resize=1050%2C600 3x"},"classes":[]}],"_links":{"self":[{"href":"https:\/\/larevistadigital.com.ar\/blog\/wp-json\/wp\/v2\/posts\/35371","targetHints":{"allow":["GET"]}}],"collection":[{"href":"https:\/\/larevistadigital.com.ar\/blog\/wp-json\/wp\/v2\/posts"}],"about":[{"href":"https:\/\/larevistadigital.com.ar\/blog\/wp-json\/wp\/v2\/types\/post"}],"author":[{"embeddable":true,"href":"https:\/\/larevistadigital.com.ar\/blog\/wp-json\/wp\/v2\/users\/3"}],"replies":[{"embeddable":true,"href":"https:\/\/larevistadigital.com.ar\/blog\/wp-json\/wp\/v2\/comments?post=35371"}],"version-history":[{"count":1,"href":"https:\/\/larevistadigital.com.ar\/blog\/wp-json\/wp\/v2\/posts\/35371\/revisions"}],"predecessor-version":[{"id":35373,"href":"https:\/\/larevistadigital.com.ar\/blog\/wp-json\/wp\/v2\/posts\/35371\/revisions\/35373"}],"wp:featuredmedia":[{"embeddable":true,"href":"https:\/\/larevistadigital.com.ar\/blog\/wp-json\/wp\/v2\/media\/35372"}],"wp:attachment":[{"href":"https:\/\/larevistadigital.com.ar\/blog\/wp-json\/wp\/v2\/media?parent=35371"}],"wp:term":[{"taxonomy":"category","embeddable":true,"href":"https:\/\/larevistadigital.com.ar\/blog\/wp-json\/wp\/v2\/categories?post=35371"},{"taxonomy":"post_tag","embeddable":true,"href":"https:\/\/larevistadigital.com.ar\/blog\/wp-json\/wp\/v2\/tags?post=35371"}],"curies":[{"name":"wp","href":"https:\/\/api.w.org\/{rel}","templated":true}]}}