{"id":35374,"date":"2024-03-05T09:03:36","date_gmt":"2024-03-05T12:03:36","guid":{"rendered":"https:\/\/larevistadigital.com.ar\/blog\/?p=35374"},"modified":"2024-03-05T09:03:36","modified_gmt":"2024-03-05T12:03:36","slug":"la-policia-federal-allano-la-casa-del-broker-amigo-de-alberto-fernandez-por-el-escandalo-de-los-seguros","status":"publish","type":"post","link":"https:\/\/larevistadigital.com.ar\/blog\/la-policia-federal-allano-la-casa-del-broker-amigo-de-alberto-fernandez-por-el-escandalo-de-los-seguros\/","title":{"rendered":"LA POLIC\u00cdA FEDERAL ALLAN\u00d3 LA CASA DEL BROKER AMIGO DE ALBERTO FERN\u00c1NDEZ POR EL ESC\u00c1NDALO DE LOS SEGUROS"},"content":{"rendered":"<h2>Es el marido de la secretaria del ex presidente, a quien Fern\u00e1ndez acus\u00f3 de ser responsable del tema.<\/h2>\n<p>5 De marzo de 2024<\/p>\n<p>Se trata de <strong>H\u00e9ctor Mart\u00ednez Sosa<\/strong>. Los agentes llegaron por orden del juez de la causa, <strong>Juli\u00e1n Ercolini<\/strong>, quien tambi\u00e9n orden\u00f3 operativos en las viviendas y empresas de otros dos imputados. El operativo comenz\u00f3 a la noche en la casa del investigado, ubicada en San Fernando, provincia de Buenos Aires.<\/p>\n<p>El abogado que lo representa a \u00e9l y a su esposa, <strong>Mar\u00eda Cantero<\/strong>, hist\u00f3rica secretaria de <strong>Alberto Fern\u00e1ndez<\/strong>, se dio cita en el lugar y tom\u00f3 contacto con los agentes solicitando dialogar con el responsable del operativo.<\/p>\n<p>En paralelo, se realizaron tres procedimientos similares en oficinas y viviendas pertenecientes a <strong>Alberto Pagliano y Pablo Torres Garc\u00eda<\/strong>. Se trata de las personas se\u00f1aladas en el esquema denunciado por el actual gobierno, con el que se habr\u00eda montado un negocio a partir de la contrataci\u00f3n de Seguros para las distintas prestaciones en las que interven\u00edan los organismos del Estado.<\/p>\n","protected":false},"excerpt":{"rendered":"<div class=\"mh-excerpt\"><p>Es el marido de la secretaria del ex presidente, a quien Fern\u00e1ndez acus\u00f3 de ser responsable del tema. 5 De marzo de 2024 Se trata de H\u00e9ctor Mart\u00ednez Sosa. Los agentes llegaron por orden del <a class=\"mh-excerpt-more\" href=\"https:\/\/larevistadigital.com.ar\/blog\/la-policia-federal-allano-la-casa-del-broker-amigo-de-alberto-fernandez-por-el-escandalo-de-los-seguros\/\" title=\"LA POLIC\u00cdA FEDERAL ALLAN\u00d3 LA CASA DEL BROKER AMIGO DE ALBERTO FERN\u00c1NDEZ POR EL ESC\u00c1NDALO DE LOS SEGUROS\">[Leer M\u00e1s]<\/a><\/p>\n<\/div>","protected":false},"author":3,"featured_media":35376,"comment_status":"open","ping_status":"open","sticky":false,"template":"","format":"standard","meta":{"_jetpack_memberships_contains_paid_content":false,"footnotes":"","jetpack_publicize_message":"","jetpack_publicize_feature_enabled":true,"jetpack_social_post_already_shared":true,"jetpack_social_options":{"image_generator_settings":{"template":"highway","default_image_id":0,"font":"","enabled":false},"version":2}},"categories":[1],"tags":[],"class_list":{"0":"post-35374","1":"post","2":"type-post","3":"status-publish","4":"format-standard","5":"has-post-thumbnail","7":"category-sin-categoria"},"jetpack_publicize_connections":[],"jetpack_featured_media_url":"https:\/\/i0.wp.com\/larevistadigital.com.ar\/blog\/wp-content\/uploads\/allanamiento.png?fit=800%2C447&ssl=1","jetpack_sharing_enabled":true,"jetpack_shortlink":"https:\/\/wp.me\/p8qtrQ-9cy","jetpack-related-posts":[{"id":35378,"url":"https:\/\/larevistadigital.com.ar\/blog\/otra-polemica-el-hermano-de-la-secretaria-de-alberto-fernandez-gestiono-para-el-estado-negocios-alrededor-de-vaca-muerta\/","url_meta":{"origin":35374,"position":0},"title":"OTRA POL\u00c9MICA: EL HERMANO DE LA SECRETARIA DE ALBERTO FERN\u00c1NDEZ GESTION\u00d3 PARA EL ESTADO NEGOCIOS ALREDEDOR DE VACA MUERTA","author":"Alejandro Sosa Ruda","date":"5 marzo, 2024","format":false,"excerpt":"Habr\u00eda un enorme negocio inmobiliario. 5 De Marzo de 2024 Sebasti\u00e1n Cantero, hermano menor de la hist\u00f3rica asesora privada del expresidente, se involucr\u00f3 con la nueva playa ferroviaria del yacimiento, la venta de terrenos alrededor de la traza y una donaci\u00f3n al Gobierno. La reserva de petr\u00f3leo es un im\u00e1n\u2026","rel":"","context":"En \u00abINTERES GENERAL\u00bb","block_context":{"text":"INTERES GENERAL","link":"https:\/\/larevistadigital.com.ar\/blog\/category\/interes-general\/"},"img":{"alt_text":"","src":"https:\/\/i0.wp.com\/larevistadigital.com.ar\/blog\/wp-content\/uploads\/Sebastian-Cantero-sector-hidrocarburiferos-.jpeg?fit=1200%2C800&ssl=1&resize=350%2C200","width":350,"height":200,"srcset":"https:\/\/i0.wp.com\/larevistadigital.com.ar\/blog\/wp-content\/uploads\/Sebastian-Cantero-sector-hidrocarburiferos-.jpeg?fit=1200%2C800&ssl=1&resize=350%2C200 1x, https:\/\/i0.wp.com\/larevistadigital.com.ar\/blog\/wp-content\/uploads\/Sebastian-Cantero-sector-hidrocarburiferos-.jpeg?fit=1200%2C800&ssl=1&resize=525%2C300 1.5x, https:\/\/i0.wp.com\/larevistadigital.com.ar\/blog\/wp-content\/uploads\/Sebastian-Cantero-sector-hidrocarburiferos-.jpeg?fit=1200%2C800&ssl=1&resize=700%2C400 2x, https:\/\/i0.wp.com\/larevistadigital.com.ar\/blog\/wp-content\/uploads\/Sebastian-Cantero-sector-hidrocarburiferos-.jpeg?fit=1200%2C800&ssl=1&resize=1050%2C600 3x"},"classes":[]},{"id":31166,"url":"https:\/\/larevistadigital.com.ar\/blog\/alberto-fernandez-se-bajo-de-la-carrera-y-no-sera-candidato-a-presidente\/","url_meta":{"origin":35374,"position":1},"title":"ALBERTO FERNANDEZ SE BAJ\u00d3 DE LA CARRERA Y NO SER\u00c1 CANDIDATO A PRESIDENTE.","author":"Alejandro Sosa Ruda","date":"21 abril, 2023","format":false,"excerpt":"En la previa del Consejo del PJ public\u00f3 un video en el que anunci\u00f3 que se corre de la pelea por una candidatura en Primarias. En Casa Rosada aclararon que se pondr\u00e1 \u201cal frente del armado electoral\u201d del Frente de Todos. 21 de abril de 2023 Alberto Fern\u00e1ndez anunci\u00f3 este\u2026","rel":"","context":"En \u00abPOLITICA\u00bb","block_context":{"text":"POLITICA","link":"https:\/\/larevistadigital.com.ar\/blog\/category\/politica\/"},"img":{"alt_text":"","src":"https:\/\/i0.wp.com\/larevistadigital.com.ar\/blog\/wp-content\/uploads\/descarga-20.jpg?fit=800%2C448&ssl=1&resize=350%2C200","width":350,"height":200,"srcset":"https:\/\/i0.wp.com\/larevistadigital.com.ar\/blog\/wp-content\/uploads\/descarga-20.jpg?fit=800%2C448&ssl=1&resize=350%2C200 1x, https:\/\/i0.wp.com\/larevistadigital.com.ar\/blog\/wp-content\/uploads\/descarga-20.jpg?fit=800%2C448&ssl=1&resize=525%2C300 1.5x, https:\/\/i0.wp.com\/larevistadigital.com.ar\/blog\/wp-content\/uploads\/descarga-20.jpg?fit=800%2C448&ssl=1&resize=700%2C400 2x"},"classes":[]},{"id":43151,"url":"https:\/\/larevistadigital.com.ar\/blog\/chascomus-el-intendente-javier-gaston-visito-a-los-agentes-que-participan-del-operativo-de-sol-a-sol-en-chascomus\/","url_meta":{"origin":35374,"position":2},"title":"Chascom\u00fas: El intendente Javier Gast\u00f3n visit\u00f3 a los agentes que participan del Operativo de Sol a Sol en Chascom\u00fas","author":"Alejandro Sosa Ruda","date":"5 enero, 2026","format":false,"excerpt":"El jefe comunal, junto a la secretar\u00eda de Seguridad, Mariela Moscarella, dio la bienvenida a los 20 agentes y 4 coordinadores que refuerzan las tareas de prevenci\u00f3n y cuidado durante la temporada de verano en el marco del Operativo de Sol a El intendente Javier Gast\u00f3n visit\u00f3 a los 20\u2026","rel":"","context":"En \u00abCHASCOM\u00daS\u00bb","block_context":{"text":"CHASCOM\u00daS","link":"https:\/\/larevistadigital.com.ar\/blog\/category\/chascomus\/"},"img":{"alt_text":"","src":"https:\/\/i0.wp.com\/larevistadigital.com.ar\/blog\/wp-content\/uploads\/695bf5450baf3.png?fit=668%2C445&ssl=1&resize=350%2C200","width":350,"height":200,"srcset":"https:\/\/i0.wp.com\/larevistadigital.com.ar\/blog\/wp-content\/uploads\/695bf5450baf3.png?fit=668%2C445&ssl=1&resize=350%2C200 1x, https:\/\/i0.wp.com\/larevistadigital.com.ar\/blog\/wp-content\/uploads\/695bf5450baf3.png?fit=668%2C445&ssl=1&resize=525%2C300 1.5x"},"classes":[]},{"id":12878,"url":"https:\/\/larevistadigital.com.ar\/blog\/alberto-fernandez-es-el-nuevo-presidente-de-los-argentinos\/","url_meta":{"origin":35374,"position":3},"title":"ALBERTO FERNANDEZ ES EL NUEVO PRESIDENTE DE LOS ARGENTINOS","author":"Alejandro Sosa Ruda","date":"28 octubre, 2019","format":false,"excerpt":"Confirm\u00f3 que ma\u00f1ana a las 9 se reunir\u00e1 con Macri en la Rosada. \u201cMa\u00f1ana me reunir\u00e9 con Macri y\u00a0empezaremos a ver c\u00f3mo transcurrimos el tiempo que nos queda. Vamos a colaborar en todo en lo que podamos colaborar porque lo \u00fanico que nos interesa es que los argentinos dejen de\u2026","rel":"","context":"En \u00abDESTACADAS\u00bb","block_context":{"text":"DESTACADAS","link":"https:\/\/larevistadigital.com.ar\/blog\/category\/destacadas\/"},"img":{"alt_text":"","src":"https:\/\/i0.wp.com\/larevistadigital.com.ar\/blog\/wp-content\/uploads\/Screenshot_1-54.jpg?fit=1200%2C662&ssl=1&resize=350%2C200","width":350,"height":200,"srcset":"https:\/\/i0.wp.com\/larevistadigital.com.ar\/blog\/wp-content\/uploads\/Screenshot_1-54.jpg?fit=1200%2C662&ssl=1&resize=350%2C200 1x, https:\/\/i0.wp.com\/larevistadigital.com.ar\/blog\/wp-content\/uploads\/Screenshot_1-54.jpg?fit=1200%2C662&ssl=1&resize=525%2C300 1.5x, https:\/\/i0.wp.com\/larevistadigital.com.ar\/blog\/wp-content\/uploads\/Screenshot_1-54.jpg?fit=1200%2C662&ssl=1&resize=700%2C400 2x, https:\/\/i0.wp.com\/larevistadigital.com.ar\/blog\/wp-content\/uploads\/Screenshot_1-54.jpg?fit=1200%2C662&ssl=1&resize=1050%2C600 3x"},"classes":[]},{"id":16200,"url":"https:\/\/larevistadigital.com.ar\/blog\/castelli-el-primer-barrio-del-pais-con-acceso-gratuito-a-internet\/","url_meta":{"origin":35374,"position":4},"title":"CASTELLI: EL PRIMER BARRIO DEL PA\u00cdS CON ACCESO GRATUITO A INTERNET","author":"Alejandro Sosa Ruda","date":"2 septiembre, 2020","format":false,"excerpt":"\u00a0Los vecinos de un barrio de la localidad bonaerense de Castelli tienen servicio b\u00e1sico de internet gratuito. La conexi\u00f3n digital 100% gratuita es la primera en un barrio popular de Argentina. \"Un acceso equitativo a internet garantiza que la brecha digital se achique cada vez m\u00e1s, sobre todo en barrios\u2026","rel":"","context":"En \u00abCASTELLI\u00bb","block_context":{"text":"CASTELLI","link":"https:\/\/larevistadigital.com.ar\/blog\/category\/castelli\/"},"img":{"alt_text":"","src":"https:\/\/i0.wp.com\/larevistadigital.com.ar\/blog\/wp-content\/uploads\/118495213_4401126966594978_9049992640916659726_n.jpg?fit=880%2C493&ssl=1&resize=350%2C200","width":350,"height":200,"srcset":"https:\/\/i0.wp.com\/larevistadigital.com.ar\/blog\/wp-content\/uploads\/118495213_4401126966594978_9049992640916659726_n.jpg?fit=880%2C493&ssl=1&resize=350%2C200 1x, https:\/\/i0.wp.com\/larevistadigital.com.ar\/blog\/wp-content\/uploads\/118495213_4401126966594978_9049992640916659726_n.jpg?fit=880%2C493&ssl=1&resize=525%2C300 1.5x, https:\/\/i0.wp.com\/larevistadigital.com.ar\/blog\/wp-content\/uploads\/118495213_4401126966594978_9049992640916659726_n.jpg?fit=880%2C493&ssl=1&resize=700%2C400 2x"},"classes":[]},{"id":30045,"url":"https:\/\/larevistadigital.com.ar\/blog\/interna-sin-tregua-alberto-fernandez-convoco-a-la-mesa-politica-del-fdt-pero-no-iran-ni-cristina-ni-maximo\/","url_meta":{"origin":35374,"position":5},"title":"INTERNA SIN TREGUA: ALBERTO FERNANDEZ CONVOC\u00d3 A LA MESA POL\u00cdTICA DEL FDT PERO NO IR\u00c1N NI CRISTINA NI M\u00c1XIMO.","author":"Alejandro Sosa Ruda","date":"8 febrero, 2023","format":false,"excerpt":"La estructura se reunir\u00e1 el jueves 16. Jorge Capitanich admiti\u00f3 que las PASO ya no se pueden suspender. 08 de febrero de 2023 Alberto Fern\u00e1ndez\u00a0le puso fecha y hora a la convocatoria de la mesa nacional del Frente de Todos. Esta tarde, desde la Casa Rosada, confirmaron que el encuentro\u2026","rel":"","context":"En \u00abPOLITICA NACIONAL\u00bb","block_context":{"text":"POLITICA NACIONAL","link":"https:\/\/larevistadigital.com.ar\/blog\/category\/politica\/politica-nacional\/"},"img":{"alt_text":"","src":"https:\/\/i0.wp.com\/larevistadigital.com.ar\/blog\/wp-content\/uploads\/dd-1.jpg?fit=695%2C340&ssl=1&resize=350%2C200","width":350,"height":200,"srcset":"https:\/\/i0.wp.com\/larevistadigital.com.ar\/blog\/wp-content\/uploads\/dd-1.jpg?fit=695%2C340&ssl=1&resize=350%2C200 1x, https:\/\/i0.wp.com\/larevistadigital.com.ar\/blog\/wp-content\/uploads\/dd-1.jpg?fit=695%2C340&ssl=1&resize=525%2C300 1.5x"},"classes":[]}],"_links":{"self":[{"href":"https:\/\/larevistadigital.com.ar\/blog\/wp-json\/wp\/v2\/posts\/35374","targetHints":{"allow":["GET"]}}],"collection":[{"href":"https:\/\/larevistadigital.com.ar\/blog\/wp-json\/wp\/v2\/posts"}],"about":[{"href":"https:\/\/larevistadigital.com.ar\/blog\/wp-json\/wp\/v2\/types\/post"}],"author":[{"embeddable":true,"href":"https:\/\/larevistadigital.com.ar\/blog\/wp-json\/wp\/v2\/users\/3"}],"replies":[{"embeddable":true,"href":"https:\/\/larevistadigital.com.ar\/blog\/wp-json\/wp\/v2\/comments?post=35374"}],"version-history":[{"count":1,"href":"https:\/\/larevistadigital.com.ar\/blog\/wp-json\/wp\/v2\/posts\/35374\/revisions"}],"predecessor-version":[{"id":35377,"href":"https:\/\/larevistadigital.com.ar\/blog\/wp-json\/wp\/v2\/posts\/35374\/revisions\/35377"}],"wp:featuredmedia":[{"embeddable":true,"href":"https:\/\/larevistadigital.com.ar\/blog\/wp-json\/wp\/v2\/media\/35376"}],"wp:attachment":[{"href":"https:\/\/larevistadigital.com.ar\/blog\/wp-json\/wp\/v2\/media?parent=35374"}],"wp:term":[{"taxonomy":"category","embeddable":true,"href":"https:\/\/larevistadigital.com.ar\/blog\/wp-json\/wp\/v2\/categories?post=35374"},{"taxonomy":"post_tag","embeddable":true,"href":"https:\/\/larevistadigital.com.ar\/blog\/wp-json\/wp\/v2\/tags?post=35374"}],"curies":[{"name":"wp","href":"https:\/\/api.w.org\/{rel}","templated":true}]}}