{"id":35378,"date":"2024-03-05T09:09:43","date_gmt":"2024-03-05T12:09:43","guid":{"rendered":"https:\/\/larevistadigital.com.ar\/blog\/?p=35378"},"modified":"2024-03-05T09:09:43","modified_gmt":"2024-03-05T12:09:43","slug":"otra-polemica-el-hermano-de-la-secretaria-de-alberto-fernandez-gestiono-para-el-estado-negocios-alrededor-de-vaca-muerta","status":"publish","type":"post","link":"https:\/\/larevistadigital.com.ar\/blog\/otra-polemica-el-hermano-de-la-secretaria-de-alberto-fernandez-gestiono-para-el-estado-negocios-alrededor-de-vaca-muerta\/","title":{"rendered":"OTRA POL\u00c9MICA: EL HERMANO DE LA SECRETARIA DE ALBERTO FERN\u00c1NDEZ GESTION\u00d3 PARA EL ESTADO NEGOCIOS ALREDEDOR DE VACA MUERTA"},"content":{"rendered":"<h2>Habr\u00eda un enorme negocio inmobiliario.<\/h2>\n<p>5 De Marzo de 2024<\/p>\n<p><strong>Sebasti\u00e1n Cantero<\/strong>, hermano menor de la hist\u00f3rica asesora privada del expresidente, se involucr\u00f3 con la nueva playa ferroviaria del yacimiento, la venta de terrenos alrededor de la traza y una donaci\u00f3n al Gobierno.<\/p>\n<p>La reserva de petr\u00f3leo es un im\u00e1n para las inversiones debido a la construcci\u00f3n del <strong>Gasoducto N\u00e9stor Kirchner<\/strong> y al supuesto inicio de obras para el Tren Norpatag\u00f3nico, que debe atravesar el pa\u00eds a lo ancho, entre esa localidad y Bah\u00eda Blanca. Ambos proyectos tienen un impacto incalculable en la valorizaci\u00f3n de la zona.<\/p>\n<blockquote>\n<h3>Alrededor de la traza ferroviaria hay miles de hect\u00e1reas a ser vendidas o explotadas. El responsable de concretar esas operaciones es <strong>Sebasti\u00e1n Cantero<\/strong>.<\/h3>\n<\/blockquote>\n<p>A mediados del a\u00f1o pasado gan\u00f3 la licitaci\u00f3n para la obra de una unidad transitoria de empresas llamada Lemiro Pablo Pietroboni SA &#8211; Sabavisa S.A., pero durante la \u00faltima etapa de 2023 se puso en el congelador el contrato por la incertidumbre pol\u00edtica y econ\u00f3mica.<\/p>\n","protected":false},"excerpt":{"rendered":"<div class=\"mh-excerpt\"><p>Habr\u00eda un enorme negocio inmobiliario. 5 De Marzo de 2024 Sebasti\u00e1n Cantero, hermano menor de la hist\u00f3rica asesora privada del expresidente, se involucr\u00f3 con la nueva playa ferroviaria del yacimiento, la venta de terrenos alrededor <a class=\"mh-excerpt-more\" href=\"https:\/\/larevistadigital.com.ar\/blog\/otra-polemica-el-hermano-de-la-secretaria-de-alberto-fernandez-gestiono-para-el-estado-negocios-alrededor-de-vaca-muerta\/\" title=\"OTRA POL\u00c9MICA: EL HERMANO DE LA SECRETARIA DE ALBERTO FERN\u00c1NDEZ GESTION\u00d3 PARA EL ESTADO NEGOCIOS ALREDEDOR DE VACA MUERTA\">[Leer M\u00e1s]<\/a><\/p>\n<\/div>","protected":false},"author":3,"featured_media":35379,"comment_status":"open","ping_status":"open","sticky":false,"template":"","format":"standard","meta":{"_jetpack_memberships_contains_paid_content":false,"footnotes":"","jetpack_publicize_message":"","jetpack_publicize_feature_enabled":true,"jetpack_social_post_already_shared":true,"jetpack_social_options":{"image_generator_settings":{"template":"highway","default_image_id":0,"font":"","enabled":false},"version":2}},"categories":[50],"tags":[],"class_list":{"0":"post-35378","1":"post","2":"type-post","3":"status-publish","4":"format-standard","5":"has-post-thumbnail","7":"category-interes-general"},"jetpack_publicize_connections":[],"jetpack_featured_media_url":"https:\/\/i0.wp.com\/larevistadigital.com.ar\/blog\/wp-content\/uploads\/Sebastian-Cantero-sector-hidrocarburiferos-.jpeg?fit=1200%2C800&ssl=1","jetpack_sharing_enabled":true,"jetpack_shortlink":"https:\/\/wp.me\/p8qtrQ-9cC","jetpack-related-posts":[{"id":18672,"url":"https:\/\/larevistadigital.com.ar\/blog\/manejo-borracho-sobre-las-vias-pero-el-tren-pudo-frenar-y-se-evito-una-tragedia\/","url_meta":{"origin":35378,"position":0},"title":"MANEJ\u00d3 BORRACHO SOBRE LAS V\u00cdAS, PERO EL TREN PUDO FRENAR Y SE EVIT\u00d3 UNA TRAGEDIA","author":"Alejandro Sosa Ruda","date":"24 enero, 2021","format":false,"excerpt":"El veh\u00edculo ingres\u00f3 a la traza ferroviaria y empez\u00f3 a circular por ella. Una formaci\u00f3n lleg\u00f3 a detener su marcha justo a tiempo y evit\u00f3 una tragedia. Hace algunos d\u00edas, La Plata amaneci\u00f3 con una situaci\u00f3n que gener\u00f3 preocupaci\u00f3n y sorpresa. Fue por un auto que se subi\u00f3 a las\u2026","rel":"","context":"En \u00abPOLICIALES\u00bb","block_context":{"text":"POLICIALES","link":"https:\/\/larevistadigital.com.ar\/blog\/category\/policiales\/"},"img":{"alt_text":"","src":"https:\/\/i0.wp.com\/larevistadigital.com.ar\/blog\/wp-content\/uploads\/1611493884468.jpg?fit=1200%2C578&ssl=1&resize=350%2C200","width":350,"height":200,"srcset":"https:\/\/i0.wp.com\/larevistadigital.com.ar\/blog\/wp-content\/uploads\/1611493884468.jpg?fit=1200%2C578&ssl=1&resize=350%2C200 1x, https:\/\/i0.wp.com\/larevistadigital.com.ar\/blog\/wp-content\/uploads\/1611493884468.jpg?fit=1200%2C578&ssl=1&resize=525%2C300 1.5x, https:\/\/i0.wp.com\/larevistadigital.com.ar\/blog\/wp-content\/uploads\/1611493884468.jpg?fit=1200%2C578&ssl=1&resize=700%2C400 2x, https:\/\/i0.wp.com\/larevistadigital.com.ar\/blog\/wp-content\/uploads\/1611493884468.jpg?fit=1200%2C578&ssl=1&resize=1050%2C600 3x"},"classes":[]},{"id":41,"url":"https:\/\/larevistadigital.com.ar\/blog\/bomberos-lezamenses-recibieron-una-capacitacion-sobre-los-nuevos-trenes\/","url_meta":{"origin":35378,"position":1},"title":"Bomberos Lezamenses recibieron una capacitaci\u00f3n sobre los nuevos trenes","author":"editor","date":"30 enero, 2017","format":false,"excerpt":"En el Cuartel de Bomberos Voluntarios de Lezama se realiz\u00f3 una capacitaci\u00f3n ferroviaria, brindada por la Gerencia de Seguridad Operacional del Ministerio de Transportes de la Naci\u00f3n (Trenes Argentinos). Durante la misma, se inform\u00f3 de las diferentes formaciones que pasaran por Lezama por la traza ferroviaria hacia la ciudad de\u2026","rel":"","context":"En \u00abLEZAMA\u00bb","block_context":{"text":"LEZAMA","link":"https:\/\/larevistadigital.com.ar\/blog\/category\/lezama\/"},"img":{"alt_text":"","src":"https:\/\/i0.wp.com\/larevistadigital.com.ar\/blog\/wp-content\/uploads\/2017\/01\/ca-.jpg?fit=960%2C541&ssl=1&resize=350%2C200","width":350,"height":200,"srcset":"https:\/\/i0.wp.com\/larevistadigital.com.ar\/blog\/wp-content\/uploads\/2017\/01\/ca-.jpg?fit=960%2C541&ssl=1&resize=350%2C200 1x, https:\/\/i0.wp.com\/larevistadigital.com.ar\/blog\/wp-content\/uploads\/2017\/01\/ca-.jpg?fit=960%2C541&ssl=1&resize=525%2C300 1.5x, https:\/\/i0.wp.com\/larevistadigital.com.ar\/blog\/wp-content\/uploads\/2017\/01\/ca-.jpg?fit=960%2C541&ssl=1&resize=700%2C400 2x"},"classes":[]},{"id":27638,"url":"https:\/\/larevistadigital.com.ar\/blog\/la-musica-de-luto-murio-marciano-cantero-lider-de-los-enanitos-verdes\/","url_meta":{"origin":35378,"position":2},"title":"LA M\u00daSICA DE LUTO: MURI\u00d3 MARCIANO CANTERO, L\u00cdDER DE \u00abLOS ENANITOS VERDES\u00bb","author":"Alejandro Sosa Ruda","date":"9 septiembre, 2022","format":false,"excerpt":"El m\u00fasico, de 62 a\u00f1os, hab\u00eda sido operado a fines de agosto en la Cl\u00ednica de Cuyo al sufrir el agravamiento de una dolencia renal a la vuelta de una gira de la banda. All\u00ed le hab\u00edan extirpado un ri\u00f1\u00f3n y parte del bazo, y su cuadro ya era delicado.\u2026","rel":"","context":"En \u00abCULTURA\u00bb","block_context":{"text":"CULTURA","link":"https:\/\/larevistadigital.com.ar\/blog\/category\/cultura\/"},"img":{"alt_text":"","src":"https:\/\/i0.wp.com\/larevistadigital.com.ar\/blog\/wp-content\/uploads\/631b2cd77bb0e_900.jpg?fit=900%2C506&ssl=1&resize=350%2C200","width":350,"height":200,"srcset":"https:\/\/i0.wp.com\/larevistadigital.com.ar\/blog\/wp-content\/uploads\/631b2cd77bb0e_900.jpg?fit=900%2C506&ssl=1&resize=350%2C200 1x, https:\/\/i0.wp.com\/larevistadigital.com.ar\/blog\/wp-content\/uploads\/631b2cd77bb0e_900.jpg?fit=900%2C506&ssl=1&resize=525%2C300 1.5x, https:\/\/i0.wp.com\/larevistadigital.com.ar\/blog\/wp-content\/uploads\/631b2cd77bb0e_900.jpg?fit=900%2C506&ssl=1&resize=700%2C400 2x"},"classes":[]},{"id":12833,"url":"https:\/\/larevistadigital.com.ar\/blog\/parapentista-cae-en-la-autopista-del-oeste-en-lujan-y-muere-atropellado\/","url_meta":{"origin":35378,"position":3},"title":"PARAPENTISTA CAE EN LA AUTOPISTA DEL OESTE EN LUJAN Y MUERE ATROPELLADO","author":"Alejandro Sosa Ruda","date":"27 octubre, 2019","format":false,"excerpt":"El deportista descendi\u00f3 en el cantero que separa ambas manos de la autov\u00eda del Oeste. y el viento lo empuj\u00f3 hacia el medio de la ruta. Ten\u00eda 33 a\u00f1os. Un tr\u00e1gico episodio se produjo este s\u00e1bado en Lujan cuando un joven que practicaba parapente fue sorprendido por una intensa r\u00e1faga\u2026","rel":"","context":"En \u00abINTERES GENERAL\u00bb","block_context":{"text":"INTERES GENERAL","link":"https:\/\/larevistadigital.com.ar\/blog\/category\/interes-general\/"},"img":{"alt_text":"","src":"https:\/\/i0.wp.com\/larevistadigital.com.ar\/blog\/wp-content\/uploads\/Screenshot_2-52.jpg?fit=1200%2C604&ssl=1&resize=350%2C200","width":350,"height":200,"srcset":"https:\/\/i0.wp.com\/larevistadigital.com.ar\/blog\/wp-content\/uploads\/Screenshot_2-52.jpg?fit=1200%2C604&ssl=1&resize=350%2C200 1x, https:\/\/i0.wp.com\/larevistadigital.com.ar\/blog\/wp-content\/uploads\/Screenshot_2-52.jpg?fit=1200%2C604&ssl=1&resize=525%2C300 1.5x, https:\/\/i0.wp.com\/larevistadigital.com.ar\/blog\/wp-content\/uploads\/Screenshot_2-52.jpg?fit=1200%2C604&ssl=1&resize=700%2C400 2x, https:\/\/i0.wp.com\/larevistadigital.com.ar\/blog\/wp-content\/uploads\/Screenshot_2-52.jpg?fit=1200%2C604&ssl=1&resize=1050%2C600 3x"},"classes":[]},{"id":16047,"url":"https:\/\/larevistadigital.com.ar\/blog\/tres-personas-robaban-durmientes-en-solis-entre-rico-y-ameghino-la-policia-llego-pero-eran-menores-el-mayor-ya-no-estaba\/","url_meta":{"origin":35378,"position":4},"title":"TRES PERSONAS ROBABAN DURMIENTES EN SOLIS ENTRE RICO Y AMEGHINO. LA POLIC\u00cdA LLEG\u00d3 PERO ERAN MENORES. EL MAYOR YA NO ESTABA","author":"Alejandro Sosa Ruda","date":"15 agosto, 2020","format":false,"excerpt":"CHASCOM\u00daS - Vecinos denunciaron a tres individuos (un mayor y dos menores) que se encontraban robando durmientes en la vieja traza ferroviaria en calle Sol\u00eds entre Grito de Dolores y Ameghino. La polic\u00eda lleg\u00f3 al lugar, logrando aprender a los menores, porque el mayor ya se hab\u00eda retirado. Un vecino\u2026","rel":"","context":"En \u00abCHASCOM\u00daS\u00bb","block_context":{"text":"CHASCOM\u00daS","link":"https:\/\/larevistadigital.com.ar\/blog\/category\/chascomus\/"},"img":{"alt_text":"","src":"https:\/\/i0.wp.com\/larevistadigital.com.ar\/blog\/wp-content\/uploads\/WhatsApp-Image-2020-08-15-at-11.27.25.jpeg?fit=1200%2C676&ssl=1&resize=350%2C200","width":350,"height":200,"srcset":"https:\/\/i0.wp.com\/larevistadigital.com.ar\/blog\/wp-content\/uploads\/WhatsApp-Image-2020-08-15-at-11.27.25.jpeg?fit=1200%2C676&ssl=1&resize=350%2C200 1x, https:\/\/i0.wp.com\/larevistadigital.com.ar\/blog\/wp-content\/uploads\/WhatsApp-Image-2020-08-15-at-11.27.25.jpeg?fit=1200%2C676&ssl=1&resize=525%2C300 1.5x, https:\/\/i0.wp.com\/larevistadigital.com.ar\/blog\/wp-content\/uploads\/WhatsApp-Image-2020-08-15-at-11.27.25.jpeg?fit=1200%2C676&ssl=1&resize=700%2C400 2x, https:\/\/i0.wp.com\/larevistadigital.com.ar\/blog\/wp-content\/uploads\/WhatsApp-Image-2020-08-15-at-11.27.25.jpeg?fit=1200%2C676&ssl=1&resize=1050%2C600 3x"},"classes":[]},{"id":17350,"url":"https:\/\/larevistadigital.com.ar\/blog\/ruta-2-camion-volco-en-el-terraplen-central-de-la-autopista\/","url_meta":{"origin":35378,"position":5},"title":"RUTA 2: CAMI\u00d3N VOLC\u00d3 EN EL TERRAPLEN CENTRAL DE LA AUTOPISTA","author":"Alejandro Sosa Ruda","date":"30 octubre, 2020","format":false,"excerpt":"Un cami\u00f3n se despist\u00f3 ayer por la\u00a0 madrugada y cay\u00f3 al cantero central en la Autov\u00eda 2 en jurisdicci\u00f3n del distrito de General Guido. El accidente se produjo alrededor de la una de la madrugada, cuando un cami\u00f3n Iveco con acoplado que circulaba en direcci\u00f3n a Mar del Plata, se\u2026","rel":"","context":"En \u00abREGIONALES\u00bb","block_context":{"text":"REGIONALES","link":"https:\/\/larevistadigital.com.ar\/blog\/category\/regionales\/"},"img":{"alt_text":"","src":"https:\/\/i0.wp.com\/larevistadigital.com.ar\/blog\/wp-content\/uploads\/598ca16625d4e185de29d4bb47fd81d137970156.jpg?fit=1140%2C759&ssl=1&resize=350%2C200","width":350,"height":200,"srcset":"https:\/\/i0.wp.com\/larevistadigital.com.ar\/blog\/wp-content\/uploads\/598ca16625d4e185de29d4bb47fd81d137970156.jpg?fit=1140%2C759&ssl=1&resize=350%2C200 1x, https:\/\/i0.wp.com\/larevistadigital.com.ar\/blog\/wp-content\/uploads\/598ca16625d4e185de29d4bb47fd81d137970156.jpg?fit=1140%2C759&ssl=1&resize=525%2C300 1.5x, https:\/\/i0.wp.com\/larevistadigital.com.ar\/blog\/wp-content\/uploads\/598ca16625d4e185de29d4bb47fd81d137970156.jpg?fit=1140%2C759&ssl=1&resize=700%2C400 2x, https:\/\/i0.wp.com\/larevistadigital.com.ar\/blog\/wp-content\/uploads\/598ca16625d4e185de29d4bb47fd81d137970156.jpg?fit=1140%2C759&ssl=1&resize=1050%2C600 3x"},"classes":[]}],"_links":{"self":[{"href":"https:\/\/larevistadigital.com.ar\/blog\/wp-json\/wp\/v2\/posts\/35378","targetHints":{"allow":["GET"]}}],"collection":[{"href":"https:\/\/larevistadigital.com.ar\/blog\/wp-json\/wp\/v2\/posts"}],"about":[{"href":"https:\/\/larevistadigital.com.ar\/blog\/wp-json\/wp\/v2\/types\/post"}],"author":[{"embeddable":true,"href":"https:\/\/larevistadigital.com.ar\/blog\/wp-json\/wp\/v2\/users\/3"}],"replies":[{"embeddable":true,"href":"https:\/\/larevistadigital.com.ar\/blog\/wp-json\/wp\/v2\/comments?post=35378"}],"version-history":[{"count":1,"href":"https:\/\/larevistadigital.com.ar\/blog\/wp-json\/wp\/v2\/posts\/35378\/revisions"}],"predecessor-version":[{"id":35380,"href":"https:\/\/larevistadigital.com.ar\/blog\/wp-json\/wp\/v2\/posts\/35378\/revisions\/35380"}],"wp:featuredmedia":[{"embeddable":true,"href":"https:\/\/larevistadigital.com.ar\/blog\/wp-json\/wp\/v2\/media\/35379"}],"wp:attachment":[{"href":"https:\/\/larevistadigital.com.ar\/blog\/wp-json\/wp\/v2\/media?parent=35378"}],"wp:term":[{"taxonomy":"category","embeddable":true,"href":"https:\/\/larevistadigital.com.ar\/blog\/wp-json\/wp\/v2\/categories?post=35378"},{"taxonomy":"post_tag","embeddable":true,"href":"https:\/\/larevistadigital.com.ar\/blog\/wp-json\/wp\/v2\/tags?post=35378"}],"curies":[{"name":"wp","href":"https:\/\/api.w.org\/{rel}","templated":true}]}}