{"id":35386,"date":"2024-03-05T23:59:57","date_gmt":"2024-03-06T02:59:57","guid":{"rendered":"https:\/\/larevistadigital.com.ar\/blog\/?p=35386"},"modified":"2024-03-05T23:59:57","modified_gmt":"2024-03-06T02:59:57","slug":"chascomus-de-la-mano-de-jose-ignacio-cote-rossi-y-bajo-la-presidencia-de-alfredo-machin-el-proximo-lunes-11-3-24-se-inaugura-la-casa-peronista-en-calle-garay","status":"publish","type":"post","link":"https:\/\/larevistadigital.com.ar\/blog\/chascomus-de-la-mano-de-jose-ignacio-cote-rossi-y-bajo-la-presidencia-de-alfredo-machin-el-proximo-lunes-11-3-24-se-inaugura-la-casa-peronista-en-calle-garay\/","title":{"rendered":"CHASCOM\u00daS: DE LA MANO DE JOS\u00c9 IGNACIO \u00abCOTE\u00bb ROSSI Y BAJO LA PRESIDENCIA DE ALFREDO MACHIN, EL PR\u00d3XIMO LUNES 11-3-24  SE INAUGURA LA CASA PERONISTA EN CALLE GARAY"},"content":{"rendered":"<h2>De esta manera se cumple un viejo anhelo de los militantes peronistas de Chascom\u00fas, quienes tendr\u00e1n finalmente su casa.<\/h2>\n<p>5 De marzo de 2024<\/p>\n<p><strong>CHASCOM\u00daS &#8211;\u00a0<\/strong> El Vice Ministro de Cultura de la Provincia de Buenos Aires <strong>Jos\u00e9 Ignacio \u00abCote\u00bb Rossi<\/strong> mantuvo un di\u00e1logo con <strong>Alejandro \u00abEl Tano\u00bb Sosa<\/strong> y <strong>Carlos Lasserre<\/strong> durante el programa \u00abAtaque de Radio\u00bb que se emite en la FM Amistad, 102.7 Mhtz.<\/p>\n<p>En la entrevista, el Vice Ministro nativo de Chascom\u00fas se refiri\u00f3 a la importancia de la Cultura y el Deporte como m\u00e9todo de contenci\u00f3n e inclusi\u00f3n de jovenes y ni\u00f1os, pero resaltando el dif\u00edcil momento que atraviesa el pa\u00eds, y los grandes recortes que sufre la Provincia de Buenos Aires, lo que sin dudas complica a la gesti\u00f3n, asegurando que <em><strong>\u00abMe toca asumir en ese contexto, pero bueno, tendremos que apelar a la creatividad, la vocaci\u00f3n de servicio y trabajar m\u00e1s con menos, y le vamos a hacer frente&#8230; Trataremos de hacer el mejor papel posible\u00bb.<\/strong><\/em><\/p>\n<blockquote>\n<h3>Fue ah\u00ed cuando ante una pregunta, <strong>Rossi<\/strong> confirm\u00f3 que Chascom\u00fas contar\u00e1 con un local partidario peronista, diciendo que <strong><em>\u00abHemos colaborado con algunos compa\u00f1eros, y con las autoridades partidarias a nivel local y constru\u00edmos una sede partidaria que se inaugurar\u00e1 en los pr\u00f3ximos d\u00edas\u00bb.<\/em><\/strong><\/h3>\n<\/blockquote>\n<p>El Vice Ministro Rossi agreg\u00f3 que <em><strong>\u00abel presidente del partido (Alfredo Machin) y su gente est\u00e1n empezando a cursar las invitaciones por lo que esta noticia es una verdadera y total primicia\u00bb<\/strong><\/em><\/p>\n<blockquote>\n<h3>La direcci\u00f3n de la Casa Peronista es Garay N\u00b0141, entre calles Saavedra y Obligado. Y la inauguraci\u00f3n ser\u00e1 el d\u00eda lunes pr\u00f3ximo en el horario de las 18 hs.<\/h3>\n<\/blockquote>\n<p>Para terminar, <strong>Rossi<\/strong> explic\u00f3 que entre otras cosas en la nueva sede se realizar\u00e1n actividades articuladas por el Concejo Partidario Local, como charlas de distintos temas, charlas de formaci\u00f3n pol\u00edtica, reuniones de los distintos sectores del peronismo, para articular pol\u00edticas en com\u00fan, planteos de politicas y cuestiones de la realidad nacional, provincial y local y planteos con las condiciones locales que vayan surgiendo para que el peronismo tenga m\u00e1s fuerza en los posicionamientos y la vida pol\u00edtica de Chascom\u00fas.<\/p>\n<p><em><strong>\u00abEsto es un anhelo de todos, pero sobre todo esos vecinos de los barrios que necesitan un proyecto de ciudad que los contemple con m\u00e1s fuerza, y eso tiene que ser el horizonte que nos unifique como partido. No es imposible, pero hay que trabajar y en eso est\u00e1mos. Este va a ser un paso muy importante en ese sentido seguramente\u00bb, <\/strong><\/em>culmin\u00f3<em><strong> Cote Rossi.<\/strong><\/em><\/p>\n<p>&nbsp;<\/p>\n","protected":false},"excerpt":{"rendered":"<div class=\"mh-excerpt\"><p>De esta manera se cumple un viejo anhelo de los militantes peronistas de Chascom\u00fas, quienes tendr\u00e1n finalmente su casa. 5 De marzo de 2024 CHASCOM\u00daS &#8211;\u00a0 El Vice Ministro de Cultura de la Provincia de <a class=\"mh-excerpt-more\" href=\"https:\/\/larevistadigital.com.ar\/blog\/chascomus-de-la-mano-de-jose-ignacio-cote-rossi-y-bajo-la-presidencia-de-alfredo-machin-el-proximo-lunes-11-3-24-se-inaugura-la-casa-peronista-en-calle-garay\/\" title=\"CHASCOM\u00daS: DE LA MANO DE JOS\u00c9 IGNACIO \u00abCOTE\u00bb ROSSI Y BAJO LA PRESIDENCIA DE ALFREDO MACHIN, EL PR\u00d3XIMO LUNES 11-3-24  SE INAUGURA LA CASA PERONISTA EN CALLE GARAY\">[Leer M\u00e1s]<\/a><\/p>\n<\/div>","protected":false},"author":3,"featured_media":35387,"comment_status":"open","ping_status":"open","sticky":false,"template":"","format":"standard","meta":{"_jetpack_memberships_contains_paid_content":false,"footnotes":"","jetpack_publicize_message":"","jetpack_publicize_feature_enabled":true,"jetpack_social_post_already_shared":true,"jetpack_social_options":{"image_generator_settings":{"template":"highway","default_image_id":0,"font":"","enabled":false},"version":2}},"categories":[41],"tags":[],"class_list":{"0":"post-35386","1":"post","2":"type-post","3":"status-publish","4":"format-standard","5":"has-post-thumbnail","7":"category-destacadas"},"jetpack_publicize_connections":[],"jetpack_featured_media_url":"https:\/\/i0.wp.com\/larevistadigital.com.ar\/blog\/wp-content\/uploads\/WhatsApp-Image-2024-03-05-at-22.12.21-1.jpeg?fit=1300%2C1300&ssl=1","jetpack_sharing_enabled":true,"jetpack_shortlink":"https:\/\/wp.me\/p8qtrQ-9cK","jetpack-related-posts":[{"id":27457,"url":"https:\/\/larevistadigital.com.ar\/blog\/chascomus-por-gestiones-del-diputado-jose-ignacio-cote-rossi-javier-gaston-firmo-un-convenio-con-medio-ambiente-pba\/","url_meta":{"origin":35386,"position":0},"title":"CHASCOM\u00daS: POR GESTIONES DEL DIPUTADO JOS\u00c9 IGNACIO \u00abCOTE\u00bb ROSSI, JAVIER GAST\u00d3N FIRM\u00d3 UN CONVENIO CON MEDIO AMBIENTE PBA","author":"Alejandro Sosa Ruda","date":"1 septiembre, 2022","format":false,"excerpt":"Se firm\u00f3 con la Ministra de Ambiente de la Provincia de Buenos Aires, Daniela Vilar. Los alcances. CHASCOM\u00daS -\u00a0 Por gestiones del diputado Jos\u00e9 Ignacio \"Cote\" Rossi, se firm\u00f3 un importante convenio entre la Ministro de Ambiente de la Provincia de Buenos Aires, Daniela Vilar y el intendente chascomunense Javier\u2026","rel":"","context":"En \u00abINTERES GENERAL\u00bb","block_context":{"text":"INTERES GENERAL","link":"https:\/\/larevistadigital.com.ar\/blog\/category\/interes-general\/"},"img":{"alt_text":"","src":"https:\/\/i0.wp.com\/larevistadigital.com.ar\/blog\/wp-content\/uploads\/304693538_503419148261624_5646517410135872841_n.jpg?fit=710%2C462&ssl=1&resize=350%2C200","width":350,"height":200,"srcset":"https:\/\/i0.wp.com\/larevistadigital.com.ar\/blog\/wp-content\/uploads\/304693538_503419148261624_5646517410135872841_n.jpg?fit=710%2C462&ssl=1&resize=350%2C200 1x, https:\/\/i0.wp.com\/larevistadigital.com.ar\/blog\/wp-content\/uploads\/304693538_503419148261624_5646517410135872841_n.jpg?fit=710%2C462&ssl=1&resize=525%2C300 1.5x, https:\/\/i0.wp.com\/larevistadigital.com.ar\/blog\/wp-content\/uploads\/304693538_503419148261624_5646517410135872841_n.jpg?fit=710%2C462&ssl=1&resize=700%2C400 2x"},"classes":[]},{"id":35080,"url":"https:\/\/larevistadigital.com.ar\/blog\/el-ex-diputado-chascomunense-jose-ignacio-cote-rossi-asumio-como-viceministro-de-cultura-de-la-provincia-de-buenos-aires\/","url_meta":{"origin":35386,"position":1},"title":"EL EX DIPUTADO CHASCOMUNENSE JOSE IGNACIO \u00abCOTE\u00bb ROSSI ASUMI\u00d3 COMO VICEMINISTRO DE CULTURA DE LA PROVINCIA DE BUENOS AIRES","author":"Alejandro Sosa Ruda","date":"22 enero, 2024","format":false,"excerpt":"Otra vez un representante de Chascom\u00fas ocupa una importante posici\u00f3n pol\u00edtica, ahora en el gabinete de Axel Kicillof. 22 de enero de 2023 BUENOS AIRES -\u00a0 Originario de Chascom\u00fas, \"Cote\" Rossi, quien ocup\u00f3 el cargo de legislador provincial hasta el 10 de diciembre, ha sido seleccionado para desempe\u00f1ar el rol\u2026","rel":"","context":"En \u00abINTERES GENERAL\u00bb","block_context":{"text":"INTERES GENERAL","link":"https:\/\/larevistadigital.com.ar\/blog\/category\/interes-general\/"},"img":{"alt_text":"","src":"https:\/\/i0.wp.com\/larevistadigital.com.ar\/blog\/wp-content\/uploads\/WhatsApp-Image-2024-01-22-at-20.23.03.jpeg?fit=600%2C400&ssl=1&resize=350%2C200","width":350,"height":200,"srcset":"https:\/\/i0.wp.com\/larevistadigital.com.ar\/blog\/wp-content\/uploads\/WhatsApp-Image-2024-01-22-at-20.23.03.jpeg?fit=600%2C400&ssl=1&resize=350%2C200 1x, https:\/\/i0.wp.com\/larevistadigital.com.ar\/blog\/wp-content\/uploads\/WhatsApp-Image-2024-01-22-at-20.23.03.jpeg?fit=600%2C400&ssl=1&resize=525%2C300 1.5x"},"classes":[]},{"id":35652,"url":"https:\/\/larevistadigital.com.ar\/blog\/el-viceministro-de-cultura-de-la-provincia-jose-ignacio-cote-rossi-continua-acompanando-las-fiestas-populares\/","url_meta":{"origin":35386,"position":2},"title":"EL VICEMINISTRO DE CULTURA DE LA PROVINCIA, JOS\u00c9 IGNACIO \u00abCOTE\u00bb ROSSI CONTIN\u00daA ACOMPA\u00d1ANDO LAS FIESTAS POPULARES","author":"Alejandro Sosa Ruda","date":"20 marzo, 2024","format":false,"excerpt":"El dirigente provincial nativo de Chascom\u00fas, renueva cada d\u00eda su compromiso con la cultura popular. 20 de marzo de 2024 BUENOS AIRES -\u00a0 El viceministro de Cultura de la Provincia de Buenos Aires, Jos\u00e9 Ignacio \"Cote\" Rossi, quien desde que asumi\u00f3 tiene una agenda que lo lleva a participar y\u2026","rel":"","context":"En \u00abINTERES GENERAL\u00bb","block_context":{"text":"INTERES GENERAL","link":"https:\/\/larevistadigital.com.ar\/blog\/category\/interes-general\/"},"img":{"alt_text":"","src":"https:\/\/i0.wp.com\/larevistadigital.com.ar\/blog\/wp-content\/uploads\/433660757_826319242844953_3075976269529019029_n.jpg?fit=1200%2C800&ssl=1&resize=350%2C200","width":350,"height":200,"srcset":"https:\/\/i0.wp.com\/larevistadigital.com.ar\/blog\/wp-content\/uploads\/433660757_826319242844953_3075976269529019029_n.jpg?fit=1200%2C800&ssl=1&resize=350%2C200 1x, https:\/\/i0.wp.com\/larevistadigital.com.ar\/blog\/wp-content\/uploads\/433660757_826319242844953_3075976269529019029_n.jpg?fit=1200%2C800&ssl=1&resize=525%2C300 1.5x, https:\/\/i0.wp.com\/larevistadigital.com.ar\/blog\/wp-content\/uploads\/433660757_826319242844953_3075976269529019029_n.jpg?fit=1200%2C800&ssl=1&resize=700%2C400 2x, https:\/\/i0.wp.com\/larevistadigital.com.ar\/blog\/wp-content\/uploads\/433660757_826319242844953_3075976269529019029_n.jpg?fit=1200%2C800&ssl=1&resize=1050%2C600 3x"},"classes":[]},{"id":35834,"url":"https:\/\/larevistadigital.com.ar\/blog\/el-viceministro-de-cultura-provincial-cote-rossi-visito-balcarce\/","url_meta":{"origin":35386,"position":3},"title":"EL VICEMINISTRO DE CULTURA PROVINCIAL, JOS\u00c9 IGNACIO\u00bbCOTE\u00bb ROSSI VISIT\u00d3 BALCARCE","author":"Alejandro Sosa Ruda","date":"15 abril, 2024","format":false,"excerpt":"Pese al recorte del gobierno nacional, se sigue trabajando con gran dedicaci\u00f3n en el \u00e1rea cultural de la Provincia de Buenos Aires, con gran cantidad de iniciativas y artistas. 14 de abril de 2024 BUENOS AIRES -\u00a0 El Vice Ministro de Cultura de la Provincia de Buenos Aires, Jos\u00e9 Ignacio\u2026","rel":"","context":"En \u00abDESTACADAS\u00bb","block_context":{"text":"DESTACADAS","link":"https:\/\/larevistadigital.com.ar\/blog\/category\/destacadas\/"},"img":{"alt_text":"","src":"https:\/\/i0.wp.com\/larevistadigital.com.ar\/blog\/wp-content\/uploads\/437768030_843911317752412_3866289522582623179_n.jpg?fit=1200%2C795&ssl=1&resize=350%2C200","width":350,"height":200,"srcset":"https:\/\/i0.wp.com\/larevistadigital.com.ar\/blog\/wp-content\/uploads\/437768030_843911317752412_3866289522582623179_n.jpg?fit=1200%2C795&ssl=1&resize=350%2C200 1x, https:\/\/i0.wp.com\/larevistadigital.com.ar\/blog\/wp-content\/uploads\/437768030_843911317752412_3866289522582623179_n.jpg?fit=1200%2C795&ssl=1&resize=525%2C300 1.5x, https:\/\/i0.wp.com\/larevistadigital.com.ar\/blog\/wp-content\/uploads\/437768030_843911317752412_3866289522582623179_n.jpg?fit=1200%2C795&ssl=1&resize=700%2C400 2x, https:\/\/i0.wp.com\/larevistadigital.com.ar\/blog\/wp-content\/uploads\/437768030_843911317752412_3866289522582623179_n.jpg?fit=1200%2C795&ssl=1&resize=1050%2C600 3x"},"classes":[]},{"id":34189,"url":"https:\/\/larevistadigital.com.ar\/blog\/el-diputado-jose-ignacio-cote-rossi-presento-un-repudio-por-los-agravios-de-milei-sobre-raul-alfonsin\/","url_meta":{"origin":35386,"position":4},"title":"EL DIPUTADO JOS\u00c9 IGNACIO \u00abCOTE\u00bb ROSSI PRESENT\u00d3 UN REPUDIO POR LOS AGRAVIOS DE MILEI SOBRE RA\u00daL ALFONS\u00cdN","author":"Alejandro Sosa Ruda","date":"25 octubre, 2023","format":false,"excerpt":"El legislador ori\u00fando de Chascom\u00fas, present\u00f3 un repudio a los insultantes conceptos vertidos por el candidato de derecha. 25 de Octubre de 2023 BUENOS AIRES -\u00a0\u00a0El Diputado Provincial nativo de Chascom\u00fas, Jos\u00e9 Ignacio Cote Rossi present\u00f3 un repudio por los injuriosos dichos, vertidos por Javier Milei, referente de derecha y\u2026","rel":"","context":"En \u00abDESTACADAS\u00bb","block_context":{"text":"DESTACADAS","link":"https:\/\/larevistadigital.com.ar\/blog\/category\/destacadas\/"},"img":{"alt_text":"Cote Rossi","src":"https:\/\/i0.wp.com\/larevistadigital.com.ar\/blog\/wp-content\/uploads\/20190927133540_rossi.jpg?fit=1200%2C685&ssl=1&resize=350%2C200","width":350,"height":200,"srcset":"https:\/\/i0.wp.com\/larevistadigital.com.ar\/blog\/wp-content\/uploads\/20190927133540_rossi.jpg?fit=1200%2C685&ssl=1&resize=350%2C200 1x, https:\/\/i0.wp.com\/larevistadigital.com.ar\/blog\/wp-content\/uploads\/20190927133540_rossi.jpg?fit=1200%2C685&ssl=1&resize=525%2C300 1.5x, https:\/\/i0.wp.com\/larevistadigital.com.ar\/blog\/wp-content\/uploads\/20190927133540_rossi.jpg?fit=1200%2C685&ssl=1&resize=700%2C400 2x, https:\/\/i0.wp.com\/larevistadigital.com.ar\/blog\/wp-content\/uploads\/20190927133540_rossi.jpg?fit=1200%2C685&ssl=1&resize=1050%2C600 3x"},"classes":[]},{"id":8519,"url":"https:\/\/larevistadigital.com.ar\/blog\/el-diputado-chascomunense-jose-cote-rossi-visito-distintas-localidades-acompanando-a-axel-kicillof\/","url_meta":{"origin":35386,"position":5},"title":"EL DIPUTADO CHASCOMUNENSE JOS\u00c9  \u00abCOTE\u00bb ROSSI VISIT\u00d3 DISTINTAS LOCALIDADES ACOMPA\u00d1ANDO A AXEL KICILLOF","author":"Alejandro Sosa Ruda","date":"18 febrero, 2019","format":false,"excerpt":"El dirigente kirchner\u00edsta y ex ministro de econom\u00eda del gobierno de Cristina Fernandez,\u00a0Axel Kicillof visit\u00f3 distintas localidades de la provincia de Buenos Aires, en el marco de una recorrida que tiene que ver con su probable candidatura a gobernador de la Provincia, acompa\u00f1ado por el diputado de Unidad Ciudadana nativo\u2026","rel":"","context":"En \u00abPOLITICA\u00bb","block_context":{"text":"POLITICA","link":"https:\/\/larevistadigital.com.ar\/blog\/category\/politica\/"},"img":{"alt_text":"","src":"https:\/\/i0.wp.com\/larevistadigital.com.ar\/blog\/wp-content\/uploads\/2019\/02\/WhatsApp-Image-2019-02-17-at-22.18.45.jpeg?fit=720%2C479&ssl=1&resize=350%2C200","width":350,"height":200,"srcset":"https:\/\/i0.wp.com\/larevistadigital.com.ar\/blog\/wp-content\/uploads\/2019\/02\/WhatsApp-Image-2019-02-17-at-22.18.45.jpeg?fit=720%2C479&ssl=1&resize=350%2C200 1x, https:\/\/i0.wp.com\/larevistadigital.com.ar\/blog\/wp-content\/uploads\/2019\/02\/WhatsApp-Image-2019-02-17-at-22.18.45.jpeg?fit=720%2C479&ssl=1&resize=525%2C300 1.5x, https:\/\/i0.wp.com\/larevistadigital.com.ar\/blog\/wp-content\/uploads\/2019\/02\/WhatsApp-Image-2019-02-17-at-22.18.45.jpeg?fit=720%2C479&ssl=1&resize=700%2C400 2x"},"classes":[]}],"_links":{"self":[{"href":"https:\/\/larevistadigital.com.ar\/blog\/wp-json\/wp\/v2\/posts\/35386","targetHints":{"allow":["GET"]}}],"collection":[{"href":"https:\/\/larevistadigital.com.ar\/blog\/wp-json\/wp\/v2\/posts"}],"about":[{"href":"https:\/\/larevistadigital.com.ar\/blog\/wp-json\/wp\/v2\/types\/post"}],"author":[{"embeddable":true,"href":"https:\/\/larevistadigital.com.ar\/blog\/wp-json\/wp\/v2\/users\/3"}],"replies":[{"embeddable":true,"href":"https:\/\/larevistadigital.com.ar\/blog\/wp-json\/wp\/v2\/comments?post=35386"}],"version-history":[{"count":1,"href":"https:\/\/larevistadigital.com.ar\/blog\/wp-json\/wp\/v2\/posts\/35386\/revisions"}],"predecessor-version":[{"id":35388,"href":"https:\/\/larevistadigital.com.ar\/blog\/wp-json\/wp\/v2\/posts\/35386\/revisions\/35388"}],"wp:featuredmedia":[{"embeddable":true,"href":"https:\/\/larevistadigital.com.ar\/blog\/wp-json\/wp\/v2\/media\/35387"}],"wp:attachment":[{"href":"https:\/\/larevistadigital.com.ar\/blog\/wp-json\/wp\/v2\/media?parent=35386"}],"wp:term":[{"taxonomy":"category","embeddable":true,"href":"https:\/\/larevistadigital.com.ar\/blog\/wp-json\/wp\/v2\/categories?post=35386"},{"taxonomy":"post_tag","embeddable":true,"href":"https:\/\/larevistadigital.com.ar\/blog\/wp-json\/wp\/v2\/tags?post=35386"}],"curies":[{"name":"wp","href":"https:\/\/api.w.org\/{rel}","templated":true}]}}