{"id":35389,"date":"2024-03-07T00:35:53","date_gmt":"2024-03-07T03:35:53","guid":{"rendered":"https:\/\/larevistadigital.com.ar\/blog\/?p=35389"},"modified":"2024-03-07T20:57:42","modified_gmt":"2024-03-07T23:57:42","slug":"pergamino-descubren-un-cuerpo-decapitado-y-semienterrado-en-cercanias-de-un-parque-municipal","status":"publish","type":"post","link":"https:\/\/larevistadigital.com.ar\/blog\/pergamino-descubren-un-cuerpo-decapitado-y-semienterrado-en-cercanias-de-un-parque-municipal\/","title":{"rendered":"PERGAMINO: DESCUBREN UN CUERPO DECAPITADO Y SEMIENTERRADO EN CERCAN\u00cdAS DE UN PARQUE MUNICIPAL"},"content":{"rendered":"<h2 class=\"fparrafo ctext fz18 lh25\">El cuerpo hallado se encontraba decapitado y estaba semienterrado en un terreno en inmediaciones del Parque Municipal. Ten\u00eda un avanzado estado de putrefacci\u00f3n de hace varios d\u00edas y fue encontrado por animales que se encontraban en el predio. No se descarta la hip\u00f3tesis del suicidio.<\/h2>\n<p>6 De marzo de 2024<\/p>\n<p><strong>PERGAMINO &#8211;\u00a0 <\/strong>El lunes, se conoci\u00f3 la noticia sobre el hallazgo de un cad\u00e1ver lo cual conmocion\u00f3 a toda la comunidad pergaminense pero en especial a los vecinos del lugar por tratarse de restos humanos que yac\u00edan en el lugar hace m\u00e1s de una semana. La polic\u00eda fue alertada a partir del llamado de unos vecinos del lugar ya que fue encontrado por los perros de estos hombres que dieron aviso de inmediato a las fuerzas de seguridad.<\/p>\n<p>Seg\u00fan la cr\u00f3nica del portal Primera Plana, el cuerpo se encontr\u00f3 decapitado, con el torso separado de la cabeza. Seg\u00fan las pericias realizadas anoche, ni bien arribaron las fuerzas de seguridad al lugar, la persona, a la que pertenec\u00eda el cad\u00e1ver se tratar\u00eda de una persona no mayor de 30 a\u00f1os de edad y de contextura f\u00edsica mediana, aunque todav\u00eda no fue identificada debido a que se esperan los resultados de la operaci\u00f3n de autopsia.<\/p>\n<blockquote>\n<h3>Si bien la causa est\u00e1 caratulada como \u201cinvestigaci\u00f3n de causales de muerte\u201d, los primeros indicios dar\u00edan cuenta que se habr\u00eda quitado la vida hace m\u00e1s de quince d\u00edas y su cuerpo estaba en avanzado estado de putrefacci\u00f3n.<\/h3>\n<\/blockquote>\n<p>En el lugar trabajaron efectivos del Grupo T\u00e1ctico Operativo (GTO) de la Comisar\u00eda Primera, Polic\u00eda Federal, Delegaci\u00f3n Departamental de Investigaciones (DDI) Pergamino y la investigaci\u00f3n qued\u00f3 a manos de la Unidad Funcional de Instrucci\u00f3n y Juicio N\u00b0 6 que se encuentra subrogando Pablo Daniel Aguilar que caratul\u00f3 lo sucedido como averiguaci\u00f3n de causales de muerte. (<b>InfoGEI<\/b>)Ac<\/p>\n","protected":false},"excerpt":{"rendered":"<div class=\"mh-excerpt\"><p>El cuerpo hallado se encontraba decapitado y estaba semienterrado en un terreno en inmediaciones del Parque Municipal. Ten\u00eda un avanzado estado de putrefacci\u00f3n de hace varios d\u00edas y fue encontrado por animales que se encontraban <a class=\"mh-excerpt-more\" href=\"https:\/\/larevistadigital.com.ar\/blog\/pergamino-descubren-un-cuerpo-decapitado-y-semienterrado-en-cercanias-de-un-parque-municipal\/\" title=\"PERGAMINO: DESCUBREN UN CUERPO DECAPITADO Y SEMIENTERRADO EN CERCAN\u00cdAS DE UN PARQUE MUNICIPAL\">[Leer M\u00e1s]<\/a><\/p>\n<\/div>","protected":false},"author":3,"featured_media":35390,"comment_status":"open","ping_status":"open","sticky":false,"template":"","format":"standard","meta":{"_jetpack_memberships_contains_paid_content":false,"footnotes":"","jetpack_publicize_message":"","jetpack_publicize_feature_enabled":true,"jetpack_social_post_already_shared":true,"jetpack_social_options":{"image_generator_settings":{"template":"highway","default_image_id":0,"font":"","enabled":false},"version":2}},"categories":[44,51],"tags":[],"class_list":{"0":"post-35389","1":"post","2":"type-post","3":"status-publish","4":"format-standard","5":"has-post-thumbnail","7":"category-policiales","8":"category-regionales"},"jetpack_publicize_connections":[],"jetpack_featured_media_url":"https:\/\/i0.wp.com\/larevistadigital.com.ar\/blog\/wp-content\/uploads\/20240305173916_cuerpo-decapitado-semienterrado.jpg?fit=880%2C512&ssl=1","jetpack_sharing_enabled":true,"jetpack_shortlink":"https:\/\/wp.me\/p8qtrQ-9cN","jetpack-related-posts":[{"id":8693,"url":"https:\/\/larevistadigital.com.ar\/blog\/chascomus-un-hombre-fallecido-hace-dias-fue-encontrado-por-su-hijo-se-averiguan-las-causas-del-deceso\/","url_meta":{"origin":35389,"position":0},"title":"CHASCOM\u00daS: UN HOMBRE FALLECIDO HACE D\u00cdAS FUE ENCONTRADO POR SU HIJO. SE AVERIGUAN LAS CAUSAS DEL DECESO","author":"Alejandro Sosa Ruda","date":"24 febrero, 2019","format":false,"excerpt":"Se recibi\u00f3 un llamado al 911 por parte del hijo de Rub\u00e9n Ismael Fontana de 65 a\u00f1os de edad ya que lo hab\u00eda encontrado sin vida. Por\u00a0 ese motivo, acude al lugar Ocio de cuadr\u00edcula y una ambulancia de hospital certificando el deceso el cual llevaba unos d\u00edas por el\u2026","rel":"","context":"En \u00abPOLICIALES\u00bb","block_context":{"text":"POLICIALES","link":"https:\/\/larevistadigital.com.ar\/blog\/category\/policiales\/"},"img":{"alt_text":"","src":"https:\/\/i0.wp.com\/larevistadigital.com.ar\/blog\/wp-content\/uploads\/2017\/10\/CRESP%C3%93N-NEGRO.jpg?fit=900%2C900&ssl=1&resize=350%2C200","width":350,"height":200,"srcset":"https:\/\/i0.wp.com\/larevistadigital.com.ar\/blog\/wp-content\/uploads\/2017\/10\/CRESP%C3%93N-NEGRO.jpg?fit=900%2C900&ssl=1&resize=350%2C200 1x, https:\/\/i0.wp.com\/larevistadigital.com.ar\/blog\/wp-content\/uploads\/2017\/10\/CRESP%C3%93N-NEGRO.jpg?fit=900%2C900&ssl=1&resize=525%2C300 1.5x, https:\/\/i0.wp.com\/larevistadigital.com.ar\/blog\/wp-content\/uploads\/2017\/10\/CRESP%C3%93N-NEGRO.jpg?fit=900%2C900&ssl=1&resize=700%2C400 2x"},"classes":[]},{"id":28848,"url":"https:\/\/larevistadigital.com.ar\/blog\/hallaron-a-susana-caceres-fue-asesinada-y-su-cuerpo-estaba-calcinado\/","url_meta":{"origin":35389,"position":1},"title":"HALLARON A SUSANA C\u00c1CERES: FUE ASESINADA Y SU CUERPO ESTABA CALCINADO","author":"Alejandro Sosa Ruda","date":"18 noviembre, 2022","format":false,"excerpt":"Susana C\u00e1ceres hab\u00eda sido vista por \u00faltima vez hace diez d\u00edas en Moreno. Su cuerpo fue encontrado en un arroyo durante los rastrillajes para dar con ella. Un tatuaje fue determinante para confirmar la identidad. 18 de noviembre de 2022 BUENOS AIRES -\u00a0 El cuerpo de Susana C\u00e1ceres fue encontrado\u2026","rel":"","context":"En \u00abDESTACADAS\u00bb","block_context":{"text":"DESTACADAS","link":"https:\/\/larevistadigital.com.ar\/blog\/category\/destacadas\/"},"img":{"alt_text":"","src":"https:\/\/i0.wp.com\/larevistadigital.com.ar\/blog\/wp-content\/uploads\/susana-caceres.jpg?fit=595%2C441&ssl=1&resize=350%2C200","width":350,"height":200,"srcset":"https:\/\/i0.wp.com\/larevistadigital.com.ar\/blog\/wp-content\/uploads\/susana-caceres.jpg?fit=595%2C441&ssl=1&resize=350%2C200 1x, https:\/\/i0.wp.com\/larevistadigital.com.ar\/blog\/wp-content\/uploads\/susana-caceres.jpg?fit=595%2C441&ssl=1&resize=525%2C300 1.5x"},"classes":[]},{"id":6534,"url":"https:\/\/larevistadigital.com.ar\/blog\/chascomus-osvaldo-casalins-se-reunio-con-autoridades-del-barrio-parque-girado\/","url_meta":{"origin":35389,"position":2},"title":"CHASCOMUS:  OSVALDO CASALINS SE REUNI\u00d3 CON AUTORIDADES DEL BARRIO PARQUE GIRADO","author":"Alejandro Sosa Ruda","date":"20 septiembre, 2018","format":false,"excerpt":"El presidente del Concejo Deliberante Osvaldo Casalins, se reuni\u00f3 con integrantes de la comisi\u00f3n directiva de la sociedad de fomento del barrio Parque Girado; el encuentro tuvo lugar en la sede de la escuela Nro. 31 de dicha barriada de nuestra ciudad. La oportunidad fue aprovechada por los vecinos para\u2026","rel":"","context":"En \u00abPOLITICA\u00bb","block_context":{"text":"POLITICA","link":"https:\/\/larevistadigital.com.ar\/blog\/category\/politica\/"},"img":{"alt_text":"","src":"https:\/\/i0.wp.com\/larevistadigital.com.ar\/blog\/wp-content\/uploads\/2018\/09\/Screenshot_1-4.jpg?fit=650%2C475&ssl=1&resize=350%2C200","width":350,"height":200,"srcset":"https:\/\/i0.wp.com\/larevistadigital.com.ar\/blog\/wp-content\/uploads\/2018\/09\/Screenshot_1-4.jpg?fit=650%2C475&ssl=1&resize=350%2C200 1x, https:\/\/i0.wp.com\/larevistadigital.com.ar\/blog\/wp-content\/uploads\/2018\/09\/Screenshot_1-4.jpg?fit=650%2C475&ssl=1&resize=525%2C300 1.5x"},"classes":[]},{"id":40501,"url":"https:\/\/larevistadigital.com.ar\/blog\/terror-en-mar-del-plata-un-motociclista-murio-decapitado-por-un-cable-colocado-intencionalmente-para-robar\/","url_meta":{"origin":35389,"position":3},"title":"Terror en Mar del Plata: un motociclista muri\u00f3 decapitado por un cable colocado intencionalmente para robar","author":"Alejandro Sosa Ruda","date":"17 julio, 2025","format":false,"excerpt":"El truculento suceso ocurri\u00f3 el martes por la noche, y conmocion\u00f3 a la ciudad. 17 de Julio de 2025 MAR DEL PLATA\u00a0 -\u00a0 \u00a0 Un hecho estremecedor conmueve a la ciudad de Mar del Plata: un motociclista de 40 a\u00f1os perdi\u00f3 la vida de forma brutal este martes por la\u2026","rel":"","context":"En \u00abPOLICIALES\u00bb","block_context":{"text":"POLICIALES","link":"https:\/\/larevistadigital.com.ar\/blog\/category\/policiales\/"},"img":{"alt_text":"","src":"https:\/\/i0.wp.com\/larevistadigital.com.ar\/blog\/wp-content\/uploads\/Motociclista-decapitado.jpg?fit=826%2C462&ssl=1&resize=350%2C200","width":350,"height":200,"srcset":"https:\/\/i0.wp.com\/larevistadigital.com.ar\/blog\/wp-content\/uploads\/Motociclista-decapitado.jpg?fit=826%2C462&ssl=1&resize=350%2C200 1x, https:\/\/i0.wp.com\/larevistadigital.com.ar\/blog\/wp-content\/uploads\/Motociclista-decapitado.jpg?fit=826%2C462&ssl=1&resize=525%2C300 1.5x, https:\/\/i0.wp.com\/larevistadigital.com.ar\/blog\/wp-content\/uploads\/Motociclista-decapitado.jpg?fit=826%2C462&ssl=1&resize=700%2C400 2x"},"classes":[]},{"id":30755,"url":"https:\/\/larevistadigital.com.ar\/blog\/conmocion-en-miramar-encontraron-un-cadaver-decapitado-en-las-playas\/","url_meta":{"origin":35389,"position":4},"title":"CONMOCI\u00d3N EN MIRAMAR: ENCONTRARON UN CADAVER DECAPITADO EN LAS PLAYAS","author":"Alejandro Sosa Ruda","date":"28 marzo, 2023","format":false,"excerpt":"Estaba entre Mar del Sud y Centinela del Mar y fue hallado por el puestero de un campo de la zona. Su estado de descomposici\u00f3n no permiti\u00f3 confirmar sexo. 28 de marzo de 2023 MIRAMAR -\u00a0 Un trabajador rural que estaba de recorrida por un campo entre\u00a0Mar del Sud y\u2026","rel":"","context":"En \u00abPOLICIALES\u00bb","block_context":{"text":"POLICIALES","link":"https:\/\/larevistadigital.com.ar\/blog\/category\/policiales\/"},"img":{"alt_text":"","src":"https:\/\/i0.wp.com\/larevistadigital.com.ar\/blog\/wp-content\/uploads\/fcd6c2d8e23728eecfccfcc1dc20f8f6aa1294c1.jpg?fit=1140%2C675&ssl=1&resize=350%2C200","width":350,"height":200,"srcset":"https:\/\/i0.wp.com\/larevistadigital.com.ar\/blog\/wp-content\/uploads\/fcd6c2d8e23728eecfccfcc1dc20f8f6aa1294c1.jpg?fit=1140%2C675&ssl=1&resize=350%2C200 1x, https:\/\/i0.wp.com\/larevistadigital.com.ar\/blog\/wp-content\/uploads\/fcd6c2d8e23728eecfccfcc1dc20f8f6aa1294c1.jpg?fit=1140%2C675&ssl=1&resize=525%2C300 1.5x, https:\/\/i0.wp.com\/larevistadigital.com.ar\/blog\/wp-content\/uploads\/fcd6c2d8e23728eecfccfcc1dc20f8f6aa1294c1.jpg?fit=1140%2C675&ssl=1&resize=700%2C400 2x, https:\/\/i0.wp.com\/larevistadigital.com.ar\/blog\/wp-content\/uploads\/fcd6c2d8e23728eecfccfcc1dc20f8f6aa1294c1.jpg?fit=1140%2C675&ssl=1&resize=1050%2C600 3x"},"classes":[]},{"id":1925,"url":"https:\/\/larevistadigital.com.ar\/blog\/fue-encontrado-el-cuerpo-de-micaela-garcia\/","url_meta":{"origin":35389,"position":5},"title":"FUE ENCONTRADO EL CUERPO DE MICAELA GARC\u00cdA","author":"Alejandro Sosa Ruda","date":"8 abril, 2017","format":false,"excerpt":"El cuerpo de la chica fue encontrado a 8 kil\u00f3metros de la ciudad en un descampado. A una semana de su desaparici\u00f3n, fue encontrado el cuerpo sin vida de la joven Micaela Garc\u00eda, nativa de la localidad entrerriana de Gualeguay. El cad\u00e1ver fue encontrado a ocho kil\u00f3metros de Gualeguay, en\u2026","rel":"","context":"En \u00abDESTACADAS\u00bb","block_context":{"text":"DESTACADAS","link":"https:\/\/larevistadigital.com.ar\/blog\/category\/destacadas\/"},"img":{"alt_text":"","src":"https:\/\/i0.wp.com\/larevistadigital.com.ar\/blog\/wp-content\/uploads\/2017\/04\/micalea-ba7akq8sqea0.jpg?fit=640%2C360&ssl=1&resize=350%2C200","width":350,"height":200,"srcset":"https:\/\/i0.wp.com\/larevistadigital.com.ar\/blog\/wp-content\/uploads\/2017\/04\/micalea-ba7akq8sqea0.jpg?fit=640%2C360&ssl=1&resize=350%2C200 1x, https:\/\/i0.wp.com\/larevistadigital.com.ar\/blog\/wp-content\/uploads\/2017\/04\/micalea-ba7akq8sqea0.jpg?fit=640%2C360&ssl=1&resize=525%2C300 1.5x"},"classes":[]}],"_links":{"self":[{"href":"https:\/\/larevistadigital.com.ar\/blog\/wp-json\/wp\/v2\/posts\/35389","targetHints":{"allow":["GET"]}}],"collection":[{"href":"https:\/\/larevistadigital.com.ar\/blog\/wp-json\/wp\/v2\/posts"}],"about":[{"href":"https:\/\/larevistadigital.com.ar\/blog\/wp-json\/wp\/v2\/types\/post"}],"author":[{"embeddable":true,"href":"https:\/\/larevistadigital.com.ar\/blog\/wp-json\/wp\/v2\/users\/3"}],"replies":[{"embeddable":true,"href":"https:\/\/larevistadigital.com.ar\/blog\/wp-json\/wp\/v2\/comments?post=35389"}],"version-history":[{"count":1,"href":"https:\/\/larevistadigital.com.ar\/blog\/wp-json\/wp\/v2\/posts\/35389\/revisions"}],"predecessor-version":[{"id":35391,"href":"https:\/\/larevistadigital.com.ar\/blog\/wp-json\/wp\/v2\/posts\/35389\/revisions\/35391"}],"wp:featuredmedia":[{"embeddable":true,"href":"https:\/\/larevistadigital.com.ar\/blog\/wp-json\/wp\/v2\/media\/35390"}],"wp:attachment":[{"href":"https:\/\/larevistadigital.com.ar\/blog\/wp-json\/wp\/v2\/media?parent=35389"}],"wp:term":[{"taxonomy":"category","embeddable":true,"href":"https:\/\/larevistadigital.com.ar\/blog\/wp-json\/wp\/v2\/categories?post=35389"},{"taxonomy":"post_tag","embeddable":true,"href":"https:\/\/larevistadigital.com.ar\/blog\/wp-json\/wp\/v2\/tags?post=35389"}],"curies":[{"name":"wp","href":"https:\/\/api.w.org\/{rel}","templated":true}]}}