{"id":35395,"date":"2024-03-07T07:13:11","date_gmt":"2024-03-07T10:13:11","guid":{"rendered":"https:\/\/larevistadigital.com.ar\/blog\/?p=35395"},"modified":"2024-03-07T20:58:26","modified_gmt":"2024-03-07T23:58:26","slug":"el-gobernador-kicillof-anuncio-la-continuidad-de-la-cloaca-maxima-en-chascomus","status":"publish","type":"post","link":"https:\/\/larevistadigital.com.ar\/blog\/el-gobernador-kicillof-anuncio-la-continuidad-de-la-cloaca-maxima-en-chascomus\/","title":{"rendered":"EL GOBERNADOR KICILLOF ANUNCI\u00d3 LA CONTINUIDAD DE LA CLOACA M\u00c1XIMA EN CHASCOM\u00daS"},"content":{"rendered":"<h2 class=\"notaIntro\"><em>En el acto de apertura del per\u00edodo de sesiones ordinarias de la Legislatura provincial, el \u00faltimo lunes, Axel Kicillof anunciar la decisi\u00f3n de retomar la construcci\u00f3n de la red troncal cloacal que hab\u00eda sido previamente suspendida por el Gobierno Nacional.<\/em><\/h2>\n<p>6 de Marzo de 2024<\/p>\n<p class=\"notaTexto\"><em><strong>\u00abDecidimos continuar con los proyectos m\u00e1s relevantes que el Gobierno nacional ha abandonado en materia de acceso al agua potable y al saneamiento, tales como el recambio del acueducto Pereyra en Berazategui, la cloaca m\u00e1xima en Chascom\u00fas y el colector cloacal norte en Olavarr\u00eda\u00bb<\/strong><\/em>, dijo el Gobernador<strong> Kicillof<\/strong> durante su discurso.<br \/>\nLa noticia fue recibida con gran expectativa por parte del intendente <strong>Javier Gast\u00f3n<\/strong>, quien destac\u00f3 el esfuerzo conjunto con el gobierno provincial para hacer posible esta decisi\u00f3n.<br \/>\nEn los \u00faltimos meses, junto a sus funcionarios llev\u00f3 a cabo intensas gestiones ante Gabriel Katopodis, actual ministro de Infraestructura de la provincia y anterior de Naci\u00f3n, quien estuvo en Chascom\u00fas y se interioriz\u00f3 sobre el estado de esta obra y de la planta depuradora.<br \/>\nAdem\u00e1s, el intendente <strong>Javier Gast\u00f3n<\/strong> y el secretario de Obras P\u00fablicas, <strong>Jorge Marino<\/strong>, se reunieron <strong>N\u00e9stor \u00c1lvarez<\/strong>, subsecretario de Recursos H\u00eddricos de la Provincia de Buenos Aires y exsubadministrador del Ente Nacional de Obras H\u00eddricas de Saneamiento de la Naci\u00f3n (ENOHSA), organismo que inicialmente financiaba este proyecto.<br \/>\nLa \u00abcloaca m\u00e1xima\u00bb en Chascom\u00fas, que se ejecutar\u00e1 en tres etapas, tiene como objetivo extender el servicio a una gran parte de la zona urbana.<br \/>\nSu construcci\u00f3n no s\u00f3lo representar\u00e1 un importante avance en las condiciones sanitarias para los vecinos de Chascom\u00fas, sino que tambi\u00e9n contribuir\u00e1 a reducir el impacto ambiental en la regi\u00f3n.<br \/>\nLa primera etapa, a cargo de la uni\u00f3n transitoria de las empresas MOR y EMAC, consiste en 6 kil\u00f3metros de ca\u00f1er\u00eda troncal que se extender\u00e1 desde la estaci\u00f3n de bombeo de Neuqu\u00e9n e Hip\u00f3lito Yrigoyen hasta la Planta Depuradora, por las calles Hip\u00f3lito Yrigoyen, Colombia, 12 de Octubre, Castelar, General Paz, Azul y Avenida Costanera Espa\u00f1a.<br \/>\nAdem\u00e1s incluye la instalaci\u00f3n de un sistema primario de colectores para aliviar el sistema de redes y estaciones de bombeo existente.<br \/>\nLa obra tendr\u00e1 tres etapas sucesivas que permitir\u00e1n ampliar el servicio cloacal a los barrios Algarrobo, La Noria, La Esmeralda, La Pampita, Anah\u00ed, Caballito Blanco, Baldomero Fern\u00e1ndez Moreno, Ipor\u00e1, El Hueco, La Concordia, Las Violetas, Esteban Echeverr\u00eda, Los Aromos y Parque Chascom\u00fas.<\/p>\n","protected":false},"excerpt":{"rendered":"<div class=\"mh-excerpt\"><p>En el acto de apertura del per\u00edodo de sesiones ordinarias de la Legislatura provincial, el \u00faltimo lunes, Axel Kicillof anunciar la decisi\u00f3n de retomar la construcci\u00f3n de la red troncal cloacal que hab\u00eda sido previamente <a class=\"mh-excerpt-more\" href=\"https:\/\/larevistadigital.com.ar\/blog\/el-gobernador-kicillof-anuncio-la-continuidad-de-la-cloaca-maxima-en-chascomus\/\" title=\"EL GOBERNADOR KICILLOF ANUNCI\u00d3 LA CONTINUIDAD DE LA CLOACA M\u00c1XIMA EN CHASCOM\u00daS\">[Leer M\u00e1s]<\/a><\/p>\n<\/div>","protected":false},"author":3,"featured_media":35396,"comment_status":"open","ping_status":"open","sticky":false,"template":"","format":"standard","meta":{"_jetpack_memberships_contains_paid_content":false,"footnotes":"","jetpack_publicize_message":"","jetpack_publicize_feature_enabled":true,"jetpack_social_post_already_shared":true,"jetpack_social_options":{"image_generator_settings":{"template":"highway","default_image_id":0,"font":"","enabled":false},"version":2}},"categories":[6],"tags":[],"class_list":{"0":"post-35395","1":"post","2":"type-post","3":"status-publish","4":"format-standard","5":"has-post-thumbnail","7":"category-chascomus"},"jetpack_publicize_connections":[],"jetpack_featured_media_url":"https:\/\/i0.wp.com\/larevistadigital.com.ar\/blog\/wp-content\/uploads\/2024_03_06_01_25_21_6106770.jpg?fit=600%2C338&ssl=1","jetpack_sharing_enabled":true,"jetpack_shortlink":"https:\/\/wp.me\/p8qtrQ-9cT","jetpack-related-posts":[{"id":38212,"url":"https:\/\/larevistadigital.com.ar\/blog\/cloaca-maxima-etapa-ii-y-iii\/","url_meta":{"origin":35395,"position":0},"title":"Cloaca m\u00e1xima Etapa II y III","author":"Alejandro Sosa Ruda","date":"11 diciembre, 2024","format":false,"excerpt":"Funcionarios municipales recorrieron la traza con representantes de empresas interesadas en responder al llamado a licitaci\u00f3n de la Provincia de Buenos Aires. 11 de Diciembre de 2024 CHASCOM\u00daS\u00a0 -\u00a0 \u00a0Durante la ma\u00f1ana de hoy, representantes de m\u00e1s de cuarenta empresas recorrieron junto al director general de Servicios Sanitarios, Sebasti\u00e1n Placenave;\u2026","rel":"","context":"En \u00abCHASCOM\u00daS\u00bb","block_context":{"text":"CHASCOM\u00daS","link":"https:\/\/larevistadigital.com.ar\/blog\/category\/chascomus\/"},"img":{"alt_text":"","src":"https:\/\/i0.wp.com\/larevistadigital.com.ar\/blog\/wp-content\/uploads\/6759e34e37fe7.png?fit=668%2C445&ssl=1&resize=350%2C200","width":350,"height":200,"srcset":"https:\/\/i0.wp.com\/larevistadigital.com.ar\/blog\/wp-content\/uploads\/6759e34e37fe7.png?fit=668%2C445&ssl=1&resize=350%2C200 1x, https:\/\/i0.wp.com\/larevistadigital.com.ar\/blog\/wp-content\/uploads\/6759e34e37fe7.png?fit=668%2C445&ssl=1&resize=525%2C300 1.5x"},"classes":[]},{"id":38755,"url":"https:\/\/larevistadigital.com.ar\/blog\/axel-kicillof-visito-chascomus-y-entrego-escrituras-para-mas-de-300-familias\/","url_meta":{"origin":35395,"position":1},"title":"Axel Kicillof visit\u00f3 Chascom\u00fas y entreg\u00f3 escrituras para m\u00e1s de 300 familias","author":"Alejandro Sosa Ruda","date":"19 febrero, 2025","format":false,"excerpt":"El gobernador bonaerense encabez\u00f3 una jornada con diversas actividades, entre ellas, la entrega de 528 escrituras de viviendas, la apertura de la nueva Casa de la Provincia y el acompa\u00f1amiento a j\u00f3venes m\u00fasicos en el Festival de Orquestas. La jornada comenz\u00f3 con la entrega de escrituras de viviendas en la\u2026","rel":"","context":"En \u00abDESTACADAS\u00bb","block_context":{"text":"DESTACADAS","link":"https:\/\/larevistadigital.com.ar\/blog\/category\/destacadas\/"},"img":{"alt_text":"","src":"https:\/\/i0.wp.com\/larevistadigital.com.ar\/blog\/wp-content\/uploads\/67b68d493072e.png?fit=668%2C445&ssl=1&resize=350%2C200","width":350,"height":200,"srcset":"https:\/\/i0.wp.com\/larevistadigital.com.ar\/blog\/wp-content\/uploads\/67b68d493072e.png?fit=668%2C445&ssl=1&resize=350%2C200 1x, https:\/\/i0.wp.com\/larevistadigital.com.ar\/blog\/wp-content\/uploads\/67b68d493072e.png?fit=668%2C445&ssl=1&resize=525%2C300 1.5x"},"classes":[]},{"id":43611,"url":"https:\/\/larevistadigital.com.ar\/blog\/chascomus-cloaca-maxima-avanza-con-financiamiento-provincial\/","url_meta":{"origin":35395,"position":2},"title":"Chascom\u00fas: Cloaca M\u00e1xima avanza con financiamiento provincial","author":"Alejandro Sosa Ruda","date":"26 enero, 2026","format":false,"excerpt":"La obra, fundamental para el saneamiento de la ciudad y dada de baja por el Gobierno Nacional, se retoma con un nuevo esquema de financiamiento en tres etapas, con apoyo de la Provincia de Buenos Aires. 26 de enero de 2026 CHASCOM\u00daS -\u00a0 \u00a0 En este marco, el Municipio firm\u00f3\u2026","rel":"","context":"En \u00abSin categor\u00eda\u00bb","block_context":{"text":"Sin categor\u00eda","link":"https:\/\/larevistadigital.com.ar\/blog\/category\/sin-categoria\/"},"img":{"alt_text":"","src":"https:\/\/i0.wp.com\/larevistadigital.com.ar\/blog\/wp-content\/uploads\/6977aed797a5b.png?fit=668%2C445&ssl=1&resize=350%2C200","width":350,"height":200,"srcset":"https:\/\/i0.wp.com\/larevistadigital.com.ar\/blog\/wp-content\/uploads\/6977aed797a5b.png?fit=668%2C445&ssl=1&resize=350%2C200 1x, https:\/\/i0.wp.com\/larevistadigital.com.ar\/blog\/wp-content\/uploads\/6977aed797a5b.png?fit=668%2C445&ssl=1&resize=525%2C300 1.5x"},"classes":[]},{"id":41814,"url":"https:\/\/larevistadigital.com.ar\/blog\/el-gobernador-kicillof-encabezara-en-chascomus-la-asamblea-del-consejo-provincial-de-turismo\/","url_meta":{"origin":35395,"position":3},"title":"El gobernador Kicillof encabezar\u00e1 en Chascom\u00fas la asamblea del Consejo Provincial de Turismo","author":"Alejandro Sosa Ruda","date":"8 octubre, 2025","format":false,"excerpt":"Representantes del sector se reunir\u00e1n para debatir pol\u00edticas y estrategias de desarrollo tur\u00edstico en la provincia. 08 de Octubre de 2025 CHASCOM\u00daS -\u00a0 \u00a0El pr\u00f3ximo lunes 13, el gobernador Axel Kicillof visitar\u00e1 Chascom\u00fas para encabezar una nueva asamblea del Consejo Provincial de Turismo (CoProTur), un espacio de intercambio que re\u00fane\u2026","rel":"","context":"En \u00abREGIONALES\u00bb","block_context":{"text":"REGIONALES","link":"https:\/\/larevistadigital.com.ar\/blog\/category\/regionales\/"},"img":{"alt_text":"","src":"https:\/\/i0.wp.com\/larevistadigital.com.ar\/blog\/wp-content\/uploads\/68e6a1127f601.png?fit=668%2C445&ssl=1&resize=350%2C200","width":350,"height":200,"srcset":"https:\/\/i0.wp.com\/larevistadigital.com.ar\/blog\/wp-content\/uploads\/68e6a1127f601.png?fit=668%2C445&ssl=1&resize=350%2C200 1x, https:\/\/i0.wp.com\/larevistadigital.com.ar\/blog\/wp-content\/uploads\/68e6a1127f601.png?fit=668%2C445&ssl=1&resize=525%2C300 1.5x"},"classes":[]},{"id":38106,"url":"https:\/\/larevistadigital.com.ar\/blog\/el-gobernador-kicillof-visitara-chascomus-este-miercoles\/","url_meta":{"origin":35395,"position":4},"title":"El gobernador Kicillof visitar\u00e1 Chascom\u00fas este mi\u00e9rcoles","author":"Alejandro Sosa Ruda","date":"3 diciembre, 2024","format":false,"excerpt":"El jefe de gabinete de ministros del gobierno provincial, Carlos Bianco, confirm\u00f3 que el gobernador Axel Kicillof inaugurar\u00e1 las 16 viviendas del Programa Bonaerense II Solidaridad. 03 de diciembre de 2024 CHASCOM\u00daS -\u00a0 El acto se realizar\u00e1 a las 10 horas en el predio ubicado en Hip\u00f3lito Yrigoyen y Arturo\u2026","rel":"","context":"En \u00abDESTACADAS\u00bb","block_context":{"text":"DESTACADAS","link":"https:\/\/larevistadigital.com.ar\/blog\/category\/destacadas\/"},"img":{"alt_text":"","src":"https:\/\/i0.wp.com\/larevistadigital.com.ar\/blog\/wp-content\/uploads\/674e208f82ae6.png?fit=668%2C445&ssl=1&resize=350%2C200","width":350,"height":200,"srcset":"https:\/\/i0.wp.com\/larevistadigital.com.ar\/blog\/wp-content\/uploads\/674e208f82ae6.png?fit=668%2C445&ssl=1&resize=350%2C200 1x, https:\/\/i0.wp.com\/larevistadigital.com.ar\/blog\/wp-content\/uploads\/674e208f82ae6.png?fit=668%2C445&ssl=1&resize=525%2C300 1.5x"},"classes":[]},{"id":38589,"url":"https:\/\/larevistadigital.com.ar\/blog\/chascomus-con-axel-arranque-con-fuerte-respaldo-al-gobernador-kicillof\/","url_meta":{"origin":35395,"position":5},"title":"\u00abChascom\u00fas con Axel\u00bb: arranque con fuerte respaldo al gobernador Kicillof","author":"Alejandro Sosa Ruda","date":"4 febrero, 2025","format":false,"excerpt":"Un encuentro que deja entrever los actores que formar\u00e1n parte del armado que se encolumnar\u00e1 detr\u00e1s del gobernador de Buenos Aires. 02 de Febrero de 2025 CHASCOM\u00daS -\u00a0 Este jueves 30 de enero, en el SUM del Club Deportivo, se llev\u00f3 a cabo la primera reuni\u00f3n para conformar la mesa\u2026","rel":"","context":"En \u00abPOLITICA\u00bb","block_context":{"text":"POLITICA","link":"https:\/\/larevistadigital.com.ar\/blog\/category\/politica\/"},"img":{"alt_text":"","src":"https:\/\/i0.wp.com\/larevistadigital.com.ar\/blog\/wp-content\/uploads\/WhatsApp-Image-2025-02-02-at-14.01.02.jpeg?fit=1200%2C800&ssl=1&resize=350%2C200","width":350,"height":200,"srcset":"https:\/\/i0.wp.com\/larevistadigital.com.ar\/blog\/wp-content\/uploads\/WhatsApp-Image-2025-02-02-at-14.01.02.jpeg?fit=1200%2C800&ssl=1&resize=350%2C200 1x, https:\/\/i0.wp.com\/larevistadigital.com.ar\/blog\/wp-content\/uploads\/WhatsApp-Image-2025-02-02-at-14.01.02.jpeg?fit=1200%2C800&ssl=1&resize=525%2C300 1.5x, https:\/\/i0.wp.com\/larevistadigital.com.ar\/blog\/wp-content\/uploads\/WhatsApp-Image-2025-02-02-at-14.01.02.jpeg?fit=1200%2C800&ssl=1&resize=700%2C400 2x, https:\/\/i0.wp.com\/larevistadigital.com.ar\/blog\/wp-content\/uploads\/WhatsApp-Image-2025-02-02-at-14.01.02.jpeg?fit=1200%2C800&ssl=1&resize=1050%2C600 3x"},"classes":[]}],"_links":{"self":[{"href":"https:\/\/larevistadigital.com.ar\/blog\/wp-json\/wp\/v2\/posts\/35395","targetHints":{"allow":["GET"]}}],"collection":[{"href":"https:\/\/larevistadigital.com.ar\/blog\/wp-json\/wp\/v2\/posts"}],"about":[{"href":"https:\/\/larevistadigital.com.ar\/blog\/wp-json\/wp\/v2\/types\/post"}],"author":[{"embeddable":true,"href":"https:\/\/larevistadigital.com.ar\/blog\/wp-json\/wp\/v2\/users\/3"}],"replies":[{"embeddable":true,"href":"https:\/\/larevistadigital.com.ar\/blog\/wp-json\/wp\/v2\/comments?post=35395"}],"version-history":[{"count":1,"href":"https:\/\/larevistadigital.com.ar\/blog\/wp-json\/wp\/v2\/posts\/35395\/revisions"}],"predecessor-version":[{"id":35397,"href":"https:\/\/larevistadigital.com.ar\/blog\/wp-json\/wp\/v2\/posts\/35395\/revisions\/35397"}],"wp:featuredmedia":[{"embeddable":true,"href":"https:\/\/larevistadigital.com.ar\/blog\/wp-json\/wp\/v2\/media\/35396"}],"wp:attachment":[{"href":"https:\/\/larevistadigital.com.ar\/blog\/wp-json\/wp\/v2\/media?parent=35395"}],"wp:term":[{"taxonomy":"category","embeddable":true,"href":"https:\/\/larevistadigital.com.ar\/blog\/wp-json\/wp\/v2\/categories?post=35395"},{"taxonomy":"post_tag","embeddable":true,"href":"https:\/\/larevistadigital.com.ar\/blog\/wp-json\/wp\/v2\/tags?post=35395"}],"curies":[{"name":"wp","href":"https:\/\/api.w.org\/{rel}","templated":true}]}}