{"id":35399,"date":"2024-03-07T08:55:11","date_gmt":"2024-03-07T11:55:11","guid":{"rendered":"https:\/\/larevistadigital.com.ar\/blog\/?p=35399"},"modified":"2024-03-07T20:57:36","modified_gmt":"2024-03-07T23:57:36","slug":"santa-fe-a-lo-bukele-cada-vez-lo-van-a-pasar-peor","status":"publish","type":"post","link":"https:\/\/larevistadigital.com.ar\/blog\/santa-fe-a-lo-bukele-cada-vez-lo-van-a-pasar-peor\/","title":{"rendered":"SANTA F\u00c9 A LO BUKELE: \u00abCADA VEZ LO VAN A PASAR PEOR\u00bb"},"content":{"rendered":"<h2>Las revisiones sorpresivas se llevaron a cabo en el complejo de Pi\u00f1ero, que aloja a reclusos de \u00abalto perfil\u00bb. Se produjeron despu\u00e9s del ataque a balazos contra dos micros del Servicio Penitenciario.<\/h2>\n<p>6 de marzo de 2024<\/p>\n<p><strong>SANTA FE &#8211;\u00a0 \u00a0<\/strong>El ataque a balazos contra dos autobuses que transportaban a 100 efectivos del Servicio Penitenciario de Santa Fe ha desencadenado dos inspecciones sorpresa en la Unidad Penitenciaria N\u00ba 11, conocida como Penal de Pi\u00f1ero, una instituci\u00f3n que alberga a presos destacados de las bandas narcotraficantes de la ciudad de Rosario.<\/p>\n<blockquote>\n<h3>Los procedimientos, cuyas im\u00e1genes difundidas a la prensa evocan aquellas de las c\u00e1rceles de El Salvador, donde el presidente Nayib Bukele implementa una pol\u00edtica estricta de control en las instituciones penitenciarias de su pa\u00eds, fueron llevados a cabo por Grupos T\u00e1cticos Especiales.<\/h3>\n<\/blockquote>\n<p>Los reclusos registrados son miembros de la banda narcotraficante de Fran Riquelme. Seg\u00fan informes del gobierno provincial, se les confiscaron tel\u00e9fonos celulares que ya han sido entregados a la Justicia para su an\u00e1lisis.<\/p>\n<p>Las inspecciones se realizaron despu\u00e9s del ataque a balazos perpetrado el pasado s\u00e1bado contra dos autobuses que transportaban personal del Servicio Penitenciario de Santa Fe desde Rosario hasta la ciudad de Santa Fe. Como resultado, un empleado result\u00f3 herido. Este incidente es solo otro episodio de los ataques contra el personal y los funcionarios de la provincia, que incluyen tiroteos y amenazas.<\/p>\n<blockquote>\n<h3>En el lugar se encontr\u00f3 un letrero en el que los agresores demandaban la flexibilizaci\u00f3n del r\u00e9gimen de los presos de alto perfil, que ha sido endurecido por el gobernador Maximiliano Pullaro.<\/h3>\n<\/blockquote>\n<p>Las im\u00e1genes que muestran a los presos con el torso desnudo, sentados, con las manos atadas detr\u00e1s de la espalda y la cabeza baja, fuertemente custodiados, fueron difundidas por el gobierno de Santa Fe. Estas im\u00e1genes recuerdan al material que suele ser difundido por el gobierno de Bukele.<\/p>\n<blockquote>\n<h3><em>\u00abLa van a pasar peor cada vez\u00bb<\/em>, es el t\u00edtulo del mensaje que acompa\u00f1a las fotograf\u00edas, publicado en la cuenta de Instagram del gobernador Pullaro y del ministro de Seguridad provincial, Pablo Cococcioni.<\/h3>\n<\/blockquote>\n<p>Desde el inicio de la gesti\u00f3n de Pullaro el pasado 10 de diciembre, el ministerio de Seguridad santafesino ha implementado un plan de inspecciones sorpresa que se realizan de manera aleatoria en todas las unidades de la provincia. Ya se han llevado a cabo m\u00e1s de 500, con resultados diversos. \u00abEl objetivo es establecer un segundo anillo de control sobre aquellos reclusos que intentan ejercer violencia en las calles desde las c\u00e1rceles\u00bb, se\u00f1alaron portavoces de la gobernaci\u00f3n.<\/p>\n<blockquote>\n<h3><em>\u00abSi no lo entienden, la van a pasar peor\u00bb<\/em>, la advertencia del Gobierno de Santa Fe El ministro de Seguridad santafesino, Pablo Cococcioni, public\u00f3 las im\u00e1genes de la inspecci\u00f3n en su cuenta de Instagram, al igual que el gobernador.<\/h3>\n<\/blockquote>\n<p><strong><em>\u00abLas \u00f3rdenes para hacerle la vida imposible a los santafesinos provienen de las c\u00e1rceles. Se acab\u00f3 el tiempo de home office liberado, sin control y con empleados penitenciarios que eran sancionados si molestaban a los presos\u00bb<\/em><\/strong>, dijo el funcionario en referencia a las liberaciones que se llevaron a cabo durante la pandemia bajo el gobierno de Alberto Fern\u00e1ndez. Adem\u00e1s, afirm\u00f3 que <strong>no van a \u00abretroceder ante las amenazas\u00bb<\/strong>.<\/p>\n<blockquote>\n<h3><em>\u00abTenemos el mandato del pueblo santafesino de restaurar la tranquilidad de los vecinos\u00bb<\/em>, a\u00f1adi\u00f3.<\/h3>\n<\/blockquote>\n<p>Por \u00faltimo, dijo que no tolerar\u00e1n <em><strong>\u00abninguna extorsi\u00f3n\u00bb<\/strong><\/em> por parte de personas presas y <strong><em>\u00absi no lo entienden, cada vez la van a pasar peor\u00bb.<\/em><\/strong><\/p>\n","protected":false},"excerpt":{"rendered":"<div class=\"mh-excerpt\"><p>Las revisiones sorpresivas se llevaron a cabo en el complejo de Pi\u00f1ero, que aloja a reclusos de \u00abalto perfil\u00bb. Se produjeron despu\u00e9s del ataque a balazos contra dos micros del Servicio Penitenciario. 6 de marzo <a class=\"mh-excerpt-more\" href=\"https:\/\/larevistadigital.com.ar\/blog\/santa-fe-a-lo-bukele-cada-vez-lo-van-a-pasar-peor\/\" title=\"SANTA F\u00c9 A LO BUKELE: \u00abCADA VEZ LO VAN A PASAR PEOR\u00bb\">[Leer M\u00e1s]<\/a><\/p>\n<\/div>","protected":false},"author":3,"featured_media":35400,"comment_status":"open","ping_status":"open","sticky":false,"template":"","format":"standard","meta":{"_jetpack_memberships_contains_paid_content":false,"footnotes":"","jetpack_publicize_message":"","jetpack_publicize_feature_enabled":true,"jetpack_social_post_already_shared":true,"jetpack_social_options":{"image_generator_settings":{"template":"highway","default_image_id":0,"font":"","enabled":false},"version":2}},"categories":[50,44],"tags":[],"class_list":{"0":"post-35399","1":"post","2":"type-post","3":"status-publish","4":"format-standard","5":"has-post-thumbnail","7":"category-interes-general","8":"category-policiales"},"jetpack_publicize_connections":[],"jetpack_featured_media_url":"https:\/\/i0.wp.com\/larevistadigital.com.ar\/blog\/wp-content\/uploads\/Captura-de-pantalla-2024-03-06-084518.png?fit=1205%2C527&ssl=1","jetpack_sharing_enabled":true,"jetpack_shortlink":"https:\/\/wp.me\/p8qtrQ-9cX","jetpack-related-posts":[{"id":24080,"url":"https:\/\/larevistadigital.com.ar\/blog\/la-matanza-sangrienta-matan-a-balazos-a-un-hombre-y-un-nene-de-10-anos-e-hieren-a-dos-mujeres\/","url_meta":{"origin":35399,"position":0},"title":"LA MATANZA SANGRIENTA: MATAN A BALAZOS A UN HOMBRE Y UN NENE DE 10 A\u00d1OS, E HIEREN A DOS MUJERES","author":"Alejandro Sosa Ruda","date":"18 febrero, 2022","format":false,"excerpt":"En el brutal ataque a balazos tuvo lugar en las inmediaciones de \u00d1orquin y R\u00edo Cuarto, en la localidad de Rafael Castillo, partido de La Matanza, donde tambi\u00e9n resultaron heridas dos mujeres, de 29 y de 19 a\u00f1os. Las v\u00edctimas fatales ten\u00edan 39 y diez a\u00f1os. Seg\u00fan fuentes ligadas a\u2026","rel":"","context":"En \u00abPOLICIALES\u00bb","block_context":{"text":"POLICIALES","link":"https:\/\/larevistadigital.com.ar\/blog\/category\/policiales\/"},"img":{"alt_text":"","src":"https:\/\/i0.wp.com\/larevistadigital.com.ar\/blog\/wp-content\/uploads\/AJ3KPNTKGRMPCTAY76IVBQUU5I.jpg?fit=767%2C430&ssl=1&resize=350%2C200","width":350,"height":200,"srcset":"https:\/\/i0.wp.com\/larevistadigital.com.ar\/blog\/wp-content\/uploads\/AJ3KPNTKGRMPCTAY76IVBQUU5I.jpg?fit=767%2C430&ssl=1&resize=350%2C200 1x, https:\/\/i0.wp.com\/larevistadigital.com.ar\/blog\/wp-content\/uploads\/AJ3KPNTKGRMPCTAY76IVBQUU5I.jpg?fit=767%2C430&ssl=1&resize=525%2C300 1.5x, https:\/\/i0.wp.com\/larevistadigital.com.ar\/blog\/wp-content\/uploads\/AJ3KPNTKGRMPCTAY76IVBQUU5I.jpg?fit=767%2C430&ssl=1&resize=700%2C400 2x"},"classes":[]},{"id":36200,"url":"https:\/\/larevistadigital.com.ar\/blog\/bukele-estuvo-con-milei-luego-de-su-asuncion-presidencial-en-ecuador\/","url_meta":{"origin":35399,"position":1},"title":"BUKELE ESTUVO CON MILEI, LUEGO DE SU ASUNCI\u00d3N PRESIDENCIAL EN ECUADOR","author":"Alejandro Sosa Ruda","date":"2 junio, 2024","format":false,"excerpt":"SAN SALVADOR, \u2013 El presidente de El Salvador, Nayib Bukele, se reuni\u00f3 con su hom\u00f3logo argentino, Javier Milei, tras la ceremonia de investidura para su segundo mandato consecutivo de cinco a\u00f1os (2024-2029). La Casa Presidencial salvadore\u00f1a inform\u00f3 sobre el encuentro y comparti\u00f3 en X un corto video en el que\u2026","rel":"","context":"En \u00abPOLITICA\u00bb","block_context":{"text":"POLITICA","link":"https:\/\/larevistadigital.com.ar\/blog\/category\/politica\/"},"img":{"alt_text":"","src":"https:\/\/i0.wp.com\/larevistadigital.com.ar\/blog\/wp-content\/uploads\/Captura-de-pantalla-2024-06-02-194902.png?fit=795%2C487&ssl=1&resize=350%2C200","width":350,"height":200,"srcset":"https:\/\/i0.wp.com\/larevistadigital.com.ar\/blog\/wp-content\/uploads\/Captura-de-pantalla-2024-06-02-194902.png?fit=795%2C487&ssl=1&resize=350%2C200 1x, https:\/\/i0.wp.com\/larevistadigital.com.ar\/blog\/wp-content\/uploads\/Captura-de-pantalla-2024-06-02-194902.png?fit=795%2C487&ssl=1&resize=525%2C300 1.5x, https:\/\/i0.wp.com\/larevistadigital.com.ar\/blog\/wp-content\/uploads\/Captura-de-pantalla-2024-06-02-194902.png?fit=795%2C487&ssl=1&resize=700%2C400 2x"},"classes":[]},{"id":5405,"url":"https:\/\/larevistadigital.com.ar\/blog\/santa-fe-terror-por-una-extrana-criatura-que-mato-a-dos-perros-y-atemoriza-a-todo-un-pueblo\/","url_meta":{"origin":35399,"position":2},"title":"Santa Fe: Terror por una extra\u00f1a criatura que mat\u00f3 a dos perros y atemoriza a todo un pueblo","author":"admin","date":"11 abril, 2018","format":false,"excerpt":"La ciudad de Totoras, en Santa Fe, se encuentra paralizada. La historia se volvi\u00f3 viral en las redes sociales. Una criatura con rasgos monstruosos atemoriza a los habitantes de\u00a0Totoras, en la provincia de Santa Fe. Un vecino relat\u00f3 que la bestia pele\u00f3 y asesin\u00f3 a dos perros\u00a0(un pitbull y un\u2026","rel":"","context":"En \u00abCURIOSAS\u00bb","block_context":{"text":"CURIOSAS","link":"https:\/\/larevistadigital.com.ar\/blog\/category\/curiosas\/"},"img":{"alt_text":"","src":"https:\/\/i0.wp.com\/larevistadigital.com.ar\/blog\/wp-content\/uploads\/2018\/04\/386193.jpg?fit=604%2C276&ssl=1&resize=350%2C200","width":350,"height":200,"srcset":"https:\/\/i0.wp.com\/larevistadigital.com.ar\/blog\/wp-content\/uploads\/2018\/04\/386193.jpg?fit=604%2C276&ssl=1&resize=350%2C200 1x, https:\/\/i0.wp.com\/larevistadigital.com.ar\/blog\/wp-content\/uploads\/2018\/04\/386193.jpg?fit=604%2C276&ssl=1&resize=525%2C300 1.5x"},"classes":[]},{"id":23302,"url":"https:\/\/larevistadigital.com.ar\/blog\/mar-del-plata-atacan-a-balazos-a-un-patrullero-que-concurrio-a-un-llamado-en-el-barrio-nuevo-golf\/","url_meta":{"origin":35399,"position":3},"title":"MAR DEL PLATA: ATACAN A BALAZOS A UN PATRULLERO QUE CONCURRI\u00d3 A UN LLAMADO EN EL BARRIO NUEVO GOLF","author":"Alejandro Sosa Ruda","date":"12 enero, 2022","format":false,"excerpt":"Sucedi\u00f3 en inmediaciones de las calles Cerrito y 67. Aprehendieron a cuatro hombres y dos mujeres. MAR DEL PLATA -\u00a0 Un allanamiento de urgencia a una vivienda del barrio Nuevo Golf desde la que dispararon a un patrullero que acudi\u00f3 a un llamado al 911 termin\u00f3 con la aprehensi\u00f3n de\u2026","rel":"","context":"En \u00abPOLICIALES\u00bb","block_context":{"text":"POLICIALES","link":"https:\/\/larevistadigital.com.ar\/blog\/category\/policiales\/"},"img":{"alt_text":"","src":"https:\/\/i0.wp.com\/larevistadigital.com.ar\/blog\/wp-content\/uploads\/Captura-de-pantalla-2022-01-11-223007.jpg?fit=931%2C516&ssl=1&resize=350%2C200","width":350,"height":200,"srcset":"https:\/\/i0.wp.com\/larevistadigital.com.ar\/blog\/wp-content\/uploads\/Captura-de-pantalla-2022-01-11-223007.jpg?fit=931%2C516&ssl=1&resize=350%2C200 1x, https:\/\/i0.wp.com\/larevistadigital.com.ar\/blog\/wp-content\/uploads\/Captura-de-pantalla-2022-01-11-223007.jpg?fit=931%2C516&ssl=1&resize=525%2C300 1.5x, https:\/\/i0.wp.com\/larevistadigital.com.ar\/blog\/wp-content\/uploads\/Captura-de-pantalla-2022-01-11-223007.jpg?fit=931%2C516&ssl=1&resize=700%2C400 2x"},"classes":[]},{"id":25094,"url":"https:\/\/larevistadigital.com.ar\/blog\/delincuente-ataca-a-un-automovilista-a-piedrazos-para-robarle-y-la-victima-lo-mato-a-balazos\/","url_meta":{"origin":35399,"position":4},"title":"DELINCUENTE ATACA A UN AUTOMOVILISTA A PIEDRAZOS PARA ROBARLE Y LA V\u00cdCTIMA LO MATO A BALAZOS","author":"Alejandro Sosa Ruda","date":"15 abril, 2022","format":false,"excerpt":"Un joven fue asesinado a tiros\u00a0durante un aparente intento de robo en la autopista Rosario-C\u00f3rdoba, antes del ingreso a la ciudad santafesina. El hecho ocurri\u00f3 en la noche del mi\u00e9rcoles, a la altura del Puente Wilde y a 300 metros de la avenida de Circunvalaci\u00f3n. Seg\u00fan el primer reporte policial,\u2026","rel":"","context":"En \u00abINTERES GENERAL\u00bb","block_context":{"text":"INTERES GENERAL","link":"https:\/\/larevistadigital.com.ar\/blog\/category\/interes-general\/"},"img":{"alt_text":"","src":"https:\/\/i0.wp.com\/larevistadigital.com.ar\/blog\/wp-content\/uploads\/PIEDRAS-CONRA-TIROS.jpg?fit=1200%2C591&ssl=1&resize=350%2C200","width":350,"height":200,"srcset":"https:\/\/i0.wp.com\/larevistadigital.com.ar\/blog\/wp-content\/uploads\/PIEDRAS-CONRA-TIROS.jpg?fit=1200%2C591&ssl=1&resize=350%2C200 1x, https:\/\/i0.wp.com\/larevistadigital.com.ar\/blog\/wp-content\/uploads\/PIEDRAS-CONRA-TIROS.jpg?fit=1200%2C591&ssl=1&resize=525%2C300 1.5x, https:\/\/i0.wp.com\/larevistadigital.com.ar\/blog\/wp-content\/uploads\/PIEDRAS-CONRA-TIROS.jpg?fit=1200%2C591&ssl=1&resize=700%2C400 2x, https:\/\/i0.wp.com\/larevistadigital.com.ar\/blog\/wp-content\/uploads\/PIEDRAS-CONRA-TIROS.jpg?fit=1200%2C591&ssl=1&resize=1050%2C600 3x"},"classes":[]},{"id":28897,"url":"https:\/\/larevistadigital.com.ar\/blog\/magdalena-un-penitenciario-disparo-accidentalmente-a-un-companero-con-su-arma-reglamentaria\/","url_meta":{"origin":35399,"position":5},"title":"MAGDALENA: UN PENITENCIARIO DISPARO ACCIDENTALMENTE A UN COMPA\u00d1ERO CON SU ARMA REGLAMENTARIA","author":"Alejandro Sosa Ruda","date":"20 noviembre, 2022","format":false,"excerpt":"Un guardia del Servicio Penitenciario Bonaerense (SPB) hiri\u00f3 de un balazo a un compa\u00f1ero cuando trasladaban a un interno a un hospital en la localidad de Magdalena. 19 de noviembre de 2022 MAGDALENA -\u00a0 Dos suboficiales trasladaban a un preso que deb\u00eda ser atendido en el hospital municipal Santa Mar\u00eda\u2026","rel":"","context":"En \u00abPOLICIALES\u00bb","block_context":{"text":"POLICIALES","link":"https:\/\/larevistadigital.com.ar\/blog\/category\/policiales\/"},"img":{"alt_text":"","src":"https:\/\/i0.wp.com\/larevistadigital.com.ar\/blog\/wp-content\/uploads\/hospital-magdalena-960x600_0.jpeg?fit=853%2C600&ssl=1&resize=350%2C200","width":350,"height":200,"srcset":"https:\/\/i0.wp.com\/larevistadigital.com.ar\/blog\/wp-content\/uploads\/hospital-magdalena-960x600_0.jpeg?fit=853%2C600&ssl=1&resize=350%2C200 1x, https:\/\/i0.wp.com\/larevistadigital.com.ar\/blog\/wp-content\/uploads\/hospital-magdalena-960x600_0.jpeg?fit=853%2C600&ssl=1&resize=525%2C300 1.5x, https:\/\/i0.wp.com\/larevistadigital.com.ar\/blog\/wp-content\/uploads\/hospital-magdalena-960x600_0.jpeg?fit=853%2C600&ssl=1&resize=700%2C400 2x"},"classes":[]}],"_links":{"self":[{"href":"https:\/\/larevistadigital.com.ar\/blog\/wp-json\/wp\/v2\/posts\/35399","targetHints":{"allow":["GET"]}}],"collection":[{"href":"https:\/\/larevistadigital.com.ar\/blog\/wp-json\/wp\/v2\/posts"}],"about":[{"href":"https:\/\/larevistadigital.com.ar\/blog\/wp-json\/wp\/v2\/types\/post"}],"author":[{"embeddable":true,"href":"https:\/\/larevistadigital.com.ar\/blog\/wp-json\/wp\/v2\/users\/3"}],"replies":[{"embeddable":true,"href":"https:\/\/larevistadigital.com.ar\/blog\/wp-json\/wp\/v2\/comments?post=35399"}],"version-history":[{"count":1,"href":"https:\/\/larevistadigital.com.ar\/blog\/wp-json\/wp\/v2\/posts\/35399\/revisions"}],"predecessor-version":[{"id":35401,"href":"https:\/\/larevistadigital.com.ar\/blog\/wp-json\/wp\/v2\/posts\/35399\/revisions\/35401"}],"wp:featuredmedia":[{"embeddable":true,"href":"https:\/\/larevistadigital.com.ar\/blog\/wp-json\/wp\/v2\/media\/35400"}],"wp:attachment":[{"href":"https:\/\/larevistadigital.com.ar\/blog\/wp-json\/wp\/v2\/media?parent=35399"}],"wp:term":[{"taxonomy":"category","embeddable":true,"href":"https:\/\/larevistadigital.com.ar\/blog\/wp-json\/wp\/v2\/categories?post=35399"},{"taxonomy":"post_tag","embeddable":true,"href":"https:\/\/larevistadigital.com.ar\/blog\/wp-json\/wp\/v2\/tags?post=35399"}],"curies":[{"name":"wp","href":"https:\/\/api.w.org\/{rel}","templated":true}]}}