{"id":35402,"date":"2024-03-07T09:14:29","date_gmt":"2024-03-07T12:14:29","guid":{"rendered":"https:\/\/larevistadigital.com.ar\/blog\/?p=35402"},"modified":"2024-03-07T20:57:27","modified_gmt":"2024-03-07T23:57:27","slug":"la-plata-doble-homicidio-sangriento-un-hombre-mato-a-una-nena-de-11-anos-e-hirio-a-la-mama-que-a-su-vez-lo-asesino-a-tiros","status":"publish","type":"post","link":"https:\/\/larevistadigital.com.ar\/blog\/la-plata-doble-homicidio-sangriento-un-hombre-mato-a-una-nena-de-11-anos-e-hirio-a-la-mama-que-a-su-vez-lo-asesino-a-tiros\/","title":{"rendered":"LA PLATA: DOBLE HOMICIDIO SANGRIENTO. UN HOMBRE MAT\u00d3 A UNA NENA DE 11 A\u00d1OS E HIRI\u00d3 A LA MAM\u00c1, QUE A SU VEZ LO ASESIN\u00d3 A TIROS"},"content":{"rendered":"<h2>El asesino irrumpi\u00f3 en la casa de su expareja y comenz\u00f3 a dispararle a ella, la peque\u00f1a y el actual novio de la mujer, quien le quit\u00f3 el arma y lo mat\u00f3.<\/h2>\n<p>6 de marzo de 2024<\/p>\n<p><strong>LA PLATA &#8211;\u00a0 <em>\u00abUn brutal ataque en La Plata se convirti\u00f3 en tragedia en las primeras horas de este mi\u00e9rcoles, cuando un hombre irrumpi\u00f3 a tiros en la casa de su expareja y asesin\u00f3 a una ni\u00f1a de 11 a\u00f1os e hiri\u00f3 a la madre. La mujer logr\u00f3, sin embargo, arrebatarle el arma y lo mat\u00f3.\u00bb<\/em><\/strong><\/p>\n<div class=\"flex-1 overflow-hidden\">\n<div class=\"react-scroll-to-bottom--css-jkxak-79elbk h-full\">\n<div class=\"react-scroll-to-bottom--css-jkxak-1n7m0yu\">\n<div class=\"flex flex-col text-sm pb-9\">\n<div class=\"w-full text-token-text-primary\" data-testid=\"conversation-turn-15\">\n<div class=\"px-4 py-2 justify-center text-base md:gap-6 m-auto\">\n<div class=\"flex flex-1 text-base mx-auto gap-3 md:px-5 lg:px-1 xl:px-5 md:max-w-3xl lg:max-w-[40rem] xl:max-w-[48rem] group final-completion\">\n<div class=\"relative flex w-full flex-col agent-turn\">\n<div class=\"flex-col gap-1 md:gap-3\">\n<div class=\"flex flex-grow flex-col max-w-full\">\n<div class=\"min-h-[20px] text-message flex flex-col items-start gap-3 whitespace-pre-wrap break-words [.text-message+&amp;]:mt-5 overflow-x-auto\" data-message-author-role=\"assistant\" data-message-id=\"95e42c7e-ca74-4254-a0ea-57e35a6e3dbd\">\n<div class=\"markdown prose w-full break-words dark:prose-invert dark\">\n<blockquote>\n<h3>Seg\u00fan informaron fuentes policiales a 0221.com.ar, el suceso tuvo lugar de madrugada, cuando la ni\u00f1a se encontraba junto a su madre y la pareja de esta. <em>\u00abFue entonces que la expareja de la mujer irrumpi\u00f3 en la vivienda y comenz\u00f3 a disparar.\u00bb<\/em><\/h3>\n<\/blockquote>\n<p><strong><em>\u00abLa ni\u00f1a recibi\u00f3 un disparo en la sien y muri\u00f3 en el acto, mientras que la mujer recibi\u00f3 un disparo en la pierna derecha y, aun as\u00ed, logr\u00f3 hacerse con el arma del atacante y le dispar\u00f3 a quemarropa, asesin\u00e1ndolo.\u00bb<\/em><\/strong><\/p>\n<p>Los investigadores, seg\u00fan se inform\u00f3 a este medio, detallaron que el hecho ocurri\u00f3 en una vivienda en la zona de 120 entre 602 y 603, de Villa Ponsati. En la casa tambi\u00e9n se encontraba la actual pareja de la mujer, quien fue testigo de la brutal agresi\u00f3n del hombre de 42 a\u00f1os y la posterior reacci\u00f3n de la madre.<\/p>\n<article class=\"article-body article-body--fifth-paragraph\">\n<h2><span style=\"color: #ff0000\"><strong>\u00bfC\u00f3mo fue el brutal doble homicidio en Villa Ponsati?<\/strong><\/span><\/h2>\n<p>Tal como relat\u00f3 el testigo, luego de que el hombre asesinara a la peque\u00f1a de 11 a\u00f1os, su concubina se trenz\u00f3 en lucha con el agresor logrando arrebatarle el arma de fuego y le efectu\u00f3 un disparo mortal en el pecho.<\/p>\n<\/article>\n<article class=\"article-body article-body--sixth-paragraph\">\n<blockquote>\n<h3>Al llegar al sitio, personal policial encontr\u00f3 sobre el suelo el rev\u00f3lver \u00abcalibre 22 con cachas de madera, sin marca ni numeraci\u00f3n a la vista\u00bb y al agresor fallecido, quien ten\u00eda puesto un guante negro en la mano derecha y una ri\u00f1onera con gran cantidad de municiones intactas.<\/h3>\n<\/blockquote>\n<p>Personal del\u00a0<strong>Servicio de Atenci\u00f3n M\u00e9dica de Emergencias (SAME)<\/strong> lleg\u00f3 r\u00e1pidamente a la escena del hecho, donde no pudo m\u00e1s que constatar la muerte tanto de la nena como del atacante. La mam\u00e1 de la v\u00edctima, en tanto, fue trasladada al Hospital San Mart\u00edn con una herida de bala, pero fuera de peligro.<\/p>\n<\/article>\n<\/div>\n<\/div>\n<\/div>\n<div class=\"mt-1 flex justify-start gap-3 empty:hidden\">\n<div class=\"text-gray-400 flex self-end lg:self-center justify-center lg:justify-start mt-0 -ml-1 h-7 visible\"><button class=\"flex items-center gap-1.5 rounded-md p-1 text-xs text-token-text-tertiary hover:text-token-text-primary md:invisible md:group-hover:visible md:group-[.final-completion]:visible\"><\/button><\/p>\n<div class=\"flex\"><\/div>\n<\/div>\n<\/div>\n<div class=\"pr-2 lg:pr-0\"><\/div>\n<\/div>\n<\/div>\n<\/div>\n<\/div>\n<\/div>\n<\/div>\n<\/div>\n<\/div>\n<\/div>\n<div class=\"w-full pt-2 md:pt-0 dark:border-white\/20 md:border-transparent md:dark:border-transparent md:w-[calc(100%-.5rem)]\">\n<div class=\"relative flex h-full flex-1 flex-col\">\n<div class=\"flex w-full items-center\"><\/div>\n<\/div>\n<\/div>\n","protected":false},"excerpt":{"rendered":"<div class=\"mh-excerpt\"><p>El asesino irrumpi\u00f3 en la casa de su expareja y comenz\u00f3 a dispararle a ella, la peque\u00f1a y el actual novio de la mujer, quien le quit\u00f3 el arma y lo mat\u00f3. 6 de marzo <a class=\"mh-excerpt-more\" href=\"https:\/\/larevistadigital.com.ar\/blog\/la-plata-doble-homicidio-sangriento-un-hombre-mato-a-una-nena-de-11-anos-e-hirio-a-la-mama-que-a-su-vez-lo-asesino-a-tiros\/\" title=\"LA PLATA: DOBLE HOMICIDIO SANGRIENTO. UN HOMBRE MAT\u00d3 A UNA NENA DE 11 A\u00d1OS E HIRI\u00d3 A LA MAM\u00c1, QUE A SU VEZ LO ASESIN\u00d3 A TIROS\">[Leer M\u00e1s]<\/a><\/p>\n<\/div>","protected":false},"author":3,"featured_media":35403,"comment_status":"open","ping_status":"open","sticky":false,"template":"","format":"standard","meta":{"_jetpack_memberships_contains_paid_content":false,"footnotes":"","jetpack_publicize_message":"","jetpack_publicize_feature_enabled":true,"jetpack_social_post_already_shared":true,"jetpack_social_options":{"image_generator_settings":{"template":"highway","default_image_id":0,"font":"","enabled":false},"version":2}},"categories":[50,44],"tags":[],"class_list":{"0":"post-35402","1":"post","2":"type-post","3":"status-publish","4":"format-standard","5":"has-post-thumbnail","7":"category-interes-general","8":"category-policiales"},"jetpack_publicize_connections":[],"jetpack_featured_media_url":"https:\/\/i0.wp.com\/larevistadigital.com.ar\/blog\/wp-content\/uploads\/Captura-de-pantalla-2024-03-06-090715.png?fit=895%2C401&ssl=1","jetpack_sharing_enabled":true,"jetpack_shortlink":"https:\/\/wp.me\/p8qtrQ-9d0","jetpack-related-posts":[{"id":27774,"url":"https:\/\/larevistadigital.com.ar\/blog\/mar-del-plata-mato-a-su-madre-y-abuelo-e-hirio-a-su-abuela\/","url_meta":{"origin":35402,"position":0},"title":"MAR DEL PLATA: MAT\u00d3 A SU MADRE Y ABUELO, E HIRI\u00d3 A SU ABUELA","author":"Alejandro Sosa Ruda","date":"15 septiembre, 2022","format":false,"excerpt":"El autor de los hechos es un joven de 18 a\u00f1os intent\u00f3 huir por lo techos de la vivienda pero fue aprehendido por efectivos de la comisar\u00eda cuarta. 15 de septiembre de 2022 MAR DEL PLATA -\u00a0 Una mujer de 36 a\u00f1os falleci\u00f3 este mediod\u00eda producto de varias heridas de\u2026","rel":"","context":"En \u00abPOLICIALES\u00bb","block_context":{"text":"POLICIALES","link":"https:\/\/larevistadigital.com.ar\/blog\/category\/policiales\/"},"img":{"alt_text":"","src":"https:\/\/i0.wp.com\/larevistadigital.com.ar\/blog\/wp-content\/uploads\/2018\/03\/Policia-allanamiento-noche.jpg?fit=777%2C498&ssl=1&resize=350%2C200","width":350,"height":200,"srcset":"https:\/\/i0.wp.com\/larevistadigital.com.ar\/blog\/wp-content\/uploads\/2018\/03\/Policia-allanamiento-noche.jpg?fit=777%2C498&ssl=1&resize=350%2C200 1x, https:\/\/i0.wp.com\/larevistadigital.com.ar\/blog\/wp-content\/uploads\/2018\/03\/Policia-allanamiento-noche.jpg?fit=777%2C498&ssl=1&resize=525%2C300 1.5x, https:\/\/i0.wp.com\/larevistadigital.com.ar\/blog\/wp-content\/uploads\/2018\/03\/Policia-allanamiento-noche.jpg?fit=777%2C498&ssl=1&resize=700%2C400 2x"},"classes":[]},{"id":41077,"url":"https:\/\/larevistadigital.com.ar\/blog\/un-jubilado-mato-a-un-ladron-en-gonzalez-catan-y-una-anciana-sufrio-un-violento-robo-millonario-en-berisso\/","url_meta":{"origin":35402,"position":1},"title":"Un jubilado mat\u00f3 a un ladr\u00f3n en Gonz\u00e1lez Cat\u00e1n y una anciana sufri\u00f3 un violento robo millonario en Berisso","author":"Alejandro Sosa Ruda","date":"24 agosto, 2025","format":false,"excerpt":"Un hombre de 73 a\u00f1os se defendi\u00f3 a los tiros de un asalto en su vivienda y termin\u00f3 matando a un delincuente armado con un cuchillo. En otro hecho, dos ladrones sorprendieron a una mujer de 86 a\u00f1os en su casa y le robaron cerca de 25 millones de pesos.\u2026","rel":"","context":"En \u00abPOLICIALES\u00bb","block_context":{"text":"POLICIALES","link":"https:\/\/larevistadigital.com.ar\/blog\/category\/policiales\/"},"img":{"alt_text":"","src":"https:\/\/i0.wp.com\/larevistadigital.com.ar\/blog\/wp-content\/uploads\/Captura-de-pantalla-2025-08-24-202930.jpg?fit=917%2C443&ssl=1&resize=350%2C200","width":350,"height":200,"srcset":"https:\/\/i0.wp.com\/larevistadigital.com.ar\/blog\/wp-content\/uploads\/Captura-de-pantalla-2025-08-24-202930.jpg?fit=917%2C443&ssl=1&resize=350%2C200 1x, https:\/\/i0.wp.com\/larevistadigital.com.ar\/blog\/wp-content\/uploads\/Captura-de-pantalla-2025-08-24-202930.jpg?fit=917%2C443&ssl=1&resize=525%2C300 1.5x, https:\/\/i0.wp.com\/larevistadigital.com.ar\/blog\/wp-content\/uploads\/Captura-de-pantalla-2025-08-24-202930.jpg?fit=917%2C443&ssl=1&resize=700%2C400 2x"},"classes":[]},{"id":33583,"url":"https:\/\/larevistadigital.com.ar\/blog\/mato-a-su-mujer-a-punaladas-delante-de-su-hija-y-termino-linchado-por-sus-vecinos\/","url_meta":{"origin":35402,"position":2},"title":"MAT\u00d3 A SU MUJER A PU\u00d1ALADAS DELANTE DE SU HIJA, Y TERMIN\u00d3 LINCHADO POR SUS VECINOS","author":"Alejandro Sosa Ruda","date":"25 septiembre, 2023","format":false,"excerpt":"El asesino, borracho trep\u00f3 la pared y sorprendi\u00f3 a la v\u00edctima en su propia casa, donde dorm\u00eda junto a la menor, de 11 a\u00f1os. 25 de Septiembre de 2023 JUJUY -\u00a0 Una mujer fue v\u00edctima de un atroz asesinato a manos de su expareja durante la jornada del pasado lunes.\u2026","rel":"","context":"En \u00abINTERES GENERAL\u00bb","block_context":{"text":"INTERES GENERAL","link":"https:\/\/larevistadigital.com.ar\/blog\/category\/interes-general\/"},"img":{"alt_text":"","src":"https:\/\/i0.wp.com\/larevistadigital.com.ar\/blog\/wp-content\/uploads\/Captura-de-pantalla-2023-09-25-144648.png?fit=802%2C437&ssl=1&resize=350%2C200","width":350,"height":200,"srcset":"https:\/\/i0.wp.com\/larevistadigital.com.ar\/blog\/wp-content\/uploads\/Captura-de-pantalla-2023-09-25-144648.png?fit=802%2C437&ssl=1&resize=350%2C200 1x, https:\/\/i0.wp.com\/larevistadigital.com.ar\/blog\/wp-content\/uploads\/Captura-de-pantalla-2023-09-25-144648.png?fit=802%2C437&ssl=1&resize=525%2C300 1.5x, https:\/\/i0.wp.com\/larevistadigital.com.ar\/blog\/wp-content\/uploads\/Captura-de-pantalla-2023-09-25-144648.png?fit=802%2C437&ssl=1&resize=700%2C400 2x"},"classes":[]},{"id":11039,"url":"https:\/\/larevistadigital.com.ar\/blog\/la-plata-un-glover-mato-a-un-ladron-luego-de-un-forcejeo\/","url_meta":{"origin":35402,"position":3},"title":"LA PLATA: UN \u00abGLOVER\u00bb MAT\u00d3 A UN LADR\u00d3N LUEGO DE UN FORCEJEO","author":"Alejandro Sosa Ruda","date":"3 julio, 2019","format":false,"excerpt":"El incidente ocurri\u00f3 en pleno centro plantense, en 10 y 46, cuando el joven apu\u00f1al\u00f3 al ladr\u00f3n en dos oportunidades. Un empleado a Glovo asesin\u00f3 de dos pu\u00f1aladas a un hombre en un episodio registrado en 10 y 46. La v\u00edctima fue identificada como\u00a0Julio Zapata de 47 a\u00f1os, y entre\u2026","rel":"","context":"En \u00abPOLICIALES\u00bb","block_context":{"text":"POLICIALES","link":"https:\/\/larevistadigital.com.ar\/blog\/category\/policiales\/"},"img":{"alt_text":"","src":"https:\/\/i0.wp.com\/larevistadigital.com.ar\/blog\/wp-content\/uploads\/Screenshot_1-18.jpg?fit=1009%2C673&ssl=1&resize=350%2C200","width":350,"height":200,"srcset":"https:\/\/i0.wp.com\/larevistadigital.com.ar\/blog\/wp-content\/uploads\/Screenshot_1-18.jpg?fit=1009%2C673&ssl=1&resize=350%2C200 1x, https:\/\/i0.wp.com\/larevistadigital.com.ar\/blog\/wp-content\/uploads\/Screenshot_1-18.jpg?fit=1009%2C673&ssl=1&resize=525%2C300 1.5x, https:\/\/i0.wp.com\/larevistadigital.com.ar\/blog\/wp-content\/uploads\/Screenshot_1-18.jpg?fit=1009%2C673&ssl=1&resize=700%2C400 2x"},"classes":[]},{"id":37988,"url":"https:\/\/larevistadigital.com.ar\/blog\/terror-en-berisso-mato-a-su-hijita-de-5-anos-apunalandola-en-el-pecho-y-luego-trato-de-suicidarse\/","url_meta":{"origin":35402,"position":4},"title":"Terror en Berisso: Mat\u00f3 a su hijita de 5 a\u00f1os apu\u00f1al\u00e1ndola en el pecho y luego trat\u00f3 de suicidarse","author":"Alejandro Sosa Ruda","date":"24 noviembre, 2024","format":false,"excerpt":"Detienen a un hombre en Berisso, acusado de matar a la hija de 5 a\u00f1os a pu\u00f1aladas en el pecho 24 de Noviembre de 2024 Berisso.- LA PLATA\u00a0 -\u00a0 \u00a0\u00a0Un demente sujeto, asesin\u00f3 a pu\u00f1aladas a su hija de 5 a\u00f1os, en la localidad de Berisso, para luego intentar suicidarse\u2026","rel":"","context":"En \u00abPOLICIALES\u00bb","block_context":{"text":"POLICIALES","link":"https:\/\/larevistadigital.com.ar\/blog\/category\/policiales\/"},"img":{"alt_text":"","src":"https:\/\/i0.wp.com\/larevistadigital.com.ar\/blog\/wp-content\/uploads\/5a1d8ec76f9d76d92e3d3e6ec7b8c9d200e9ed6b.jpg?fit=1140%2C641&ssl=1&resize=350%2C200","width":350,"height":200,"srcset":"https:\/\/i0.wp.com\/larevistadigital.com.ar\/blog\/wp-content\/uploads\/5a1d8ec76f9d76d92e3d3e6ec7b8c9d200e9ed6b.jpg?fit=1140%2C641&ssl=1&resize=350%2C200 1x, https:\/\/i0.wp.com\/larevistadigital.com.ar\/blog\/wp-content\/uploads\/5a1d8ec76f9d76d92e3d3e6ec7b8c9d200e9ed6b.jpg?fit=1140%2C641&ssl=1&resize=525%2C300 1.5x, https:\/\/i0.wp.com\/larevistadigital.com.ar\/blog\/wp-content\/uploads\/5a1d8ec76f9d76d92e3d3e6ec7b8c9d200e9ed6b.jpg?fit=1140%2C641&ssl=1&resize=700%2C400 2x, https:\/\/i0.wp.com\/larevistadigital.com.ar\/blog\/wp-content\/uploads\/5a1d8ec76f9d76d92e3d3e6ec7b8c9d200e9ed6b.jpg?fit=1140%2C641&ssl=1&resize=1050%2C600 3x"},"classes":[]},{"id":32184,"url":"https:\/\/larevistadigital.com.ar\/blog\/policia-bonaerense-mato-a-su-ex-pareja-y-su-ex-cunada-a-balazos\/","url_meta":{"origin":35402,"position":5},"title":"POLIC\u00cdA BONAERENSE MAT\u00d3 A SU EX PAREJA Y SU EX CU\u00d1ADA A BALAZOS.","author":"Alejandro Sosa Ruda","date":"30 junio, 2023","format":false,"excerpt":"Una mujer y su hermana fueron asesinadas a balazos por un polic\u00eda bonaerense, expareja de una de ellas y sobre quien pesaban denuncias por violencia de g\u00e9nero. 30 de junio de 2023 LA PLATA -\u00a0 En la localidad bonaerense de Arturo Segu\u00ed, partido de La Plata, se produjo un tr\u00e1gico\u2026","rel":"","context":"En \u00abINTERES GENERAL\u00bb","block_context":{"text":"INTERES GENERAL","link":"https:\/\/larevistadigital.com.ar\/blog\/category\/interes-general\/"},"img":{"alt_text":"","src":"https:\/\/i0.wp.com\/larevistadigital.com.ar\/blog\/wp-content\/uploads\/20230313183828_patrullero2-1.jpg?fit=880%2C512&ssl=1&resize=350%2C200","width":350,"height":200,"srcset":"https:\/\/i0.wp.com\/larevistadigital.com.ar\/blog\/wp-content\/uploads\/20230313183828_patrullero2-1.jpg?fit=880%2C512&ssl=1&resize=350%2C200 1x, https:\/\/i0.wp.com\/larevistadigital.com.ar\/blog\/wp-content\/uploads\/20230313183828_patrullero2-1.jpg?fit=880%2C512&ssl=1&resize=525%2C300 1.5x, https:\/\/i0.wp.com\/larevistadigital.com.ar\/blog\/wp-content\/uploads\/20230313183828_patrullero2-1.jpg?fit=880%2C512&ssl=1&resize=700%2C400 2x"},"classes":[]}],"_links":{"self":[{"href":"https:\/\/larevistadigital.com.ar\/blog\/wp-json\/wp\/v2\/posts\/35402","targetHints":{"allow":["GET"]}}],"collection":[{"href":"https:\/\/larevistadigital.com.ar\/blog\/wp-json\/wp\/v2\/posts"}],"about":[{"href":"https:\/\/larevistadigital.com.ar\/blog\/wp-json\/wp\/v2\/types\/post"}],"author":[{"embeddable":true,"href":"https:\/\/larevistadigital.com.ar\/blog\/wp-json\/wp\/v2\/users\/3"}],"replies":[{"embeddable":true,"href":"https:\/\/larevistadigital.com.ar\/blog\/wp-json\/wp\/v2\/comments?post=35402"}],"version-history":[{"count":1,"href":"https:\/\/larevistadigital.com.ar\/blog\/wp-json\/wp\/v2\/posts\/35402\/revisions"}],"predecessor-version":[{"id":35404,"href":"https:\/\/larevistadigital.com.ar\/blog\/wp-json\/wp\/v2\/posts\/35402\/revisions\/35404"}],"wp:featuredmedia":[{"embeddable":true,"href":"https:\/\/larevistadigital.com.ar\/blog\/wp-json\/wp\/v2\/media\/35403"}],"wp:attachment":[{"href":"https:\/\/larevistadigital.com.ar\/blog\/wp-json\/wp\/v2\/media?parent=35402"}],"wp:term":[{"taxonomy":"category","embeddable":true,"href":"https:\/\/larevistadigital.com.ar\/blog\/wp-json\/wp\/v2\/categories?post=35402"},{"taxonomy":"post_tag","embeddable":true,"href":"https:\/\/larevistadigital.com.ar\/blog\/wp-json\/wp\/v2\/tags?post=35402"}],"curies":[{"name":"wp","href":"https:\/\/api.w.org\/{rel}","templated":true}]}}