{"id":35415,"date":"2024-03-07T09:51:27","date_gmt":"2024-03-07T12:51:27","guid":{"rendered":"https:\/\/larevistadigital.com.ar\/blog\/?p=35415"},"modified":"2024-03-07T09:56:43","modified_gmt":"2024-03-07T12:56:43","slug":"35415-2","status":"publish","type":"post","link":"https:\/\/larevistadigital.com.ar\/blog\/35415-2\/","title":{"rendered":"ANTONIO \u00abLITO\u00bb FERN\u00c1NDEZ ASEGUR\u00d3 QUE \u00abHARTMANN TIENE SERIAS POSIBILIDADES DE HACERSE CARGO DEL PAMI\u00bb"},"content":{"rendered":"<h2>El referente de La Libertad Avanza en Chascom\u00fas habl\u00f3 de varios temas, y fue terminante acerca de la ordenanza econ\u00f3mica que reclama Javier Gast\u00f3n.<\/h2>\n<p>7 de marzo de 2024<\/p>\n<p><strong>CHASCOM\u00daS &#8211;\u00a0\u00a0<\/strong>El referente chascomunense de La Libertad Avanza, <strong>Antonio \u00abLito\u00bb Fern\u00e1ndez, <\/strong>dialog\u00f3 con <strong>Alejandro \u00abEl Tano\u00bb Sosa<\/strong> y <strong>Carlos Lasserre<\/strong> durante el programa \u00abAtaque de Radio\u00bb que se emite por la <strong>FM AMISTAD (102.7 Mhtz.)<\/strong> de lunes a viernes en el horario de 10:30 a 12:30 hs.<\/p>\n<p>En referencia al conflicto desatado entre el intendente <strong>Javier Gast\u00f3n<\/strong> y la oposici\u00f3n local, acerca de la votaci\u00f3n de la \u00abemergencia econ\u00f3mica\u00bb, <strong>Fern\u00e1ndez<\/strong> asegur\u00f3 que si hubiera sido electo concejal, tampoco hubiera votado la ordenanza solicitada por <strong>Gast\u00f3n<\/strong>, ya que consider\u00f3 que <em><strong>\u00abVotar porque s\u00ed nom\u00e1s para entregarle las facultades del legislativo al ejecutivo, no corresponde, pero tampoco v\u00ed una explicaci\u00f3n clara del ejecutivo diciendo porqu\u00e9 \u00ab.<\/strong><\/em><\/p>\n<p>Cuando se lo consult\u00f3 si esto no es similar al pedido del presidente de <strong>Javier Milei<\/strong>, pidiendo que le voten el paquete de leyes, <strong>Fern\u00e1ndez<\/strong> en primera instancia dijo que es <em><strong>\u00abla misma situaci\u00f3n, pr\u00e1cticamente\u00bb pero los DNU est\u00e1n en la constituci\u00f3n, ya que es una herramienta que el presidente puede usar.\u00bb <\/strong><\/em>agregando que<em><strong> \u00abSi nosotros hubieramos llegado al concejo, nuestra prioridad hubiera sido los problemas de inseguridad y salud\u00bb.<\/strong><\/em><\/p>\n<p>A ese respecto, mencion\u00f3 el problema de la gente <strong><em>\u00abque ante un hecho de inseguridad, no hace las denuncias, y lamentablemente la justicia no est\u00e1 a la altura. Hay de todo, pero el problema no es generalmente de la polic\u00eda\u00bb<\/em><\/strong>. Para aclarar m\u00e1s tarde que <em><strong>\u00abMe refiero a las fiscal\u00edas, no le caigo al vigi com\u00fan, que se la pasa trabajando\u00bb<\/strong><\/em>.<\/p>\n<blockquote>\n<h2>Luego, calific\u00f3 la gesti\u00f3n\u00a0 del Intendente <strong>Gast\u00f3n<\/strong> con \u00ab4 puntos\u00bb, y a la oposici\u00f3n con un 5, pero aclarando que se refer\u00eda a los a\u00f1os anteriores, ya que <em>\u00abNo puedo calificar la actual, porque lleva muy poco tiempo\u00bb.<\/em><\/h2>\n<\/blockquote>\n<p>Cuando se lo consult\u00f3 acerca del rumor en donde se lo menciona como el pr\u00f3ximo jefe en Chascom\u00fas de la ANSES, y a su compa\u00f1ero Javier Hartmann como futuro Jefe de PAMI, en primera instancia no quiso asegurar ni desmentir nada, aunque luego asegur\u00f3 que <strong><em>\u00abSi, te aseguro que la gente de La Libertad Avanza tiene m\u00e1s posibilidades que nadie de acceder a esos cargos, tambi\u00e9n las personas de carrera\u00bb<\/em><\/strong>. Y continu\u00f3 diciendo que <em><strong>\u00abJavier Hartmann tiene grandes posibilidades!\u00bb.<\/strong><\/em><\/p>\n<p>Pese a esto, y ante la insistencia del conductor del programa, <strong>Fern\u00e1ndez<\/strong> asegur\u00f3 que \u00abHartmann a PAMI\u00bb, confirmando de esta forma lo consultado por los conductores del env\u00edo.<\/p>\n<p>&nbsp;<\/p>\n<p>&nbsp;<\/p>\n<p>&nbsp;<\/p>\n","protected":false},"excerpt":{"rendered":"<div class=\"mh-excerpt\"><p>El referente de La Libertad Avanza en Chascom\u00fas habl\u00f3 de varios temas, y fue terminante acerca de la ordenanza econ\u00f3mica que reclama Javier Gast\u00f3n. 7 de marzo de 2024 CHASCOM\u00daS &#8211;\u00a0\u00a0El referente chascomunense de La <a class=\"mh-excerpt-more\" href=\"https:\/\/larevistadigital.com.ar\/blog\/35415-2\/\" title=\"ANTONIO \u00abLITO\u00bb FERN\u00c1NDEZ ASEGUR\u00d3 QUE \u00abHARTMANN TIENE SERIAS POSIBILIDADES DE HACERSE CARGO DEL PAMI\u00bb\">[Leer M\u00e1s]<\/a><\/p>\n<\/div>","protected":false},"author":3,"featured_media":35416,"comment_status":"open","ping_status":"open","sticky":false,"template":"","format":"standard","meta":{"_jetpack_memberships_contains_paid_content":false,"footnotes":"","jetpack_publicize_message":"","jetpack_publicize_feature_enabled":true,"jetpack_social_post_already_shared":true,"jetpack_social_options":{"image_generator_settings":{"template":"highway","default_image_id":0,"font":"","enabled":false},"version":2}},"categories":[50,23],"tags":[],"class_list":{"0":"post-35415","1":"post","2":"type-post","3":"status-publish","4":"format-standard","5":"has-post-thumbnail","7":"category-interes-general","8":"category-politica-local"},"jetpack_publicize_connections":[],"jetpack_featured_media_url":"https:\/\/i0.wp.com\/larevistadigital.com.ar\/blog\/wp-content\/uploads\/WhatsApp-Image-2024-03-07-at-09.46.43-e1709815857429.jpeg?fit=719%2C754&ssl=1","jetpack_sharing_enabled":true,"jetpack_shortlink":"https:\/\/wp.me\/p8qtrQ-9dd","jetpack-related-posts":[{"id":39306,"url":"https:\/\/larevistadigital.com.ar\/blog\/chascomus-de-la-mano-de-lito-fernandez-se-inauguro-el-nuevo-local-de-la-libertad-avanza\/","url_meta":{"origin":35415,"position":0},"title":"Chascom\u00fas: De la mano de Lito Fernandez se inaugur\u00f3 el nuevo local de La Libertad Avanza","author":"Alejandro Sosa Ruda","date":"5 abril, 2025","format":false,"excerpt":"Finalmente, se inaugur\u00f3 el local de los libertarios, que promete estar abierto y al servicio de los vecinos por mucho tiempo. 05 de Abril de 2025 CHASCOM\u00daS -\u00a0\u00a0Con el compromiso asumido de \"llevar las banderas de la libertad\" hacia todos los rincones del pa\u00eds, en la ciudad de Chascom\u00fas se\u2026","rel":"","context":"En \u00abDESTACADAS\u00bb","block_context":{"text":"DESTACADAS","link":"https:\/\/larevistadigital.com.ar\/blog\/category\/destacadas\/"},"img":{"alt_text":"","src":"https:\/\/i0.wp.com\/larevistadigital.com.ar\/blog\/wp-content\/uploads\/GnyYocGWoAAzyca.jpg?fit=1200%2C903&ssl=1&resize=350%2C200","width":350,"height":200,"srcset":"https:\/\/i0.wp.com\/larevistadigital.com.ar\/blog\/wp-content\/uploads\/GnyYocGWoAAzyca.jpg?fit=1200%2C903&ssl=1&resize=350%2C200 1x, https:\/\/i0.wp.com\/larevistadigital.com.ar\/blog\/wp-content\/uploads\/GnyYocGWoAAzyca.jpg?fit=1200%2C903&ssl=1&resize=525%2C300 1.5x, https:\/\/i0.wp.com\/larevistadigital.com.ar\/blog\/wp-content\/uploads\/GnyYocGWoAAzyca.jpg?fit=1200%2C903&ssl=1&resize=700%2C400 2x, https:\/\/i0.wp.com\/larevistadigital.com.ar\/blog\/wp-content\/uploads\/GnyYocGWoAAzyca.jpg?fit=1200%2C903&ssl=1&resize=1050%2C600 3x"},"classes":[]},{"id":40426,"url":"https:\/\/larevistadigital.com.ar\/blog\/lito-fernandez-en-la-libertad-avanza-priorizamos-las-ideas-por-sobre-los-nombres\/","url_meta":{"origin":35415,"position":1},"title":"Lito Fern\u00e1ndez: \u201cEn La Libertad Avanza priorizamos las ideas por sobre los nombres\u201d","author":"Alejandro Sosa Ruda","date":"11 julio, 2025","format":false,"excerpt":"El referente de LLA en Chascom\u00fas se refiri\u00f3 a los movimientos internos del espacio, el acuerdo con el PRO y su visi\u00f3n sobre el escenario pol\u00edtico local de cara a las elecciones de septiembre. 11 de Julio de 2025 CHASCOM\u00daS -\u00a0 Antonio \u201cLito\u201d Fern\u00e1ndez, referente de La Libertad Avanza en\u2026","rel":"","context":"En \u00abATAQUE DE RADIO\u00bb","block_context":{"text":"ATAQUE DE RADIO","link":"https:\/\/larevistadigital.com.ar\/blog\/category\/ataque-de-radio\/"},"img":{"alt_text":"","src":"https:\/\/i0.wp.com\/larevistadigital.com.ar\/blog\/wp-content\/uploads\/NOTA-LITO-FERNANDEZ.jpg?fit=902%2C455&ssl=1&resize=350%2C200","width":350,"height":200,"srcset":"https:\/\/i0.wp.com\/larevistadigital.com.ar\/blog\/wp-content\/uploads\/NOTA-LITO-FERNANDEZ.jpg?fit=902%2C455&ssl=1&resize=350%2C200 1x, https:\/\/i0.wp.com\/larevistadigital.com.ar\/blog\/wp-content\/uploads\/NOTA-LITO-FERNANDEZ.jpg?fit=902%2C455&ssl=1&resize=525%2C300 1.5x, https:\/\/i0.wp.com\/larevistadigital.com.ar\/blog\/wp-content\/uploads\/NOTA-LITO-FERNANDEZ.jpg?fit=902%2C455&ssl=1&resize=700%2C400 2x"},"classes":[]},{"id":38611,"url":"https:\/\/larevistadigital.com.ar\/blog\/antonio-lito-fernandez-confirmo-que-encabezara-la-lista-a-concejal-de-la-libertad-avanza\/","url_meta":{"origin":35415,"position":2},"title":"Antonio \u00abLito\u00bb Fern\u00e1ndez confirm\u00f3 que encabezar\u00e1 la lista a concejal de La Libertad Avanza","author":"Alejandro Sosa Ruda","date":"6 febrero, 2025","format":false,"excerpt":"El Coordinador de La Libertad Avanza, asegur\u00f3 que el concejo est\u00e1 cada vez peor y que la gente debe elegir algo distinto. 06 de Febrero de 2025 CHASCOM\u00daS -\u00a0 Javier Hartmann, Referente y Antonio \u201cLito\u201d Fern\u00e1ndez, Coordinador de La Libertad Avanza de Chascom\u00fas compartieron mesa y una entrevista con Alejandro\u2026","rel":"","context":"En \u00abINTERES GENERAL\u00bb","block_context":{"text":"INTERES GENERAL","link":"https:\/\/larevistadigital.com.ar\/blog\/category\/interes-general\/"},"img":{"alt_text":"","src":"https:\/\/i0.wp.com\/larevistadigital.com.ar\/blog\/wp-content\/uploads\/LITO-FERNANDEZ-1.jpg?fit=856%2C480&ssl=1&resize=350%2C200","width":350,"height":200,"srcset":"https:\/\/i0.wp.com\/larevistadigital.com.ar\/blog\/wp-content\/uploads\/LITO-FERNANDEZ-1.jpg?fit=856%2C480&ssl=1&resize=350%2C200 1x, https:\/\/i0.wp.com\/larevistadigital.com.ar\/blog\/wp-content\/uploads\/LITO-FERNANDEZ-1.jpg?fit=856%2C480&ssl=1&resize=525%2C300 1.5x, https:\/\/i0.wp.com\/larevistadigital.com.ar\/blog\/wp-content\/uploads\/LITO-FERNANDEZ-1.jpg?fit=856%2C480&ssl=1&resize=700%2C400 2x"},"classes":[]},{"id":38518,"url":"https:\/\/larevistadigital.com.ar\/blog\/chascomus-lito-fernandez-referente-de-lla-mantuvo-una-importante-reunion-con-los-mas-destacados-dirigentes-del-partido-libertario\/","url_meta":{"origin":35415,"position":3},"title":"Chascom\u00fas: Lito Fern\u00e1ndez, referente de LLA, mantuvo una importante reuni\u00f3n con los m\u00e1s destacados dirigentes del partido libertario","author":"Alejandro Sosa Ruda","date":"23 enero, 2025","format":false,"excerpt":"Se abordaron temas de inter\u00e9s para Chascom\u00fas y la zona, adem\u00e1s de estrat\u00e9gias pol\u00edticas para el a\u00f1o electoral. 23 de Enero de 2024 BUENOS AIRES -\u00a0 El titular de Anses y coordinador de la Libertad Avanza en Chascom\u00fas Antonio Lito Fernandez, mantuvo una reuni\u00f3n de la que participaron: Karina Milei,\u2026","rel":"","context":"En \u00abINTERES GENERAL\u00bb","block_context":{"text":"INTERES GENERAL","link":"https:\/\/larevistadigital.com.ar\/blog\/category\/interes-general\/"},"img":{"alt_text":"","src":"https:\/\/i0.wp.com\/larevistadigital.com.ar\/blog\/wp-content\/uploads\/WhatsApp_Image_2025-01-23_at_10.16.50-q6Yuknf09-transformed.jpeg?fit=960%2C1200&ssl=1&resize=350%2C200","width":350,"height":200,"srcset":"https:\/\/i0.wp.com\/larevistadigital.com.ar\/blog\/wp-content\/uploads\/WhatsApp_Image_2025-01-23_at_10.16.50-q6Yuknf09-transformed.jpeg?fit=960%2C1200&ssl=1&resize=350%2C200 1x, https:\/\/i0.wp.com\/larevistadigital.com.ar\/blog\/wp-content\/uploads\/WhatsApp_Image_2025-01-23_at_10.16.50-q6Yuknf09-transformed.jpeg?fit=960%2C1200&ssl=1&resize=525%2C300 1.5x, https:\/\/i0.wp.com\/larevistadigital.com.ar\/blog\/wp-content\/uploads\/WhatsApp_Image_2025-01-23_at_10.16.50-q6Yuknf09-transformed.jpeg?fit=960%2C1200&ssl=1&resize=700%2C400 2x"},"classes":[]},{"id":40700,"url":"https:\/\/larevistadigital.com.ar\/blog\/dirigentes-y-candidatos-de-la-libertad-avanza-de-chascomus-estuvieron-en-la-presentacion-de-la-lista-en-dolores\/","url_meta":{"origin":35415,"position":4},"title":"Dirigentes y candidatos de La Libertad Avanza de Chascom\u00fas, estuvieron en la presentaci\u00f3n de la lista en Dolores.","author":"Alejandro Sosa Ruda","date":"1 agosto, 2025","format":false,"excerpt":"El evento cont\u00f3 con la presencia de distintos dirigentes, incluyendo al candidato a 1er. Senador de la 5ta secci\u00f3n, Guillermo Montenegro. 01 de Agosto de 2025 DOLORES\u00a0 -\u00a0 \u00a0En el d\u00eda de ayer, se realiz\u00f3 la presentaci\u00f3n de candidatos de La Libertad Avanza en la ciudad de Dolores, donde adem\u00e1s\u2026","rel":"","context":"En \u00abINTERES GENERAL\u00bb","block_context":{"text":"INTERES GENERAL","link":"https:\/\/larevistadigital.com.ar\/blog\/category\/interes-general\/"},"img":{"alt_text":"","src":"https:\/\/i0.wp.com\/larevistadigital.com.ar\/blog\/wp-content\/uploads\/WhatsApp-Image-2025-08-01-at-11.12.24.jpeg?fit=814%2C543&ssl=1&resize=350%2C200","width":350,"height":200,"srcset":"https:\/\/i0.wp.com\/larevistadigital.com.ar\/blog\/wp-content\/uploads\/WhatsApp-Image-2025-08-01-at-11.12.24.jpeg?fit=814%2C543&ssl=1&resize=350%2C200 1x, https:\/\/i0.wp.com\/larevistadigital.com.ar\/blog\/wp-content\/uploads\/WhatsApp-Image-2025-08-01-at-11.12.24.jpeg?fit=814%2C543&ssl=1&resize=525%2C300 1.5x, https:\/\/i0.wp.com\/larevistadigital.com.ar\/blog\/wp-content\/uploads\/WhatsApp-Image-2025-08-01-at-11.12.24.jpeg?fit=814%2C543&ssl=1&resize=700%2C400 2x"},"classes":[]},{"id":40910,"url":"https:\/\/larevistadigital.com.ar\/blog\/guillermo-montenegro-visito-chascomus-y-compartio-una-jornada-de-dialogo-y-camaraderia\/","url_meta":{"origin":35415,"position":5},"title":"Guillermo Montenegro visit\u00f3 Chascom\u00fas y comparti\u00f3 una jornada de di\u00e1logo y camarader\u00eda","author":"Alejandro Sosa Ruda","date":"14 agosto, 2025","format":false,"excerpt":"Con un clima de entusiasmo y energ\u00eda positiva, el flamante candidato a primer senador por la Quinta Secci\u00f3n Electoral, Guillermo Montenegro, visit\u00f3 este jueves Chascom\u00fas. 14 de Agosto de 2025 CHASCOM\u00daS - La actividad comenz\u00f3 pasadas las 10 de la ma\u00f1ana de ayer en el local de La Libertad Avanza,\u2026","rel":"","context":"En \u00abDESTACADAS\u00bb","block_context":{"text":"DESTACADAS","link":"https:\/\/larevistadigital.com.ar\/blog\/category\/destacadas\/"},"img":{"alt_text":"","src":"https:\/\/i0.wp.com\/larevistadigital.com.ar\/blog\/wp-content\/uploads\/WhatsApp-Image-2025-08-13-at-20.13.39.jpeg?fit=894%2C512&ssl=1&resize=350%2C200","width":350,"height":200,"srcset":"https:\/\/i0.wp.com\/larevistadigital.com.ar\/blog\/wp-content\/uploads\/WhatsApp-Image-2025-08-13-at-20.13.39.jpeg?fit=894%2C512&ssl=1&resize=350%2C200 1x, https:\/\/i0.wp.com\/larevistadigital.com.ar\/blog\/wp-content\/uploads\/WhatsApp-Image-2025-08-13-at-20.13.39.jpeg?fit=894%2C512&ssl=1&resize=525%2C300 1.5x, https:\/\/i0.wp.com\/larevistadigital.com.ar\/blog\/wp-content\/uploads\/WhatsApp-Image-2025-08-13-at-20.13.39.jpeg?fit=894%2C512&ssl=1&resize=700%2C400 2x"},"classes":[]}],"_links":{"self":[{"href":"https:\/\/larevistadigital.com.ar\/blog\/wp-json\/wp\/v2\/posts\/35415","targetHints":{"allow":["GET"]}}],"collection":[{"href":"https:\/\/larevistadigital.com.ar\/blog\/wp-json\/wp\/v2\/posts"}],"about":[{"href":"https:\/\/larevistadigital.com.ar\/blog\/wp-json\/wp\/v2\/types\/post"}],"author":[{"embeddable":true,"href":"https:\/\/larevistadigital.com.ar\/blog\/wp-json\/wp\/v2\/users\/3"}],"replies":[{"embeddable":true,"href":"https:\/\/larevistadigital.com.ar\/blog\/wp-json\/wp\/v2\/comments?post=35415"}],"version-history":[{"count":3,"href":"https:\/\/larevistadigital.com.ar\/blog\/wp-json\/wp\/v2\/posts\/35415\/revisions"}],"predecessor-version":[{"id":35419,"href":"https:\/\/larevistadigital.com.ar\/blog\/wp-json\/wp\/v2\/posts\/35415\/revisions\/35419"}],"wp:featuredmedia":[{"embeddable":true,"href":"https:\/\/larevistadigital.com.ar\/blog\/wp-json\/wp\/v2\/media\/35416"}],"wp:attachment":[{"href":"https:\/\/larevistadigital.com.ar\/blog\/wp-json\/wp\/v2\/media?parent=35415"}],"wp:term":[{"taxonomy":"category","embeddable":true,"href":"https:\/\/larevistadigital.com.ar\/blog\/wp-json\/wp\/v2\/categories?post=35415"},{"taxonomy":"post_tag","embeddable":true,"href":"https:\/\/larevistadigital.com.ar\/blog\/wp-json\/wp\/v2\/tags?post=35415"}],"curies":[{"name":"wp","href":"https:\/\/api.w.org\/{rel}","templated":true}]}}