{"id":35437,"date":"2024-03-09T09:13:31","date_gmt":"2024-03-09T12:13:31","guid":{"rendered":"https:\/\/larevistadigital.com.ar\/blog\/?p=35437"},"modified":"2024-03-09T09:13:31","modified_gmt":"2024-03-09T12:13:31","slug":"chascomus-robo-en-un-corralon-y-fue-detenido-por-la-policia","status":"publish","type":"post","link":"https:\/\/larevistadigital.com.ar\/blog\/chascomus-robo-en-un-corralon-y-fue-detenido-por-la-policia\/","title":{"rendered":"CHASCOM\u00daS: ROB\u00d3 EN UN CORRAL\u00d3N Y FUE DETENIDO POR LA POLIC\u00cdA"},"content":{"rendered":"<h2>El sujeto oriundo de Dolores, intent\u00f3 escapar, pero fue aprehendido a pocas cuadras del lugar, con todos los elementos robados.<\/h2>\n<p>9 de marzo de 2024<\/p>\n<p><strong>CHASCOM\u00daS &#8211;\u00a0<\/strong> Durante las primeras horas de la madrugada del dia de la fecha, personal policial de E.P.C. Chascomus 1ra., procedi\u00f3 a la aprehensi\u00f3n de una persona masculina mayor de edad oriundo de la localidad de Dolores, minutos despues que este sujeto ingreso con fines de robo en la administraci\u00f3n de un corral\u00f3n de materiales ubicado en la calle Juan Manuel De rosas.<\/p>\n<blockquote>\n<h3>El sujeto al ser alertado por las balizas y sirenas de personal policial que se movilizaban al lugar, se retiro del predio logrando sustraer tel\u00e9fonos celulares y pertenencias, pero fue advertido y aprehendido a trescientos metros del lugar con las pertenencias sustraidas que en su poder.<\/h3>\n<\/blockquote>\n<p>M\u00e1s tarde, y por requerimiento de la U.F.I.D. N 9, el juzgado de garantias n 5 de Chascom\u00fas, resolvio convertir en detenci\u00f3n la aprehension de esta persona, quedando alojado en el sector de calabozo de E.P.C. Chascom\u00fas 1ra. imputado por el delito de ROBO.<\/p>\n","protected":false},"excerpt":{"rendered":"<div class=\"mh-excerpt\"><p>El sujeto oriundo de Dolores, intent\u00f3 escapar, pero fue aprehendido a pocas cuadras del lugar, con todos los elementos robados. 9 de marzo de 2024 CHASCOM\u00daS &#8211;\u00a0 Durante las primeras horas de la madrugada del <a class=\"mh-excerpt-more\" href=\"https:\/\/larevistadigital.com.ar\/blog\/chascomus-robo-en-un-corralon-y-fue-detenido-por-la-policia\/\" title=\"CHASCOM\u00daS: ROB\u00d3 EN UN CORRAL\u00d3N Y FUE DETENIDO POR LA POLIC\u00cdA\">[Leer M\u00e1s]<\/a><\/p>\n<\/div>","protected":false},"author":3,"featured_media":20770,"comment_status":"open","ping_status":"open","sticky":false,"template":"","format":"standard","meta":{"_jetpack_memberships_contains_paid_content":false,"footnotes":"","jetpack_publicize_message":"","jetpack_publicize_feature_enabled":true,"jetpack_social_post_already_shared":true,"jetpack_social_options":{"image_generator_settings":{"template":"highway","default_image_id":0,"font":"","enabled":false},"version":2}},"categories":[6,44],"tags":[],"class_list":{"0":"post-35437","1":"post","2":"type-post","3":"status-publish","4":"format-standard","5":"has-post-thumbnail","7":"category-chascomus","8":"category-policiales"},"jetpack_publicize_connections":[],"jetpack_featured_media_url":"https:\/\/i0.wp.com\/larevistadigital.com.ar\/blog\/wp-content\/uploads\/1620734311775.jpg?fit=1500%2C971&ssl=1","jetpack_sharing_enabled":true,"jetpack_shortlink":"https:\/\/wp.me\/p8qtrQ-9dz","jetpack-related-posts":[{"id":39325,"url":"https:\/\/larevistadigital.com.ar\/blog\/chascomus-sujeto-fue-aprehendido-por-desobediencia\/","url_meta":{"origin":35437,"position":0},"title":"Chascom\u00fas: Sujeto fue aprehendido por \u00abdesobediencia\u00bb","author":"Alejandro Sosa Ruda","date":"7 abril, 2025","format":false,"excerpt":"CHASCOM\u00daS -\u00a0 \u00a0Ocurri\u00f3 ayer, 6 de abril cuando a raiz de un llamado, personal policial acudi\u00f3 a la calle Grito de Dolores, entre I. Arabes y Per\u00fa, ya que una persona de sexo masculino se encontraba en un domicilio sobre el cual ten\u00eda una restricci\u00f3n perimetral para con la moradora\u2026","rel":"","context":"En \u00abSin categor\u00eda\u00bb","block_context":{"text":"Sin categor\u00eda","link":"https:\/\/larevistadigital.com.ar\/blog\/category\/sin-categoria\/"},"img":{"alt_text":"","src":"https:\/\/i0.wp.com\/larevistadigital.com.ar\/blog\/wp-content\/uploads\/una-mujer-fue-rescatada-la-policia-la-plata.jpg?fit=1200%2C675&ssl=1&resize=350%2C200","width":350,"height":200,"srcset":"https:\/\/i0.wp.com\/larevistadigital.com.ar\/blog\/wp-content\/uploads\/una-mujer-fue-rescatada-la-policia-la-plata.jpg?fit=1200%2C675&ssl=1&resize=350%2C200 1x, https:\/\/i0.wp.com\/larevistadigital.com.ar\/blog\/wp-content\/uploads\/una-mujer-fue-rescatada-la-policia-la-plata.jpg?fit=1200%2C675&ssl=1&resize=525%2C300 1.5x, https:\/\/i0.wp.com\/larevistadigital.com.ar\/blog\/wp-content\/uploads\/una-mujer-fue-rescatada-la-policia-la-plata.jpg?fit=1200%2C675&ssl=1&resize=700%2C400 2x, https:\/\/i0.wp.com\/larevistadigital.com.ar\/blog\/wp-content\/uploads\/una-mujer-fue-rescatada-la-policia-la-plata.jpg?fit=1200%2C675&ssl=1&resize=1050%2C600 3x"},"classes":[]},{"id":33471,"url":"https:\/\/larevistadigital.com.ar\/blog\/chascomus-la-policia-aprehendio-a-un-violento-sujeto-por-robo-de-un-celular-y-danos-y-amenazas-a-la-autoridad\/","url_meta":{"origin":35437,"position":1},"title":"CHASCOM\u00daS: LA POLIC\u00cdA APREHENDI\u00d3 A UN VIOLENTO SUJETO POR ROBO DE UN CELULAR Y DA\u00d1OS Y AMENAZAS A LA AUTORIDAD","author":"Alejandro Sosa Ruda","date":"15 septiembre, 2023","format":false,"excerpt":"El ladr\u00f3n, incre\u00edblemente retorn\u00f3 al lugar del hecho y amenaz\u00f3 a la v\u00edctima, para luego trenzarse en lucha con los polic\u00edas. 15\u00a0 Septiembre de 2023 CHASCOM\u00daS -\u00a0 En las \u00faltimas horas del d\u00eda de ayer, personal policial acudi\u00f3 a un llamado de 911 en calle Gritos de Dolores y Colombia\u2026","rel":"","context":"En \u00abINTERES GENERAL\u00bb","block_context":{"text":"INTERES GENERAL","link":"https:\/\/larevistadigital.com.ar\/blog\/category\/interes-general\/"},"img":{"alt_text":"","src":"https:\/\/i0.wp.com\/larevistadigital.com.ar\/blog\/wp-content\/uploads\/POLICIA.png?fit=1002%2C658&ssl=1&resize=350%2C200","width":350,"height":200,"srcset":"https:\/\/i0.wp.com\/larevistadigital.com.ar\/blog\/wp-content\/uploads\/POLICIA.png?fit=1002%2C658&ssl=1&resize=350%2C200 1x, https:\/\/i0.wp.com\/larevistadigital.com.ar\/blog\/wp-content\/uploads\/POLICIA.png?fit=1002%2C658&ssl=1&resize=525%2C300 1.5x, https:\/\/i0.wp.com\/larevistadigital.com.ar\/blog\/wp-content\/uploads\/POLICIA.png?fit=1002%2C658&ssl=1&resize=700%2C400 2x"},"classes":[]},{"id":31841,"url":"https:\/\/larevistadigital.com.ar\/blog\/chascomus-la-policia-aprehendio-a-un-sujeto-que-robo-elementos-de-la-escuela-2-y-recupero-lo-sustraido\/","url_meta":{"origin":35437,"position":2},"title":"CHASCOM\u00daS: LA POLIC\u00cdA APREHENDI\u00d3 A UN SUJETO QUE ROB\u00d3 ELEMENTOS DE LA ESCUELA 2 Y RECUPER\u00d3 LO SUSTRA\u00cdDO","author":"Alejandro Sosa Ruda","date":"4 junio, 2023","format":false,"excerpt":"Eran 3 de los cuales pudieron detener a uno, tras subir a los techos. Recuperaron lo robado. 4 de Junio de 2023 CHASCOM\u00daS -\u00a0\u00a0 Durante el d\u00eda de ayer, alrededor de las siete horas, personal policial se traslad\u00f3 a la escuela n 2 ubicada en la calle Franklin, dado a\u2026","rel":"","context":"En \u00abDESTACADAS\u00bb","block_context":{"text":"DESTACADAS","link":"https:\/\/larevistadigital.com.ar\/blog\/category\/destacadas\/"},"img":{"alt_text":"","src":"https:\/\/i0.wp.com\/larevistadigital.com.ar\/blog\/wp-content\/uploads\/WhatsApp-Image-2023-06-03-at-19.31.06-1.jpeg?fit=898%2C1200&ssl=1&resize=350%2C200","width":350,"height":200,"srcset":"https:\/\/i0.wp.com\/larevistadigital.com.ar\/blog\/wp-content\/uploads\/WhatsApp-Image-2023-06-03-at-19.31.06-1.jpeg?fit=898%2C1200&ssl=1&resize=350%2C200 1x, https:\/\/i0.wp.com\/larevistadigital.com.ar\/blog\/wp-content\/uploads\/WhatsApp-Image-2023-06-03-at-19.31.06-1.jpeg?fit=898%2C1200&ssl=1&resize=525%2C300 1.5x, https:\/\/i0.wp.com\/larevistadigital.com.ar\/blog\/wp-content\/uploads\/WhatsApp-Image-2023-06-03-at-19.31.06-1.jpeg?fit=898%2C1200&ssl=1&resize=700%2C400 2x"},"classes":[]},{"id":35847,"url":"https:\/\/larevistadigital.com.ar\/blog\/chascomus-la-policia-atrapo-al-responsable-del-robo-en-calle-grito-de-dolores\/","url_meta":{"origin":35437,"position":3},"title":"CHASCOM\u00daS: LA POLIC\u00cdA ATRAP\u00d3 AL RESPONSABLE DEL ROBO EN CALLE GRITO DE DOLORES","author":"Alejandro Sosa Ruda","date":"17 abril, 2024","format":false,"excerpt":"Luego de las investigaciones, la polic\u00eda logr\u00f3 detener al responsable del hecho de robo de calle Griuto de Dolores. 17 de abril de 2024 CHASCOM\u00daS -\u00a0 El dia mi\u00e9rcoles 10 del corriente, se recibio una denuncia de Robo en el que la v\u00edctima manifesto que habian constatado que autor o\u2026","rel":"","context":"En \u00abDESTACADAS\u00bb","block_context":{"text":"DESTACADAS","link":"https:\/\/larevistadigital.com.ar\/blog\/category\/destacadas\/"},"img":{"alt_text":"","src":"https:\/\/i0.wp.com\/larevistadigital.com.ar\/blog\/wp-content\/uploads\/WhatsApp-Image-2024-04-16-at-19.03.18.jpeg?fit=675%2C1200&ssl=1&resize=350%2C200","width":350,"height":200,"srcset":"https:\/\/i0.wp.com\/larevistadigital.com.ar\/blog\/wp-content\/uploads\/WhatsApp-Image-2024-04-16-at-19.03.18.jpeg?fit=675%2C1200&ssl=1&resize=350%2C200 1x, https:\/\/i0.wp.com\/larevistadigital.com.ar\/blog\/wp-content\/uploads\/WhatsApp-Image-2024-04-16-at-19.03.18.jpeg?fit=675%2C1200&ssl=1&resize=525%2C300 1.5x"},"classes":[]},{"id":9431,"url":"https:\/\/larevistadigital.com.ar\/blog\/chascomus-la-policia-comunal-detuvo-a-un-ladron-al-rato-de-cometer-un-robo\/","url_meta":{"origin":35437,"position":4},"title":"CHASCOM\u00daS: LA POLIC\u00cdA COMUNAL DETUVO A UN LADR\u00d3N, AL RATO DE COMETER UN ROBO","author":"Alejandro Sosa Ruda","date":"27 marzo, 2019","format":false,"excerpt":"Alrededor de las 03:00 hs de hoy ante un llamado al 911 por presencia de intrusos en el patio de una vivienda de calle Neuqu\u00e9n al 50 personal de la EPC Chascom\u00fas aprehendi\u00f3 a un sujeto de 33 a\u00f1os quien fue hallado por un rastrillaje a 200 metros del lugar\u2026","rel":"","context":"En \u00abPOLICIALES\u00bb","block_context":{"text":"POLICIALES","link":"https:\/\/larevistadigital.com.ar\/blog\/category\/policiales\/"},"img":{"alt_text":"","src":"https:\/\/i0.wp.com\/larevistadigital.com.ar\/blog\/wp-content\/uploads\/2019\/03\/detenido-esposado.jpg?fit=1024%2C683&ssl=1&resize=350%2C200","width":350,"height":200,"srcset":"https:\/\/i0.wp.com\/larevistadigital.com.ar\/blog\/wp-content\/uploads\/2019\/03\/detenido-esposado.jpg?fit=1024%2C683&ssl=1&resize=350%2C200 1x, https:\/\/i0.wp.com\/larevistadigital.com.ar\/blog\/wp-content\/uploads\/2019\/03\/detenido-esposado.jpg?fit=1024%2C683&ssl=1&resize=525%2C300 1.5x, https:\/\/i0.wp.com\/larevistadigital.com.ar\/blog\/wp-content\/uploads\/2019\/03\/detenido-esposado.jpg?fit=1024%2C683&ssl=1&resize=700%2C400 2x"},"classes":[]},{"id":32823,"url":"https:\/\/larevistadigital.com.ar\/blog\/chascomus-detienen-y-trasladan-a-un-sujeto-con-frondosos-antecedentes-cuando-intentaba-robar-un-auto\/","url_meta":{"origin":35437,"position":5},"title":"CHASCOM\u00daS: DETIENEN Y TRASLADAN A UN SUJETO CON FRONDOSOS ANTECEDENTES CUANDO INTENTABA ROBAR UN AUTO","author":"Alejandro Sosa Ruda","date":"10 agosto, 2023","format":false,"excerpt":"10 de agosto de 2023 CHASCOM\u00daS -\u00a0 Durante la madrugada de hoy, personal policial de la Estaci\u00f3n de Polic\u00eda Comunal Chascomus Primera aprehendi\u00f3 a una persona de sexo masculino, cuando se fugaba del lugar en donde hab\u00eda roto la cerradura de la puerta de un veh\u00edculo de calle Tandil para\u2026","rel":"","context":"En \u00abINTERES GENERAL\u00bb","block_context":{"text":"INTERES GENERAL","link":"https:\/\/larevistadigital.com.ar\/blog\/category\/interes-general\/"},"img":{"alt_text":"","src":"https:\/\/i0.wp.com\/larevistadigital.com.ar\/blog\/wp-content\/uploads\/WhatsApp-Image-2023-08-09-at-19.13.34.jpeg?fit=772%2C1200&ssl=1&resize=350%2C200","width":350,"height":200,"srcset":"https:\/\/i0.wp.com\/larevistadigital.com.ar\/blog\/wp-content\/uploads\/WhatsApp-Image-2023-08-09-at-19.13.34.jpeg?fit=772%2C1200&ssl=1&resize=350%2C200 1x, https:\/\/i0.wp.com\/larevistadigital.com.ar\/blog\/wp-content\/uploads\/WhatsApp-Image-2023-08-09-at-19.13.34.jpeg?fit=772%2C1200&ssl=1&resize=525%2C300 1.5x, https:\/\/i0.wp.com\/larevistadigital.com.ar\/blog\/wp-content\/uploads\/WhatsApp-Image-2023-08-09-at-19.13.34.jpeg?fit=772%2C1200&ssl=1&resize=700%2C400 2x"},"classes":[]}],"_links":{"self":[{"href":"https:\/\/larevistadigital.com.ar\/blog\/wp-json\/wp\/v2\/posts\/35437","targetHints":{"allow":["GET"]}}],"collection":[{"href":"https:\/\/larevistadigital.com.ar\/blog\/wp-json\/wp\/v2\/posts"}],"about":[{"href":"https:\/\/larevistadigital.com.ar\/blog\/wp-json\/wp\/v2\/types\/post"}],"author":[{"embeddable":true,"href":"https:\/\/larevistadigital.com.ar\/blog\/wp-json\/wp\/v2\/users\/3"}],"replies":[{"embeddable":true,"href":"https:\/\/larevistadigital.com.ar\/blog\/wp-json\/wp\/v2\/comments?post=35437"}],"version-history":[{"count":1,"href":"https:\/\/larevistadigital.com.ar\/blog\/wp-json\/wp\/v2\/posts\/35437\/revisions"}],"predecessor-version":[{"id":35438,"href":"https:\/\/larevistadigital.com.ar\/blog\/wp-json\/wp\/v2\/posts\/35437\/revisions\/35438"}],"wp:featuredmedia":[{"embeddable":true,"href":"https:\/\/larevistadigital.com.ar\/blog\/wp-json\/wp\/v2\/media\/20770"}],"wp:attachment":[{"href":"https:\/\/larevistadigital.com.ar\/blog\/wp-json\/wp\/v2\/media?parent=35437"}],"wp:term":[{"taxonomy":"category","embeddable":true,"href":"https:\/\/larevistadigital.com.ar\/blog\/wp-json\/wp\/v2\/categories?post=35437"},{"taxonomy":"post_tag","embeddable":true,"href":"https:\/\/larevistadigital.com.ar\/blog\/wp-json\/wp\/v2\/tags?post=35437"}],"curies":[{"name":"wp","href":"https:\/\/api.w.org\/{rel}","templated":true}]}}