{"id":35456,"date":"2024-03-09T12:53:31","date_gmt":"2024-03-09T15:53:31","guid":{"rendered":"https:\/\/larevistadigital.com.ar\/blog\/?p=35456"},"modified":"2024-03-09T12:53:31","modified_gmt":"2024-03-09T15:53:31","slug":"importante-inversion-para-fortalecer-el-sistema-de-seguridad","status":"publish","type":"post","link":"https:\/\/larevistadigital.com.ar\/blog\/importante-inversion-para-fortalecer-el-sistema-de-seguridad\/","title":{"rendered":"IMPORTANTE INVERSI\u00d3N PARA FORTALECER EL SISTEMA DE SEGURIDAD"},"content":{"rendered":"<h2>En una reuni\u00f3n llevada a cabo el pasado jueves por el Foro Municipal de Seguridad, la secretaria de Seguridad Ciudadana, Mariela Moscarella, anunci\u00f3 inversiones destinadas a la zona rural y al sector urbano.<\/h2>\n<p>9 de marzo de 2024<\/p>\n<p><strong>CHASCOM\u00daS &#8211;\u00a0 <\/strong>Entre las principales iniciativas, se destaca una inversi\u00f3n de alrededor de 15 millones de pesos para ampliar y fortalecer el sistema de videovigilancia en toda la jurisdicci\u00f3n municipal.<\/p>\n<p><strong><em>\u201cEsto incluye la compra de c\u00e1maras para reemplazar algunas de las existentes y otras para poner en la zona rural. En ese sector est\u00e1 pendiente, para este a\u00f1o, la instalaci\u00f3n de alrededor de diez c\u00e1maras m\u00e1s, adem\u00e1s de otras diez que estaban previstas desde el a\u00f1o pasado\u201d<\/em><\/strong>, detall\u00f3 la secretaria.<\/p>\n<p>El intendente <strong>Javier Gast\u00f3n<\/strong> determin\u00f3 realizar estas inversiones necesarias para reforzar la seguridad en el distrito, en el marco de la ordenanza de Emergencia de Seguridad aprobada por el Concejo Deliberante.<\/p>\n<blockquote>\n<h3>Adem\u00e1s, se incorporar\u00e1 un m\u00f3vil adicional durante la noche, a la cuadrilla de Patrulla de Prevenci\u00f3n Municipal lo que permitir\u00e1 una mejor coordinaci\u00f3n de los recorridos con la Estaci\u00f3n de Polic\u00eda Comunal (EPC).<\/h3>\n<\/blockquote>\n<p>Moscarella indic\u00f3 que <em><strong>\u201cla estaci\u00f3n de polic\u00eda comunal local tiene seis m\u00f3viles para cubrir las cuadr\u00edculas y alguno m\u00e1s para el grupo de calle, as\u00ed que en ese sentido, no tenemos dificultades. Actualmente, tenemos la cantidad de m\u00f3viles que corresponde al n\u00famero de cuadr\u00edculas del Plan Maestro de Seguridad. Pero s\u00ed, por supuesto, como todos los municipios de la provincia de Buenos Aires, como todas las polic\u00edas de la provincia de Buenos Aires, necesitamos m\u00e1s agentes y eso fue uno de los planteos que le hicimos al ministro Javier Alonso cuando vino a reunirse con el intendente Javier Gast\u00f3n, la semana pasada\u201d<\/strong><\/em>.<\/p>\n<p>Adem\u00e1s de estas medidas concretas, se hizo hincapi\u00e9 en la importancia de la colaboraci\u00f3n intersectorial y se anunci\u00f3 la creaci\u00f3n de una mesa de trabajo que involucra a las \u00e1reas de Seguridad, Educaci\u00f3n, Salud y Desarrollo Social, con el objetivo de abordar cuestiones relacionadas con la prevenci\u00f3n entre ni\u00f1os, ni\u00f1as, adolescentes y j\u00f3venes.<\/p>\n<p>En este contexto, tambi\u00e9n se anunci\u00f3 la conformaci\u00f3n de una mesa de referentes barriales de Seguridad, que se conform\u00f3 en febrero y continuar\u00e1 su labor durante todo el a\u00f1o. Esta iniciativa tiene como finalidad establecer una red de contenci\u00f3n en situaciones espec\u00edficas, promoviendo la participaci\u00f3n comunitaria y la colaboraci\u00f3n entre vecinos y autoridades.<\/p>\n","protected":false},"excerpt":{"rendered":"<div class=\"mh-excerpt\"><p>En una reuni\u00f3n llevada a cabo el pasado jueves por el Foro Municipal de Seguridad, la secretaria de Seguridad Ciudadana, Mariela Moscarella, anunci\u00f3 inversiones destinadas a la zona rural y al sector urbano. 9 de <a class=\"mh-excerpt-more\" href=\"https:\/\/larevistadigital.com.ar\/blog\/importante-inversion-para-fortalecer-el-sistema-de-seguridad\/\" title=\"IMPORTANTE INVERSI\u00d3N PARA FORTALECER EL SISTEMA DE SEGURIDAD\">[Leer M\u00e1s]<\/a><\/p>\n<\/div>","protected":false},"author":3,"featured_media":35457,"comment_status":"open","ping_status":"open","sticky":false,"template":"","format":"standard","meta":{"_jetpack_memberships_contains_paid_content":false,"footnotes":"","jetpack_publicize_message":"","jetpack_publicize_feature_enabled":true,"jetpack_social_post_already_shared":true,"jetpack_social_options":{"image_generator_settings":{"template":"highway","default_image_id":0,"font":"","enabled":false},"version":2}},"categories":[50],"tags":[],"class_list":{"0":"post-35456","1":"post","2":"type-post","3":"status-publish","4":"format-standard","5":"has-post-thumbnail","7":"category-interes-general"},"jetpack_publicize_connections":[],"jetpack_featured_media_url":"https:\/\/i0.wp.com\/larevistadigital.com.ar\/blog\/wp-content\/uploads\/2024_03_09_01_24_06_2444731.jpg?fit=600%2C400&ssl=1","jetpack_sharing_enabled":true,"jetpack_shortlink":"https:\/\/wp.me\/p8qtrQ-9dS","jetpack-related-posts":[{"id":36239,"url":"https:\/\/larevistadigital.com.ar\/blog\/la-municipalidad-trabaja-en-la-recuperacion-de-camaras-de-seguridad-danadas-para-su-reutilizacion\/","url_meta":{"origin":35456,"position":0},"title":"LA MUNICIPALIDAD TRABAJA EN LA RECUPERACI\u00d3N DE C\u00c1MARAS DE SEGURIDAD DA\u00d1ADAS PARA SU REUTILIZACI\u00d3N","author":"Alejandro Sosa Ruda","date":"5 junio, 2024","format":false,"excerpt":"Este proyecto se realiza desde la Secretar\u00eda de Seguridad Ciudadana y el \u00e1rea de Modernizaci\u00f3n, en colaboraci\u00f3n con alumnos de la Escuela de Educaci\u00f3n T\u00e9cnica N\u00ba 1 que realizan pr\u00e1cticas profesionalizantes en el taller de modernizaci\u00f3n. 5 de Junio de 2024 CHASCOM\u00daS -\u00a0 La tarea consiste en la recuperaci\u00f3n de\u2026","rel":"","context":"En \u00abSin categor\u00eda\u00bb","block_context":{"text":"Sin categor\u00eda","link":"https:\/\/larevistadigital.com.ar\/blog\/category\/sin-categoria\/"},"img":{"alt_text":"","src":"https:\/\/i0.wp.com\/larevistadigital.com.ar\/blog\/wp-content\/uploads\/2024_06_06_01_03_00_1979507.jpg?fit=600%2C400&ssl=1&resize=350%2C200","width":350,"height":200,"srcset":"https:\/\/i0.wp.com\/larevistadigital.com.ar\/blog\/wp-content\/uploads\/2024_06_06_01_03_00_1979507.jpg?fit=600%2C400&ssl=1&resize=350%2C200 1x, https:\/\/i0.wp.com\/larevistadigital.com.ar\/blog\/wp-content\/uploads\/2024_06_06_01_03_00_1979507.jpg?fit=600%2C400&ssl=1&resize=525%2C300 1.5x"},"classes":[]},{"id":36207,"url":"https:\/\/larevistadigital.com.ar\/blog\/la-secretaria-de-seguridad-recibio-a-representantes-de-sectores-rurales\/","url_meta":{"origin":35456,"position":1},"title":"LA SECRETARIA DE SEGURIDAD RECIBI\u00d3 A REPRESENTANTES DE SECTORES RURALES","author":"Alejandro Sosa Ruda","date":"4 junio, 2024","format":false,"excerpt":"La secretaria de Seguridad Ciudadana municipal, Mariela Moscarella, recibi\u00f3 a representantes del Foro de Seguridad Rural y de la Asociaci\u00f3n Rural de Chascom\u00fas con quienes dialog\u00f3 sobre la actualidad del sector. 04 de Junio de 2024 CHASCOM\u00daS -\u00a0 En esta reuni\u00f3n, que se llev\u00f3 a cabo en la Secretar\u00eda de\u2026","rel":"","context":"En \u00abDESTACADAS\u00bb","block_context":{"text":"DESTACADAS","link":"https:\/\/larevistadigital.com.ar\/blog\/category\/destacadas\/"},"img":{"alt_text":"","src":"https:\/\/i0.wp.com\/larevistadigital.com.ar\/blog\/wp-content\/uploads\/2024_06_05_00_47_30_302136.jpg?fit=600%2C338&ssl=1&resize=350%2C200","width":350,"height":200,"srcset":"https:\/\/i0.wp.com\/larevistadigital.com.ar\/blog\/wp-content\/uploads\/2024_06_05_00_47_30_302136.jpg?fit=600%2C338&ssl=1&resize=350%2C200 1x, https:\/\/i0.wp.com\/larevistadigital.com.ar\/blog\/wp-content\/uploads\/2024_06_05_00_47_30_302136.jpg?fit=600%2C338&ssl=1&resize=525%2C300 1.5x"},"classes":[]},{"id":35984,"url":"https:\/\/larevistadigital.com.ar\/blog\/reunion-de-la-secretaria-de-seguridad-ciudadana-con-autoridades-policiales\/","url_meta":{"origin":35456,"position":2},"title":"REUNI\u00d3N DE LA SECRETARIA DE SEGURIDAD CIUDADANA CON AUTORIDADES POLICIALES","author":"Alejandro Sosa Ruda","date":"4 mayo, 2024","format":false,"excerpt":"El encuentro tuvo como objetivo fortalecer el trabajo de cooperaci\u00f3n entre la instituci\u00f3n policial y las \u00e1reas municipales de seguridad en cuanto a la prevenci\u00f3n del delito y las violencias, tanto en la zona rural como en la zona urbana. 4 de mayo de 2024 CHASCOM\u00daS -\u00a0 La secretaria de\u2026","rel":"","context":"En \u00abCHASCOM\u00daS\u00bb","block_context":{"text":"CHASCOM\u00daS","link":"https:\/\/larevistadigital.com.ar\/blog\/category\/chascomus\/"},"img":{"alt_text":"","src":"https:\/\/i0.wp.com\/larevistadigital.com.ar\/blog\/wp-content\/uploads\/2024_05_04_00_51_51_6230477.jpg?fit=600%2C450&ssl=1&resize=350%2C200","width":350,"height":200,"srcset":"https:\/\/i0.wp.com\/larevistadigital.com.ar\/blog\/wp-content\/uploads\/2024_05_04_00_51_51_6230477.jpg?fit=600%2C450&ssl=1&resize=350%2C200 1x, https:\/\/i0.wp.com\/larevistadigital.com.ar\/blog\/wp-content\/uploads\/2024_05_04_00_51_51_6230477.jpg?fit=600%2C450&ssl=1&resize=525%2C300 1.5x"},"classes":[]},{"id":36922,"url":"https:\/\/larevistadigital.com.ar\/blog\/chascomus-se-fortalecen-las-estrategias-de-prevencion-en-el-sector-rural\/","url_meta":{"origin":35456,"position":3},"title":"CHASCOM\u00daS: SE FORTALECEN LAS ESTRAT\u00c9GIAS DE PREVENCI\u00d3N EN EL SECTOR RURAL","author":"Alejandro Sosa Ruda","date":"11 agosto, 2024","format":false,"excerpt":"La secretaria municipal de Seguridad Ciudadana, Mariela Moscarella, mantuvo una reuni\u00f3n con representantes del Comando de Patrulla Rural de Chascom\u00fas (CPR), con la finalidad de fortalecer las estrategias de prevenci\u00f3n en las zonas rurales. 11 de Agosto de 2024 CHASCOM\u00daS\u00a0 -\u00a0\u00a0 Tomaron parte de la reuni\u00f3n el director Operativo Sur,\u2026","rel":"","context":"En \u00abINTERES GENERAL\u00bb","block_context":{"text":"INTERES GENERAL","link":"https:\/\/larevistadigital.com.ar\/blog\/category\/interes-general\/"},"img":{"alt_text":"","src":"https:\/\/i0.wp.com\/larevistadigital.com.ar\/blog\/wp-content\/uploads\/66b4fa4b2032c.png?fit=668%2C445&ssl=1&resize=350%2C200","width":350,"height":200,"srcset":"https:\/\/i0.wp.com\/larevistadigital.com.ar\/blog\/wp-content\/uploads\/66b4fa4b2032c.png?fit=668%2C445&ssl=1&resize=350%2C200 1x, https:\/\/i0.wp.com\/larevistadigital.com.ar\/blog\/wp-content\/uploads\/66b4fa4b2032c.png?fit=668%2C445&ssl=1&resize=525%2C300 1.5x"},"classes":[]},{"id":36266,"url":"https:\/\/larevistadigital.com.ar\/blog\/reunion-del-foro-municipal-de-seguridad-para-analizar-diversos-aspectos-de-la-situacion-actual\/","url_meta":{"origin":35456,"position":4},"title":"REUNI\u00d3N DEL FORO MUNICIPAL DE SEGURIDAD PARA ANALIZAR DIVERSOS ASPECTOS DE LA SITUACI\u00d3N ACTUAL","author":"Alejandro Sosa Ruda","date":"8 junio, 2024","format":false,"excerpt":"En un encuentro llevado a cabo el pasado jueves por la tarde en el recinto del Concejo Deliberante, el Foro Municipal de Seguridad se reuni\u00f3 para analizar diversos temas relacionados con la seguridad ciudadana. 8 de Junio de 2024 CHASCOM\u00daS - La reuni\u00f3n estuvo encabezado por la secretaria de Seguridad\u2026","rel":"","context":"En \u00abCHASCOM\u00daS\u00bb","block_context":{"text":"CHASCOM\u00daS","link":"https:\/\/larevistadigital.com.ar\/blog\/category\/chascomus\/"},"img":{"alt_text":"","src":"https:\/\/i0.wp.com\/larevistadigital.com.ar\/blog\/wp-content\/uploads\/2024_06_08_05_26_39_1196676.jpg?fit=600%2C400&ssl=1&resize=350%2C200","width":350,"height":200,"srcset":"https:\/\/i0.wp.com\/larevistadigital.com.ar\/blog\/wp-content\/uploads\/2024_06_08_05_26_39_1196676.jpg?fit=600%2C400&ssl=1&resize=350%2C200 1x, https:\/\/i0.wp.com\/larevistadigital.com.ar\/blog\/wp-content\/uploads\/2024_06_08_05_26_39_1196676.jpg?fit=600%2C400&ssl=1&resize=525%2C300 1.5x"},"classes":[]},{"id":36056,"url":"https:\/\/larevistadigital.com.ar\/blog\/posta-policial-en-el-paraje-don-cipriano\/","url_meta":{"origin":35456,"position":5},"title":"POSTA POLICIAL EN EL PARAJE DON CIPRIANO","author":"Alejandro Sosa Ruda","date":"17 mayo, 2024","format":false,"excerpt":"Esta medida tiene como objetivo principal establecer una guardia de seguridad activa en el lugar, lo que permitir\u00e1 una respuesta m\u00e1s r\u00e1pida a las necesidades de los vecinos de la zona. 17 de Mayo de 2024 CHASCOM\u00daS -\u00a0 \u00a0El intendente Javier Gast\u00f3n recibi\u00f3 hoy la nueva posta policial que comenzar\u00e1\u2026","rel":"","context":"En \u00abINTERES GENERAL\u00bb","block_context":{"text":"INTERES GENERAL","link":"https:\/\/larevistadigital.com.ar\/blog\/category\/interes-general\/"},"img":{"alt_text":"","src":"https:\/\/i0.wp.com\/larevistadigital.com.ar\/blog\/wp-content\/uploads\/2024_05_18_02_22_20_4889801.jpg?fit=600%2C400&ssl=1&resize=350%2C200","width":350,"height":200,"srcset":"https:\/\/i0.wp.com\/larevistadigital.com.ar\/blog\/wp-content\/uploads\/2024_05_18_02_22_20_4889801.jpg?fit=600%2C400&ssl=1&resize=350%2C200 1x, https:\/\/i0.wp.com\/larevistadigital.com.ar\/blog\/wp-content\/uploads\/2024_05_18_02_22_20_4889801.jpg?fit=600%2C400&ssl=1&resize=525%2C300 1.5x"},"classes":[]}],"_links":{"self":[{"href":"https:\/\/larevistadigital.com.ar\/blog\/wp-json\/wp\/v2\/posts\/35456","targetHints":{"allow":["GET"]}}],"collection":[{"href":"https:\/\/larevistadigital.com.ar\/blog\/wp-json\/wp\/v2\/posts"}],"about":[{"href":"https:\/\/larevistadigital.com.ar\/blog\/wp-json\/wp\/v2\/types\/post"}],"author":[{"embeddable":true,"href":"https:\/\/larevistadigital.com.ar\/blog\/wp-json\/wp\/v2\/users\/3"}],"replies":[{"embeddable":true,"href":"https:\/\/larevistadigital.com.ar\/blog\/wp-json\/wp\/v2\/comments?post=35456"}],"version-history":[{"count":1,"href":"https:\/\/larevistadigital.com.ar\/blog\/wp-json\/wp\/v2\/posts\/35456\/revisions"}],"predecessor-version":[{"id":35458,"href":"https:\/\/larevistadigital.com.ar\/blog\/wp-json\/wp\/v2\/posts\/35456\/revisions\/35458"}],"wp:featuredmedia":[{"embeddable":true,"href":"https:\/\/larevistadigital.com.ar\/blog\/wp-json\/wp\/v2\/media\/35457"}],"wp:attachment":[{"href":"https:\/\/larevistadigital.com.ar\/blog\/wp-json\/wp\/v2\/media?parent=35456"}],"wp:term":[{"taxonomy":"category","embeddable":true,"href":"https:\/\/larevistadigital.com.ar\/blog\/wp-json\/wp\/v2\/categories?post=35456"},{"taxonomy":"post_tag","embeddable":true,"href":"https:\/\/larevistadigital.com.ar\/blog\/wp-json\/wp\/v2\/tags?post=35456"}],"curies":[{"name":"wp","href":"https:\/\/api.w.org\/{rel}","templated":true}]}}