{"id":35459,"date":"2024-03-09T12:57:30","date_gmt":"2024-03-09T15:57:30","guid":{"rendered":"https:\/\/larevistadigital.com.ar\/blog\/?p=35459"},"modified":"2024-03-09T13:00:41","modified_gmt":"2024-03-09T16:00:41","slug":"se-viene-una-gran-pena-folklorica-este-domingo","status":"publish","type":"post","link":"https:\/\/larevistadigital.com.ar\/blog\/se-viene-una-gran-pena-folklorica-este-domingo\/","title":{"rendered":"SE VIENE UNA GRAN PE\u00d1A FOLKL\u00d3RICA ESTE DOMINGO"},"content":{"rendered":"<h2 class=\"notaIntro\"><em>Artistas destacados de nuestra ciudad participar\u00e1n de una pe\u00f1a al aire libre, en los jardines del Museo, organizada por el grupo folkl\u00f3rico \u201cEncuentro\u201d, a partir de las 18,30 horas.<\/em><\/h2>\n<p>9 de marzo de 2024<\/p>\n<p class=\"notaTexto\"><strong>CHASCOM\u00daS &#8211;\u00a0<\/strong> Entre las agrupaciones y artistas que tendremos oportunidad de disfrutar, podemos nombrar a \u201cSencillito y de Alpargatas\u201d a cargo de <strong>Daniela Garibaldi, Felipe Giles y Bel\u00e9n Liniers<\/strong>, grupo de danzas folkl\u00f3ricas a cargo de <strong>Marta Heredia, Tamara Orellana,<\/strong> <strong>grupo \u201cEncuentro\u201d<\/strong> y <strong>Fabio Costa<\/strong>.<\/p>\n<p class=\"notaTexto\">Habr\u00e1 servicio de cantina y sorteos. En el ingreso, se ofrecer\u00e1 un bono contribuci\u00f3n de $500. Si alguien desea adquirir bono contribuci\u00f3n anticipado, puede dirigirse a los siguientes contactos: 2241-466405, 2241-506529 o al 2241-409921.<\/p>\n","protected":false},"excerpt":{"rendered":"<div class=\"mh-excerpt\"><p>Artistas destacados de nuestra ciudad participar\u00e1n de una pe\u00f1a al aire libre, en los jardines del Museo, organizada por el grupo folkl\u00f3rico \u201cEncuentro\u201d, a partir de las 18,30 horas. 9 de marzo de 2024 CHASCOM\u00daS <a class=\"mh-excerpt-more\" href=\"https:\/\/larevistadigital.com.ar\/blog\/se-viene-una-gran-pena-folklorica-este-domingo\/\" title=\"SE VIENE UNA GRAN PE\u00d1A FOLKL\u00d3RICA ESTE DOMINGO\">[Leer M\u00e1s]<\/a><\/p>\n<\/div>","protected":false},"author":3,"featured_media":35460,"comment_status":"open","ping_status":"open","sticky":false,"template":"","format":"standard","meta":{"_jetpack_memberships_contains_paid_content":false,"footnotes":"","jetpack_publicize_message":"","jetpack_publicize_feature_enabled":true,"jetpack_social_post_already_shared":true,"jetpack_social_options":{"image_generator_settings":{"template":"highway","default_image_id":0,"font":"","enabled":false},"version":2}},"categories":[50,1],"tags":[],"class_list":{"0":"post-35459","1":"post","2":"type-post","3":"status-publish","4":"format-standard","5":"has-post-thumbnail","7":"category-interes-general","8":"category-sin-categoria"},"jetpack_publicize_connections":[],"jetpack_featured_media_url":"https:\/\/i0.wp.com\/larevistadigital.com.ar\/blog\/wp-content\/uploads\/2024_03_09_01_16_41_8840373.jpg?fit=600%2C600&ssl=1","jetpack_sharing_enabled":true,"jetpack_shortlink":"https:\/\/wp.me\/p8qtrQ-9dV","jetpack-related-posts":[{"id":37682,"url":"https:\/\/larevistadigital.com.ar\/blog\/pena-escolar-para-la-escuela-ep-n-31-en-el-barrio-parque-girado\/","url_meta":{"origin":35459,"position":0},"title":"Pe\u00f1a Escolar para la Escuela EP N\u00b0 31 en el barrio Parque Girado","author":"Alejandro Sosa Ruda","date":"31 octubre, 2024","format":false,"excerpt":"Con el objetivo de mejorar las instalaciones sanitarias de nuestra querida escuela, invitamos a toda la comunidad a participar de una jornada \u00fanica llena de m\u00fasica, entretenimiento y solidaridad. La Pe\u00f1a tendr\u00e1 lugar el\u00a0DOMINGO 3 DE NOVIEMBRE\u00a0en el\u00a0LA ESCUELA EP. 31 EN EL BARRIO DE PARQUE GIRADO,\u00a0donde contaremos con una\u2026","rel":"","context":"En \u00abCHASCOM\u00daS\u00bb","block_context":{"text":"CHASCOM\u00daS","link":"https:\/\/larevistadigital.com.ar\/blog\/category\/chascomus\/"},"img":{"alt_text":"","src":"https:\/\/i0.wp.com\/larevistadigital.com.ar\/blog\/wp-content\/uploads\/463204812_2630330610501871_7904315562732566138_n.jpg?fit=887%2C1200&ssl=1&resize=350%2C200","width":350,"height":200,"srcset":"https:\/\/i0.wp.com\/larevistadigital.com.ar\/blog\/wp-content\/uploads\/463204812_2630330610501871_7904315562732566138_n.jpg?fit=887%2C1200&ssl=1&resize=350%2C200 1x, https:\/\/i0.wp.com\/larevistadigital.com.ar\/blog\/wp-content\/uploads\/463204812_2630330610501871_7904315562732566138_n.jpg?fit=887%2C1200&ssl=1&resize=525%2C300 1.5x, https:\/\/i0.wp.com\/larevistadigital.com.ar\/blog\/wp-content\/uploads\/463204812_2630330610501871_7904315562732566138_n.jpg?fit=887%2C1200&ssl=1&resize=700%2C400 2x"},"classes":[]},{"id":42181,"url":"https:\/\/larevistadigital.com.ar\/blog\/este-finde-chascomus-te-espera-con-muchas-propuestas\/","url_meta":{"origin":35459,"position":1},"title":"Este finde Chascom\u00fas te espera con muchas propuestas","author":"Alejandro Sosa Ruda","date":"23 octubre, 2025","format":false,"excerpt":"Adem\u00e1s de disfrutar de sus hermosos espacios verdes y de la naturaleza tom\u00e1ndose unos mates a orillas de la laguna, Chascom\u00fas tambi\u00e9n te espera con una amplia y variada agenda de actividades y espect\u00e1culos. Jueves 23 de octubre -MUESTRA FOTOGR\u00c1FICA - IM\u00c1GENES ANTIGUAS DE DIFERENTES SITIOS HIST\u00d3RICOS DE CHASCOM\u00daS. De\u2026","rel":"","context":"En \u00abCHASCOM\u00daS\u00bb","block_context":{"text":"CHASCOM\u00daS","link":"https:\/\/larevistadigital.com.ar\/blog\/category\/chascomus\/"},"img":{"alt_text":"","src":"https:\/\/i0.wp.com\/larevistadigital.com.ar\/blog\/wp-content\/uploads\/68fa58734b1bc.png?fit=668%2C445&ssl=1&resize=350%2C200","width":350,"height":200,"srcset":"https:\/\/i0.wp.com\/larevistadigital.com.ar\/blog\/wp-content\/uploads\/68fa58734b1bc.png?fit=668%2C445&ssl=1&resize=350%2C200 1x, https:\/\/i0.wp.com\/larevistadigital.com.ar\/blog\/wp-content\/uploads\/68fa58734b1bc.png?fit=668%2C445&ssl=1&resize=525%2C300 1.5x"},"classes":[]},{"id":35553,"url":"https:\/\/larevistadigital.com.ar\/blog\/interesantes-propuestas-para-vivir-el-finde-en-chascomus\/","url_meta":{"origin":35459,"position":2},"title":"INTERESANTES PROPUESTAS PARA VIVIR EL FINDE EN CHASCOM\u00daS","author":"Alejandro Sosa Ruda","date":"14 marzo, 2024","format":false,"excerpt":"La Municipalidad de Chascom\u00fas da a conocer la agenda de actividades para disfrutar de nuestra ciudad, con muestras, paseos, islas gastron\u00f3micas, visitas guiadas y mucho m\u00e1s. -Viernes 15 -PASEO POR LA HISTORIA \"MUSEO PAMPEANO\". A las 10 horas. Actividad sin cargo. Previa inscripci\u00f3n, solicitando el link v\u00eda whatsApp al 2241-603414\u2026","rel":"","context":"En \u00abINTERES GENERAL\u00bb","block_context":{"text":"INTERES GENERAL","link":"https:\/\/larevistadigital.com.ar\/blog\/category\/interes-general\/"},"img":{"alt_text":"","src":"https:\/\/i0.wp.com\/larevistadigital.com.ar\/blog\/wp-content\/uploads\/2024_03_15_01_11_42_609549.jpg?fit=600%2C401&ssl=1&resize=350%2C200","width":350,"height":200,"srcset":"https:\/\/i0.wp.com\/larevistadigital.com.ar\/blog\/wp-content\/uploads\/2024_03_15_01_11_42_609549.jpg?fit=600%2C401&ssl=1&resize=350%2C200 1x, https:\/\/i0.wp.com\/larevistadigital.com.ar\/blog\/wp-content\/uploads\/2024_03_15_01_11_42_609549.jpg?fit=600%2C401&ssl=1&resize=525%2C300 1.5x"},"classes":[]},{"id":37269,"url":"https:\/\/larevistadigital.com.ar\/blog\/llega-la-primavera-en-un-finde-que-se-define-a-puro-campo-en-chascomus\/","url_meta":{"origin":35459,"position":3},"title":"Llega la primavera en un finde que se define a puro campo en Chascom\u00fas","author":"Alejandro Sosa Ruda","date":"20 septiembre, 2024","format":false,"excerpt":"Sin lugar a dudas llega la estaci\u00f3n m\u00e1s hermosa del a\u00f1o y, con ella, seguimos disfrutando de Chascom\u00fas y las actividades que propone el encuentro del Caballo y el Carruaje. 20 de septiembre de 2024 CHASCOM\u00daS -\u00a0 Este fin de semana en Chascom\u00fas estar\u00e1 signado por el 10\u00ba encuentro del\u2026","rel":"","context":"En \u00abINTERES GENERAL\u00bb","block_context":{"text":"INTERES GENERAL","link":"https:\/\/larevistadigital.com.ar\/blog\/category\/interes-general\/"},"img":{"alt_text":"","src":"https:\/\/i0.wp.com\/larevistadigital.com.ar\/blog\/wp-content\/uploads\/66ec57525fd86.png?fit=668%2C445&ssl=1&resize=350%2C200","width":350,"height":200,"srcset":"https:\/\/i0.wp.com\/larevistadigital.com.ar\/blog\/wp-content\/uploads\/66ec57525fd86.png?fit=668%2C445&ssl=1&resize=350%2C200 1x, https:\/\/i0.wp.com\/larevistadigital.com.ar\/blog\/wp-content\/uploads\/66ec57525fd86.png?fit=668%2C445&ssl=1&resize=525%2C300 1.5x"},"classes":[]},{"id":37217,"url":"https:\/\/larevistadigital.com.ar\/blog\/chascomus-fin-de-semana-con-muchas-propuestas-y-actividades\/","url_meta":{"origin":35459,"position":4},"title":"Chascom\u00fas: Fin de semana con muchas propuestas y actividades","author":"Alejandro Sosa Ruda","date":"13 septiembre, 2024","format":false,"excerpt":"Una nueva oportunidad para disfrutar Chascom\u00fas, todo el a\u00f1o. 13 de Septiembre de 2024 CHASCOM\u00daS -\u00a0 Los chascomunenses y quienes visiten la ciudad, tendr\u00e1n oportunidad de vivir un fin de semana, con variadas propuestas para entretenerse a lo grande. Los que gustan del arte, podr\u00e1n recorrer muestras en distintos espacios\u2026","rel":"","context":"En \u00abINTERES GENERAL\u00bb","block_context":{"text":"INTERES GENERAL","link":"https:\/\/larevistadigital.com.ar\/blog\/category\/interes-general\/"},"img":{"alt_text":"","src":"https:\/\/i0.wp.com\/larevistadigital.com.ar\/blog\/wp-content\/uploads\/66e31f77a25c9.png?fit=668%2C445&ssl=1&resize=350%2C200","width":350,"height":200,"srcset":"https:\/\/i0.wp.com\/larevistadigital.com.ar\/blog\/wp-content\/uploads\/66e31f77a25c9.png?fit=668%2C445&ssl=1&resize=350%2C200 1x, https:\/\/i0.wp.com\/larevistadigital.com.ar\/blog\/wp-content\/uploads\/66e31f77a25c9.png?fit=668%2C445&ssl=1&resize=525%2C300 1.5x"},"classes":[]},{"id":36132,"url":"https:\/\/larevistadigital.com.ar\/blog\/para-disfrutar-chascomus-todo-el-ano-se-viene-otro-finde-con-muchas-propuestas\/","url_meta":{"origin":35459,"position":5},"title":"PARA DISFRUTAR CHASCOM\u00daS TODO EL A\u00d1O, SE VIENE OTRO FINDE CON MUCHAS PROPUESTAS","author":"Alejandro Sosa Ruda","date":"24 mayo, 2024","format":false,"excerpt":"Los chascomunenses y quienes visiten la ciudad, tendr\u00e1n oportunidad de vivir un fin de semana matizado por los colores patrios, con variadas propuestas para entretenerse a lo grande. 24 de Mayo de 2024 CHASCOM\u00daS -\u00a0 Los que gustan del arte pict\u00f3rico, podr\u00e1n recorrer muestras en distintos espacios patrimoniales como la\u2026","rel":"","context":"En \u00abCHASCOM\u00daS\u00bb","block_context":{"text":"CHASCOM\u00daS","link":"https:\/\/larevistadigital.com.ar\/blog\/category\/chascomus\/"},"img":{"alt_text":"","src":"https:\/\/i0.wp.com\/larevistadigital.com.ar\/blog\/wp-content\/uploads\/2024_05_24_01_33_55_6258994.jpg?fit=600%2C400&ssl=1&resize=350%2C200","width":350,"height":200,"srcset":"https:\/\/i0.wp.com\/larevistadigital.com.ar\/blog\/wp-content\/uploads\/2024_05_24_01_33_55_6258994.jpg?fit=600%2C400&ssl=1&resize=350%2C200 1x, https:\/\/i0.wp.com\/larevistadigital.com.ar\/blog\/wp-content\/uploads\/2024_05_24_01_33_55_6258994.jpg?fit=600%2C400&ssl=1&resize=525%2C300 1.5x"},"classes":[]}],"_links":{"self":[{"href":"https:\/\/larevistadigital.com.ar\/blog\/wp-json\/wp\/v2\/posts\/35459","targetHints":{"allow":["GET"]}}],"collection":[{"href":"https:\/\/larevistadigital.com.ar\/blog\/wp-json\/wp\/v2\/posts"}],"about":[{"href":"https:\/\/larevistadigital.com.ar\/blog\/wp-json\/wp\/v2\/types\/post"}],"author":[{"embeddable":true,"href":"https:\/\/larevistadigital.com.ar\/blog\/wp-json\/wp\/v2\/users\/3"}],"replies":[{"embeddable":true,"href":"https:\/\/larevistadigital.com.ar\/blog\/wp-json\/wp\/v2\/comments?post=35459"}],"version-history":[{"count":1,"href":"https:\/\/larevistadigital.com.ar\/blog\/wp-json\/wp\/v2\/posts\/35459\/revisions"}],"predecessor-version":[{"id":35461,"href":"https:\/\/larevistadigital.com.ar\/blog\/wp-json\/wp\/v2\/posts\/35459\/revisions\/35461"}],"wp:featuredmedia":[{"embeddable":true,"href":"https:\/\/larevistadigital.com.ar\/blog\/wp-json\/wp\/v2\/media\/35460"}],"wp:attachment":[{"href":"https:\/\/larevistadigital.com.ar\/blog\/wp-json\/wp\/v2\/media?parent=35459"}],"wp:term":[{"taxonomy":"category","embeddable":true,"href":"https:\/\/larevistadigital.com.ar\/blog\/wp-json\/wp\/v2\/categories?post=35459"},{"taxonomy":"post_tag","embeddable":true,"href":"https:\/\/larevistadigital.com.ar\/blog\/wp-json\/wp\/v2\/tags?post=35459"}],"curies":[{"name":"wp","href":"https:\/\/api.w.org\/{rel}","templated":true}]}}