{"id":35462,"date":"2024-03-09T13:08:42","date_gmt":"2024-03-09T16:08:42","guid":{"rendered":"https:\/\/larevistadigital.com.ar\/blog\/?p=35462"},"modified":"2024-03-09T13:08:42","modified_gmt":"2024-03-09T16:08:42","slug":"el-intendente-se-reunio-con-el-nuevo-obispo-de-chascomus","status":"publish","type":"post","link":"https:\/\/larevistadigital.com.ar\/blog\/el-intendente-se-reunio-con-el-nuevo-obispo-de-chascomus\/","title":{"rendered":"EL INTENDENTE SE REUNI\u00d3 CON EL NUEVO OBISPO DE CHASCOM\u00daS"},"content":{"rendered":"<h2 class=\"notaIntro\">Tras la ordenaci\u00f3n episcopal y la toma de posesi\u00f3n de la Di\u00f3cesis de Chascom\u00fas de Monse\u00f1or Juan Ignacio Li\u00e9bana, Javier Gast\u00f3n lo recibi\u00f3 en su despacho.<\/h2>\n<p>9 de marzo de 2024<\/p>\n<p class=\"notaTexto\"><strong>CHASCOM\u00daS &#8211;\u00a0<\/strong> En la ma\u00f1ana de este jueves, el intendente Javier Gast\u00f3n mantuvo un encuentro con el nuevo Obispo de Chascom\u00fas, Mons. Juan Ignacio Li\u00e9bana, luego de haberlo acompa\u00f1ado en la gran ceremonia que se vivi\u00f3 el \u00faltimo s\u00e1bado en el gimnasio del ICM.<\/p>\n<blockquote>\n<h3 class=\"notaTexto\">Durante el encuentro, Javier Gast\u00f3n le hizo entrega de un obsequio, un portarretrato con una fotograf\u00eda de su ordenaci\u00f3n episcopal, y le expres\u00f3 su deseo de trabajar juntos y fortalecer lazos en nuestra comunidad por el bien de todos los chascomunenses.<\/h3>\n<\/blockquote>\n<p class=\"notaTexto\"><strong>Juan Ignacio Li\u00e9bana<\/strong> naci\u00f3 en Buenos Aires el 6 de junio de 1977, recibi\u00f3 el orden sacerdotal el 27 de noviembre de 2004 y en 2005 fue nombrado vicario parroquial de San Ram\u00f3n Nonato en la Arquidi\u00f3cesis de Buenos Aires.<br \/>\nEn 2009 se traslad\u00f3 a la Di\u00f3cesis de A\u00f1atuya (Santiago del Estero), donde prest\u00f3 su servicio como vicario parroquial y luego p\u00e1rroco de la iglesia Santo Cristo en la localidad de Santos Lugares.<\/p>\n<blockquote>\n<h3 class=\"notaTexto\">En 2013, se desempe\u00f1\u00f3 como director espiritual del Seminario Mayor Diocesano Santiago El Mayor en Santiago del Estero.<\/h3>\n<\/blockquote>\n<p class=\"notaTexto\">En 2016, fue designado p\u00e1rroco de Nuestra Se\u00f1ora del Carmen en la localidad de Campo Gallo y fue rector del santuario de la Virgen de Huachana.<\/p>\n<blockquote>\n<h3 class=\"notaTexto\">En la Di\u00f3cesis de A\u00f1atuya fue miembro del Colegio de Consultores, adem\u00e1s de haber sido tambi\u00e9n director de la Pastoral Misionera.<\/h3>\n<\/blockquote>\n<p class=\"notaTexto\">Actualmente y, tras la designaci\u00f3n del Papa Francisco, es Obispo de la Di\u00f3cesis de Chascom\u00fas, servicio que asumi\u00f3 el s\u00e1bado 2 de marzo pasado.<\/p>\n","protected":false},"excerpt":{"rendered":"<div class=\"mh-excerpt\"><p>Tras la ordenaci\u00f3n episcopal y la toma de posesi\u00f3n de la Di\u00f3cesis de Chascom\u00fas de Monse\u00f1or Juan Ignacio Li\u00e9bana, Javier Gast\u00f3n lo recibi\u00f3 en su despacho. 9 de marzo de 2024 CHASCOM\u00daS &#8211;\u00a0 En la <a class=\"mh-excerpt-more\" href=\"https:\/\/larevistadigital.com.ar\/blog\/el-intendente-se-reunio-con-el-nuevo-obispo-de-chascomus\/\" title=\"EL INTENDENTE SE REUNI\u00d3 CON EL NUEVO OBISPO DE CHASCOM\u00daS\">[Leer M\u00e1s]<\/a><\/p>\n<\/div>","protected":false},"author":3,"featured_media":35463,"comment_status":"open","ping_status":"open","sticky":false,"template":"","format":"standard","meta":{"_jetpack_memberships_contains_paid_content":false,"footnotes":"","jetpack_publicize_message":"","jetpack_publicize_feature_enabled":true,"jetpack_social_post_already_shared":true,"jetpack_social_options":{"image_generator_settings":{"template":"highway","default_image_id":0,"font":"","enabled":false},"version":2}},"categories":[50],"tags":[],"class_list":{"0":"post-35462","1":"post","2":"type-post","3":"status-publish","4":"format-standard","5":"has-post-thumbnail","7":"category-interes-general"},"jetpack_publicize_connections":[],"jetpack_featured_media_url":"https:\/\/i0.wp.com\/larevistadigital.com.ar\/blog\/wp-content\/uploads\/2024_03_09_01_00_58_534293.jpg?fit=600%2C400&ssl=1","jetpack_sharing_enabled":true,"jetpack_shortlink":"https:\/\/wp.me\/p8qtrQ-9dY","jetpack-related-posts":[{"id":39481,"url":"https:\/\/larevistadigital.com.ar\/blog\/banderas-a-media-asta-y-suspension-de-actos-oficiales-en-adhesion-al-duelo-nacional-por-el-fallecimiento-del-papa-francisco\/","url_meta":{"origin":35462,"position":0},"title":"Banderas a media asta y suspensi\u00f3n de actos oficiales en adhesi\u00f3n al duelo nacional por el fallecimiento del Papa Francisco","author":"Alejandro Sosa Ruda","date":"22 abril, 2025","format":false,"excerpt":"El intendente Javier Gast\u00f3n expres\u00f3 su pesar y record\u00f3 el hist\u00f3rico encuentro con el Sumo Pont\u00edfice durante una audiencia privada en el Vaticano. 21 de Abril de 2025 CHASCOM\u00daS -\u00a0 \u00a0En el marco del duelo nacional decretado por el Gobierno tras el fallecimiento del Papa Francisco, hasta el pr\u00f3ximo lunes\u2026","rel":"","context":"En \u00abCHASCOM\u00daS\u00bb","block_context":{"text":"CHASCOM\u00daS","link":"https:\/\/larevistadigital.com.ar\/blog\/category\/chascomus\/"},"img":{"alt_text":"","src":"https:\/\/i0.wp.com\/larevistadigital.com.ar\/blog\/wp-content\/uploads\/68068ca7cc290.png?fit=668%2C445&ssl=1&resize=350%2C200","width":350,"height":200,"srcset":"https:\/\/i0.wp.com\/larevistadigital.com.ar\/blog\/wp-content\/uploads\/68068ca7cc290.png?fit=668%2C445&ssl=1&resize=350%2C200 1x, https:\/\/i0.wp.com\/larevistadigital.com.ar\/blog\/wp-content\/uploads\/68068ca7cc290.png?fit=668%2C445&ssl=1&resize=525%2C300 1.5x"},"classes":[]},{"id":44551,"url":"https:\/\/larevistadigital.com.ar\/blog\/chascomus-es-sede-de-una-muestra-fotografica-sobre-el-papa-francisco-en-la-casa-de-la-provincia\/","url_meta":{"origin":35462,"position":1},"title":"Chascom\u00fas es sede de una muestra fotogr\u00e1fica sobre el Papa Francisco en la Casa de la Provincia","author":"Alejandro Sosa Ruda","date":"17 marzo, 2026","format":false,"excerpt":"El intendente Javier Gast\u00f3n y la jefa de Asesores del gobernador bonaerense, Cristina \u00c1lvarez Rodr\u00edguez, inauguraron la exposici\u00f3n que propone un recorrido por la vida y el legado de Jorge Bergoglio a trav\u00e9s de im\u00e1genes hist\u00f3ricas. 17 de marzo de 2026 CHASCOM\u00daS -\u00a0 \u00a0La muestra, de acceso libre y gratuito,\u2026","rel":"","context":"En \u00abCHASCOM\u00daS\u00bb","block_context":{"text":"CHASCOM\u00daS","link":"https:\/\/larevistadigital.com.ar\/blog\/category\/chascomus\/"},"img":{"alt_text":"","src":"https:\/\/i0.wp.com\/larevistadigital.com.ar\/blog\/wp-content\/uploads\/69b983e3ee445.png?fit=668%2C445&ssl=1&resize=350%2C200","width":350,"height":200,"srcset":"https:\/\/i0.wp.com\/larevistadigital.com.ar\/blog\/wp-content\/uploads\/69b983e3ee445.png?fit=668%2C445&ssl=1&resize=350%2C200 1x, https:\/\/i0.wp.com\/larevistadigital.com.ar\/blog\/wp-content\/uploads\/69b983e3ee445.png?fit=668%2C445&ssl=1&resize=525%2C300 1.5x"},"classes":[]},{"id":13656,"url":"https:\/\/larevistadigital.com.ar\/blog\/javier-gaston-asumio-su-segundo-mandato-como-intendente-de-chascomus\/","url_meta":{"origin":35462,"position":2},"title":"JAVIER GAST\u00d3N ASUMI\u00d3 SU SEGUNDO MANDATO COMO INTENDENTE DE CHASCOM\u00daS","author":"Alejandro Sosa Ruda","date":"13 diciembre, 2019","format":false,"excerpt":"Previamente el Intendente realiz\u00f3 la jura correspondiente en el Honorable Concejo Deliberante, donde estuvo acompa\u00f1ado por su familia, equipo de trabajo, concejales y p\u00fablico en general. Luego, en la plaza, lleg\u00f3 el momento de la Orquesta Filarm\u00f3nica Municipal, creada en 2017, que interpret\u00f3 las estrofas del Himno Nacional. Continuando con\u2026","rel":"","context":"En \u00abDESTACADAS\u00bb","block_context":{"text":"DESTACADAS","link":"https:\/\/larevistadigital.com.ar\/blog\/category\/destacadas\/"},"img":{"alt_text":"","src":"https:\/\/i0.wp.com\/larevistadigital.com.ar\/blog\/wp-content\/uploads\/78869289_2860712707282929_6023469827643932672_o.jpg?fit=960%2C639&ssl=1&resize=350%2C200","width":350,"height":200,"srcset":"https:\/\/i0.wp.com\/larevistadigital.com.ar\/blog\/wp-content\/uploads\/78869289_2860712707282929_6023469827643932672_o.jpg?fit=960%2C639&ssl=1&resize=350%2C200 1x, https:\/\/i0.wp.com\/larevistadigital.com.ar\/blog\/wp-content\/uploads\/78869289_2860712707282929_6023469827643932672_o.jpg?fit=960%2C639&ssl=1&resize=525%2C300 1.5x, https:\/\/i0.wp.com\/larevistadigital.com.ar\/blog\/wp-content\/uploads\/78869289_2860712707282929_6023469827643932672_o.jpg?fit=960%2C639&ssl=1&resize=700%2C400 2x"},"classes":[]},{"id":12881,"url":"https:\/\/larevistadigital.com.ar\/blog\/javier-gaston-fue-reelecto-como-intendente-de-chascomus\/","url_meta":{"origin":35462,"position":3},"title":"JAVIER GAST\u00d3N FUE REELECTO COMO INTENDENTE DE CHASCOM\u00daS","author":"Alejandro Sosa Ruda","date":"28 octubre, 2019","format":false,"excerpt":"El Intendente de Chascom\u00fas, y candidato por el Frente de Todos, Javier Gast\u00f3n, gan\u00f3 la elecci\u00f3n por amplio margen como hab\u00eda ocurrido en las PASO de agosto pasado, y gobernar\u00e1 la ciudad por cuatro a\u00f1os m\u00e1s a partir de diciembre. Con un gran porcentaje de adhesi\u00f3n de los vecinos, el\u2026","rel":"","context":"En \u00abCHASCOM\u00daS\u00bb","block_context":{"text":"CHASCOM\u00daS","link":"https:\/\/larevistadigital.com.ar\/blog\/category\/chascomus\/"},"img":{"alt_text":"","src":"https:\/\/i0.wp.com\/larevistadigital.com.ar\/blog\/wp-content\/uploads\/Screenshot_1-55.jpg?fit=712%2C597&ssl=1&resize=350%2C200","width":350,"height":200,"srcset":"https:\/\/i0.wp.com\/larevistadigital.com.ar\/blog\/wp-content\/uploads\/Screenshot_1-55.jpg?fit=712%2C597&ssl=1&resize=350%2C200 1x, https:\/\/i0.wp.com\/larevistadigital.com.ar\/blog\/wp-content\/uploads\/Screenshot_1-55.jpg?fit=712%2C597&ssl=1&resize=525%2C300 1.5x, https:\/\/i0.wp.com\/larevistadigital.com.ar\/blog\/wp-content\/uploads\/Screenshot_1-55.jpg?fit=712%2C597&ssl=1&resize=700%2C400 2x"},"classes":[]},{"id":42157,"url":"https:\/\/larevistadigital.com.ar\/blog\/chascomus-javier-gaston-recibio-a-medallistas-de-los-juegos-bonaerenses\/","url_meta":{"origin":35462,"position":4},"title":"Chascom\u00fas: Javier Gast\u00f3n recibi\u00f3 a medallistas de los Juegos Bonaerenses","author":"Alejandro Sosa Ruda","date":"22 octubre, 2025","format":false,"excerpt":"Una parte de la delegaci\u00f3n fue recibida por el Intendente ayer por la tarde en su despacho. 22 de Octubre de 2025 CHASCOM\u00daS -\u00a0 \u00a0 Tras el regreso de Mar del Plata, donde se disput\u00f3 la gran final provincial de los Juegos Bonaerenses, el intendente Gast\u00f3n recibi\u00f3 a una parte\u2026","rel":"","context":"En \u00abCHASCOM\u00daS\u00bb","block_context":{"text":"CHASCOM\u00daS","link":"https:\/\/larevistadigital.com.ar\/blog\/category\/chascomus\/"},"img":{"alt_text":"","src":"https:\/\/i0.wp.com\/larevistadigital.com.ar\/blog\/wp-content\/uploads\/68f923e305583.png?fit=668%2C445&ssl=1&resize=350%2C200","width":350,"height":200,"srcset":"https:\/\/i0.wp.com\/larevistadigital.com.ar\/blog\/wp-content\/uploads\/68f923e305583.png?fit=668%2C445&ssl=1&resize=350%2C200 1x, https:\/\/i0.wp.com\/larevistadigital.com.ar\/blog\/wp-content\/uploads\/68f923e305583.png?fit=668%2C445&ssl=1&resize=525%2C300 1.5x"},"classes":[]},{"id":37866,"url":"https:\/\/larevistadigital.com.ar\/blog\/javier-gaston-recibio-a-medallistas-de-los-juegos-bonaerenses\/","url_meta":{"origin":35462,"position":5},"title":"Javier Gast\u00f3n recibi\u00f3 a medallistas de los Juegos Bonaerenses","author":"Alejandro Sosa Ruda","date":"13 noviembre, 2024","format":false,"excerpt":"Los integrantes de la delegaci\u00f3n chascomunense fueron convocados hoy al Palacio Municipal. 13 DE nOVIEMBRE DE 2024 CHASCOM\u00daS - Los ganadores en distintas disciplinas culturales y deportivas de la \u00faltima edici\u00f3n de los Juegos Bonaerenses, fueron convocados a un encuentro con el intendente Javier Gast\u00f3n, quien los recibi\u00f3 en reconocimiento\u2026","rel":"","context":"En \u00abCHASCOM\u00daS\u00bb","block_context":{"text":"CHASCOM\u00daS","link":"https:\/\/larevistadigital.com.ar\/blog\/category\/chascomus\/"},"img":{"alt_text":"","src":"https:\/\/i0.wp.com\/larevistadigital.com.ar\/blog\/wp-content\/uploads\/6734ee18d43f2.png?fit=668%2C445&ssl=1&resize=350%2C200","width":350,"height":200,"srcset":"https:\/\/i0.wp.com\/larevistadigital.com.ar\/blog\/wp-content\/uploads\/6734ee18d43f2.png?fit=668%2C445&ssl=1&resize=350%2C200 1x, https:\/\/i0.wp.com\/larevistadigital.com.ar\/blog\/wp-content\/uploads\/6734ee18d43f2.png?fit=668%2C445&ssl=1&resize=525%2C300 1.5x"},"classes":[]}],"_links":{"self":[{"href":"https:\/\/larevistadigital.com.ar\/blog\/wp-json\/wp\/v2\/posts\/35462","targetHints":{"allow":["GET"]}}],"collection":[{"href":"https:\/\/larevistadigital.com.ar\/blog\/wp-json\/wp\/v2\/posts"}],"about":[{"href":"https:\/\/larevistadigital.com.ar\/blog\/wp-json\/wp\/v2\/types\/post"}],"author":[{"embeddable":true,"href":"https:\/\/larevistadigital.com.ar\/blog\/wp-json\/wp\/v2\/users\/3"}],"replies":[{"embeddable":true,"href":"https:\/\/larevistadigital.com.ar\/blog\/wp-json\/wp\/v2\/comments?post=35462"}],"version-history":[{"count":1,"href":"https:\/\/larevistadigital.com.ar\/blog\/wp-json\/wp\/v2\/posts\/35462\/revisions"}],"predecessor-version":[{"id":35464,"href":"https:\/\/larevistadigital.com.ar\/blog\/wp-json\/wp\/v2\/posts\/35462\/revisions\/35464"}],"wp:featuredmedia":[{"embeddable":true,"href":"https:\/\/larevistadigital.com.ar\/blog\/wp-json\/wp\/v2\/media\/35463"}],"wp:attachment":[{"href":"https:\/\/larevistadigital.com.ar\/blog\/wp-json\/wp\/v2\/media?parent=35462"}],"wp:term":[{"taxonomy":"category","embeddable":true,"href":"https:\/\/larevistadigital.com.ar\/blog\/wp-json\/wp\/v2\/categories?post=35462"},{"taxonomy":"post_tag","embeddable":true,"href":"https:\/\/larevistadigital.com.ar\/blog\/wp-json\/wp\/v2\/tags?post=35462"}],"curies":[{"name":"wp","href":"https:\/\/api.w.org\/{rel}","templated":true}]}}