{"id":35469,"date":"2024-03-09T19:00:23","date_gmt":"2024-03-09T22:00:23","guid":{"rendered":"https:\/\/larevistadigital.com.ar\/blog\/?p=35469"},"modified":"2024-03-09T19:00:23","modified_gmt":"2024-03-09T22:00:23","slug":"carolina-gonzalez-de-leon-algunas-personas-desaparecieron-de-la-mesa-local-durante-la-ultima-campana-electoral","status":"publish","type":"post","link":"https:\/\/larevistadigital.com.ar\/blog\/carolina-gonzalez-de-leon-algunas-personas-desaparecieron-de-la-mesa-local-durante-la-ultima-campana-electoral\/","title":{"rendered":"CAROLINA GONZALEZ DE LE\u00d3N: \u00abALGUNAS PERSONAS DESAPARECIERON DE LA MESA LOCAL DURANTE LA \u00daLTIMA CAMPA\u00d1A ELECTORAL\u00bb"},"content":{"rendered":"<h2>Una nota de alto nivel, con una joven dirigente que con madurez y claridad, explica de manera concreta de qu\u00e9 trata el feminismo sin odios ni fanatismo.<\/h2>\n<p>9 de marzo de 2024<\/p>\n<p><strong>CHASCOM\u00daS &#8211;\u00a0<\/strong> \u00a0La referente de <strong>MUMALA<\/strong> en Chascom\u00fas, <strong>Carolina Gonzalez De Le\u00f3n<\/strong>, mantuvo una muy interesante entrevista con <strong>Carlos Lasserre<\/strong> y <strong>Alejandro \u00abEl Tano\u00bb Sosa<\/strong> durante el programa <strong>\u00abAtaque de Radio\u00bb<\/strong>, que se emite por la <strong>FM AMISTAD (102.7 Mhtz)<\/strong> De lunes a viernes de 10:30 a 12:30 horas, hablando del d\u00eda de la Mujer, pero adem\u00e1s abordando de manera directa y valiente gran cantidad de temas que hacen a la realidad y actualidad local.<\/p>\n<p>En primera instancia, resalt\u00f3 el valor de las mujeres durante la historia, y la lucha por la igualdad. Algo que deber\u00eda ser normal, pero que no lo ha sido hist\u00f3ricamente y que a ella le toc\u00f3 vivirlo en carne propia. No solo en los derechos de \u00edndole laboral, como en la retribuci\u00f3n econ\u00f3mica.<\/p>\n<blockquote>\n<h3>Afirm\u00f3 que <em>\u00abMumal\u00e1 es un feminismo popular, pero no extremo, donde la mujer va a promover la supremac\u00eda sobre el hombre, NO. Todos somos personas. Se trata de que todos tengamos acceso a lo mismo\u00bb.<\/em><\/h3>\n<\/blockquote>\n<p>Agreg\u00f3 que <em><strong>\u00abSe han conseguido cosas en lo legislativo, pero en la pr\u00e1ctica, la realidad es muy pobre, por eso seguimos marchando y seguimos en la lucha\u00bb<\/strong><\/em>.<\/p>\n<blockquote>\n<h3><em>\u00abAc\u00e1 hubo un gobierno populista, donde de la boca para afuera estaba todo bien, pero no, porque nos siguieron matando, porque ahora se cerr\u00f3 un ministerio que en la pr\u00e1ctica no contribuy\u00f3 a que las tasas de homicidios descendieran\u00bb,<\/em> sentenci\u00f3 <strong>Carolina<\/strong>.<\/h3>\n<\/blockquote>\n<p><em><strong>\u00abLa idea es ir codo a codo, y no a los codazos&#8230; La otra vez estaba en el anexo del congreso, porque hab\u00eda una campa\u00f1a feminista y un hombre me abri\u00f3 la puerta y todas lo miraron, y me dijo \u00ab-Ayy, perd\u00f3n!!\u00bb y yo le dije: -No ten\u00e9s que disculparte, yo s\u00e9 que me abriste la puerta por caballerosidad, y no porque pensas que yo no puedo\u00bb<\/strong><\/em>, relat\u00f3.<\/p>\n<p>Sigui\u00f3 explicando: <strong><em>\u00abTambi\u00e9n pasa con esta fecha (por el 8 de marzo) donde algunas dicen \u00abayy, no me felicites por esta fecha\u00bb pero nadie lo hace con mala intenci\u00f3n, se hace como una atenci\u00f3n, como un gesto, y luego los hombres terminan pensando lo que pueden y no decir&#8230; Me parece que hay que ir buscando un t\u00e9rmino medio\u00bb<\/em><\/strong>.<\/p>\n<blockquote><p><em><strong>\u00abA m\u00ed, si me dec\u00eda la, le, li, lo, lu, o que me abran una puerta,\u00a0 no me va a hacer menos mujer, pero s\u00ed me va a molestar, que por la misma tarea que hace un hombre me paguen distinto, o si quiero hacer una denuncia por violencia de g\u00e9nero y no me atiendan,,, Me va a afectar como persona.\u00bb, <\/strong><\/em>dispar\u00f3<em><strong>.<\/strong><\/em><\/p><\/blockquote>\n<p><strong>Carolina<\/strong> asegur\u00f3 que a nivel local, <strong><em>\u00abmuchas veces MUMAL\u00c1 es \u00abmal visto\u00bb porque representamos a la gente que no tiene un fanatismo, tenemos a la mujer que no le va a afectar si le dicen le, pero s\u00ed le afecta si no tiene un control ginecol\u00f3gico, o el homosexual que tampoco lo conmueve que lo llamen con le o la, pero s\u00ed le importa poder acceder a un puesto de trabajo independientemente de su condici\u00f3n\u00bb<\/em><\/strong>,<\/p>\n<p>Agreg\u00f3 que en Chascom\u00fas <strong><em>\u00abExiste la \u00abMesa Local\u00bb, que supuestamente es donde se defienden estas tem\u00e1ticas, pero la verdad es que el a\u00f1o pasado no funcion\u00f3, porque era m\u00e1s importante la campa\u00f1a electoral, pero nosotros seguimos. De hecho fuimos la organizaci\u00f3n que siempre mantuvo la presencia, junto con la direcci\u00f3n que est\u00e1 a cargo de Yanina Gazaniga, que ten\u00eda la capacidad de ser objetivos y entender que la causa era lo m\u00e1s importante.\u00bb<\/em><\/strong><\/p>\n<blockquote>\n<h3><strong><em>\u00abDe hecho conseguimos un cupo protegido de diagn\u00f3stico por im\u00e1genes que sali\u00f3 a nombre del Concejo Deliberante, que fueron propuestas de MUMAL\u00c1, porque vos quer\u00edas hacer un control ginecol\u00f3gico y no ten\u00edas un turno, ten\u00edas una emergencia y se te pasaba y eso, deviene en consecuencias para gastos del estado y en salud de la mujer\u00bb<\/em><\/strong>, indic\u00f3.<\/h3>\n<\/blockquote>\n<p>Culmin\u00f3 diciendo que <strong><em>\u00abHoy, muchos se vueven a acordar y arrancan con un raconto del 10 de diciembre para ac\u00e1, como pasa con los paros y vuelve a existir la violencia de g\u00e9nero, los femicidios, y hablan ahora de Chaco, pero se comieron el femicidio de Cecilia el a\u00f1o pasado que fue cubierto por la esfera de poder\u00bb.<\/em><\/strong><\/p>\n<p>Una <strong>Caro De Le\u00f3n<\/strong> aut\u00e9ntica y que no manda a decir las cosas.<\/p>\n<p>&nbsp;<\/p>\n","protected":false},"excerpt":{"rendered":"<div class=\"mh-excerpt\"><p>Una nota de alto nivel, con una joven dirigente que con madurez y claridad, explica de manera concreta de qu\u00e9 trata el feminismo sin odios ni fanatismo. 9 de marzo de 2024 CHASCOM\u00daS &#8211;\u00a0 \u00a0La <a class=\"mh-excerpt-more\" href=\"https:\/\/larevistadigital.com.ar\/blog\/carolina-gonzalez-de-leon-algunas-personas-desaparecieron-de-la-mesa-local-durante-la-ultima-campana-electoral\/\" title=\"CAROLINA GONZALEZ DE LE\u00d3N: \u00abALGUNAS PERSONAS DESAPARECIERON DE LA MESA LOCAL DURANTE LA \u00daLTIMA CAMPA\u00d1A ELECTORAL\u00bb\">[Leer M\u00e1s]<\/a><\/p>\n<\/div>","protected":false},"author":3,"featured_media":35454,"comment_status":"open","ping_status":"open","sticky":false,"template":"","format":"standard","meta":{"_jetpack_memberships_contains_paid_content":false,"footnotes":"","jetpack_publicize_message":"","jetpack_publicize_feature_enabled":true,"jetpack_social_post_already_shared":true,"jetpack_social_options":{"image_generator_settings":{"template":"highway","default_image_id":0,"font":"","enabled":false},"version":2}},"categories":[41],"tags":[],"class_list":{"0":"post-35469","1":"post","2":"type-post","3":"status-publish","4":"format-standard","5":"has-post-thumbnail","7":"category-destacadas"},"jetpack_publicize_connections":[],"jetpack_featured_media_url":"https:\/\/i0.wp.com\/larevistadigital.com.ar\/blog\/wp-content\/uploads\/WhatsApp-Image-2024-03-08-at-11.08.25-1-1.jpeg?fit=720%2C666&ssl=1","jetpack_sharing_enabled":true,"jetpack_shortlink":"https:\/\/wp.me\/p8qtrQ-9e5","jetpack-related-posts":[{"id":21270,"url":"https:\/\/larevistadigital.com.ar\/blog\/como-anticipamos-en-la-revista-digital-beatriz-de-leon-encabeza-la-lista-de-randazzo-en-chascomus\/","url_meta":{"origin":35469,"position":0},"title":"COMO ANTICIPAMOS EN LA REVISTA DIGITAL, BEATRIZ DE LE\u00d3N ENCABEZA LA LISTA DE RANDAZZO EN CHASCOM\u00daS","author":"Alejandro Sosa Ruda","date":"26 julio, 2021","format":false,"excerpt":"CHASCOM\u00daS -\u00a0 Como lo anticipamos en primicia en La Revista Digital en una nota del 2\/6\/21, (https:\/\/larevistadigital.com.ar\/blog\/chascomus-beatriz-de-leon-se-perfila-como-la-referente-local-de-randazzo-en-chascomus\/)\u00a0 la referente Mar\u00eda Beatriz de Le\u00f3n finalmente encabeza la lista de precandidatos por el espacio que lidera quien fuera Ministro del Interior, y Transportes,\u00a0 Florencio Randazzo. La misma se completa en los titulares\u2026","rel":"","context":"En \u00abINTERES GENERAL\u00bb","block_context":{"text":"INTERES GENERAL","link":"https:\/\/larevistadigital.com.ar\/blog\/category\/interes-general\/"},"img":{"alt_text":"","src":"https:\/\/i0.wp.com\/larevistadigital.com.ar\/blog\/wp-content\/uploads\/Captura-de-pantalla-2021-07-26-115407.png?fit=843%2C697&ssl=1&resize=350%2C200","width":350,"height":200,"srcset":"https:\/\/i0.wp.com\/larevistadigital.com.ar\/blog\/wp-content\/uploads\/Captura-de-pantalla-2021-07-26-115407.png?fit=843%2C697&ssl=1&resize=350%2C200 1x, https:\/\/i0.wp.com\/larevistadigital.com.ar\/blog\/wp-content\/uploads\/Captura-de-pantalla-2021-07-26-115407.png?fit=843%2C697&ssl=1&resize=525%2C300 1.5x, https:\/\/i0.wp.com\/larevistadigital.com.ar\/blog\/wp-content\/uploads\/Captura-de-pantalla-2021-07-26-115407.png?fit=843%2C697&ssl=1&resize=700%2C400 2x"},"classes":[]},{"id":30241,"url":"https:\/\/larevistadigital.com.ar\/blog\/chascomus-beatriz-de-leon-encabeza-la-lista-unica-para-las-internas-del-partido-libres-del-sur\/","url_meta":{"origin":35469,"position":1},"title":"CHASCOM\u00daS: BEATRIZ DE LE\u00d3N ENCABEZA LA LISTA \u00daNICA PARA LAS INTERNAS DEL PARTIDO LIBRES DEL SUR","author":"Alejandro Sosa Ruda","date":"25 febrero, 2023","format":false,"excerpt":"Se realizaran el pr\u00f3ximo 11 de marzo, en toda la provincia de Buenos Aires. 25 de febrero de 2023 CHASCOM\u00daS -\u00a0 En el marco de la elecci\u00f3n interna que realizar\u00e1 el Movimiento Libres del Sur, en toda la provincia de Buenos Aires el pr\u00f3ximo 11 de marzo; en nuestra ciudad,\u2026","rel":"","context":"En \u00abCHASCOM\u00daS\u00bb","block_context":{"text":"CHASCOM\u00daS","link":"https:\/\/larevistadigital.com.ar\/blog\/category\/chascomus\/"},"img":{"alt_text":"","src":"https:\/\/i0.wp.com\/larevistadigital.com.ar\/blog\/wp-content\/uploads\/333162920_1258483558431162_7998417187376837282_n.jpg?fit=843%2C843&ssl=1&resize=350%2C200","width":350,"height":200,"srcset":"https:\/\/i0.wp.com\/larevistadigital.com.ar\/blog\/wp-content\/uploads\/333162920_1258483558431162_7998417187376837282_n.jpg?fit=843%2C843&ssl=1&resize=350%2C200 1x, https:\/\/i0.wp.com\/larevistadigital.com.ar\/blog\/wp-content\/uploads\/333162920_1258483558431162_7998417187376837282_n.jpg?fit=843%2C843&ssl=1&resize=525%2C300 1.5x, https:\/\/i0.wp.com\/larevistadigital.com.ar\/blog\/wp-content\/uploads\/333162920_1258483558431162_7998417187376837282_n.jpg?fit=843%2C843&ssl=1&resize=700%2C400 2x"},"classes":[]},{"id":32493,"url":"https:\/\/larevistadigital.com.ar\/blog\/chascomus-partido-libres-del-sur-beatriz-de-leon-lanza-su-candidatura-con-la-presencia-y-apoyo-de-la-candidata-a-gobernadora-silvia-saravia\/","url_meta":{"origin":35469,"position":2},"title":"CHASCOM\u00daS, PARTIDO LIBRES DEL SUR: BEATRIZ DE LE\u00d3N LANZA SU CANDIDATURA CON LA PRESENCIA Y APOYO DE LA CANDIDATA A GOBERNADORA, SILVIA SARAVIA","author":"Alejandro Sosa Ruda","date":"19 julio, 2023","format":false,"excerpt":"La referente del Partido Libres del sur, Mar\u00eda Beatriz de Le\u00f3n logr\u00f3 un muy interesante apoyo de la candidata a gobernadora, Silvia Saravia, que visitar\u00e1 Chascom\u00fas y estar\u00e1 en la presentaci\u00f3n de la lista local. 19 de julio de 2023 CHASCOM\u00daS -\u00a0 Mar\u00eda Beatriz De Le\u00f3n presentar\u00e1 la lista que\u2026","rel":"","context":"En \u00abPOLITICA LOCAL\u00bb","block_context":{"text":"POLITICA LOCAL","link":"https:\/\/larevistadigital.com.ar\/blog\/category\/politica\/politica-local\/"},"img":{"alt_text":"","src":"https:\/\/i0.wp.com\/larevistadigital.com.ar\/blog\/wp-content\/uploads\/WhatsApp-Image-2023-07-03-at-16.33.12.jpeg?fit=1200%2C905&ssl=1&resize=350%2C200","width":350,"height":200,"srcset":"https:\/\/i0.wp.com\/larevistadigital.com.ar\/blog\/wp-content\/uploads\/WhatsApp-Image-2023-07-03-at-16.33.12.jpeg?fit=1200%2C905&ssl=1&resize=350%2C200 1x, https:\/\/i0.wp.com\/larevistadigital.com.ar\/blog\/wp-content\/uploads\/WhatsApp-Image-2023-07-03-at-16.33.12.jpeg?fit=1200%2C905&ssl=1&resize=525%2C300 1.5x, https:\/\/i0.wp.com\/larevistadigital.com.ar\/blog\/wp-content\/uploads\/WhatsApp-Image-2023-07-03-at-16.33.12.jpeg?fit=1200%2C905&ssl=1&resize=700%2C400 2x, https:\/\/i0.wp.com\/larevistadigital.com.ar\/blog\/wp-content\/uploads\/WhatsApp-Image-2023-07-03-at-16.33.12.jpeg?fit=1200%2C905&ssl=1&resize=1050%2C600 3x"},"classes":[]},{"id":25603,"url":"https:\/\/larevistadigital.com.ar\/blog\/acerca-de-la-marcha-de-ni-una-menos-dialogamos-con-carolina-gonzalez-de-leon-referente-de-mumala\/","url_meta":{"origin":35469,"position":3},"title":"ACERCA DE LA \u00abMARCHA DE NI UNA MENOS\u00bb: DIALOGAMOS CON CAROLINA GONZALEZ DE LEON, REFERENTE DE MUMALA","author":"Alejandro Sosa Ruda","date":"4 junio, 2022","format":false,"excerpt":"CHASCOM\u00daS - Carolina, o \"Carito\" para los amigos, es la referente chascomunense de \"Mumala\" (Mujeres de la matria latinoamericana) y una ferviente militante del espacio, y luchadora por los derechos de las mujeres y las personas. Mantuvo una charla con La Revista Digital, donde nos cont\u00f3 acerca de la Marcha\u2026","rel":"","context":"En \u00abCHASCOM\u00daS\u00bb","block_context":{"text":"CHASCOM\u00daS","link":"https:\/\/larevistadigital.com.ar\/blog\/category\/chascomus\/"},"img":{"alt_text":"","src":"https:\/\/i0.wp.com\/larevistadigital.com.ar\/blog\/wp-content\/uploads\/WhatsApp-Image-2022-06-03-at-10.18.12-PM.jpeg?fit=1200%2C900&ssl=1&resize=350%2C200","width":350,"height":200,"srcset":"https:\/\/i0.wp.com\/larevistadigital.com.ar\/blog\/wp-content\/uploads\/WhatsApp-Image-2022-06-03-at-10.18.12-PM.jpeg?fit=1200%2C900&ssl=1&resize=350%2C200 1x, https:\/\/i0.wp.com\/larevistadigital.com.ar\/blog\/wp-content\/uploads\/WhatsApp-Image-2022-06-03-at-10.18.12-PM.jpeg?fit=1200%2C900&ssl=1&resize=525%2C300 1.5x, https:\/\/i0.wp.com\/larevistadigital.com.ar\/blog\/wp-content\/uploads\/WhatsApp-Image-2022-06-03-at-10.18.12-PM.jpeg?fit=1200%2C900&ssl=1&resize=700%2C400 2x, https:\/\/i0.wp.com\/larevistadigital.com.ar\/blog\/wp-content\/uploads\/WhatsApp-Image-2022-06-03-at-10.18.12-PM.jpeg?fit=1200%2C900&ssl=1&resize=1050%2C600 3x"},"classes":[]},{"id":32500,"url":"https:\/\/larevistadigital.com.ar\/blog\/chascomus-el-partido-libres-del-sur-beatriz-de-leon-lanza-su-candidatura-con-la-presencia-y-apoyo-de-la-candidata-a-gobernadora-silvia-saravia\/","url_meta":{"origin":35469,"position":4},"title":"CHASCOM\u00daS, EL PARTIDO LIBRES DEL SUR: BEATRIZ DE LE\u00d3N LANZA SU CANDIDATURA CON LA PRESENCIA Y APOYO DE LA CANDIDATA A GOBERNADORA, SILVIA SARAVIA","author":"Alejandro Sosa Ruda","date":"20 julio, 2023","format":false,"excerpt":"La referente del Partido Libres del sur, Mar\u00eda Beatriz de Le\u00f3n logr\u00f3 un muy interesante apoyo de la candidata a gobernadora, Silvia Saravia, que visitar\u00e1 Chascom\u00fas y estar\u00e1 en la presentaci\u00f3n de la lista local. 20 de julio de 2023 CHASCOM\u00daS -\u00a0 Mar\u00eda Beatriz De Le\u00f3n presentar\u00e1 la lista que\u2026","rel":"","context":"En \u00abPOLITICA LOCAL\u00bb","block_context":{"text":"POLITICA LOCAL","link":"https:\/\/larevistadigital.com.ar\/blog\/category\/politica\/politica-local\/"},"img":{"alt_text":"","src":"https:\/\/i0.wp.com\/larevistadigital.com.ar\/blog\/wp-content\/uploads\/LIBRES-DEL-SUR.jpg?fit=1200%2C900&ssl=1&resize=350%2C200","width":350,"height":200,"srcset":"https:\/\/i0.wp.com\/larevistadigital.com.ar\/blog\/wp-content\/uploads\/LIBRES-DEL-SUR.jpg?fit=1200%2C900&ssl=1&resize=350%2C200 1x, https:\/\/i0.wp.com\/larevistadigital.com.ar\/blog\/wp-content\/uploads\/LIBRES-DEL-SUR.jpg?fit=1200%2C900&ssl=1&resize=525%2C300 1.5x, https:\/\/i0.wp.com\/larevistadigital.com.ar\/blog\/wp-content\/uploads\/LIBRES-DEL-SUR.jpg?fit=1200%2C900&ssl=1&resize=700%2C400 2x, https:\/\/i0.wp.com\/larevistadigital.com.ar\/blog\/wp-content\/uploads\/LIBRES-DEL-SUR.jpg?fit=1200%2C900&ssl=1&resize=1050%2C600 3x"},"classes":[]},{"id":35472,"url":"https:\/\/larevistadigital.com.ar\/blog\/ni-el-agua-las-detiene-importante-participacion-de-libres-del-sur-y-mumala-en-la-conmemoracion-del-dia-de-la-mujer-trabajadora\/","url_meta":{"origin":35469,"position":5},"title":"NI EL AGUA LAS DETIENE: IMPORTANTE PARTICIPACI\u00d3N DE \u00abLIBRES DEL SUR\u00bb Y \u00abMUMAL\u00c1\u00bb EN LA CONMEMORACI\u00d3N DEL D\u00cdA DE LA MUJER TRABAJADORA","author":"Alejandro Sosa Ruda","date":"9 marzo, 2024","format":false,"excerpt":"El Partido \"Libres del Sur\" y el movimiento feminista \"Mumal\u00e1\" fueron verdaderos protagonistas de la conmemoraci\u00f3n del 8M, en el centro de Chascom\u00fas. 9 de marzo de 2024 CHASCOM\u00daS -\u00a0 Durante la jornada de ayer, y pese a las lluvias, se llev\u00f3 a cabo una marcha conmemorativa del 8M, \"D\u00eda\u2026","rel":"","context":"En \u00abINTERES GENERAL\u00bb","block_context":{"text":"INTERES GENERAL","link":"https:\/\/larevistadigital.com.ar\/blog\/category\/interes-general\/"},"img":{"alt_text":"","src":"https:\/\/i0.wp.com\/larevistadigital.com.ar\/blog\/wp-content\/uploads\/WhatsApp-Image-2024-03-08-at-19.52.28.jpeg?fit=1200%2C675&ssl=1&resize=350%2C200","width":350,"height":200,"srcset":"https:\/\/i0.wp.com\/larevistadigital.com.ar\/blog\/wp-content\/uploads\/WhatsApp-Image-2024-03-08-at-19.52.28.jpeg?fit=1200%2C675&ssl=1&resize=350%2C200 1x, https:\/\/i0.wp.com\/larevistadigital.com.ar\/blog\/wp-content\/uploads\/WhatsApp-Image-2024-03-08-at-19.52.28.jpeg?fit=1200%2C675&ssl=1&resize=525%2C300 1.5x, https:\/\/i0.wp.com\/larevistadigital.com.ar\/blog\/wp-content\/uploads\/WhatsApp-Image-2024-03-08-at-19.52.28.jpeg?fit=1200%2C675&ssl=1&resize=700%2C400 2x, https:\/\/i0.wp.com\/larevistadigital.com.ar\/blog\/wp-content\/uploads\/WhatsApp-Image-2024-03-08-at-19.52.28.jpeg?fit=1200%2C675&ssl=1&resize=1050%2C600 3x"},"classes":[]}],"_links":{"self":[{"href":"https:\/\/larevistadigital.com.ar\/blog\/wp-json\/wp\/v2\/posts\/35469","targetHints":{"allow":["GET"]}}],"collection":[{"href":"https:\/\/larevistadigital.com.ar\/blog\/wp-json\/wp\/v2\/posts"}],"about":[{"href":"https:\/\/larevistadigital.com.ar\/blog\/wp-json\/wp\/v2\/types\/post"}],"author":[{"embeddable":true,"href":"https:\/\/larevistadigital.com.ar\/blog\/wp-json\/wp\/v2\/users\/3"}],"replies":[{"embeddable":true,"href":"https:\/\/larevistadigital.com.ar\/blog\/wp-json\/wp\/v2\/comments?post=35469"}],"version-history":[{"count":2,"href":"https:\/\/larevistadigital.com.ar\/blog\/wp-json\/wp\/v2\/posts\/35469\/revisions"}],"predecessor-version":[{"id":35471,"href":"https:\/\/larevistadigital.com.ar\/blog\/wp-json\/wp\/v2\/posts\/35469\/revisions\/35471"}],"wp:featuredmedia":[{"embeddable":true,"href":"https:\/\/larevistadigital.com.ar\/blog\/wp-json\/wp\/v2\/media\/35454"}],"wp:attachment":[{"href":"https:\/\/larevistadigital.com.ar\/blog\/wp-json\/wp\/v2\/media?parent=35469"}],"wp:term":[{"taxonomy":"category","embeddable":true,"href":"https:\/\/larevistadigital.com.ar\/blog\/wp-json\/wp\/v2\/categories?post=35469"},{"taxonomy":"post_tag","embeddable":true,"href":"https:\/\/larevistadigital.com.ar\/blog\/wp-json\/wp\/v2\/tags?post=35469"}],"curies":[{"name":"wp","href":"https:\/\/api.w.org\/{rel}","templated":true}]}}