{"id":35472,"date":"2024-03-09T20:08:11","date_gmt":"2024-03-09T23:08:11","guid":{"rendered":"https:\/\/larevistadigital.com.ar\/blog\/?p=35472"},"modified":"2024-03-09T20:09:01","modified_gmt":"2024-03-09T23:09:01","slug":"ni-el-agua-las-detiene-importante-participacion-de-libres-del-sur-y-mumala-en-la-conmemoracion-del-dia-de-la-mujer-trabajadora","status":"publish","type":"post","link":"https:\/\/larevistadigital.com.ar\/blog\/ni-el-agua-las-detiene-importante-participacion-de-libres-del-sur-y-mumala-en-la-conmemoracion-del-dia-de-la-mujer-trabajadora\/","title":{"rendered":"NI EL AGUA LAS DETIENE: IMPORTANTE PARTICIPACI\u00d3N DE \u00abLIBRES DEL SUR\u00bb Y \u00abMUMAL\u00c1\u00bb EN LA CONMEMORACI\u00d3N DEL D\u00cdA DE LA MUJER TRABAJADORA"},"content":{"rendered":"<h2>El Partido \u00abLibres del Sur\u00bb y el movimiento feminista \u00abMumal\u00e1\u00bb fueron verdaderos protagonistas de la conmemoraci\u00f3n del 8M, en el centro de Chascom\u00fas.<\/h2>\n<p>9 de marzo de 2024<\/p>\n<p>CHASCOM\u00daS &#8211;\u00a0 Durante la jornada de ayer, y pese a las lluvias, se llev\u00f3 a cabo una marcha conmemorativa del 8M, \u00abD\u00eda de la mujer trabajadora\u00bb, con gran cantidad de personas presentes, que pese a las inclemencias del tiempo, se sumaron e hicieron escuchar los reclamos del sector.<\/p>\n<p>Entre otros, se destac\u00f3 la presencia de la referente del Partido Libres del Sur, <strong>Beatriz De Le\u00f3n<\/strong>, y de la l\u00edder local de Mumala, <strong>Carolina Gonzalez De Le\u00f3n<\/strong>, quienes junto a compa\u00f1eros y militantes hicieron sentir su apoyo a la causa de igualdad de g\u00e9nero y le pusieron color a la marcha con pancartas y banderas.<\/p>\n<h3>Compartimos Videos y fotos del momento&#8230;<\/h3>\n<div style=\"width: 848px;\" class=\"wp-video\"><!--[if lt IE 9]><script>document.createElement('video');<\/script><![endif]-->\n<video class=\"wp-video-shortcode\" id=\"video-35472-1\" width=\"848\" height=\"478\" preload=\"metadata\" controls=\"controls\"><source type=\"video\/mp4\" src=\"https:\/\/larevistadigital.com.ar\/blog\/wp-content\/uploads\/WhatsApp-Video-2024-03-08-at-19.53.27.mp4?_=1\" \/><a href=\"https:\/\/larevistadigital.com.ar\/blog\/wp-content\/uploads\/WhatsApp-Video-2024-03-08-at-19.53.27.mp4\">https:\/\/larevistadigital.com.ar\/blog\/wp-content\/uploads\/WhatsApp-Video-2024-03-08-at-19.53.27.mp4<\/a><\/video><\/div>\n<div style=\"width: 848px;\" class=\"wp-video\"><video class=\"wp-video-shortcode\" id=\"video-35472-2\" width=\"848\" height=\"480\" preload=\"metadata\" controls=\"controls\"><source type=\"video\/mp4\" src=\"https:\/\/larevistadigital.com.ar\/blog\/wp-content\/uploads\/WhatsApp-Video-2024-03-08-at-21.19.58.mp4?_=2\" \/><a href=\"https:\/\/larevistadigital.com.ar\/blog\/wp-content\/uploads\/WhatsApp-Video-2024-03-08-at-21.19.58.mp4\">https:\/\/larevistadigital.com.ar\/blog\/wp-content\/uploads\/WhatsApp-Video-2024-03-08-at-21.19.58.mp4<\/a><\/video><\/div>\n<p>&nbsp;<\/p>\n<p><img data-recalc-dims=\"1\" loading=\"lazy\" decoding=\"async\" class=\"alignnone size-full wp-image-35445\" src=\"https:\/\/i0.wp.com\/larevistadigital.com.ar\/blog\/wp-content\/uploads\/WhatsApp-Image-2024-03-08-at-21.17.11.jpeg?resize=1600%2C1200&#038;ssl=1\" alt=\"\" width=\"1600\" height=\"1200\" srcset=\"https:\/\/i0.wp.com\/larevistadigital.com.ar\/blog\/wp-content\/uploads\/WhatsApp-Image-2024-03-08-at-21.17.11.jpeg?w=1600&amp;ssl=1 1600w, https:\/\/i0.wp.com\/larevistadigital.com.ar\/blog\/wp-content\/uploads\/WhatsApp-Image-2024-03-08-at-21.17.11.jpeg?resize=300%2C225&amp;ssl=1 300w, https:\/\/i0.wp.com\/larevistadigital.com.ar\/blog\/wp-content\/uploads\/WhatsApp-Image-2024-03-08-at-21.17.11.jpeg?resize=1024%2C768&amp;ssl=1 1024w, https:\/\/i0.wp.com\/larevistadigital.com.ar\/blog\/wp-content\/uploads\/WhatsApp-Image-2024-03-08-at-21.17.11.jpeg?resize=768%2C576&amp;ssl=1 768w, https:\/\/i0.wp.com\/larevistadigital.com.ar\/blog\/wp-content\/uploads\/WhatsApp-Image-2024-03-08-at-21.17.11.jpeg?resize=1536%2C1152&amp;ssl=1 1536w, https:\/\/i0.wp.com\/larevistadigital.com.ar\/blog\/wp-content\/uploads\/WhatsApp-Image-2024-03-08-at-21.17.11.jpeg?resize=678%2C509&amp;ssl=1 678w, https:\/\/i0.wp.com\/larevistadigital.com.ar\/blog\/wp-content\/uploads\/WhatsApp-Image-2024-03-08-at-21.17.11.jpeg?resize=326%2C245&amp;ssl=1 326w, https:\/\/i0.wp.com\/larevistadigital.com.ar\/blog\/wp-content\/uploads\/WhatsApp-Image-2024-03-08-at-21.17.11.jpeg?resize=80%2C60&amp;ssl=1 80w\" sizes=\"auto, (max-width: 1000px) 100vw, 1000px\" \/> <img data-recalc-dims=\"1\" loading=\"lazy\" decoding=\"async\" class=\"alignnone size-full wp-image-35446\" src=\"https:\/\/i0.wp.com\/larevistadigital.com.ar\/blog\/wp-content\/uploads\/WhatsApp-Image-2024-03-08-at-21.19.54-1.jpeg?resize=960%2C1280&#038;ssl=1\" alt=\"\" width=\"960\" height=\"1280\" srcset=\"https:\/\/i0.wp.com\/larevistadigital.com.ar\/blog\/wp-content\/uploads\/WhatsApp-Image-2024-03-08-at-21.19.54-1.jpeg?w=960&amp;ssl=1 960w, https:\/\/i0.wp.com\/larevistadigital.com.ar\/blog\/wp-content\/uploads\/WhatsApp-Image-2024-03-08-at-21.19.54-1.jpeg?resize=225%2C300&amp;ssl=1 225w, https:\/\/i0.wp.com\/larevistadigital.com.ar\/blog\/wp-content\/uploads\/WhatsApp-Image-2024-03-08-at-21.19.54-1.jpeg?resize=768%2C1024&amp;ssl=1 768w\" sizes=\"auto, (max-width: 960px) 100vw, 960px\" \/> <img data-recalc-dims=\"1\" loading=\"lazy\" decoding=\"async\" class=\"alignnone size-full wp-image-35447\" src=\"https:\/\/i0.wp.com\/larevistadigital.com.ar\/blog\/wp-content\/uploads\/WhatsApp-Image-2024-03-08-at-21.19.54.jpeg?resize=960%2C1280&#038;ssl=1\" alt=\"\" width=\"960\" height=\"1280\" srcset=\"https:\/\/i0.wp.com\/larevistadigital.com.ar\/blog\/wp-content\/uploads\/WhatsApp-Image-2024-03-08-at-21.19.54.jpeg?w=960&amp;ssl=1 960w, https:\/\/i0.wp.com\/larevistadigital.com.ar\/blog\/wp-content\/uploads\/WhatsApp-Image-2024-03-08-at-21.19.54.jpeg?resize=225%2C300&amp;ssl=1 225w, https:\/\/i0.wp.com\/larevistadigital.com.ar\/blog\/wp-content\/uploads\/WhatsApp-Image-2024-03-08-at-21.19.54.jpeg?resize=768%2C1024&amp;ssl=1 768w\" sizes=\"auto, (max-width: 960px) 100vw, 960px\" \/> <img data-recalc-dims=\"1\" loading=\"lazy\" decoding=\"async\" class=\"alignnone size-full wp-image-35448\" src=\"https:\/\/i0.wp.com\/larevistadigital.com.ar\/blog\/wp-content\/uploads\/WhatsApp-Image-2024-03-08-at-21.19.56.jpeg?resize=960%2C1280&#038;ssl=1\" alt=\"\" width=\"960\" height=\"1280\" srcset=\"https:\/\/i0.wp.com\/larevistadigital.com.ar\/blog\/wp-content\/uploads\/WhatsApp-Image-2024-03-08-at-21.19.56.jpeg?w=960&amp;ssl=1 960w, https:\/\/i0.wp.com\/larevistadigital.com.ar\/blog\/wp-content\/uploads\/WhatsApp-Image-2024-03-08-at-21.19.56.jpeg?resize=225%2C300&amp;ssl=1 225w, https:\/\/i0.wp.com\/larevistadigital.com.ar\/blog\/wp-content\/uploads\/WhatsApp-Image-2024-03-08-at-21.19.56.jpeg?resize=768%2C1024&amp;ssl=1 768w\" sizes=\"auto, (max-width: 960px) 100vw, 960px\" \/> <img data-recalc-dims=\"1\" loading=\"lazy\" decoding=\"async\" class=\"alignnone size-full wp-image-35449\" src=\"https:\/\/i0.wp.com\/larevistadigital.com.ar\/blog\/wp-content\/uploads\/WhatsApp-Image-2024-03-08-at-21.19.58.jpeg?resize=1200%2C1600&#038;ssl=1\" alt=\"\" width=\"1200\" height=\"1600\" srcset=\"https:\/\/i0.wp.com\/larevistadigital.com.ar\/blog\/wp-content\/uploads\/WhatsApp-Image-2024-03-08-at-21.19.58.jpeg?w=1200&amp;ssl=1 1200w, https:\/\/i0.wp.com\/larevistadigital.com.ar\/blog\/wp-content\/uploads\/WhatsApp-Image-2024-03-08-at-21.19.58.jpeg?resize=225%2C300&amp;ssl=1 225w, https:\/\/i0.wp.com\/larevistadigital.com.ar\/blog\/wp-content\/uploads\/WhatsApp-Image-2024-03-08-at-21.19.58.jpeg?resize=768%2C1024&amp;ssl=1 768w, https:\/\/i0.wp.com\/larevistadigital.com.ar\/blog\/wp-content\/uploads\/WhatsApp-Image-2024-03-08-at-21.19.58.jpeg?resize=1152%2C1536&amp;ssl=1 1152w\" sizes=\"auto, (max-width: 1000px) 100vw, 1000px\" \/> <img data-recalc-dims=\"1\" loading=\"lazy\" decoding=\"async\" class=\"alignnone size-full wp-image-35450\" src=\"https:\/\/i0.wp.com\/larevistadigital.com.ar\/blog\/wp-content\/uploads\/WhatsApp-Image-2024-03-08-at-21.20.51.jpeg?resize=1600%2C1200&#038;ssl=1\" alt=\"\" width=\"1600\" height=\"1200\" srcset=\"https:\/\/i0.wp.com\/larevistadigital.com.ar\/blog\/wp-content\/uploads\/WhatsApp-Image-2024-03-08-at-21.20.51.jpeg?w=1600&amp;ssl=1 1600w, https:\/\/i0.wp.com\/larevistadigital.com.ar\/blog\/wp-content\/uploads\/WhatsApp-Image-2024-03-08-at-21.20.51.jpeg?resize=300%2C225&amp;ssl=1 300w, https:\/\/i0.wp.com\/larevistadigital.com.ar\/blog\/wp-content\/uploads\/WhatsApp-Image-2024-03-08-at-21.20.51.jpeg?resize=1024%2C768&amp;ssl=1 1024w, https:\/\/i0.wp.com\/larevistadigital.com.ar\/blog\/wp-content\/uploads\/WhatsApp-Image-2024-03-08-at-21.20.51.jpeg?resize=768%2C576&amp;ssl=1 768w, https:\/\/i0.wp.com\/larevistadigital.com.ar\/blog\/wp-content\/uploads\/WhatsApp-Image-2024-03-08-at-21.20.51.jpeg?resize=1536%2C1152&amp;ssl=1 1536w, https:\/\/i0.wp.com\/larevistadigital.com.ar\/blog\/wp-content\/uploads\/WhatsApp-Image-2024-03-08-at-21.20.51.jpeg?resize=678%2C509&amp;ssl=1 678w, https:\/\/i0.wp.com\/larevistadigital.com.ar\/blog\/wp-content\/uploads\/WhatsApp-Image-2024-03-08-at-21.20.51.jpeg?resize=326%2C245&amp;ssl=1 326w, https:\/\/i0.wp.com\/larevistadigital.com.ar\/blog\/wp-content\/uploads\/WhatsApp-Image-2024-03-08-at-21.20.51.jpeg?resize=80%2C60&amp;ssl=1 80w\" sizes=\"auto, (max-width: 1000px) 100vw, 1000px\" \/><\/p>\n","protected":false},"excerpt":{"rendered":"<div class=\"mh-excerpt\"><p>El Partido \u00abLibres del Sur\u00bb y el movimiento feminista \u00abMumal\u00e1\u00bb fueron verdaderos protagonistas de la conmemoraci\u00f3n del 8M, en el centro de Chascom\u00fas. 9 de marzo de 2024 CHASCOM\u00daS &#8211;\u00a0 Durante la jornada de ayer, <a class=\"mh-excerpt-more\" href=\"https:\/\/larevistadigital.com.ar\/blog\/ni-el-agua-las-detiene-importante-participacion-de-libres-del-sur-y-mumala-en-la-conmemoracion-del-dia-de-la-mujer-trabajadora\/\" title=\"NI EL AGUA LAS DETIENE: IMPORTANTE PARTICIPACI\u00d3N DE \u00abLIBRES DEL SUR\u00bb Y \u00abMUMAL\u00c1\u00bb EN LA CONMEMORACI\u00d3N DEL D\u00cdA DE LA MUJER TRABAJADORA\">[Leer M\u00e1s]<\/a><\/p>\n<\/div>","protected":false},"author":3,"featured_media":35444,"comment_status":"open","ping_status":"open","sticky":false,"template":"","format":"standard","meta":{"_jetpack_memberships_contains_paid_content":false,"footnotes":"","jetpack_publicize_message":"","jetpack_publicize_feature_enabled":true,"jetpack_social_post_already_shared":true,"jetpack_social_options":{"image_generator_settings":{"template":"highway","default_image_id":0,"font":"","enabled":false},"version":2}},"categories":[50],"tags":[],"class_list":{"0":"post-35472","1":"post","2":"type-post","3":"status-publish","4":"format-standard","5":"has-post-thumbnail","7":"category-interes-general"},"jetpack_publicize_connections":[],"jetpack_featured_media_url":"https:\/\/i0.wp.com\/larevistadigital.com.ar\/blog\/wp-content\/uploads\/WhatsApp-Image-2024-03-08-at-19.52.28.jpeg?fit=1280%2C720&ssl=1","jetpack_sharing_enabled":true,"jetpack_shortlink":"https:\/\/wp.me\/p8qtrQ-9e8","jetpack-related-posts":[{"id":26831,"url":"https:\/\/larevistadigital.com.ar\/blog\/los-datos-de-chascomus-del-relevamiento-del-humor-social-realizado-por-el-partido-libres-del-sur\/","url_meta":{"origin":35472,"position":0},"title":"LOS DATOS DE CHASCOM\u00daS, DEL RELEVAMIENTO DEL \u00abHUMOR SOCIAL\u00bb REALIZADO POR EL PARTIDO LIBRES DEL SUR","author":"Alejandro Sosa Ruda","date":"27 julio, 2022","format":false,"excerpt":"CHASCOM\u00daS -\u00a0 D\u00edas atr\u00e1s, publicamos que desde el partido Libres del Sur realiz\u00f3 una medici\u00f3n del \"Humor Social\" respecto de lo que la sociedad siente en relaci\u00f3n a la actualidad econ\u00f3mica. En Chascom\u00fas, el trabajo se hizo\u00a0de la mano de la regente del partido,\u00a0Beatriz De Le\u00f3n\u00a0y de los referentes de\u2026","rel":"","context":"En \u00abINTERES GENERAL\u00bb","block_context":{"text":"INTERES GENERAL","link":"https:\/\/larevistadigital.com.ar\/blog\/category\/interes-general\/"},"img":{"alt_text":"","src":"https:\/\/i0.wp.com\/larevistadigital.com.ar\/blog\/wp-content\/uploads\/WhatsApp-Image-2022-07-22-at-12.06.28-PM.jpeg?fit=1200%2C540&ssl=1&resize=350%2C200","width":350,"height":200,"srcset":"https:\/\/i0.wp.com\/larevistadigital.com.ar\/blog\/wp-content\/uploads\/WhatsApp-Image-2022-07-22-at-12.06.28-PM.jpeg?fit=1200%2C540&ssl=1&resize=350%2C200 1x, https:\/\/i0.wp.com\/larevistadigital.com.ar\/blog\/wp-content\/uploads\/WhatsApp-Image-2022-07-22-at-12.06.28-PM.jpeg?fit=1200%2C540&ssl=1&resize=525%2C300 1.5x, https:\/\/i0.wp.com\/larevistadigital.com.ar\/blog\/wp-content\/uploads\/WhatsApp-Image-2022-07-22-at-12.06.28-PM.jpeg?fit=1200%2C540&ssl=1&resize=700%2C400 2x, https:\/\/i0.wp.com\/larevistadigital.com.ar\/blog\/wp-content\/uploads\/WhatsApp-Image-2022-07-22-at-12.06.28-PM.jpeg?fit=1200%2C540&ssl=1&resize=1050%2C600 3x"},"classes":[]},{"id":25603,"url":"https:\/\/larevistadigital.com.ar\/blog\/acerca-de-la-marcha-de-ni-una-menos-dialogamos-con-carolina-gonzalez-de-leon-referente-de-mumala\/","url_meta":{"origin":35472,"position":1},"title":"ACERCA DE LA \u00abMARCHA DE NI UNA MENOS\u00bb: DIALOGAMOS CON CAROLINA GONZALEZ DE LEON, REFERENTE DE MUMALA","author":"Alejandro Sosa Ruda","date":"4 junio, 2022","format":false,"excerpt":"CHASCOM\u00daS - Carolina, o \"Carito\" para los amigos, es la referente chascomunense de \"Mumala\" (Mujeres de la matria latinoamericana) y una ferviente militante del espacio, y luchadora por los derechos de las mujeres y las personas. Mantuvo una charla con La Revista Digital, donde nos cont\u00f3 acerca de la Marcha\u2026","rel":"","context":"En \u00abCHASCOM\u00daS\u00bb","block_context":{"text":"CHASCOM\u00daS","link":"https:\/\/larevistadigital.com.ar\/blog\/category\/chascomus\/"},"img":{"alt_text":"","src":"https:\/\/i0.wp.com\/larevistadigital.com.ar\/blog\/wp-content\/uploads\/WhatsApp-Image-2022-06-03-at-10.18.12-PM.jpeg?fit=1200%2C900&ssl=1&resize=350%2C200","width":350,"height":200,"srcset":"https:\/\/i0.wp.com\/larevistadigital.com.ar\/blog\/wp-content\/uploads\/WhatsApp-Image-2022-06-03-at-10.18.12-PM.jpeg?fit=1200%2C900&ssl=1&resize=350%2C200 1x, https:\/\/i0.wp.com\/larevistadigital.com.ar\/blog\/wp-content\/uploads\/WhatsApp-Image-2022-06-03-at-10.18.12-PM.jpeg?fit=1200%2C900&ssl=1&resize=525%2C300 1.5x, https:\/\/i0.wp.com\/larevistadigital.com.ar\/blog\/wp-content\/uploads\/WhatsApp-Image-2022-06-03-at-10.18.12-PM.jpeg?fit=1200%2C900&ssl=1&resize=700%2C400 2x, https:\/\/i0.wp.com\/larevistadigital.com.ar\/blog\/wp-content\/uploads\/WhatsApp-Image-2022-06-03-at-10.18.12-PM.jpeg?fit=1200%2C900&ssl=1&resize=1050%2C600 3x"},"classes":[]},{"id":26799,"url":"https:\/\/larevistadigital.com.ar\/blog\/libres-del-sur-esta-midiendo-el-humor-social-respecto-de-la-inflacion-y-las-medidas-de-la-ministra-de-economia\/","url_meta":{"origin":35472,"position":2},"title":"LIBRES DEL SUR EST\u00c1 MIDIENDO EL HUMOR SOCIAL, RESPECTO DE LA INFLACI\u00d3N Y LAS MEDIDAS DE LA MINISTRA DE ECONOM\u00cdA","author":"Alejandro Sosa Ruda","date":"22 julio, 2022","format":false,"excerpt":"Libres del Sur, realiz\u00f3 un trabajo de medici\u00f3n de humor social, respecto de la preocupante realidad que en materia econ\u00f3mica venimos soportando los argentinos. El partido Libres del Sur realiz\u00f3 en los \u00faltimos d\u00edas una \"Medici\u00f3n del humor social\" respecto de lo que la sociedad siente en relaci\u00f3n a la\u2026","rel":"","context":"En \u00abCHASCOM\u00daS\u00bb","block_context":{"text":"CHASCOM\u00daS","link":"https:\/\/larevistadigital.com.ar\/blog\/category\/chascomus\/"},"img":{"alt_text":"","src":"https:\/\/i0.wp.com\/larevistadigital.com.ar\/blog\/wp-content\/uploads\/WhatsApp-Image-2022-07-22-at-12.06.28-PM.jpeg?fit=1200%2C540&ssl=1&resize=350%2C200","width":350,"height":200,"srcset":"https:\/\/i0.wp.com\/larevistadigital.com.ar\/blog\/wp-content\/uploads\/WhatsApp-Image-2022-07-22-at-12.06.28-PM.jpeg?fit=1200%2C540&ssl=1&resize=350%2C200 1x, https:\/\/i0.wp.com\/larevistadigital.com.ar\/blog\/wp-content\/uploads\/WhatsApp-Image-2022-07-22-at-12.06.28-PM.jpeg?fit=1200%2C540&ssl=1&resize=525%2C300 1.5x, https:\/\/i0.wp.com\/larevistadigital.com.ar\/blog\/wp-content\/uploads\/WhatsApp-Image-2022-07-22-at-12.06.28-PM.jpeg?fit=1200%2C540&ssl=1&resize=700%2C400 2x, https:\/\/i0.wp.com\/larevistadigital.com.ar\/blog\/wp-content\/uploads\/WhatsApp-Image-2022-07-22-at-12.06.28-PM.jpeg?fit=1200%2C540&ssl=1&resize=1050%2C600 3x"},"classes":[]},{"id":23378,"url":"https:\/\/larevistadigital.com.ar\/blog\/el-movimiento-libres-del-sur-y-mumala-chascomus-piden-ser-concientes-con-los-incendios-de-pastos\/","url_meta":{"origin":35472,"position":3},"title":"EL MOVIMIENTO LIBRES DEL SUR, Y MUMALA CHASCOM\u00daS PIDEN SER CONCIENTES CON LOS INCENDIOS DE PASTOS","author":"Alejandro Sosa Ruda","date":"15 enero, 2022","format":false,"excerpt":"CHASCOOM\u00daS - La ola de calor, y los reiterados incendios que se vienen provocando por la agobiante sequ\u00eda, motivan la preocupaci\u00f3n\u00a0- de vecinos y vecinas, como en este caso, la dirigencia local y la militancia de ambos espacios, concordaron en visibilizar algunos consejos que pueden ser un gran aporte para\u2026","rel":"","context":"En \u00abINTERES GENERAL\u00bb","block_context":{"text":"INTERES GENERAL","link":"https:\/\/larevistadigital.com.ar\/blog\/category\/interes-general\/"},"img":{"alt_text":"","src":"https:\/\/i0.wp.com\/larevistadigital.com.ar\/blog\/wp-content\/uploads\/Captura-de-pantalla-2022-01-15-112054-e1642256877546.jpg?fit=752%2C351&ssl=1&resize=350%2C200","width":350,"height":200,"srcset":"https:\/\/i0.wp.com\/larevistadigital.com.ar\/blog\/wp-content\/uploads\/Captura-de-pantalla-2022-01-15-112054-e1642256877546.jpg?fit=752%2C351&ssl=1&resize=350%2C200 1x, https:\/\/i0.wp.com\/larevistadigital.com.ar\/blog\/wp-content\/uploads\/Captura-de-pantalla-2022-01-15-112054-e1642256877546.jpg?fit=752%2C351&ssl=1&resize=525%2C300 1.5x, https:\/\/i0.wp.com\/larevistadigital.com.ar\/blog\/wp-content\/uploads\/Captura-de-pantalla-2022-01-15-112054-e1642256877546.jpg?fit=752%2C351&ssl=1&resize=700%2C400 2x"},"classes":[]},{"id":27106,"url":"https:\/\/larevistadigital.com.ar\/blog\/finalmente-y-como-habiamos-adelantado-libres-del-sur-presento-a-su-candidato-a-presidente\/","url_meta":{"origin":35472,"position":4},"title":"FINALMENTE, Y COMO HAB\u00cdAMOS ADELANTADO, LIBRES DEL SUR PRESENT\u00d3 A SU CANDIDATO A PRESIDENTE","author":"Alejandro Sosa Ruda","date":"16 agosto, 2022","format":false,"excerpt":"Como lo hab\u00edamos informado, se trata del ex diputado provincial de Neuqu\u00e9n, Jes\u00fas Escobar. Finalmente, el mi\u00e9rcoles 10 de agosto Libres del Sur Chascom\u00fas estuvo en la ciudad de Mar del Plata, acompa\u00f1ando el lanzamiento del dirigente Jes\u00fas Escobar como candidato a presidente de la Naci\u00f3n. Junto a un grupo\u2026","rel":"","context":"En \u00abINTERES GENERAL\u00bb","block_context":{"text":"INTERES GENERAL","link":"https:\/\/larevistadigital.com.ar\/blog\/category\/interes-general\/"},"img":{"alt_text":"","src":"https:\/\/i0.wp.com\/larevistadigital.com.ar\/blog\/wp-content\/uploads\/WhatsApp-Image-2022-08-12-at-7.12.05-PM.jpeg?fit=1200%2C675&ssl=1&resize=350%2C200","width":350,"height":200,"srcset":"https:\/\/i0.wp.com\/larevistadigital.com.ar\/blog\/wp-content\/uploads\/WhatsApp-Image-2022-08-12-at-7.12.05-PM.jpeg?fit=1200%2C675&ssl=1&resize=350%2C200 1x, https:\/\/i0.wp.com\/larevistadigital.com.ar\/blog\/wp-content\/uploads\/WhatsApp-Image-2022-08-12-at-7.12.05-PM.jpeg?fit=1200%2C675&ssl=1&resize=525%2C300 1.5x, https:\/\/i0.wp.com\/larevistadigital.com.ar\/blog\/wp-content\/uploads\/WhatsApp-Image-2022-08-12-at-7.12.05-PM.jpeg?fit=1200%2C675&ssl=1&resize=700%2C400 2x, https:\/\/i0.wp.com\/larevistadigital.com.ar\/blog\/wp-content\/uploads\/WhatsApp-Image-2022-08-12-at-7.12.05-PM.jpeg?fit=1200%2C675&ssl=1&resize=1050%2C600 3x"},"classes":[]},{"id":24148,"url":"https:\/\/larevistadigital.com.ar\/blog\/la-referente-de-libres-del-sur-beatriz-de-leon-y-sus-companeros-realizan-una-campana-contra-el-acuerdo-con-el-fmi\/","url_meta":{"origin":35472,"position":5},"title":"LA REFERENTE DE \u00abLIBRES DEL SUR\u00bb, BEATRIZ DE LEON Y SUS COMPA\u00d1EROS REALIZAN UNA CAMPA\u00d1A CONTRA EL ACUERDO CON EL FMI","author":"Alejandro Sosa Ruda","date":"23 febrero, 2022","format":false,"excerpt":"CHASCOM\u00daS -\u00a0 Bajo la conducci\u00f3n de Mar\u00eda Beatriz De Le\u00f3n, referente del partido Libres del Sur, se est\u00e1 haciendo una fuerte campa\u00f1a para que no se apoye el acuerdo con el Fondo Monetario Nacional. La presencia en las calles de la gente de Libres del Sur que responde a De\u2026","rel":"","context":"En \u00abCHASCOM\u00daS\u00bb","block_context":{"text":"CHASCOM\u00daS","link":"https:\/\/larevistadigital.com.ar\/blog\/category\/chascomus\/"},"img":{"alt_text":"","src":"https:\/\/i0.wp.com\/larevistadigital.com.ar\/blog\/wp-content\/uploads\/WhatsApp-Image-2022-02-21-at-14.21.34.jpeg?fit=1200%2C900&ssl=1&resize=350%2C200","width":350,"height":200,"srcset":"https:\/\/i0.wp.com\/larevistadigital.com.ar\/blog\/wp-content\/uploads\/WhatsApp-Image-2022-02-21-at-14.21.34.jpeg?fit=1200%2C900&ssl=1&resize=350%2C200 1x, https:\/\/i0.wp.com\/larevistadigital.com.ar\/blog\/wp-content\/uploads\/WhatsApp-Image-2022-02-21-at-14.21.34.jpeg?fit=1200%2C900&ssl=1&resize=525%2C300 1.5x, https:\/\/i0.wp.com\/larevistadigital.com.ar\/blog\/wp-content\/uploads\/WhatsApp-Image-2022-02-21-at-14.21.34.jpeg?fit=1200%2C900&ssl=1&resize=700%2C400 2x, https:\/\/i0.wp.com\/larevistadigital.com.ar\/blog\/wp-content\/uploads\/WhatsApp-Image-2022-02-21-at-14.21.34.jpeg?fit=1200%2C900&ssl=1&resize=1050%2C600 3x"},"classes":[]}],"_links":{"self":[{"href":"https:\/\/larevistadigital.com.ar\/blog\/wp-json\/wp\/v2\/posts\/35472","targetHints":{"allow":["GET"]}}],"collection":[{"href":"https:\/\/larevistadigital.com.ar\/blog\/wp-json\/wp\/v2\/posts"}],"about":[{"href":"https:\/\/larevistadigital.com.ar\/blog\/wp-json\/wp\/v2\/types\/post"}],"author":[{"embeddable":true,"href":"https:\/\/larevistadigital.com.ar\/blog\/wp-json\/wp\/v2\/users\/3"}],"replies":[{"embeddable":true,"href":"https:\/\/larevistadigital.com.ar\/blog\/wp-json\/wp\/v2\/comments?post=35472"}],"version-history":[{"count":1,"href":"https:\/\/larevistadigital.com.ar\/blog\/wp-json\/wp\/v2\/posts\/35472\/revisions"}],"predecessor-version":[{"id":35474,"href":"https:\/\/larevistadigital.com.ar\/blog\/wp-json\/wp\/v2\/posts\/35472\/revisions\/35474"}],"wp:featuredmedia":[{"embeddable":true,"href":"https:\/\/larevistadigital.com.ar\/blog\/wp-json\/wp\/v2\/media\/35444"}],"wp:attachment":[{"href":"https:\/\/larevistadigital.com.ar\/blog\/wp-json\/wp\/v2\/media?parent=35472"}],"wp:term":[{"taxonomy":"category","embeddable":true,"href":"https:\/\/larevistadigital.com.ar\/blog\/wp-json\/wp\/v2\/categories?post=35472"},{"taxonomy":"post_tag","embeddable":true,"href":"https:\/\/larevistadigital.com.ar\/blog\/wp-json\/wp\/v2\/tags?post=35472"}],"curies":[{"name":"wp","href":"https:\/\/api.w.org\/{rel}","templated":true}]}}